{"id":51127,"date":"2021-03-13T15:01:44","date_gmt":"2021-03-13T20:01:44","guid":{"rendered":"https:\/\/pagina10.com\/web\/?p=51127"},"modified":"2021-03-13T15:01:44","modified_gmt":"2021-03-13T20:01:44","slug":"dos-integrantes-del-resguardo-indigena-awa-se-encuentran-desaparecidos","status":"publish","type":"post","link":"https:\/\/pagina10.com\/web\/dos-integrantes-del-resguardo-indigena-awa-se-encuentran-desaparecidos\/","title":{"rendered":"Dos integrantes del Resguardo Ind\u00edgena Aw\u00e1 se encuentran desaparecidos."},"content":{"rendered":"<p style=\"text-align: justify;\">Miguel Garc\u00eda Pai de 23 a\u00f1os y \u00c1lvaro Pascal Garc\u00eda de 18 a\u00f1os, integrantes del Resguardo Ind\u00edgena Aw\u00e1 de El Gran S\u00e1balo, Comunidad San Jacinto, se encuentran desaparecidos desde el d\u00eda 16 de febrero. Hasta el momento los familiares de estos dos j\u00f3venes no tienen ninguna noticia de su paradero.<\/p>\n<p style=\"text-align: justify;\">De acuerdo a la informaci\u00f3n que se tiene hasta el momento, los dos j\u00f3venes fueron retenidos y llevados con rumbo desconocido por un grupo armado ilegal que opera en el corregimiento de Llorente del municipio de Tumaco.<\/p>\n<p style=\"text-align: justify;\">La comunidad Aw\u00e1 resalt\u00f3 \u201cque este hecho se presenta en medio de las altas cifras de vulneraciones en contra de los j\u00f3venes Aw\u00e1 que dejan como consecuencia una perdida irreparable para nuestras familias\u201d<\/p>\n<p style=\"text-align: justify;\">As\u00ed mismo, hizo un llamado al Gobierno Nacional para que garantice el respeto por los Derechos Humanos en el territorio. Adem\u00e1s recordaron que dentro de las obligaciones constitucionales del Estado colombiano, se debe proteger sus vidas, \u00a0garantizar su integridad personal y sobretodo salvaguardar a su pueblo ind\u00edgena.<\/p>\n","protected":false},"excerpt":{"rendered":"<p>Miguel Garc\u00eda Pai de 23 a\u00f1os y \u00c1lvaro Pascal Garc\u00eda de 18 a\u00f1os, integrantes del Resguardo Ind\u00edgena Aw\u00e1 de El Gran S\u00e1balo, Comunidad San Jacinto, se encuentran desaparecidos desde el d\u00eda 16 de febrero. Hasta el momento los familiares de estos dos j\u00f3venes no tienen ninguna noticia de su paradero. De acuerdo a la informaci\u00f3n [&hellip;]<\/p>\n","protected":false},"author":1,"featured_media":51128,"comment_status":"open","ping_status":"open","sticky":false,"template":"","format":"standard","meta":{"footnotes":""},"categories":[53],"tags":[],"class_list":["post-51127","post","type-post","status-publish","format-standard","has-post-thumbnail","hentry","category-regiones"],"yoast_head":"<!-- This site is optimized with the Yoast SEO plugin v27.1.1 - https:\/\/yoast.com\/product\/yoast-seo-wordpress\/ -->\n<title>Dos integrantes del Resguardo Ind\u00edgena Aw\u00e1 se encuentran desaparecidos. | P\u00e1gina10<\/title>\n<meta name=\"robots\" content=\"index, follow, max-snippet:-1, max-image-preview:large, max-video-preview:-1\" \/>\n<link rel=\"canonical\" href=\"https:\/\/pagina10.com\/web\/dos-integrantes-del-resguardo-indigena-awa-se-encuentran-desaparecidos\/\" \/>\n<meta property=\"og:locale\" content=\"es_ES\" \/>\n<meta property=\"og:type\" content=\"article\" \/>\n<meta property=\"og:title\" content=\"Dos integrantes del Resguardo Ind\u00edgena Aw\u00e1 se encuentran desaparecidos. | P\u00e1gina10\" \/>\n<meta property=\"og:description\" content=\"Miguel Garc\u00eda Pai de 23 a\u00f1os y \u00c1lvaro Pascal Garc\u00eda de 18 a\u00f1os, integrantes del Resguardo Ind\u00edgena Aw\u00e1 de El Gran S\u00e1balo, Comunidad San Jacinto, se encuentran desaparecidos desde el d\u00eda 16 de febrero. Hasta el momento los familiares de estos dos j\u00f3venes no tienen ninguna noticia de su paradero. De acuerdo a la informaci\u00f3n [&hellip;]\" \/>\n<meta property=\"og:url\" content=\"https:\/\/pagina10.com\/web\/dos-integrantes-del-resguardo-indigena-awa-se-encuentran-desaparecidos\/\" \/>\n<meta property=\"og:site_name\" content=\"P\u00e1gina10\" \/>\n<meta property=\"article:publisher\" content=\"https:\/\/www.facebook.com\/pag10com\" \/>\n<meta property=\"article:published_time\" content=\"2021-03-13T20:01:44+00:00\" \/>\n<meta property=\"og:image\" content=\"https:\/\/pagina10.com\/web\/wp-content\/uploads\/2021\/03\/Comunidad-Indigena-Awa-1-770x532-1.jpg\" \/>\n\t<meta property=\"og:image:width\" content=\"770\" \/>\n\t<meta property=\"og:image:height\" content=\"532\" \/>\n\t<meta property=\"og:image:type\" content=\"image\/jpeg\" \/>\n<meta name=\"author\" content=\"P\u00e1gina 10\" \/>\n<meta name=\"twitter:card\" content=\"summary_large_image\" \/>\n<meta name=\"twitter:creator\" content=\"@Pag10com\" \/>\n<meta name=\"twitter:site\" content=\"@Pag10com\" \/>\n<meta name=\"twitter:label1\" content=\"Escrito por\" \/>\n\t<meta name=\"twitter:data1\" content=\"P\u00e1gina 10\" \/>\n\t<meta name=\"twitter:label2\" content=\"Tiempo de lectura\" \/>\n\t<meta name=\"twitter:data2\" content=\"1 minuto\" \/>\n<script type=\"application\/ld+json\" class=\"yoast-schema-graph\">{\"@context\":\"https:\/\/schema.org\",\"@graph\":[{\"@type\":\"Article\",\"@id\":\"https:\/\/pagina10.com\/web\/dos-integrantes-del-resguardo-indigena-awa-se-encuentran-desaparecidos\/#article\",\"isPartOf\":{\"@id\":\"https:\/\/pagina10.com\/web\/dos-integrantes-del-resguardo-indigena-awa-se-encuentran-desaparecidos\/\"},\"author\":{\"name\":\"P\u00e1gina 10\",\"@id\":\"https:\/\/pagina10.com\/web\/#\/schema\/person\/2efc4a090d25b667d3bc796798a3a81b\"},\"headline\":\"Dos integrantes del Resguardo Ind\u00edgena Aw\u00e1 se encuentran desaparecidos.\",\"datePublished\":\"2021-03-13T20:01:44+00:00\",\"mainEntityOfPage\":{\"@id\":\"https:\/\/pagina10.com\/web\/dos-integrantes-del-resguardo-indigena-awa-se-encuentran-desaparecidos\/\"},\"wordCount\":187,\"commentCount\":0,\"publisher\":{\"@id\":\"https:\/\/pagina10.com\/web\/#organization\"},\"image\":{\"@id\":\"https:\/\/pagina10.com\/web\/dos-integrantes-del-resguardo-indigena-awa-se-encuentran-desaparecidos\/#primaryimage\"},\"thumbnailUrl\":\"https:\/\/pagina10.com\/web\/wp-content\/uploads\/2021\/03\/Comunidad-Indigena-Awa-1-770x532-1.jpg\",\"articleSection\":[\"Regiones\"],\"inLanguage\":\"es\",\"potentialAction\":[{\"@type\":\"CommentAction\",\"name\":\"Comment\",\"target\":[\"https:\/\/pagina10.com\/web\/dos-integrantes-del-resguardo-indigena-awa-se-encuentran-desaparecidos\/#respond\"]}]},{\"@type\":\"WebPage\",\"@id\":\"https:\/\/pagina10.com\/web\/dos-integrantes-del-resguardo-indigena-awa-se-encuentran-desaparecidos\/\",\"url\":\"https:\/\/pagina10.com\/web\/dos-integrantes-del-resguardo-indigena-awa-se-encuentran-desaparecidos\/\",\"name\":\"Dos integrantes del Resguardo Ind\u00edgena Aw\u00e1 se encuentran desaparecidos. | P\u00e1gina10\",\"isPartOf\":{\"@id\":\"https:\/\/pagina10.com\/web\/#website\"},\"primaryImageOfPage\":{\"@id\":\"https:\/\/pagina10.com\/web\/dos-integrantes-del-resguardo-indigena-awa-se-encuentran-desaparecidos\/#primaryimage\"},\"image\":{\"@id\":\"https:\/\/pagina10.com\/web\/dos-integrantes-del-resguardo-indigena-awa-se-encuentran-desaparecidos\/#primaryimage\"},\"thumbnailUrl\":\"https:\/\/pagina10.com\/web\/wp-content\/uploads\/2021\/03\/Comunidad-Indigena-Awa-1-770x532-1.jpg\",\"datePublished\":\"2021-03-13T20:01:44+00:00\",\"breadcrumb\":{\"@id\":\"https:\/\/pagina10.com\/web\/dos-integrantes-del-resguardo-indigena-awa-se-encuentran-desaparecidos\/#breadcrumb\"},\"inLanguage\":\"es\",\"potentialAction\":[{\"@type\":\"ReadAction\",\"target\":[\"https:\/\/pagina10.com\/web\/dos-integrantes-del-resguardo-indigena-awa-se-encuentran-desaparecidos\/\"]}]},{\"@type\":\"ImageObject\",\"inLanguage\":\"es\",\"@id\":\"https:\/\/pagina10.com\/web\/dos-integrantes-del-resguardo-indigena-awa-se-encuentran-desaparecidos\/#primaryimage\",\"url\":\"https:\/\/pagina10.com\/web\/wp-content\/uploads\/2021\/03\/Comunidad-Indigena-Awa-1-770x532-1.jpg\",\"contentUrl\":\"https:\/\/pagina10.com\/web\/wp-content\/uploads\/2021\/03\/Comunidad-Indigena-Awa-1-770x532-1.jpg\",\"width\":770,\"height\":532},{\"@type\":\"BreadcrumbList\",\"@id\":\"https:\/\/pagina10.com\/web\/dos-integrantes-del-resguardo-indigena-awa-se-encuentran-desaparecidos\/#breadcrumb\",\"itemListElement\":[{\"@type\":\"ListItem\",\"position\":1,\"name\":\"Portada\",\"item\":\"https:\/\/pagina10.com\/web\/\"},{\"@type\":\"ListItem\",\"position\":2,\"name\":\"Dos integrantes del Resguardo Ind\u00edgena Aw\u00e1 se encuentran desaparecidos.\"}]},{\"@type\":\"WebSite\",\"@id\":\"https:\/\/pagina10.com\/web\/#website\",\"url\":\"https:\/\/pagina10.com\/web\/\",\"name\":\"P\u00e1gina10\",\"description\":\"Peri\u00f3dico Regional\",\"publisher\":{\"@id\":\"https:\/\/pagina10.com\/web\/#organization\"},\"alternateName\":\"P\u00e1gina10 Peri\u00f3dico Regional\",\"potentialAction\":[{\"@type\":\"SearchAction\",\"target\":{\"@type\":\"EntryPoint\",\"urlTemplate\":\"https:\/\/pagina10.com\/web\/?s={search_term_string}\"},\"query-input\":{\"@type\":\"PropertyValueSpecification\",\"valueRequired\":true,\"valueName\":\"search_term_string\"}}],\"inLanguage\":\"es\"},{\"@type\":\"Organization\",\"@id\":\"https:\/\/pagina10.com\/web\/#organization\",\"name\":\"P\u00e1gina10\",\"alternateName\":\"P\u00e1gina10 Peri\u00f3dico Regional\",\"url\":\"https:\/\/pagina10.com\/web\/\",\"logo\":{\"@type\":\"ImageObject\",\"inLanguage\":\"es\",\"@id\":\"https:\/\/pagina10.com\/web\/#\/schema\/logo\/image\/\",\"url\":\"https:\/\/pagina10.com\/web\/wp-content\/uploads\/2024\/01\/40-pagina-10-periodico-regional-pasto.jpg\",\"contentUrl\":\"https:\/\/pagina10.com\/web\/wp-content\/uploads\/2024\/01\/40-pagina-10-periodico-regional-pasto.jpg\",\"width\":1280,\"height\":720,\"caption\":\"P\u00e1gina10\"},\"image\":{\"@id\":\"https:\/\/pagina10.com\/web\/#\/schema\/logo\/image\/\"},\"sameAs\":[\"https:\/\/www.facebook.com\/pag10com\",\"https:\/\/x.com\/Pag10com\",\"https:\/\/www.instagram.com\/pagina10col\/\",\"https:\/\/youtube.com\/channel\/pag10\",\"https:\/\/www.tiktok.com\/@p10col\"]},{\"@type\":\"Person\",\"@id\":\"https:\/\/pagina10.com\/web\/#\/schema\/person\/2efc4a090d25b667d3bc796798a3a81b\",\"name\":\"P\u00e1gina 10\",\"description\":\"P\u00e1gina 10 es un peri\u00f3dico regional que nace en Colombia, en el departamento de Nari\u00f1o, con un enfoque global, fundamentado en cuatro pilares esenciales: la libertad, el pluralismo, la inclusi\u00f3n y la independencia. P\u00e1gina 10 hace referencia a Nari\u00f1o como el d\u00e9cimo departamento creado en Colombia, despu\u00e9s de un proceso pol\u00edtico liderado por actores y actrices regionales con el fin de obtener la independencia y autonom\u00eda de nuestros territorios. Con la creaci\u00f3n de P\u00e1gina 10 se pretende abrir un escenario para el dialogo, la reflexi\u00f3n y el debate que se extienda a otras geograf\u00edas de Am\u00e9rica Latina y del planeta, en una apuesta por transformar colectivamente los desaf\u00edos de un mundo contempor\u00e1neo, m\u00e1s all\u00e1 de las fronteras impuestas.\",\"url\":\"https:\/\/pagina10.com\/web\/author\/pdiezadmin\/\"}]}<\/script>\n<!-- \/ Yoast SEO plugin. -->","yoast_head_json":{"title":"Dos integrantes del Resguardo Ind\u00edgena Aw\u00e1 se encuentran desaparecidos. | P\u00e1gina10","robots":{"index":"index","follow":"follow","max-snippet":"max-snippet:-1","max-image-preview":"max-image-preview:large","max-video-preview":"max-video-preview:-1"},"canonical":"https:\/\/pagina10.com\/web\/dos-integrantes-del-resguardo-indigena-awa-se-encuentran-desaparecidos\/","og_locale":"es_ES","og_type":"article","og_title":"Dos integrantes del Resguardo Ind\u00edgena Aw\u00e1 se encuentran desaparecidos. | P\u00e1gina10","og_description":"Miguel Garc\u00eda Pai de 23 a\u00f1os y \u00c1lvaro Pascal Garc\u00eda de 18 a\u00f1os, integrantes del Resguardo Ind\u00edgena Aw\u00e1 de El Gran S\u00e1balo, Comunidad San Jacinto, se encuentran desaparecidos desde el d\u00eda 16 de febrero. Hasta el momento los familiares de estos dos j\u00f3venes no tienen ninguna noticia de su paradero. De acuerdo a la informaci\u00f3n [&hellip;]","og_url":"https:\/\/pagina10.com\/web\/dos-integrantes-del-resguardo-indigena-awa-se-encuentran-desaparecidos\/","og_site_name":"P\u00e1gina10","article_publisher":"https:\/\/www.facebook.com\/pag10com","article_published_time":"2021-03-13T20:01:44+00:00","og_image":[{"width":770,"height":532,"url":"https:\/\/pagina10.com\/web\/wp-content\/uploads\/2021\/03\/Comunidad-Indigena-Awa-1-770x532-1.jpg","type":"image\/jpeg"}],"author":"P\u00e1gina 10","twitter_card":"summary_large_image","twitter_creator":"@Pag10com","twitter_site":"@Pag10com","twitter_misc":{"Escrito por":"P\u00e1gina 10","Tiempo de lectura":"1 minuto"},"schema":{"@context":"https:\/\/schema.org","@graph":[{"@type":"Article","@id":"https:\/\/pagina10.com\/web\/dos-integrantes-del-resguardo-indigena-awa-se-encuentran-desaparecidos\/#article","isPartOf":{"@id":"https:\/\/pagina10.com\/web\/dos-integrantes-del-resguardo-indigena-awa-se-encuentran-desaparecidos\/"},"author":{"name":"P\u00e1gina 10","@id":"https:\/\/pagina10.com\/web\/#\/schema\/person\/2efc4a090d25b667d3bc796798a3a81b"},"headline":"Dos integrantes del Resguardo Ind\u00edgena Aw\u00e1 se encuentran desaparecidos.","datePublished":"2021-03-13T20:01:44+00:00","mainEntityOfPage":{"@id":"https:\/\/pagina10.com\/web\/dos-integrantes-del-resguardo-indigena-awa-se-encuentran-desaparecidos\/"},"wordCount":187,"commentCount":0,"publisher":{"@id":"https:\/\/pagina10.com\/web\/#organization"},"image":{"@id":"https:\/\/pagina10.com\/web\/dos-integrantes-del-resguardo-indigena-awa-se-encuentran-desaparecidos\/#primaryimage"},"thumbnailUrl":"https:\/\/pagina10.com\/web\/wp-content\/uploads\/2021\/03\/Comunidad-Indigena-Awa-1-770x532-1.jpg","articleSection":["Regiones"],"inLanguage":"es","potentialAction":[{"@type":"CommentAction","name":"Comment","target":["https:\/\/pagina10.com\/web\/dos-integrantes-del-resguardo-indigena-awa-se-encuentran-desaparecidos\/#respond"]}]},{"@type":"WebPage","@id":"https:\/\/pagina10.com\/web\/dos-integrantes-del-resguardo-indigena-awa-se-encuentran-desaparecidos\/","url":"https:\/\/pagina10.com\/web\/dos-integrantes-del-resguardo-indigena-awa-se-encuentran-desaparecidos\/","name":"Dos integrantes del Resguardo Ind\u00edgena Aw\u00e1 se encuentran desaparecidos. | P\u00e1gina10","isPartOf":{"@id":"https:\/\/pagina10.com\/web\/#website"},"primaryImageOfPage":{"@id":"https:\/\/pagina10.com\/web\/dos-integrantes-del-resguardo-indigena-awa-se-encuentran-desaparecidos\/#primaryimage"},"image":{"@id":"https:\/\/pagina10.com\/web\/dos-integrantes-del-resguardo-indigena-awa-se-encuentran-desaparecidos\/#primaryimage"},"thumbnailUrl":"https:\/\/pagina10.com\/web\/wp-content\/uploads\/2021\/03\/Comunidad-Indigena-Awa-1-770x532-1.jpg","datePublished":"2021-03-13T20:01:44+00:00","breadcrumb":{"@id":"https:\/\/pagina10.com\/web\/dos-integrantes-del-resguardo-indigena-awa-se-encuentran-desaparecidos\/#breadcrumb"},"inLanguage":"es","potentialAction":[{"@type":"ReadAction","target":["https:\/\/pagina10.com\/web\/dos-integrantes-del-resguardo-indigena-awa-se-encuentran-desaparecidos\/"]}]},{"@type":"ImageObject","inLanguage":"es","@id":"https:\/\/pagina10.com\/web\/dos-integrantes-del-resguardo-indigena-awa-se-encuentran-desaparecidos\/#primaryimage","url":"https:\/\/pagina10.com\/web\/wp-content\/uploads\/2021\/03\/Comunidad-Indigena-Awa-1-770x532-1.jpg","contentUrl":"https:\/\/pagina10.com\/web\/wp-content\/uploads\/2021\/03\/Comunidad-Indigena-Awa-1-770x532-1.jpg","width":770,"height":532},{"@type":"BreadcrumbList","@id":"https:\/\/pagina10.com\/web\/dos-integrantes-del-resguardo-indigena-awa-se-encuentran-desaparecidos\/#breadcrumb","itemListElement":[{"@type":"ListItem","position":1,"name":"Portada","item":"https:\/\/pagina10.com\/web\/"},{"@type":"ListItem","position":2,"name":"Dos integrantes del Resguardo Ind\u00edgena Aw\u00e1 se encuentran desaparecidos."}]},{"@type":"WebSite","@id":"https:\/\/pagina10.com\/web\/#website","url":"https:\/\/pagina10.com\/web\/","name":"P\u00e1gina10","description":"Peri\u00f3dico Regional","publisher":{"@id":"https:\/\/pagina10.com\/web\/#organization"},"alternateName":"P\u00e1gina10 Peri\u00f3dico Regional","potentialAction":[{"@type":"SearchAction","target":{"@type":"EntryPoint","urlTemplate":"https:\/\/pagina10.com\/web\/?s={search_term_string}"},"query-input":{"@type":"PropertyValueSpecification","valueRequired":true,"valueName":"search_term_string"}}],"inLanguage":"es"},{"@type":"Organization","@id":"https:\/\/pagina10.com\/web\/#organization","name":"P\u00e1gina10","alternateName":"P\u00e1gina10 Peri\u00f3dico Regional","url":"https:\/\/pagina10.com\/web\/","logo":{"@type":"ImageObject","inLanguage":"es","@id":"https:\/\/pagina10.com\/web\/#\/schema\/logo\/image\/","url":"https:\/\/pagina10.com\/web\/wp-content\/uploads\/2024\/01\/40-pagina-10-periodico-regional-pasto.jpg","contentUrl":"https:\/\/pagina10.com\/web\/wp-content\/uploads\/2024\/01\/40-pagina-10-periodico-regional-pasto.jpg","width":1280,"height":720,"caption":"P\u00e1gina10"},"image":{"@id":"https:\/\/pagina10.com\/web\/#\/schema\/logo\/image\/"},"sameAs":["https:\/\/www.facebook.com\/pag10com","https:\/\/x.com\/Pag10com","https:\/\/www.instagram.com\/pagina10col\/","https:\/\/youtube.com\/channel\/pag10","https:\/\/www.tiktok.com\/@p10col"]},{"@type":"Person","@id":"https:\/\/pagina10.com\/web\/#\/schema\/person\/2efc4a090d25b667d3bc796798a3a81b","name":"P\u00e1gina 10","description":"P\u00e1gina 10 es un peri\u00f3dico regional que nace en Colombia, en el departamento de Nari\u00f1o, con un enfoque global, fundamentado en cuatro pilares esenciales: la libertad, el pluralismo, la inclusi\u00f3n y la independencia. P\u00e1gina 10 hace referencia a Nari\u00f1o como el d\u00e9cimo departamento creado en Colombia, despu\u00e9s de un proceso pol\u00edtico liderado por actores y actrices regionales con el fin de obtener la independencia y autonom\u00eda de nuestros territorios. Con la creaci\u00f3n de P\u00e1gina 10 se pretende abrir un escenario para el dialogo, la reflexi\u00f3n y el debate que se extienda a otras geograf\u00edas de Am\u00e9rica Latina y del planeta, en una apuesta por transformar colectivamente los desaf\u00edos de un mundo contempor\u00e1neo, m\u00e1s all\u00e1 de las fronteras impuestas.","url":"https:\/\/pagina10.com\/web\/author\/pdiezadmin\/"}]}},"_links":{"self":[{"href":"https:\/\/pagina10.com\/web\/wp-json\/wp\/v2\/posts\/51127","targetHints":{"allow":["GET"]}}],"collection":[{"href":"https:\/\/pagina10.com\/web\/wp-json\/wp\/v2\/posts"}],"about":[{"href":"https:\/\/pagina10.com\/web\/wp-json\/wp\/v2\/types\/post"}],"author":[{"embeddable":true,"href":"https:\/\/pagina10.com\/web\/wp-json\/wp\/v2\/users\/1"}],"replies":[{"embeddable":true,"href":"https:\/\/pagina10.com\/web\/wp-json\/wp\/v2\/comments?post=51127"}],"version-history":[{"count":1,"href":"https:\/\/pagina10.com\/web\/wp-json\/wp\/v2\/posts\/51127\/revisions"}],"predecessor-version":[{"id":51129,"href":"https:\/\/pagina10.com\/web\/wp-json\/wp\/v2\/posts\/51127\/revisions\/51129"}],"wp:featuredmedia":[{"embeddable":true,"href":"https:\/\/pagina10.com\/web\/wp-json\/wp\/v2\/media\/51128"}],"wp:attachment":[{"href":"https:\/\/pagina10.com\/web\/wp-json\/wp\/v2\/media?parent=51127"}],"wp:term":[{"taxonomy":"category","embeddable":true,"href":"https:\/\/pagina10.com\/web\/wp-json\/wp\/v2\/categories?post=51127"},{"taxonomy":"post_tag","embeddable":true,"href":"https:\/\/pagina10.com\/web\/wp-json\/wp\/v2\/tags?post=51127"}],"curies":[{"name":"wp","href":"https:\/\/api.w.org\/{rel}","templated":true}]}}