{"id":51156,"date":"2021-03-15T12:53:34","date_gmt":"2021-03-15T17:53:34","guid":{"rendered":"https:\/\/pagina10.com\/web\/?p=51156"},"modified":"2021-03-16T08:20:46","modified_gmt":"2021-03-16T13:20:46","slug":"maria-juliana-ruiz-le-habria-solicitado-al-archivo-general-de-la-nacion-ser-el-patrocinador-de-su-libro-autobiografico","status":"publish","type":"post","link":"https:\/\/pagina10.com\/web\/maria-juliana-ruiz-le-habria-solicitado-al-archivo-general-de-la-nacion-ser-el-patrocinador-de-su-libro-autobiografico\/","title":{"rendered":"Mar\u00eda Juliana Ruiz le habr\u00eda solicitado al Archivo General de la Naci\u00f3n ser el patrocinador de su libro autobiogr\u00e1fico."},"content":{"rendered":"<p style=\"text-align: justify;\">Noticias Uno dio a conocer que el pasado 4 de marzo se llev\u00f3 a cabo una reuni\u00f3n entre el director del Archivo General de la Naci\u00f3n, Enrique Serrano y Mar\u00eda Juliana Ruiz, esposa del presidente Iv\u00e1n Duque, en este encuentro Mar\u00eda Juliana manifest\u00f3 que quiere dejarle al pa\u00eds de recuerdo un libro sobre sus actividades como primera dama, para lo cual le solicit\u00f3 a Serrano que sea el Archivo General de la Naci\u00f3n el patrocinador de su libro autobiogr\u00e1fico.<\/p>\n<p style=\"text-align: justify;\">De acuerdo a la informaci\u00f3n brindada por parte de los funcionarios del Archivo General de la Naci\u00f3n, el libro est\u00e1 en proceso de elaboraci\u00f3n y probablemente se publicar\u00e1 a mediados del pr\u00f3ximo a\u00f1o, es decir poco antes de que termine el mandato de Iv\u00e1n Duque.<\/p>\n<p style=\"text-align: justify;\">Seg\u00fan la informaci\u00f3n suministrada por Noticias Uno, se estima que el proceso de elaboraci\u00f3n, edici\u00f3n y distribuci\u00f3n de ese tipo podr\u00eda estar entre los 50 millones de pesos. Adem\u00e1s, de acuerdo al medio de comunicaci\u00f3n el Archivo General de la Naci\u00f3n, en sus 4 objetivos misionales no incluye la creaci\u00f3n de libros autobiogr\u00e1ficos y menos para la primera dama que no tiene car\u00e1cter de funcionaria p\u00fablica. De concretarse el libro solicitado por Mar\u00eda Juliana Ruiz, el responsable legal del Archivo General de la Naci\u00f3n podr\u00eda incurrir en el delito de peculado.<\/p>\n","protected":false},"excerpt":{"rendered":"<p>Noticias Uno dio a conocer que el pasado 4 de marzo se llev\u00f3 a cabo una reuni\u00f3n entre el director del Archivo General de la Naci\u00f3n, Enrique Serrano y Mar\u00eda Juliana Ruiz, esposa del presidente Iv\u00e1n Duque, en este encuentro Mar\u00eda Juliana manifest\u00f3 que quiere dejarle al pa\u00eds de recuerdo un libro sobre sus actividades [&hellip;]<\/p>\n","protected":false},"author":1,"featured_media":51157,"comment_status":"open","ping_status":"open","sticky":false,"template":"","format":"standard","meta":{"footnotes":""},"categories":[24],"tags":[],"class_list":["post-51156","post","type-post","status-publish","format-standard","has-post-thumbnail","hentry","category-nacional"],"yoast_head":"<!-- This site is optimized with the Yoast SEO plugin v27.1.1 - https:\/\/yoast.com\/product\/yoast-seo-wordpress\/ -->\n<title>Mar\u00eda Juliana Ruiz le habr\u00eda solicitado al Archivo General de la Naci\u00f3n ser el patrocinador de su libro autobiogr\u00e1fico. | P\u00e1gina10<\/title>\n<meta name=\"robots\" content=\"index, follow, max-snippet:-1, max-image-preview:large, max-video-preview:-1\" \/>\n<link rel=\"canonical\" href=\"https:\/\/pagina10.com\/web\/maria-juliana-ruiz-le-habria-solicitado-al-archivo-general-de-la-nacion-ser-el-patrocinador-de-su-libro-autobiografico\/\" \/>\n<meta property=\"og:locale\" content=\"es_ES\" \/>\n<meta property=\"og:type\" content=\"article\" \/>\n<meta property=\"og:title\" content=\"Mar\u00eda Juliana Ruiz le habr\u00eda solicitado al Archivo General de la Naci\u00f3n ser el patrocinador de su libro autobiogr\u00e1fico. | P\u00e1gina10\" \/>\n<meta property=\"og:description\" content=\"Noticias Uno dio a conocer que el pasado 4 de marzo se llev\u00f3 a cabo una reuni\u00f3n entre el director del Archivo General de la Naci\u00f3n, Enrique Serrano y Mar\u00eda Juliana Ruiz, esposa del presidente Iv\u00e1n Duque, en este encuentro Mar\u00eda Juliana manifest\u00f3 que quiere dejarle al pa\u00eds de recuerdo un libro sobre sus actividades [&hellip;]\" \/>\n<meta property=\"og:url\" content=\"https:\/\/pagina10.com\/web\/maria-juliana-ruiz-le-habria-solicitado-al-archivo-general-de-la-nacion-ser-el-patrocinador-de-su-libro-autobiografico\/\" \/>\n<meta property=\"og:site_name\" content=\"P\u00e1gina10\" \/>\n<meta property=\"article:publisher\" content=\"https:\/\/www.facebook.com\/pag10com\" \/>\n<meta property=\"article:published_time\" content=\"2021-03-15T17:53:34+00:00\" \/>\n<meta property=\"article:modified_time\" content=\"2021-03-16T13:20:46+00:00\" \/>\n<meta property=\"og:image\" content=\"https:\/\/pagina10.com\/web\/wp-content\/uploads\/2021\/03\/FL-Colombia-.png\" \/>\n\t<meta property=\"og:image:width\" content=\"873\" \/>\n\t<meta property=\"og:image:height\" content=\"581\" \/>\n\t<meta property=\"og:image:type\" content=\"image\/png\" \/>\n<meta name=\"author\" content=\"P\u00e1gina 10\" \/>\n<meta name=\"twitter:card\" content=\"summary_large_image\" \/>\n<meta name=\"twitter:creator\" content=\"@Pag10com\" \/>\n<meta name=\"twitter:site\" content=\"@Pag10com\" \/>\n<meta name=\"twitter:label1\" content=\"Escrito por\" \/>\n\t<meta name=\"twitter:data1\" content=\"P\u00e1gina 10\" \/>\n\t<meta name=\"twitter:label2\" content=\"Tiempo de lectura\" \/>\n\t<meta name=\"twitter:data2\" content=\"1 minuto\" \/>\n<script type=\"application\/ld+json\" class=\"yoast-schema-graph\">{\"@context\":\"https:\/\/schema.org\",\"@graph\":[{\"@type\":\"Article\",\"@id\":\"https:\/\/pagina10.com\/web\/maria-juliana-ruiz-le-habria-solicitado-al-archivo-general-de-la-nacion-ser-el-patrocinador-de-su-libro-autobiografico\/#article\",\"isPartOf\":{\"@id\":\"https:\/\/pagina10.com\/web\/maria-juliana-ruiz-le-habria-solicitado-al-archivo-general-de-la-nacion-ser-el-patrocinador-de-su-libro-autobiografico\/\"},\"author\":{\"name\":\"P\u00e1gina 10\",\"@id\":\"https:\/\/pagina10.com\/web\/#\/schema\/person\/2efc4a090d25b667d3bc796798a3a81b\"},\"headline\":\"Mar\u00eda Juliana Ruiz le habr\u00eda solicitado al Archivo General de la Naci\u00f3n ser el patrocinador de su libro autobiogr\u00e1fico.\",\"datePublished\":\"2021-03-15T17:53:34+00:00\",\"dateModified\":\"2021-03-16T13:20:46+00:00\",\"mainEntityOfPage\":{\"@id\":\"https:\/\/pagina10.com\/web\/maria-juliana-ruiz-le-habria-solicitado-al-archivo-general-de-la-nacion-ser-el-patrocinador-de-su-libro-autobiografico\/\"},\"wordCount\":265,\"commentCount\":0,\"publisher\":{\"@id\":\"https:\/\/pagina10.com\/web\/#organization\"},\"image\":{\"@id\":\"https:\/\/pagina10.com\/web\/maria-juliana-ruiz-le-habria-solicitado-al-archivo-general-de-la-nacion-ser-el-patrocinador-de-su-libro-autobiografico\/#primaryimage\"},\"thumbnailUrl\":\"https:\/\/pagina10.com\/web\/wp-content\/uploads\/2021\/03\/FL-Colombia-.png\",\"articleSection\":[\"Nacional\"],\"inLanguage\":\"es\",\"potentialAction\":[{\"@type\":\"CommentAction\",\"name\":\"Comment\",\"target\":[\"https:\/\/pagina10.com\/web\/maria-juliana-ruiz-le-habria-solicitado-al-archivo-general-de-la-nacion-ser-el-patrocinador-de-su-libro-autobiografico\/#respond\"]}]},{\"@type\":\"WebPage\",\"@id\":\"https:\/\/pagina10.com\/web\/maria-juliana-ruiz-le-habria-solicitado-al-archivo-general-de-la-nacion-ser-el-patrocinador-de-su-libro-autobiografico\/\",\"url\":\"https:\/\/pagina10.com\/web\/maria-juliana-ruiz-le-habria-solicitado-al-archivo-general-de-la-nacion-ser-el-patrocinador-de-su-libro-autobiografico\/\",\"name\":\"Mar\u00eda Juliana Ruiz le habr\u00eda solicitado al Archivo General de la Naci\u00f3n ser el patrocinador de su libro autobiogr\u00e1fico. | P\u00e1gina10\",\"isPartOf\":{\"@id\":\"https:\/\/pagina10.com\/web\/#website\"},\"primaryImageOfPage\":{\"@id\":\"https:\/\/pagina10.com\/web\/maria-juliana-ruiz-le-habria-solicitado-al-archivo-general-de-la-nacion-ser-el-patrocinador-de-su-libro-autobiografico\/#primaryimage\"},\"image\":{\"@id\":\"https:\/\/pagina10.com\/web\/maria-juliana-ruiz-le-habria-solicitado-al-archivo-general-de-la-nacion-ser-el-patrocinador-de-su-libro-autobiografico\/#primaryimage\"},\"thumbnailUrl\":\"https:\/\/pagina10.com\/web\/wp-content\/uploads\/2021\/03\/FL-Colombia-.png\",\"datePublished\":\"2021-03-15T17:53:34+00:00\",\"dateModified\":\"2021-03-16T13:20:46+00:00\",\"breadcrumb\":{\"@id\":\"https:\/\/pagina10.com\/web\/maria-juliana-ruiz-le-habria-solicitado-al-archivo-general-de-la-nacion-ser-el-patrocinador-de-su-libro-autobiografico\/#breadcrumb\"},\"inLanguage\":\"es\",\"potentialAction\":[{\"@type\":\"ReadAction\",\"target\":[\"https:\/\/pagina10.com\/web\/maria-juliana-ruiz-le-habria-solicitado-al-archivo-general-de-la-nacion-ser-el-patrocinador-de-su-libro-autobiografico\/\"]}]},{\"@type\":\"ImageObject\",\"inLanguage\":\"es\",\"@id\":\"https:\/\/pagina10.com\/web\/maria-juliana-ruiz-le-habria-solicitado-al-archivo-general-de-la-nacion-ser-el-patrocinador-de-su-libro-autobiografico\/#primaryimage\",\"url\":\"https:\/\/pagina10.com\/web\/wp-content\/uploads\/2021\/03\/FL-Colombia-.png\",\"contentUrl\":\"https:\/\/pagina10.com\/web\/wp-content\/uploads\/2021\/03\/FL-Colombia-.png\",\"width\":873,\"height\":581},{\"@type\":\"BreadcrumbList\",\"@id\":\"https:\/\/pagina10.com\/web\/maria-juliana-ruiz-le-habria-solicitado-al-archivo-general-de-la-nacion-ser-el-patrocinador-de-su-libro-autobiografico\/#breadcrumb\",\"itemListElement\":[{\"@type\":\"ListItem\",\"position\":1,\"name\":\"Portada\",\"item\":\"https:\/\/pagina10.com\/web\/\"},{\"@type\":\"ListItem\",\"position\":2,\"name\":\"Mar\u00eda Juliana Ruiz le habr\u00eda solicitado al Archivo General de la Naci\u00f3n ser el patrocinador de su libro autobiogr\u00e1fico.\"}]},{\"@type\":\"WebSite\",\"@id\":\"https:\/\/pagina10.com\/web\/#website\",\"url\":\"https:\/\/pagina10.com\/web\/\",\"name\":\"P\u00e1gina10\",\"description\":\"Peri\u00f3dico Regional\",\"publisher\":{\"@id\":\"https:\/\/pagina10.com\/web\/#organization\"},\"alternateName\":\"P\u00e1gina10 Peri\u00f3dico Regional\",\"potentialAction\":[{\"@type\":\"SearchAction\",\"target\":{\"@type\":\"EntryPoint\",\"urlTemplate\":\"https:\/\/pagina10.com\/web\/?s={search_term_string}\"},\"query-input\":{\"@type\":\"PropertyValueSpecification\",\"valueRequired\":true,\"valueName\":\"search_term_string\"}}],\"inLanguage\":\"es\"},{\"@type\":\"Organization\",\"@id\":\"https:\/\/pagina10.com\/web\/#organization\",\"name\":\"P\u00e1gina10\",\"alternateName\":\"P\u00e1gina10 Peri\u00f3dico Regional\",\"url\":\"https:\/\/pagina10.com\/web\/\",\"logo\":{\"@type\":\"ImageObject\",\"inLanguage\":\"es\",\"@id\":\"https:\/\/pagina10.com\/web\/#\/schema\/logo\/image\/\",\"url\":\"https:\/\/pagina10.com\/web\/wp-content\/uploads\/2024\/01\/40-pagina-10-periodico-regional-pasto.jpg\",\"contentUrl\":\"https:\/\/pagina10.com\/web\/wp-content\/uploads\/2024\/01\/40-pagina-10-periodico-regional-pasto.jpg\",\"width\":1280,\"height\":720,\"caption\":\"P\u00e1gina10\"},\"image\":{\"@id\":\"https:\/\/pagina10.com\/web\/#\/schema\/logo\/image\/\"},\"sameAs\":[\"https:\/\/www.facebook.com\/pag10com\",\"https:\/\/x.com\/Pag10com\",\"https:\/\/www.instagram.com\/pagina10col\/\",\"https:\/\/youtube.com\/channel\/pag10\",\"https:\/\/www.tiktok.com\/@p10col\"]},{\"@type\":\"Person\",\"@id\":\"https:\/\/pagina10.com\/web\/#\/schema\/person\/2efc4a090d25b667d3bc796798a3a81b\",\"name\":\"P\u00e1gina 10\",\"description\":\"P\u00e1gina 10 es un peri\u00f3dico regional que nace en Colombia, en el departamento de Nari\u00f1o, con un enfoque global, fundamentado en cuatro pilares esenciales: la libertad, el pluralismo, la inclusi\u00f3n y la independencia. P\u00e1gina 10 hace referencia a Nari\u00f1o como el d\u00e9cimo departamento creado en Colombia, despu\u00e9s de un proceso pol\u00edtico liderado por actores y actrices regionales con el fin de obtener la independencia y autonom\u00eda de nuestros territorios. Con la creaci\u00f3n de P\u00e1gina 10 se pretende abrir un escenario para el dialogo, la reflexi\u00f3n y el debate que se extienda a otras geograf\u00edas de Am\u00e9rica Latina y del planeta, en una apuesta por transformar colectivamente los desaf\u00edos de un mundo contempor\u00e1neo, m\u00e1s all\u00e1 de las fronteras impuestas.\",\"url\":\"https:\/\/pagina10.com\/web\/author\/pdiezadmin\/\"}]}<\/script>\n<!-- \/ Yoast SEO plugin. -->","yoast_head_json":{"title":"Mar\u00eda Juliana Ruiz le habr\u00eda solicitado al Archivo General de la Naci\u00f3n ser el patrocinador de su libro autobiogr\u00e1fico. | P\u00e1gina10","robots":{"index":"index","follow":"follow","max-snippet":"max-snippet:-1","max-image-preview":"max-image-preview:large","max-video-preview":"max-video-preview:-1"},"canonical":"https:\/\/pagina10.com\/web\/maria-juliana-ruiz-le-habria-solicitado-al-archivo-general-de-la-nacion-ser-el-patrocinador-de-su-libro-autobiografico\/","og_locale":"es_ES","og_type":"article","og_title":"Mar\u00eda Juliana Ruiz le habr\u00eda solicitado al Archivo General de la Naci\u00f3n ser el patrocinador de su libro autobiogr\u00e1fico. | P\u00e1gina10","og_description":"Noticias Uno dio a conocer que el pasado 4 de marzo se llev\u00f3 a cabo una reuni\u00f3n entre el director del Archivo General de la Naci\u00f3n, Enrique Serrano y Mar\u00eda Juliana Ruiz, esposa del presidente Iv\u00e1n Duque, en este encuentro Mar\u00eda Juliana manifest\u00f3 que quiere dejarle al pa\u00eds de recuerdo un libro sobre sus actividades [&hellip;]","og_url":"https:\/\/pagina10.com\/web\/maria-juliana-ruiz-le-habria-solicitado-al-archivo-general-de-la-nacion-ser-el-patrocinador-de-su-libro-autobiografico\/","og_site_name":"P\u00e1gina10","article_publisher":"https:\/\/www.facebook.com\/pag10com","article_published_time":"2021-03-15T17:53:34+00:00","article_modified_time":"2021-03-16T13:20:46+00:00","og_image":[{"width":873,"height":581,"url":"https:\/\/pagina10.com\/web\/wp-content\/uploads\/2021\/03\/FL-Colombia-.png","type":"image\/png"}],"author":"P\u00e1gina 10","twitter_card":"summary_large_image","twitter_creator":"@Pag10com","twitter_site":"@Pag10com","twitter_misc":{"Escrito por":"P\u00e1gina 10","Tiempo de lectura":"1 minuto"},"schema":{"@context":"https:\/\/schema.org","@graph":[{"@type":"Article","@id":"https:\/\/pagina10.com\/web\/maria-juliana-ruiz-le-habria-solicitado-al-archivo-general-de-la-nacion-ser-el-patrocinador-de-su-libro-autobiografico\/#article","isPartOf":{"@id":"https:\/\/pagina10.com\/web\/maria-juliana-ruiz-le-habria-solicitado-al-archivo-general-de-la-nacion-ser-el-patrocinador-de-su-libro-autobiografico\/"},"author":{"name":"P\u00e1gina 10","@id":"https:\/\/pagina10.com\/web\/#\/schema\/person\/2efc4a090d25b667d3bc796798a3a81b"},"headline":"Mar\u00eda Juliana Ruiz le habr\u00eda solicitado al Archivo General de la Naci\u00f3n ser el patrocinador de su libro autobiogr\u00e1fico.","datePublished":"2021-03-15T17:53:34+00:00","dateModified":"2021-03-16T13:20:46+00:00","mainEntityOfPage":{"@id":"https:\/\/pagina10.com\/web\/maria-juliana-ruiz-le-habria-solicitado-al-archivo-general-de-la-nacion-ser-el-patrocinador-de-su-libro-autobiografico\/"},"wordCount":265,"commentCount":0,"publisher":{"@id":"https:\/\/pagina10.com\/web\/#organization"},"image":{"@id":"https:\/\/pagina10.com\/web\/maria-juliana-ruiz-le-habria-solicitado-al-archivo-general-de-la-nacion-ser-el-patrocinador-de-su-libro-autobiografico\/#primaryimage"},"thumbnailUrl":"https:\/\/pagina10.com\/web\/wp-content\/uploads\/2021\/03\/FL-Colombia-.png","articleSection":["Nacional"],"inLanguage":"es","potentialAction":[{"@type":"CommentAction","name":"Comment","target":["https:\/\/pagina10.com\/web\/maria-juliana-ruiz-le-habria-solicitado-al-archivo-general-de-la-nacion-ser-el-patrocinador-de-su-libro-autobiografico\/#respond"]}]},{"@type":"WebPage","@id":"https:\/\/pagina10.com\/web\/maria-juliana-ruiz-le-habria-solicitado-al-archivo-general-de-la-nacion-ser-el-patrocinador-de-su-libro-autobiografico\/","url":"https:\/\/pagina10.com\/web\/maria-juliana-ruiz-le-habria-solicitado-al-archivo-general-de-la-nacion-ser-el-patrocinador-de-su-libro-autobiografico\/","name":"Mar\u00eda Juliana Ruiz le habr\u00eda solicitado al Archivo General de la Naci\u00f3n ser el patrocinador de su libro autobiogr\u00e1fico. | P\u00e1gina10","isPartOf":{"@id":"https:\/\/pagina10.com\/web\/#website"},"primaryImageOfPage":{"@id":"https:\/\/pagina10.com\/web\/maria-juliana-ruiz-le-habria-solicitado-al-archivo-general-de-la-nacion-ser-el-patrocinador-de-su-libro-autobiografico\/#primaryimage"},"image":{"@id":"https:\/\/pagina10.com\/web\/maria-juliana-ruiz-le-habria-solicitado-al-archivo-general-de-la-nacion-ser-el-patrocinador-de-su-libro-autobiografico\/#primaryimage"},"thumbnailUrl":"https:\/\/pagina10.com\/web\/wp-content\/uploads\/2021\/03\/FL-Colombia-.png","datePublished":"2021-03-15T17:53:34+00:00","dateModified":"2021-03-16T13:20:46+00:00","breadcrumb":{"@id":"https:\/\/pagina10.com\/web\/maria-juliana-ruiz-le-habria-solicitado-al-archivo-general-de-la-nacion-ser-el-patrocinador-de-su-libro-autobiografico\/#breadcrumb"},"inLanguage":"es","potentialAction":[{"@type":"ReadAction","target":["https:\/\/pagina10.com\/web\/maria-juliana-ruiz-le-habria-solicitado-al-archivo-general-de-la-nacion-ser-el-patrocinador-de-su-libro-autobiografico\/"]}]},{"@type":"ImageObject","inLanguage":"es","@id":"https:\/\/pagina10.com\/web\/maria-juliana-ruiz-le-habria-solicitado-al-archivo-general-de-la-nacion-ser-el-patrocinador-de-su-libro-autobiografico\/#primaryimage","url":"https:\/\/pagina10.com\/web\/wp-content\/uploads\/2021\/03\/FL-Colombia-.png","contentUrl":"https:\/\/pagina10.com\/web\/wp-content\/uploads\/2021\/03\/FL-Colombia-.png","width":873,"height":581},{"@type":"BreadcrumbList","@id":"https:\/\/pagina10.com\/web\/maria-juliana-ruiz-le-habria-solicitado-al-archivo-general-de-la-nacion-ser-el-patrocinador-de-su-libro-autobiografico\/#breadcrumb","itemListElement":[{"@type":"ListItem","position":1,"name":"Portada","item":"https:\/\/pagina10.com\/web\/"},{"@type":"ListItem","position":2,"name":"Mar\u00eda Juliana Ruiz le habr\u00eda solicitado al Archivo General de la Naci\u00f3n ser el patrocinador de su libro autobiogr\u00e1fico."}]},{"@type":"WebSite","@id":"https:\/\/pagina10.com\/web\/#website","url":"https:\/\/pagina10.com\/web\/","name":"P\u00e1gina10","description":"Peri\u00f3dico Regional","publisher":{"@id":"https:\/\/pagina10.com\/web\/#organization"},"alternateName":"P\u00e1gina10 Peri\u00f3dico Regional","potentialAction":[{"@type":"SearchAction","target":{"@type":"EntryPoint","urlTemplate":"https:\/\/pagina10.com\/web\/?s={search_term_string}"},"query-input":{"@type":"PropertyValueSpecification","valueRequired":true,"valueName":"search_term_string"}}],"inLanguage":"es"},{"@type":"Organization","@id":"https:\/\/pagina10.com\/web\/#organization","name":"P\u00e1gina10","alternateName":"P\u00e1gina10 Peri\u00f3dico Regional","url":"https:\/\/pagina10.com\/web\/","logo":{"@type":"ImageObject","inLanguage":"es","@id":"https:\/\/pagina10.com\/web\/#\/schema\/logo\/image\/","url":"https:\/\/pagina10.com\/web\/wp-content\/uploads\/2024\/01\/40-pagina-10-periodico-regional-pasto.jpg","contentUrl":"https:\/\/pagina10.com\/web\/wp-content\/uploads\/2024\/01\/40-pagina-10-periodico-regional-pasto.jpg","width":1280,"height":720,"caption":"P\u00e1gina10"},"image":{"@id":"https:\/\/pagina10.com\/web\/#\/schema\/logo\/image\/"},"sameAs":["https:\/\/www.facebook.com\/pag10com","https:\/\/x.com\/Pag10com","https:\/\/www.instagram.com\/pagina10col\/","https:\/\/youtube.com\/channel\/pag10","https:\/\/www.tiktok.com\/@p10col"]},{"@type":"Person","@id":"https:\/\/pagina10.com\/web\/#\/schema\/person\/2efc4a090d25b667d3bc796798a3a81b","name":"P\u00e1gina 10","description":"P\u00e1gina 10 es un peri\u00f3dico regional que nace en Colombia, en el departamento de Nari\u00f1o, con un enfoque global, fundamentado en cuatro pilares esenciales: la libertad, el pluralismo, la inclusi\u00f3n y la independencia. P\u00e1gina 10 hace referencia a Nari\u00f1o como el d\u00e9cimo departamento creado en Colombia, despu\u00e9s de un proceso pol\u00edtico liderado por actores y actrices regionales con el fin de obtener la independencia y autonom\u00eda de nuestros territorios. Con la creaci\u00f3n de P\u00e1gina 10 se pretende abrir un escenario para el dialogo, la reflexi\u00f3n y el debate que se extienda a otras geograf\u00edas de Am\u00e9rica Latina y del planeta, en una apuesta por transformar colectivamente los desaf\u00edos de un mundo contempor\u00e1neo, m\u00e1s all\u00e1 de las fronteras impuestas.","url":"https:\/\/pagina10.com\/web\/author\/pdiezadmin\/"}]}},"_links":{"self":[{"href":"https:\/\/pagina10.com\/web\/wp-json\/wp\/v2\/posts\/51156","targetHints":{"allow":["GET"]}}],"collection":[{"href":"https:\/\/pagina10.com\/web\/wp-json\/wp\/v2\/posts"}],"about":[{"href":"https:\/\/pagina10.com\/web\/wp-json\/wp\/v2\/types\/post"}],"author":[{"embeddable":true,"href":"https:\/\/pagina10.com\/web\/wp-json\/wp\/v2\/users\/1"}],"replies":[{"embeddable":true,"href":"https:\/\/pagina10.com\/web\/wp-json\/wp\/v2\/comments?post=51156"}],"version-history":[{"count":6,"href":"https:\/\/pagina10.com\/web\/wp-json\/wp\/v2\/posts\/51156\/revisions"}],"predecessor-version":[{"id":51174,"href":"https:\/\/pagina10.com\/web\/wp-json\/wp\/v2\/posts\/51156\/revisions\/51174"}],"wp:featuredmedia":[{"embeddable":true,"href":"https:\/\/pagina10.com\/web\/wp-json\/wp\/v2\/media\/51157"}],"wp:attachment":[{"href":"https:\/\/pagina10.com\/web\/wp-json\/wp\/v2\/media?parent=51156"}],"wp:term":[{"taxonomy":"category","embeddable":true,"href":"https:\/\/pagina10.com\/web\/wp-json\/wp\/v2\/categories?post=51156"},{"taxonomy":"post_tag","embeddable":true,"href":"https:\/\/pagina10.com\/web\/wp-json\/wp\/v2\/tags?post=51156"}],"curies":[{"name":"wp","href":"https:\/\/api.w.org\/{rel}","templated":true}]}}