{"id":51159,"date":"2021-03-15T13:30:18","date_gmt":"2021-03-15T18:30:18","guid":{"rendered":"https:\/\/pagina10.com\/web\/?p=51159"},"modified":"2021-03-15T13:30:18","modified_gmt":"2021-03-15T18:30:18","slug":"concejal-erick-velasco-dio-a-conocer-su-intencion-de-llegar-a-la-camara-de-representantes-para-el-periodo-2022-2016","status":"publish","type":"post","link":"https:\/\/pagina10.com\/web\/concejal-erick-velasco-dio-a-conocer-su-intencion-de-llegar-a-la-camara-de-representantes-para-el-periodo-2022-2016\/","title":{"rendered":"Concejal Erick Velasco dio a conocer su intenci\u00f3n de llegar a la C\u00e1mara de Representantes para el periodo 2022-2016."},"content":{"rendered":"<p style=\"text-align: justify;\">Erick Velasco actual concejal de la Ciudad de Pasto, dio a conocer hace algunos d\u00edas su intenci\u00f3n de postularse como precandidato a la C\u00e1mara de Representantes para las elecciones que se llevar\u00e1n a cabo el pr\u00f3ximo a\u00f1o.<\/p>\n<p style=\"text-align: justify;\">El concejal se\u00f1al\u00f3 que se presenta entre las fuerzas alternativas un malestar persistente por los actuales dirigentes y que est\u00e1n cansados que \u201csiempre tengamos que representaci\u00f3n en el Congreso que no le sirva al desarrollo del departamento de Nari\u00f1o, por eso hoy estoy jugando como un precandidato en esta C\u00e1mara de Representantes&#8221;, para lo cual<span style=\"text-transform: initial;\">\u00a0se han venido desarrollando una serie de di\u00e1logos entre varias fuerzas alternativas del departamento de Nari\u00f1o, \u201cestamos tendiendo puentes, estamos uniendo, queremos reunir a la mayor cantidad de grupos sociales, gremiales y sectores pol\u00edticos tambi\u00e9n para presentarles una propuesta que derrote la politiquer\u00eda y la corrupci\u00f3n\u201d.<\/span><\/p>\n<p style=\"text-align: justify;\">Entre los que conforman la lista de precandidatos, el concejal dio a conocer adem\u00e1s los nombres de Esperanza Rojas, Jairo Otero, Sabier Hern\u00e1ndez, la diputada Rosa Guevara, Socorro Bastante, Fidel Dar\u00edo Mart\u00ednez, Marcelino Unigarro. De acuerdo al concejal, todos ellos buscan conformar una lista donde se logre \u201cexpresar la diversidad cultural, democr\u00e1tica, pol\u00edtica y social del departamento de Nari\u00f1o\u201d.<\/p>\n","protected":false},"excerpt":{"rendered":"<p>Erick Velasco actual concejal de la Ciudad de Pasto, dio a conocer hace algunos d\u00edas su intenci\u00f3n de postularse como precandidato a la C\u00e1mara de Representantes para las elecciones que se llevar\u00e1n a cabo el pr\u00f3ximo a\u00f1o. El concejal se\u00f1al\u00f3 que se presenta entre las fuerzas alternativas un malestar persistente por los actuales dirigentes y [&hellip;]<\/p>\n","protected":false},"author":1,"featured_media":51160,"comment_status":"open","ping_status":"open","sticky":false,"template":"","format":"standard","meta":{"footnotes":""},"categories":[53],"tags":[],"class_list":["post-51159","post","type-post","status-publish","format-standard","has-post-thumbnail","hentry","category-regiones"],"yoast_head":"<!-- This site is optimized with the Yoast SEO plugin v27.1.1 - https:\/\/yoast.com\/product\/yoast-seo-wordpress\/ -->\n<title>Concejal Erick Velasco dio a conocer su intenci\u00f3n de llegar a la C\u00e1mara de Representantes para el periodo 2022-2016. | P\u00e1gina10<\/title>\n<meta name=\"robots\" content=\"index, follow, max-snippet:-1, max-image-preview:large, max-video-preview:-1\" \/>\n<link rel=\"canonical\" href=\"https:\/\/pagina10.com\/web\/concejal-erick-velasco-dio-a-conocer-su-intencion-de-llegar-a-la-camara-de-representantes-para-el-periodo-2022-2016\/\" \/>\n<meta property=\"og:locale\" content=\"es_ES\" \/>\n<meta property=\"og:type\" content=\"article\" \/>\n<meta property=\"og:title\" content=\"Concejal Erick Velasco dio a conocer su intenci\u00f3n de llegar a la C\u00e1mara de Representantes para el periodo 2022-2016. | P\u00e1gina10\" \/>\n<meta property=\"og:description\" content=\"Erick Velasco actual concejal de la Ciudad de Pasto, dio a conocer hace algunos d\u00edas su intenci\u00f3n de postularse como precandidato a la C\u00e1mara de Representantes para las elecciones que se llevar\u00e1n a cabo el pr\u00f3ximo a\u00f1o. El concejal se\u00f1al\u00f3 que se presenta entre las fuerzas alternativas un malestar persistente por los actuales dirigentes y [&hellip;]\" \/>\n<meta property=\"og:url\" content=\"https:\/\/pagina10.com\/web\/concejal-erick-velasco-dio-a-conocer-su-intencion-de-llegar-a-la-camara-de-representantes-para-el-periodo-2022-2016\/\" \/>\n<meta property=\"og:site_name\" content=\"P\u00e1gina10\" \/>\n<meta property=\"article:publisher\" content=\"https:\/\/www.facebook.com\/pag10com\" \/>\n<meta property=\"article:published_time\" content=\"2021-03-15T18:30:18+00:00\" \/>\n<meta property=\"og:image\" content=\"https:\/\/pagina10.com\/web\/wp-content\/uploads\/2021\/03\/descarga-2-e1615832931178.jpeg\" \/>\n\t<meta property=\"og:image:width\" content=\"225\" \/>\n\t<meta property=\"og:image:height\" content=\"225\" \/>\n\t<meta property=\"og:image:type\" content=\"image\/jpeg\" \/>\n<meta name=\"author\" content=\"P\u00e1gina 10\" \/>\n<meta name=\"twitter:card\" content=\"summary_large_image\" \/>\n<meta name=\"twitter:creator\" content=\"@Pag10com\" \/>\n<meta name=\"twitter:site\" content=\"@Pag10com\" \/>\n<meta name=\"twitter:label1\" content=\"Escrito por\" \/>\n\t<meta name=\"twitter:data1\" content=\"P\u00e1gina 10\" \/>\n\t<meta name=\"twitter:label2\" content=\"Tiempo de lectura\" \/>\n\t<meta name=\"twitter:data2\" content=\"1 minuto\" \/>\n<script type=\"application\/ld+json\" class=\"yoast-schema-graph\">{\"@context\":\"https:\/\/schema.org\",\"@graph\":[{\"@type\":\"Article\",\"@id\":\"https:\/\/pagina10.com\/web\/concejal-erick-velasco-dio-a-conocer-su-intencion-de-llegar-a-la-camara-de-representantes-para-el-periodo-2022-2016\/#article\",\"isPartOf\":{\"@id\":\"https:\/\/pagina10.com\/web\/concejal-erick-velasco-dio-a-conocer-su-intencion-de-llegar-a-la-camara-de-representantes-para-el-periodo-2022-2016\/\"},\"author\":{\"name\":\"P\u00e1gina 10\",\"@id\":\"https:\/\/pagina10.com\/web\/#\/schema\/person\/2efc4a090d25b667d3bc796798a3a81b\"},\"headline\":\"Concejal Erick Velasco dio a conocer su intenci\u00f3n de llegar a la C\u00e1mara de Representantes para el periodo 2022-2016.\",\"datePublished\":\"2021-03-15T18:30:18+00:00\",\"mainEntityOfPage\":{\"@id\":\"https:\/\/pagina10.com\/web\/concejal-erick-velasco-dio-a-conocer-su-intencion-de-llegar-a-la-camara-de-representantes-para-el-periodo-2022-2016\/\"},\"wordCount\":242,\"commentCount\":0,\"publisher\":{\"@id\":\"https:\/\/pagina10.com\/web\/#organization\"},\"image\":{\"@id\":\"https:\/\/pagina10.com\/web\/concejal-erick-velasco-dio-a-conocer-su-intencion-de-llegar-a-la-camara-de-representantes-para-el-periodo-2022-2016\/#primaryimage\"},\"thumbnailUrl\":\"https:\/\/pagina10.com\/web\/wp-content\/uploads\/2021\/03\/descarga-2-e1615832931178.jpeg\",\"articleSection\":[\"Regiones\"],\"inLanguage\":\"es\",\"potentialAction\":[{\"@type\":\"CommentAction\",\"name\":\"Comment\",\"target\":[\"https:\/\/pagina10.com\/web\/concejal-erick-velasco-dio-a-conocer-su-intencion-de-llegar-a-la-camara-de-representantes-para-el-periodo-2022-2016\/#respond\"]}]},{\"@type\":\"WebPage\",\"@id\":\"https:\/\/pagina10.com\/web\/concejal-erick-velasco-dio-a-conocer-su-intencion-de-llegar-a-la-camara-de-representantes-para-el-periodo-2022-2016\/\",\"url\":\"https:\/\/pagina10.com\/web\/concejal-erick-velasco-dio-a-conocer-su-intencion-de-llegar-a-la-camara-de-representantes-para-el-periodo-2022-2016\/\",\"name\":\"Concejal Erick Velasco dio a conocer su intenci\u00f3n de llegar a la C\u00e1mara de Representantes para el periodo 2022-2016. | P\u00e1gina10\",\"isPartOf\":{\"@id\":\"https:\/\/pagina10.com\/web\/#website\"},\"primaryImageOfPage\":{\"@id\":\"https:\/\/pagina10.com\/web\/concejal-erick-velasco-dio-a-conocer-su-intencion-de-llegar-a-la-camara-de-representantes-para-el-periodo-2022-2016\/#primaryimage\"},\"image\":{\"@id\":\"https:\/\/pagina10.com\/web\/concejal-erick-velasco-dio-a-conocer-su-intencion-de-llegar-a-la-camara-de-representantes-para-el-periodo-2022-2016\/#primaryimage\"},\"thumbnailUrl\":\"https:\/\/pagina10.com\/web\/wp-content\/uploads\/2021\/03\/descarga-2-e1615832931178.jpeg\",\"datePublished\":\"2021-03-15T18:30:18+00:00\",\"breadcrumb\":{\"@id\":\"https:\/\/pagina10.com\/web\/concejal-erick-velasco-dio-a-conocer-su-intencion-de-llegar-a-la-camara-de-representantes-para-el-periodo-2022-2016\/#breadcrumb\"},\"inLanguage\":\"es\",\"potentialAction\":[{\"@type\":\"ReadAction\",\"target\":[\"https:\/\/pagina10.com\/web\/concejal-erick-velasco-dio-a-conocer-su-intencion-de-llegar-a-la-camara-de-representantes-para-el-periodo-2022-2016\/\"]}]},{\"@type\":\"ImageObject\",\"inLanguage\":\"es\",\"@id\":\"https:\/\/pagina10.com\/web\/concejal-erick-velasco-dio-a-conocer-su-intencion-de-llegar-a-la-camara-de-representantes-para-el-periodo-2022-2016\/#primaryimage\",\"url\":\"https:\/\/pagina10.com\/web\/wp-content\/uploads\/2021\/03\/descarga-2-e1615832931178.jpeg\",\"contentUrl\":\"https:\/\/pagina10.com\/web\/wp-content\/uploads\/2021\/03\/descarga-2-e1615832931178.jpeg\",\"width\":225,\"height\":225},{\"@type\":\"BreadcrumbList\",\"@id\":\"https:\/\/pagina10.com\/web\/concejal-erick-velasco-dio-a-conocer-su-intencion-de-llegar-a-la-camara-de-representantes-para-el-periodo-2022-2016\/#breadcrumb\",\"itemListElement\":[{\"@type\":\"ListItem\",\"position\":1,\"name\":\"Portada\",\"item\":\"https:\/\/pagina10.com\/web\/\"},{\"@type\":\"ListItem\",\"position\":2,\"name\":\"Concejal Erick Velasco dio a conocer su intenci\u00f3n de llegar a la C\u00e1mara de Representantes para el periodo 2022-2016.\"}]},{\"@type\":\"WebSite\",\"@id\":\"https:\/\/pagina10.com\/web\/#website\",\"url\":\"https:\/\/pagina10.com\/web\/\",\"name\":\"P\u00e1gina10\",\"description\":\"Peri\u00f3dico Regional\",\"publisher\":{\"@id\":\"https:\/\/pagina10.com\/web\/#organization\"},\"alternateName\":\"P\u00e1gina10 Peri\u00f3dico Regional\",\"potentialAction\":[{\"@type\":\"SearchAction\",\"target\":{\"@type\":\"EntryPoint\",\"urlTemplate\":\"https:\/\/pagina10.com\/web\/?s={search_term_string}\"},\"query-input\":{\"@type\":\"PropertyValueSpecification\",\"valueRequired\":true,\"valueName\":\"search_term_string\"}}],\"inLanguage\":\"es\"},{\"@type\":\"Organization\",\"@id\":\"https:\/\/pagina10.com\/web\/#organization\",\"name\":\"P\u00e1gina10\",\"alternateName\":\"P\u00e1gina10 Peri\u00f3dico Regional\",\"url\":\"https:\/\/pagina10.com\/web\/\",\"logo\":{\"@type\":\"ImageObject\",\"inLanguage\":\"es\",\"@id\":\"https:\/\/pagina10.com\/web\/#\/schema\/logo\/image\/\",\"url\":\"https:\/\/pagina10.com\/web\/wp-content\/uploads\/2024\/01\/40-pagina-10-periodico-regional-pasto.jpg\",\"contentUrl\":\"https:\/\/pagina10.com\/web\/wp-content\/uploads\/2024\/01\/40-pagina-10-periodico-regional-pasto.jpg\",\"width\":1280,\"height\":720,\"caption\":\"P\u00e1gina10\"},\"image\":{\"@id\":\"https:\/\/pagina10.com\/web\/#\/schema\/logo\/image\/\"},\"sameAs\":[\"https:\/\/www.facebook.com\/pag10com\",\"https:\/\/x.com\/Pag10com\",\"https:\/\/www.instagram.com\/pagina10col\/\",\"https:\/\/youtube.com\/channel\/pag10\",\"https:\/\/www.tiktok.com\/@p10col\"]},{\"@type\":\"Person\",\"@id\":\"https:\/\/pagina10.com\/web\/#\/schema\/person\/2efc4a090d25b667d3bc796798a3a81b\",\"name\":\"P\u00e1gina 10\",\"description\":\"P\u00e1gina 10 es un peri\u00f3dico regional que nace en Colombia, en el departamento de Nari\u00f1o, con un enfoque global, fundamentado en cuatro pilares esenciales: la libertad, el pluralismo, la inclusi\u00f3n y la independencia. P\u00e1gina 10 hace referencia a Nari\u00f1o como el d\u00e9cimo departamento creado en Colombia, despu\u00e9s de un proceso pol\u00edtico liderado por actores y actrices regionales con el fin de obtener la independencia y autonom\u00eda de nuestros territorios. Con la creaci\u00f3n de P\u00e1gina 10 se pretende abrir un escenario para el dialogo, la reflexi\u00f3n y el debate que se extienda a otras geograf\u00edas de Am\u00e9rica Latina y del planeta, en una apuesta por transformar colectivamente los desaf\u00edos de un mundo contempor\u00e1neo, m\u00e1s all\u00e1 de las fronteras impuestas.\",\"url\":\"https:\/\/pagina10.com\/web\/author\/pdiezadmin\/\"}]}<\/script>\n<!-- \/ Yoast SEO plugin. -->","yoast_head_json":{"title":"Concejal Erick Velasco dio a conocer su intenci\u00f3n de llegar a la C\u00e1mara de Representantes para el periodo 2022-2016. | P\u00e1gina10","robots":{"index":"index","follow":"follow","max-snippet":"max-snippet:-1","max-image-preview":"max-image-preview:large","max-video-preview":"max-video-preview:-1"},"canonical":"https:\/\/pagina10.com\/web\/concejal-erick-velasco-dio-a-conocer-su-intencion-de-llegar-a-la-camara-de-representantes-para-el-periodo-2022-2016\/","og_locale":"es_ES","og_type":"article","og_title":"Concejal Erick Velasco dio a conocer su intenci\u00f3n de llegar a la C\u00e1mara de Representantes para el periodo 2022-2016. | P\u00e1gina10","og_description":"Erick Velasco actual concejal de la Ciudad de Pasto, dio a conocer hace algunos d\u00edas su intenci\u00f3n de postularse como precandidato a la C\u00e1mara de Representantes para las elecciones que se llevar\u00e1n a cabo el pr\u00f3ximo a\u00f1o. El concejal se\u00f1al\u00f3 que se presenta entre las fuerzas alternativas un malestar persistente por los actuales dirigentes y [&hellip;]","og_url":"https:\/\/pagina10.com\/web\/concejal-erick-velasco-dio-a-conocer-su-intencion-de-llegar-a-la-camara-de-representantes-para-el-periodo-2022-2016\/","og_site_name":"P\u00e1gina10","article_publisher":"https:\/\/www.facebook.com\/pag10com","article_published_time":"2021-03-15T18:30:18+00:00","og_image":[{"width":225,"height":225,"url":"https:\/\/pagina10.com\/web\/wp-content\/uploads\/2021\/03\/descarga-2-e1615832931178.jpeg","type":"image\/jpeg"}],"author":"P\u00e1gina 10","twitter_card":"summary_large_image","twitter_creator":"@Pag10com","twitter_site":"@Pag10com","twitter_misc":{"Escrito por":"P\u00e1gina 10","Tiempo de lectura":"1 minuto"},"schema":{"@context":"https:\/\/schema.org","@graph":[{"@type":"Article","@id":"https:\/\/pagina10.com\/web\/concejal-erick-velasco-dio-a-conocer-su-intencion-de-llegar-a-la-camara-de-representantes-para-el-periodo-2022-2016\/#article","isPartOf":{"@id":"https:\/\/pagina10.com\/web\/concejal-erick-velasco-dio-a-conocer-su-intencion-de-llegar-a-la-camara-de-representantes-para-el-periodo-2022-2016\/"},"author":{"name":"P\u00e1gina 10","@id":"https:\/\/pagina10.com\/web\/#\/schema\/person\/2efc4a090d25b667d3bc796798a3a81b"},"headline":"Concejal Erick Velasco dio a conocer su intenci\u00f3n de llegar a la C\u00e1mara de Representantes para el periodo 2022-2016.","datePublished":"2021-03-15T18:30:18+00:00","mainEntityOfPage":{"@id":"https:\/\/pagina10.com\/web\/concejal-erick-velasco-dio-a-conocer-su-intencion-de-llegar-a-la-camara-de-representantes-para-el-periodo-2022-2016\/"},"wordCount":242,"commentCount":0,"publisher":{"@id":"https:\/\/pagina10.com\/web\/#organization"},"image":{"@id":"https:\/\/pagina10.com\/web\/concejal-erick-velasco-dio-a-conocer-su-intencion-de-llegar-a-la-camara-de-representantes-para-el-periodo-2022-2016\/#primaryimage"},"thumbnailUrl":"https:\/\/pagina10.com\/web\/wp-content\/uploads\/2021\/03\/descarga-2-e1615832931178.jpeg","articleSection":["Regiones"],"inLanguage":"es","potentialAction":[{"@type":"CommentAction","name":"Comment","target":["https:\/\/pagina10.com\/web\/concejal-erick-velasco-dio-a-conocer-su-intencion-de-llegar-a-la-camara-de-representantes-para-el-periodo-2022-2016\/#respond"]}]},{"@type":"WebPage","@id":"https:\/\/pagina10.com\/web\/concejal-erick-velasco-dio-a-conocer-su-intencion-de-llegar-a-la-camara-de-representantes-para-el-periodo-2022-2016\/","url":"https:\/\/pagina10.com\/web\/concejal-erick-velasco-dio-a-conocer-su-intencion-de-llegar-a-la-camara-de-representantes-para-el-periodo-2022-2016\/","name":"Concejal Erick Velasco dio a conocer su intenci\u00f3n de llegar a la C\u00e1mara de Representantes para el periodo 2022-2016. | P\u00e1gina10","isPartOf":{"@id":"https:\/\/pagina10.com\/web\/#website"},"primaryImageOfPage":{"@id":"https:\/\/pagina10.com\/web\/concejal-erick-velasco-dio-a-conocer-su-intencion-de-llegar-a-la-camara-de-representantes-para-el-periodo-2022-2016\/#primaryimage"},"image":{"@id":"https:\/\/pagina10.com\/web\/concejal-erick-velasco-dio-a-conocer-su-intencion-de-llegar-a-la-camara-de-representantes-para-el-periodo-2022-2016\/#primaryimage"},"thumbnailUrl":"https:\/\/pagina10.com\/web\/wp-content\/uploads\/2021\/03\/descarga-2-e1615832931178.jpeg","datePublished":"2021-03-15T18:30:18+00:00","breadcrumb":{"@id":"https:\/\/pagina10.com\/web\/concejal-erick-velasco-dio-a-conocer-su-intencion-de-llegar-a-la-camara-de-representantes-para-el-periodo-2022-2016\/#breadcrumb"},"inLanguage":"es","potentialAction":[{"@type":"ReadAction","target":["https:\/\/pagina10.com\/web\/concejal-erick-velasco-dio-a-conocer-su-intencion-de-llegar-a-la-camara-de-representantes-para-el-periodo-2022-2016\/"]}]},{"@type":"ImageObject","inLanguage":"es","@id":"https:\/\/pagina10.com\/web\/concejal-erick-velasco-dio-a-conocer-su-intencion-de-llegar-a-la-camara-de-representantes-para-el-periodo-2022-2016\/#primaryimage","url":"https:\/\/pagina10.com\/web\/wp-content\/uploads\/2021\/03\/descarga-2-e1615832931178.jpeg","contentUrl":"https:\/\/pagina10.com\/web\/wp-content\/uploads\/2021\/03\/descarga-2-e1615832931178.jpeg","width":225,"height":225},{"@type":"BreadcrumbList","@id":"https:\/\/pagina10.com\/web\/concejal-erick-velasco-dio-a-conocer-su-intencion-de-llegar-a-la-camara-de-representantes-para-el-periodo-2022-2016\/#breadcrumb","itemListElement":[{"@type":"ListItem","position":1,"name":"Portada","item":"https:\/\/pagina10.com\/web\/"},{"@type":"ListItem","position":2,"name":"Concejal Erick Velasco dio a conocer su intenci\u00f3n de llegar a la C\u00e1mara de Representantes para el periodo 2022-2016."}]},{"@type":"WebSite","@id":"https:\/\/pagina10.com\/web\/#website","url":"https:\/\/pagina10.com\/web\/","name":"P\u00e1gina10","description":"Peri\u00f3dico Regional","publisher":{"@id":"https:\/\/pagina10.com\/web\/#organization"},"alternateName":"P\u00e1gina10 Peri\u00f3dico Regional","potentialAction":[{"@type":"SearchAction","target":{"@type":"EntryPoint","urlTemplate":"https:\/\/pagina10.com\/web\/?s={search_term_string}"},"query-input":{"@type":"PropertyValueSpecification","valueRequired":true,"valueName":"search_term_string"}}],"inLanguage":"es"},{"@type":"Organization","@id":"https:\/\/pagina10.com\/web\/#organization","name":"P\u00e1gina10","alternateName":"P\u00e1gina10 Peri\u00f3dico Regional","url":"https:\/\/pagina10.com\/web\/","logo":{"@type":"ImageObject","inLanguage":"es","@id":"https:\/\/pagina10.com\/web\/#\/schema\/logo\/image\/","url":"https:\/\/pagina10.com\/web\/wp-content\/uploads\/2024\/01\/40-pagina-10-periodico-regional-pasto.jpg","contentUrl":"https:\/\/pagina10.com\/web\/wp-content\/uploads\/2024\/01\/40-pagina-10-periodico-regional-pasto.jpg","width":1280,"height":720,"caption":"P\u00e1gina10"},"image":{"@id":"https:\/\/pagina10.com\/web\/#\/schema\/logo\/image\/"},"sameAs":["https:\/\/www.facebook.com\/pag10com","https:\/\/x.com\/Pag10com","https:\/\/www.instagram.com\/pagina10col\/","https:\/\/youtube.com\/channel\/pag10","https:\/\/www.tiktok.com\/@p10col"]},{"@type":"Person","@id":"https:\/\/pagina10.com\/web\/#\/schema\/person\/2efc4a090d25b667d3bc796798a3a81b","name":"P\u00e1gina 10","description":"P\u00e1gina 10 es un peri\u00f3dico regional que nace en Colombia, en el departamento de Nari\u00f1o, con un enfoque global, fundamentado en cuatro pilares esenciales: la libertad, el pluralismo, la inclusi\u00f3n y la independencia. P\u00e1gina 10 hace referencia a Nari\u00f1o como el d\u00e9cimo departamento creado en Colombia, despu\u00e9s de un proceso pol\u00edtico liderado por actores y actrices regionales con el fin de obtener la independencia y autonom\u00eda de nuestros territorios. Con la creaci\u00f3n de P\u00e1gina 10 se pretende abrir un escenario para el dialogo, la reflexi\u00f3n y el debate que se extienda a otras geograf\u00edas de Am\u00e9rica Latina y del planeta, en una apuesta por transformar colectivamente los desaf\u00edos de un mundo contempor\u00e1neo, m\u00e1s all\u00e1 de las fronteras impuestas.","url":"https:\/\/pagina10.com\/web\/author\/pdiezadmin\/"}]}},"_links":{"self":[{"href":"https:\/\/pagina10.com\/web\/wp-json\/wp\/v2\/posts\/51159","targetHints":{"allow":["GET"]}}],"collection":[{"href":"https:\/\/pagina10.com\/web\/wp-json\/wp\/v2\/posts"}],"about":[{"href":"https:\/\/pagina10.com\/web\/wp-json\/wp\/v2\/types\/post"}],"author":[{"embeddable":true,"href":"https:\/\/pagina10.com\/web\/wp-json\/wp\/v2\/users\/1"}],"replies":[{"embeddable":true,"href":"https:\/\/pagina10.com\/web\/wp-json\/wp\/v2\/comments?post=51159"}],"version-history":[{"count":1,"href":"https:\/\/pagina10.com\/web\/wp-json\/wp\/v2\/posts\/51159\/revisions"}],"predecessor-version":[{"id":51161,"href":"https:\/\/pagina10.com\/web\/wp-json\/wp\/v2\/posts\/51159\/revisions\/51161"}],"wp:featuredmedia":[{"embeddable":true,"href":"https:\/\/pagina10.com\/web\/wp-json\/wp\/v2\/media\/51160"}],"wp:attachment":[{"href":"https:\/\/pagina10.com\/web\/wp-json\/wp\/v2\/media?parent=51159"}],"wp:term":[{"taxonomy":"category","embeddable":true,"href":"https:\/\/pagina10.com\/web\/wp-json\/wp\/v2\/categories?post=51159"},{"taxonomy":"post_tag","embeddable":true,"href":"https:\/\/pagina10.com\/web\/wp-json\/wp\/v2\/tags?post=51159"}],"curies":[{"name":"wp","href":"https:\/\/api.w.org\/{rel}","templated":true}]}}