{"id":51162,"date":"2021-03-15T18:34:11","date_gmt":"2021-03-15T23:34:11","guid":{"rendered":"https:\/\/pagina10.com\/web\/?p=51162"},"modified":"2021-03-15T18:34:11","modified_gmt":"2021-03-15T23:34:11","slug":"mas-de-mil-mercados-no-han-sido-entregados-en-ipiales-desde-el-mes-de-mayo-del-ano-pasado","status":"publish","type":"post","link":"https:\/\/pagina10.com\/web\/mas-de-mil-mercados-no-han-sido-entregados-en-ipiales-desde-el-mes-de-mayo-del-ano-pasado\/","title":{"rendered":"M\u00e1s de mil mercados no han sido entregados en Ipiales desde el mes de mayo del a\u00f1o pasado."},"content":{"rendered":"<p style=\"text-align: justify;\">Jhonatan Mueses, concejal ind\u00edgena del municipio de Ipiales, calific\u00f3 como un acto verdaderamente inhumano y vergonzoso, la compra de m\u00e1s de mil mercados con dineros donados por los Ipiale\u00f1os y que 10 meses despu\u00e9s no han sido entregados a las familias m\u00e1s vulnerables.<\/p>\n<p style=\"text-align: justify;\">De acuerdo a lo publicado por el concejal, se recolectaron 114 millones en la campa\u00f1a de donaciones que fue impulsada por parte de la administraci\u00f3n municipal en mayo del a\u00f1o pasado \u201ccon el \u00e1nimo de entregar alimentos a familias que con banderas rojas colgadas en sus puertas y ventanas suplicaban ayuda por la crisis de Covid 19\u201d. Pese a ello, despu\u00e9s de 10 meses la alcald\u00eda no ha hecho entrega de los mercados, la justificaci\u00f3n que encuentra el alcalde frente a esto es que no han sido entregados &#8220;porque se est\u00e1n depurando bases de datos para identificar las familias vulnerables&#8221;, se\u00f1al\u00f3 el concejal.<\/p>\n<p style=\"text-align: justify;\">Puntualiz\u00f3 que en sesiones del concejo municipal del mes de mayo del a\u00f1o pasado un grupo de concejales hab\u00edan exigido un informe sobre recursos que se destinar\u00edan para atender la crisis de Ipiales y que dicha proposici\u00f3n fue negada por parte de los concejales de la bancada de gobierno.<\/p>\n<p style=\"text-align: justify;\">As\u00ed mismo, dejo en claro su posici\u00f3n respecto a lo que est\u00e1 sucediendo y dijo que no se quedar\u00e1 callado y solicitar\u00e1 \u00a0a alcald\u00eda a trav\u00e9s de \u201cDerecho de Petici\u00f3n dise\u00f1ar un plan de acci\u00f3n urgente y en la zona rural coordinar con autoridades ind\u00edgenas entrega de ayudas a familias de escasos recursos, sobre todo, priorizar a nuestros adultos mayores\u201d.<\/p>\n<p style=\"text-align: justify;\">Finalmente el concejal expres\u00f3 su solidaridad y empat\u00eda con las familias m\u00e1s necesitadas e hizo un llamado al alcalde municipal para que salga \u201ca las calles, a los barrios y veredas donde a leguas y sin necesidad de tanto tr\u00e1mite burocr\u00e1tico se puede evidenciar la pobreza de muchos hermanos Ipiale\u00f1os\u201d.<\/p>\n","protected":false},"excerpt":{"rendered":"<p>Jhonatan Mueses, concejal ind\u00edgena del municipio de Ipiales, calific\u00f3 como un acto verdaderamente inhumano y vergonzoso, la compra de m\u00e1s de mil mercados con dineros donados por los Ipiale\u00f1os y que 10 meses despu\u00e9s no han sido entregados a las familias m\u00e1s vulnerables. De acuerdo a lo publicado por el concejal, se recolectaron 114 millones [&hellip;]<\/p>\n","protected":false},"author":1,"featured_media":51167,"comment_status":"open","ping_status":"open","sticky":false,"template":"","format":"standard","meta":{"footnotes":""},"categories":[53],"tags":[],"class_list":["post-51162","post","type-post","status-publish","format-standard","has-post-thumbnail","hentry","category-regiones"],"yoast_head":"<!-- This site is optimized with the Yoast SEO plugin v27.1.1 - https:\/\/yoast.com\/product\/yoast-seo-wordpress\/ -->\n<title>M\u00e1s de mil mercados no han sido entregados en Ipiales desde el mes de mayo del a\u00f1o pasado. | P\u00e1gina10<\/title>\n<meta name=\"robots\" content=\"index, follow, max-snippet:-1, max-image-preview:large, max-video-preview:-1\" \/>\n<link rel=\"canonical\" href=\"https:\/\/pagina10.com\/web\/mas-de-mil-mercados-no-han-sido-entregados-en-ipiales-desde-el-mes-de-mayo-del-ano-pasado\/\" \/>\n<meta property=\"og:locale\" content=\"es_ES\" \/>\n<meta property=\"og:type\" content=\"article\" \/>\n<meta property=\"og:title\" content=\"M\u00e1s de mil mercados no han sido entregados en Ipiales desde el mes de mayo del a\u00f1o pasado. | P\u00e1gina10\" \/>\n<meta property=\"og:description\" content=\"Jhonatan Mueses, concejal ind\u00edgena del municipio de Ipiales, calific\u00f3 como un acto verdaderamente inhumano y vergonzoso, la compra de m\u00e1s de mil mercados con dineros donados por los Ipiale\u00f1os y que 10 meses despu\u00e9s no han sido entregados a las familias m\u00e1s vulnerables. De acuerdo a lo publicado por el concejal, se recolectaron 114 millones [&hellip;]\" \/>\n<meta property=\"og:url\" content=\"https:\/\/pagina10.com\/web\/mas-de-mil-mercados-no-han-sido-entregados-en-ipiales-desde-el-mes-de-mayo-del-ano-pasado\/\" \/>\n<meta property=\"og:site_name\" content=\"P\u00e1gina10\" \/>\n<meta property=\"article:publisher\" content=\"https:\/\/www.facebook.com\/pag10com\" \/>\n<meta property=\"article:published_time\" content=\"2021-03-15T23:34:11+00:00\" \/>\n<meta property=\"og:image\" content=\"https:\/\/pagina10.com\/web\/wp-content\/uploads\/2021\/03\/LOS-MERCADOS-800x445-1.jpg\" \/>\n\t<meta property=\"og:image:width\" content=\"800\" \/>\n\t<meta property=\"og:image:height\" content=\"445\" \/>\n\t<meta property=\"og:image:type\" content=\"image\/jpeg\" \/>\n<meta name=\"author\" content=\"P\u00e1gina 10\" \/>\n<meta name=\"twitter:card\" content=\"summary_large_image\" \/>\n<meta name=\"twitter:creator\" content=\"@Pag10com\" \/>\n<meta name=\"twitter:site\" content=\"@Pag10com\" \/>\n<meta name=\"twitter:label1\" content=\"Escrito por\" \/>\n\t<meta name=\"twitter:data1\" content=\"P\u00e1gina 10\" \/>\n\t<meta name=\"twitter:label2\" content=\"Tiempo de lectura\" \/>\n\t<meta name=\"twitter:data2\" content=\"2 minutos\" \/>\n<script type=\"application\/ld+json\" class=\"yoast-schema-graph\">{\"@context\":\"https:\/\/schema.org\",\"@graph\":[{\"@type\":\"Article\",\"@id\":\"https:\/\/pagina10.com\/web\/mas-de-mil-mercados-no-han-sido-entregados-en-ipiales-desde-el-mes-de-mayo-del-ano-pasado\/#article\",\"isPartOf\":{\"@id\":\"https:\/\/pagina10.com\/web\/mas-de-mil-mercados-no-han-sido-entregados-en-ipiales-desde-el-mes-de-mayo-del-ano-pasado\/\"},\"author\":{\"name\":\"P\u00e1gina 10\",\"@id\":\"https:\/\/pagina10.com\/web\/#\/schema\/person\/2efc4a090d25b667d3bc796798a3a81b\"},\"headline\":\"M\u00e1s de mil mercados no han sido entregados en Ipiales desde el mes de mayo del a\u00f1o pasado.\",\"datePublished\":\"2021-03-15T23:34:11+00:00\",\"mainEntityOfPage\":{\"@id\":\"https:\/\/pagina10.com\/web\/mas-de-mil-mercados-no-han-sido-entregados-en-ipiales-desde-el-mes-de-mayo-del-ano-pasado\/\"},\"wordCount\":350,\"commentCount\":0,\"publisher\":{\"@id\":\"https:\/\/pagina10.com\/web\/#organization\"},\"image\":{\"@id\":\"https:\/\/pagina10.com\/web\/mas-de-mil-mercados-no-han-sido-entregados-en-ipiales-desde-el-mes-de-mayo-del-ano-pasado\/#primaryimage\"},\"thumbnailUrl\":\"https:\/\/pagina10.com\/web\/wp-content\/uploads\/2021\/03\/LOS-MERCADOS-800x445-1.jpg\",\"articleSection\":[\"Regiones\"],\"inLanguage\":\"es\",\"potentialAction\":[{\"@type\":\"CommentAction\",\"name\":\"Comment\",\"target\":[\"https:\/\/pagina10.com\/web\/mas-de-mil-mercados-no-han-sido-entregados-en-ipiales-desde-el-mes-de-mayo-del-ano-pasado\/#respond\"]}]},{\"@type\":\"WebPage\",\"@id\":\"https:\/\/pagina10.com\/web\/mas-de-mil-mercados-no-han-sido-entregados-en-ipiales-desde-el-mes-de-mayo-del-ano-pasado\/\",\"url\":\"https:\/\/pagina10.com\/web\/mas-de-mil-mercados-no-han-sido-entregados-en-ipiales-desde-el-mes-de-mayo-del-ano-pasado\/\",\"name\":\"M\u00e1s de mil mercados no han sido entregados en Ipiales desde el mes de mayo del a\u00f1o pasado. | P\u00e1gina10\",\"isPartOf\":{\"@id\":\"https:\/\/pagina10.com\/web\/#website\"},\"primaryImageOfPage\":{\"@id\":\"https:\/\/pagina10.com\/web\/mas-de-mil-mercados-no-han-sido-entregados-en-ipiales-desde-el-mes-de-mayo-del-ano-pasado\/#primaryimage\"},\"image\":{\"@id\":\"https:\/\/pagina10.com\/web\/mas-de-mil-mercados-no-han-sido-entregados-en-ipiales-desde-el-mes-de-mayo-del-ano-pasado\/#primaryimage\"},\"thumbnailUrl\":\"https:\/\/pagina10.com\/web\/wp-content\/uploads\/2021\/03\/LOS-MERCADOS-800x445-1.jpg\",\"datePublished\":\"2021-03-15T23:34:11+00:00\",\"breadcrumb\":{\"@id\":\"https:\/\/pagina10.com\/web\/mas-de-mil-mercados-no-han-sido-entregados-en-ipiales-desde-el-mes-de-mayo-del-ano-pasado\/#breadcrumb\"},\"inLanguage\":\"es\",\"potentialAction\":[{\"@type\":\"ReadAction\",\"target\":[\"https:\/\/pagina10.com\/web\/mas-de-mil-mercados-no-han-sido-entregados-en-ipiales-desde-el-mes-de-mayo-del-ano-pasado\/\"]}]},{\"@type\":\"ImageObject\",\"inLanguage\":\"es\",\"@id\":\"https:\/\/pagina10.com\/web\/mas-de-mil-mercados-no-han-sido-entregados-en-ipiales-desde-el-mes-de-mayo-del-ano-pasado\/#primaryimage\",\"url\":\"https:\/\/pagina10.com\/web\/wp-content\/uploads\/2021\/03\/LOS-MERCADOS-800x445-1.jpg\",\"contentUrl\":\"https:\/\/pagina10.com\/web\/wp-content\/uploads\/2021\/03\/LOS-MERCADOS-800x445-1.jpg\",\"width\":800,\"height\":445},{\"@type\":\"BreadcrumbList\",\"@id\":\"https:\/\/pagina10.com\/web\/mas-de-mil-mercados-no-han-sido-entregados-en-ipiales-desde-el-mes-de-mayo-del-ano-pasado\/#breadcrumb\",\"itemListElement\":[{\"@type\":\"ListItem\",\"position\":1,\"name\":\"Portada\",\"item\":\"https:\/\/pagina10.com\/web\/\"},{\"@type\":\"ListItem\",\"position\":2,\"name\":\"M\u00e1s de mil mercados no han sido entregados en Ipiales desde el mes de mayo del a\u00f1o pasado.\"}]},{\"@type\":\"WebSite\",\"@id\":\"https:\/\/pagina10.com\/web\/#website\",\"url\":\"https:\/\/pagina10.com\/web\/\",\"name\":\"P\u00e1gina10\",\"description\":\"Peri\u00f3dico Regional\",\"publisher\":{\"@id\":\"https:\/\/pagina10.com\/web\/#organization\"},\"alternateName\":\"P\u00e1gina10 Peri\u00f3dico Regional\",\"potentialAction\":[{\"@type\":\"SearchAction\",\"target\":{\"@type\":\"EntryPoint\",\"urlTemplate\":\"https:\/\/pagina10.com\/web\/?s={search_term_string}\"},\"query-input\":{\"@type\":\"PropertyValueSpecification\",\"valueRequired\":true,\"valueName\":\"search_term_string\"}}],\"inLanguage\":\"es\"},{\"@type\":\"Organization\",\"@id\":\"https:\/\/pagina10.com\/web\/#organization\",\"name\":\"P\u00e1gina10\",\"alternateName\":\"P\u00e1gina10 Peri\u00f3dico Regional\",\"url\":\"https:\/\/pagina10.com\/web\/\",\"logo\":{\"@type\":\"ImageObject\",\"inLanguage\":\"es\",\"@id\":\"https:\/\/pagina10.com\/web\/#\/schema\/logo\/image\/\",\"url\":\"https:\/\/pagina10.com\/web\/wp-content\/uploads\/2024\/01\/40-pagina-10-periodico-regional-pasto.jpg\",\"contentUrl\":\"https:\/\/pagina10.com\/web\/wp-content\/uploads\/2024\/01\/40-pagina-10-periodico-regional-pasto.jpg\",\"width\":1280,\"height\":720,\"caption\":\"P\u00e1gina10\"},\"image\":{\"@id\":\"https:\/\/pagina10.com\/web\/#\/schema\/logo\/image\/\"},\"sameAs\":[\"https:\/\/www.facebook.com\/pag10com\",\"https:\/\/x.com\/Pag10com\",\"https:\/\/www.instagram.com\/pagina10col\/\",\"https:\/\/youtube.com\/channel\/pag10\",\"https:\/\/www.tiktok.com\/@p10col\"]},{\"@type\":\"Person\",\"@id\":\"https:\/\/pagina10.com\/web\/#\/schema\/person\/2efc4a090d25b667d3bc796798a3a81b\",\"name\":\"P\u00e1gina 10\",\"description\":\"P\u00e1gina 10 es un peri\u00f3dico regional que nace en Colombia, en el departamento de Nari\u00f1o, con un enfoque global, fundamentado en cuatro pilares esenciales: la libertad, el pluralismo, la inclusi\u00f3n y la independencia. P\u00e1gina 10 hace referencia a Nari\u00f1o como el d\u00e9cimo departamento creado en Colombia, despu\u00e9s de un proceso pol\u00edtico liderado por actores y actrices regionales con el fin de obtener la independencia y autonom\u00eda de nuestros territorios. Con la creaci\u00f3n de P\u00e1gina 10 se pretende abrir un escenario para el dialogo, la reflexi\u00f3n y el debate que se extienda a otras geograf\u00edas de Am\u00e9rica Latina y del planeta, en una apuesta por transformar colectivamente los desaf\u00edos de un mundo contempor\u00e1neo, m\u00e1s all\u00e1 de las fronteras impuestas.\",\"url\":\"https:\/\/pagina10.com\/web\/author\/pdiezadmin\/\"}]}<\/script>\n<!-- \/ Yoast SEO plugin. -->","yoast_head_json":{"title":"M\u00e1s de mil mercados no han sido entregados en Ipiales desde el mes de mayo del a\u00f1o pasado. | P\u00e1gina10","robots":{"index":"index","follow":"follow","max-snippet":"max-snippet:-1","max-image-preview":"max-image-preview:large","max-video-preview":"max-video-preview:-1"},"canonical":"https:\/\/pagina10.com\/web\/mas-de-mil-mercados-no-han-sido-entregados-en-ipiales-desde-el-mes-de-mayo-del-ano-pasado\/","og_locale":"es_ES","og_type":"article","og_title":"M\u00e1s de mil mercados no han sido entregados en Ipiales desde el mes de mayo del a\u00f1o pasado. | P\u00e1gina10","og_description":"Jhonatan Mueses, concejal ind\u00edgena del municipio de Ipiales, calific\u00f3 como un acto verdaderamente inhumano y vergonzoso, la compra de m\u00e1s de mil mercados con dineros donados por los Ipiale\u00f1os y que 10 meses despu\u00e9s no han sido entregados a las familias m\u00e1s vulnerables. De acuerdo a lo publicado por el concejal, se recolectaron 114 millones [&hellip;]","og_url":"https:\/\/pagina10.com\/web\/mas-de-mil-mercados-no-han-sido-entregados-en-ipiales-desde-el-mes-de-mayo-del-ano-pasado\/","og_site_name":"P\u00e1gina10","article_publisher":"https:\/\/www.facebook.com\/pag10com","article_published_time":"2021-03-15T23:34:11+00:00","og_image":[{"width":800,"height":445,"url":"https:\/\/pagina10.com\/web\/wp-content\/uploads\/2021\/03\/LOS-MERCADOS-800x445-1.jpg","type":"image\/jpeg"}],"author":"P\u00e1gina 10","twitter_card":"summary_large_image","twitter_creator":"@Pag10com","twitter_site":"@Pag10com","twitter_misc":{"Escrito por":"P\u00e1gina 10","Tiempo de lectura":"2 minutos"},"schema":{"@context":"https:\/\/schema.org","@graph":[{"@type":"Article","@id":"https:\/\/pagina10.com\/web\/mas-de-mil-mercados-no-han-sido-entregados-en-ipiales-desde-el-mes-de-mayo-del-ano-pasado\/#article","isPartOf":{"@id":"https:\/\/pagina10.com\/web\/mas-de-mil-mercados-no-han-sido-entregados-en-ipiales-desde-el-mes-de-mayo-del-ano-pasado\/"},"author":{"name":"P\u00e1gina 10","@id":"https:\/\/pagina10.com\/web\/#\/schema\/person\/2efc4a090d25b667d3bc796798a3a81b"},"headline":"M\u00e1s de mil mercados no han sido entregados en Ipiales desde el mes de mayo del a\u00f1o pasado.","datePublished":"2021-03-15T23:34:11+00:00","mainEntityOfPage":{"@id":"https:\/\/pagina10.com\/web\/mas-de-mil-mercados-no-han-sido-entregados-en-ipiales-desde-el-mes-de-mayo-del-ano-pasado\/"},"wordCount":350,"commentCount":0,"publisher":{"@id":"https:\/\/pagina10.com\/web\/#organization"},"image":{"@id":"https:\/\/pagina10.com\/web\/mas-de-mil-mercados-no-han-sido-entregados-en-ipiales-desde-el-mes-de-mayo-del-ano-pasado\/#primaryimage"},"thumbnailUrl":"https:\/\/pagina10.com\/web\/wp-content\/uploads\/2021\/03\/LOS-MERCADOS-800x445-1.jpg","articleSection":["Regiones"],"inLanguage":"es","potentialAction":[{"@type":"CommentAction","name":"Comment","target":["https:\/\/pagina10.com\/web\/mas-de-mil-mercados-no-han-sido-entregados-en-ipiales-desde-el-mes-de-mayo-del-ano-pasado\/#respond"]}]},{"@type":"WebPage","@id":"https:\/\/pagina10.com\/web\/mas-de-mil-mercados-no-han-sido-entregados-en-ipiales-desde-el-mes-de-mayo-del-ano-pasado\/","url":"https:\/\/pagina10.com\/web\/mas-de-mil-mercados-no-han-sido-entregados-en-ipiales-desde-el-mes-de-mayo-del-ano-pasado\/","name":"M\u00e1s de mil mercados no han sido entregados en Ipiales desde el mes de mayo del a\u00f1o pasado. | P\u00e1gina10","isPartOf":{"@id":"https:\/\/pagina10.com\/web\/#website"},"primaryImageOfPage":{"@id":"https:\/\/pagina10.com\/web\/mas-de-mil-mercados-no-han-sido-entregados-en-ipiales-desde-el-mes-de-mayo-del-ano-pasado\/#primaryimage"},"image":{"@id":"https:\/\/pagina10.com\/web\/mas-de-mil-mercados-no-han-sido-entregados-en-ipiales-desde-el-mes-de-mayo-del-ano-pasado\/#primaryimage"},"thumbnailUrl":"https:\/\/pagina10.com\/web\/wp-content\/uploads\/2021\/03\/LOS-MERCADOS-800x445-1.jpg","datePublished":"2021-03-15T23:34:11+00:00","breadcrumb":{"@id":"https:\/\/pagina10.com\/web\/mas-de-mil-mercados-no-han-sido-entregados-en-ipiales-desde-el-mes-de-mayo-del-ano-pasado\/#breadcrumb"},"inLanguage":"es","potentialAction":[{"@type":"ReadAction","target":["https:\/\/pagina10.com\/web\/mas-de-mil-mercados-no-han-sido-entregados-en-ipiales-desde-el-mes-de-mayo-del-ano-pasado\/"]}]},{"@type":"ImageObject","inLanguage":"es","@id":"https:\/\/pagina10.com\/web\/mas-de-mil-mercados-no-han-sido-entregados-en-ipiales-desde-el-mes-de-mayo-del-ano-pasado\/#primaryimage","url":"https:\/\/pagina10.com\/web\/wp-content\/uploads\/2021\/03\/LOS-MERCADOS-800x445-1.jpg","contentUrl":"https:\/\/pagina10.com\/web\/wp-content\/uploads\/2021\/03\/LOS-MERCADOS-800x445-1.jpg","width":800,"height":445},{"@type":"BreadcrumbList","@id":"https:\/\/pagina10.com\/web\/mas-de-mil-mercados-no-han-sido-entregados-en-ipiales-desde-el-mes-de-mayo-del-ano-pasado\/#breadcrumb","itemListElement":[{"@type":"ListItem","position":1,"name":"Portada","item":"https:\/\/pagina10.com\/web\/"},{"@type":"ListItem","position":2,"name":"M\u00e1s de mil mercados no han sido entregados en Ipiales desde el mes de mayo del a\u00f1o pasado."}]},{"@type":"WebSite","@id":"https:\/\/pagina10.com\/web\/#website","url":"https:\/\/pagina10.com\/web\/","name":"P\u00e1gina10","description":"Peri\u00f3dico Regional","publisher":{"@id":"https:\/\/pagina10.com\/web\/#organization"},"alternateName":"P\u00e1gina10 Peri\u00f3dico Regional","potentialAction":[{"@type":"SearchAction","target":{"@type":"EntryPoint","urlTemplate":"https:\/\/pagina10.com\/web\/?s={search_term_string}"},"query-input":{"@type":"PropertyValueSpecification","valueRequired":true,"valueName":"search_term_string"}}],"inLanguage":"es"},{"@type":"Organization","@id":"https:\/\/pagina10.com\/web\/#organization","name":"P\u00e1gina10","alternateName":"P\u00e1gina10 Peri\u00f3dico Regional","url":"https:\/\/pagina10.com\/web\/","logo":{"@type":"ImageObject","inLanguage":"es","@id":"https:\/\/pagina10.com\/web\/#\/schema\/logo\/image\/","url":"https:\/\/pagina10.com\/web\/wp-content\/uploads\/2024\/01\/40-pagina-10-periodico-regional-pasto.jpg","contentUrl":"https:\/\/pagina10.com\/web\/wp-content\/uploads\/2024\/01\/40-pagina-10-periodico-regional-pasto.jpg","width":1280,"height":720,"caption":"P\u00e1gina10"},"image":{"@id":"https:\/\/pagina10.com\/web\/#\/schema\/logo\/image\/"},"sameAs":["https:\/\/www.facebook.com\/pag10com","https:\/\/x.com\/Pag10com","https:\/\/www.instagram.com\/pagina10col\/","https:\/\/youtube.com\/channel\/pag10","https:\/\/www.tiktok.com\/@p10col"]},{"@type":"Person","@id":"https:\/\/pagina10.com\/web\/#\/schema\/person\/2efc4a090d25b667d3bc796798a3a81b","name":"P\u00e1gina 10","description":"P\u00e1gina 10 es un peri\u00f3dico regional que nace en Colombia, en el departamento de Nari\u00f1o, con un enfoque global, fundamentado en cuatro pilares esenciales: la libertad, el pluralismo, la inclusi\u00f3n y la independencia. P\u00e1gina 10 hace referencia a Nari\u00f1o como el d\u00e9cimo departamento creado en Colombia, despu\u00e9s de un proceso pol\u00edtico liderado por actores y actrices regionales con el fin de obtener la independencia y autonom\u00eda de nuestros territorios. Con la creaci\u00f3n de P\u00e1gina 10 se pretende abrir un escenario para el dialogo, la reflexi\u00f3n y el debate que se extienda a otras geograf\u00edas de Am\u00e9rica Latina y del planeta, en una apuesta por transformar colectivamente los desaf\u00edos de un mundo contempor\u00e1neo, m\u00e1s all\u00e1 de las fronteras impuestas.","url":"https:\/\/pagina10.com\/web\/author\/pdiezadmin\/"}]}},"_links":{"self":[{"href":"https:\/\/pagina10.com\/web\/wp-json\/wp\/v2\/posts\/51162","targetHints":{"allow":["GET"]}}],"collection":[{"href":"https:\/\/pagina10.com\/web\/wp-json\/wp\/v2\/posts"}],"about":[{"href":"https:\/\/pagina10.com\/web\/wp-json\/wp\/v2\/types\/post"}],"author":[{"embeddable":true,"href":"https:\/\/pagina10.com\/web\/wp-json\/wp\/v2\/users\/1"}],"replies":[{"embeddable":true,"href":"https:\/\/pagina10.com\/web\/wp-json\/wp\/v2\/comments?post=51162"}],"version-history":[{"count":1,"href":"https:\/\/pagina10.com\/web\/wp-json\/wp\/v2\/posts\/51162\/revisions"}],"predecessor-version":[{"id":51168,"href":"https:\/\/pagina10.com\/web\/wp-json\/wp\/v2\/posts\/51162\/revisions\/51168"}],"wp:featuredmedia":[{"embeddable":true,"href":"https:\/\/pagina10.com\/web\/wp-json\/wp\/v2\/media\/51167"}],"wp:attachment":[{"href":"https:\/\/pagina10.com\/web\/wp-json\/wp\/v2\/media?parent=51162"}],"wp:term":[{"taxonomy":"category","embeddable":true,"href":"https:\/\/pagina10.com\/web\/wp-json\/wp\/v2\/categories?post=51162"},{"taxonomy":"post_tag","embeddable":true,"href":"https:\/\/pagina10.com\/web\/wp-json\/wp\/v2\/tags?post=51162"}],"curies":[{"name":"wp","href":"https:\/\/api.w.org\/{rel}","templated":true}]}}