{"id":51169,"date":"2021-03-15T18:57:54","date_gmt":"2021-03-15T23:57:54","guid":{"rendered":"https:\/\/pagina10.com\/web\/?p=51169"},"modified":"2021-03-15T18:57:54","modified_gmt":"2021-03-15T23:57:54","slug":"el-estado-colombiano-se-retiro-de-la-audiencia-publica-ante-la-corte-idh-donde-se-buscaba-determinar-su-responsabilidad-en-el-caso-de-violencia-sexual-a-la-periodista-jineth-bedoya","status":"publish","type":"post","link":"https:\/\/pagina10.com\/web\/el-estado-colombiano-se-retiro-de-la-audiencia-publica-ante-la-corte-idh-donde-se-buscaba-determinar-su-responsabilidad-en-el-caso-de-violencia-sexual-a-la-periodista-jineth-bedoya\/","title":{"rendered":"El Estado colombiano se retir\u00f3 de la audiencia p\u00fablica ante la Corte IDH donde se buscaba determinar su responsabilidad en el caso de violencia sexual a la periodista Jineth Bedoya."},"content":{"rendered":"<p style=\"text-align: justify;\">Este lunes 15 de marzo comenz\u00f3 la audiencia p\u00fablica ante la Corte Interamericana de Derechos Humanos (Corte IDH), en el marco del proceso en el cual se determinar\u00e1 la responsabilidad del Estado en los hechos de amenazas, secuestro, tortura y violencia sexual que enfrent\u00f3 la periodista Jineth Bedoya Lima en el a\u00f1o 2000. Durante la audiencia, la Agencia Nacional de Defensa Jur\u00eddica del Estado colombiano, en cabeza de Camilo G\u00f3mez, se\u00f1al\u00f3 la presunta falta de imparcialidad de la mayor\u00eda de los jueces y de la presidenta de la Corte IDH y anunci\u00f3 que presentar\u00e1 una solicitud de recusaci\u00f3n contra cinco de los seis jueces, debido a una supuesta falta de garant\u00edas procesales. El Estado tom\u00f3 la decisi\u00f3n de retirarse de la audiencia y, adem\u00e1s, la testigo ofrecida por el Estado no compareci\u00f3 a rendir su declaraci\u00f3n.<\/p>\n<p style=\"text-align: justify;\">Para Colombia, las preguntas y los comentarios realizados por los cuatro jueces y la jueza Elizabeth Odio Benitez, presidenta de la Corte, estaban cargados de parcialidad a favor de la v\u00edctima. Ante esto, CEJIL y la FLIP,\u00a0 representantes de Jineth Bedoya Lima,\u00a0sostenemos que los comentarios de los magistrados fueron dignificantes y oportunos en la medida que acababan de escuchar el valiente testimonio de una sobreviviente de graves violaciones a derechos humanos, pero de ninguna manera prejuzgaron sobre la responsabilidad del Estado, tal y como alega la defensa.<\/p>\n<p style=\"text-align: justify;\">Precisamente, es facultad y deber de los jueces indagar sobre los hechos objeto del litigio, es decir, aquellos que fundamentan el caso como el contexto para comprender su alcance y las medidas que para la v\u00edctima pueden significar la reparaci\u00f3n. En su testimonio, Jineth Bedoya contest\u00f3 a preguntas relacionadas con el objeto de su declaraci\u00f3n tal como fue aprobado por la Corte. Esto incluye: su labor period\u00edstica y las investigaciones que llevaba a cabo en la \u00e9poca de los hechos, el riesgo al que se encontraba expuesta, sus solicitudes de protecci\u00f3n y la respuesta estatal ante esta situaci\u00f3n. De igual forma, la periodista narr\u00f3 los hechos del 25 de mayo del 2000 y el impacto que estos tuvieron en su vida desde entonces hasta la fecha.<\/p>\n<p style=\"text-align: justify;\">En su declaraci\u00f3n, Jineth se\u00f1al\u00f3 que agentes de la Polic\u00eda fueron quienes le sugirieron entrevistarse en la c\u00e1rcel La Modelo con jefes paramilitares, para contener el riesgo que hab\u00eda generado su cubrimiento period\u00edstico. Esta entrevista fue la trampa que ocasion\u00f3 su secuestro, tortura y violencia sexual. Tambi\u00e9n entreg\u00f3 detalles de c\u00f3mo los perpetradores justificaron que estas agresiones eran un escarmiento contra sus denuncias period\u00edsticas. Adem\u00e1s, mencion\u00f3 los numerosos indicios de la responsabilidad de agentes estatales sobre los hechos, que han sido ignorados en la investigaci\u00f3n a nivel interno. Del mismo modo, Jineth cuestion\u00f3 la revictimizaci\u00f3n que debi\u00f3 afrontar al ser llamada doce veces a declarar sobre el ataque sexual. Esto \u00faltimo fue reconocido por parte del agente del Estado en la audiencia p\u00fablica.<\/p>\n<p style=\"text-align: justify;\">Las organizaciones que representamos a la periodista consideramos que la actitud del Estado demuestra la desidia contra las v\u00edctimas de violencia sexual en el conflicto armado y niega espacios dignos para acceder a la justicia.\u00a0El retiro del Estado de la audiencia es un acto sin precedentes, lo que genera preocupaci\u00f3n sobre el compromiso del Estado colombiano frente al juicio por violaciones de derechos humanos y al sometimiento frente a la decisi\u00f3n que adopte la Corte.<\/p>\n<p style=\"text-align: justify;\">Adem\u00e1s, esta actuaci\u00f3n hace parte de una estrategia que busca deslegitimar a la Corte IDH y significa un nuevo obst\u00e1culo en el proceso,\u00a0que contin\u00faa castigando a Jineth Bedoya por hacer escuchar su voz, resultando as\u00ed en un nuevo intento de silenciarla.<\/p>\n<p style=\"text-align: justify;\">Los representantes de las v\u00edctimas instamos al Estado colombiano a que, en cumplimiento de sus obligaciones internacionales en materia de derechos humanos, comparezca a la audiencia programada de conformidad con lo dispuesto por la Honorable Corte.<strong>\u00a0<\/strong>As\u00ed se contribuye a que el proceso internacional sea digno y tenga un componente reparador, independientemente del posterior fallo.<\/p>\n<p>&nbsp;<\/p>\n<p style=\"text-align: justify;\">Fuente: Fundaci\u00f3n para la libertad de prensa.<\/p>\n","protected":false},"excerpt":{"rendered":"<p>Este lunes 15 de marzo comenz\u00f3 la audiencia p\u00fablica ante la Corte Interamericana de Derechos Humanos (Corte IDH), en el marco del proceso en el cual se determinar\u00e1 la responsabilidad del Estado en los hechos de amenazas, secuestro, tortura y violencia sexual que enfrent\u00f3 la periodista Jineth Bedoya Lima en el a\u00f1o 2000. Durante la [&hellip;]<\/p>\n","protected":false},"author":1,"featured_media":51171,"comment_status":"open","ping_status":"open","sticky":false,"template":"","format":"standard","meta":{"footnotes":""},"categories":[61],"tags":[],"class_list":["post-51169","post","type-post","status-publish","format-standard","has-post-thumbnail","hentry","category-judicial"],"yoast_head":"<!-- This site is optimized with the Yoast SEO plugin v27.1.1 - https:\/\/yoast.com\/product\/yoast-seo-wordpress\/ -->\n<title>El Estado colombiano se retir\u00f3 de la audiencia p\u00fablica ante la Corte IDH donde se buscaba determinar su responsabilidad en el caso de violencia sexual a la periodista Jineth Bedoya. | P\u00e1gina10<\/title>\n<meta name=\"robots\" content=\"index, follow, max-snippet:-1, max-image-preview:large, max-video-preview:-1\" \/>\n<link rel=\"canonical\" href=\"https:\/\/pagina10.com\/web\/el-estado-colombiano-se-retiro-de-la-audiencia-publica-ante-la-corte-idh-donde-se-buscaba-determinar-su-responsabilidad-en-el-caso-de-violencia-sexual-a-la-periodista-jineth-bedoya\/\" \/>\n<meta property=\"og:locale\" content=\"es_ES\" \/>\n<meta property=\"og:type\" content=\"article\" \/>\n<meta property=\"og:title\" content=\"El Estado colombiano se retir\u00f3 de la audiencia p\u00fablica ante la Corte IDH donde se buscaba determinar su responsabilidad en el caso de violencia sexual a la periodista Jineth Bedoya. | P\u00e1gina10\" \/>\n<meta property=\"og:description\" content=\"Este lunes 15 de marzo comenz\u00f3 la audiencia p\u00fablica ante la Corte Interamericana de Derechos Humanos (Corte IDH), en el marco del proceso en el cual se determinar\u00e1 la responsabilidad del Estado en los hechos de amenazas, secuestro, tortura y violencia sexual que enfrent\u00f3 la periodista Jineth Bedoya Lima en el a\u00f1o 2000. Durante la [&hellip;]\" \/>\n<meta property=\"og:url\" content=\"https:\/\/pagina10.com\/web\/el-estado-colombiano-se-retiro-de-la-audiencia-publica-ante-la-corte-idh-donde-se-buscaba-determinar-su-responsabilidad-en-el-caso-de-violencia-sexual-a-la-periodista-jineth-bedoya\/\" \/>\n<meta property=\"og:site_name\" content=\"P\u00e1gina10\" \/>\n<meta property=\"article:publisher\" content=\"https:\/\/www.facebook.com\/pag10com\" \/>\n<meta property=\"article:published_time\" content=\"2021-03-15T23:57:54+00:00\" \/>\n<meta property=\"og:image\" content=\"https:\/\/pagina10.com\/web\/wp-content\/uploads\/2021\/03\/604f68e2d406c.jpeg\" \/>\n\t<meta property=\"og:image:width\" content=\"950\" \/>\n\t<meta property=\"og:image:height\" content=\"534\" \/>\n\t<meta property=\"og:image:type\" content=\"image\/jpeg\" \/>\n<meta name=\"author\" content=\"P\u00e1gina 10\" \/>\n<meta name=\"twitter:card\" content=\"summary_large_image\" \/>\n<meta name=\"twitter:creator\" content=\"@Pag10com\" \/>\n<meta name=\"twitter:site\" content=\"@Pag10com\" \/>\n<meta name=\"twitter:label1\" content=\"Escrito por\" \/>\n\t<meta name=\"twitter:data1\" content=\"P\u00e1gina 10\" \/>\n\t<meta name=\"twitter:label2\" content=\"Tiempo de lectura\" \/>\n\t<meta name=\"twitter:data2\" content=\"3 minutos\" \/>\n<script type=\"application\/ld+json\" class=\"yoast-schema-graph\">{\"@context\":\"https:\/\/schema.org\",\"@graph\":[{\"@type\":\"Article\",\"@id\":\"https:\/\/pagina10.com\/web\/el-estado-colombiano-se-retiro-de-la-audiencia-publica-ante-la-corte-idh-donde-se-buscaba-determinar-su-responsabilidad-en-el-caso-de-violencia-sexual-a-la-periodista-jineth-bedoya\/#article\",\"isPartOf\":{\"@id\":\"https:\/\/pagina10.com\/web\/el-estado-colombiano-se-retiro-de-la-audiencia-publica-ante-la-corte-idh-donde-se-buscaba-determinar-su-responsabilidad-en-el-caso-de-violencia-sexual-a-la-periodista-jineth-bedoya\/\"},\"author\":{\"name\":\"P\u00e1gina 10\",\"@id\":\"https:\/\/pagina10.com\/web\/#\/schema\/person\/2efc4a090d25b667d3bc796798a3a81b\"},\"headline\":\"El Estado colombiano se retir\u00f3 de la audiencia p\u00fablica ante la Corte IDH donde se buscaba determinar su responsabilidad en el caso de violencia sexual a la periodista Jineth Bedoya.\",\"datePublished\":\"2021-03-15T23:57:54+00:00\",\"mainEntityOfPage\":{\"@id\":\"https:\/\/pagina10.com\/web\/el-estado-colombiano-se-retiro-de-la-audiencia-publica-ante-la-corte-idh-donde-se-buscaba-determinar-su-responsabilidad-en-el-caso-de-violencia-sexual-a-la-periodista-jineth-bedoya\/\"},\"wordCount\":721,\"commentCount\":0,\"publisher\":{\"@id\":\"https:\/\/pagina10.com\/web\/#organization\"},\"image\":{\"@id\":\"https:\/\/pagina10.com\/web\/el-estado-colombiano-se-retiro-de-la-audiencia-publica-ante-la-corte-idh-donde-se-buscaba-determinar-su-responsabilidad-en-el-caso-de-violencia-sexual-a-la-periodista-jineth-bedoya\/#primaryimage\"},\"thumbnailUrl\":\"https:\/\/pagina10.com\/web\/wp-content\/uploads\/2021\/03\/604f68e2d406c.jpeg\",\"articleSection\":[\"Judicial\"],\"inLanguage\":\"es\",\"potentialAction\":[{\"@type\":\"CommentAction\",\"name\":\"Comment\",\"target\":[\"https:\/\/pagina10.com\/web\/el-estado-colombiano-se-retiro-de-la-audiencia-publica-ante-la-corte-idh-donde-se-buscaba-determinar-su-responsabilidad-en-el-caso-de-violencia-sexual-a-la-periodista-jineth-bedoya\/#respond\"]}]},{\"@type\":\"WebPage\",\"@id\":\"https:\/\/pagina10.com\/web\/el-estado-colombiano-se-retiro-de-la-audiencia-publica-ante-la-corte-idh-donde-se-buscaba-determinar-su-responsabilidad-en-el-caso-de-violencia-sexual-a-la-periodista-jineth-bedoya\/\",\"url\":\"https:\/\/pagina10.com\/web\/el-estado-colombiano-se-retiro-de-la-audiencia-publica-ante-la-corte-idh-donde-se-buscaba-determinar-su-responsabilidad-en-el-caso-de-violencia-sexual-a-la-periodista-jineth-bedoya\/\",\"name\":\"El Estado colombiano se retir\u00f3 de la audiencia p\u00fablica ante la Corte IDH donde se buscaba determinar su responsabilidad en el caso de violencia sexual a la periodista Jineth Bedoya. | P\u00e1gina10\",\"isPartOf\":{\"@id\":\"https:\/\/pagina10.com\/web\/#website\"},\"primaryImageOfPage\":{\"@id\":\"https:\/\/pagina10.com\/web\/el-estado-colombiano-se-retiro-de-la-audiencia-publica-ante-la-corte-idh-donde-se-buscaba-determinar-su-responsabilidad-en-el-caso-de-violencia-sexual-a-la-periodista-jineth-bedoya\/#primaryimage\"},\"image\":{\"@id\":\"https:\/\/pagina10.com\/web\/el-estado-colombiano-se-retiro-de-la-audiencia-publica-ante-la-corte-idh-donde-se-buscaba-determinar-su-responsabilidad-en-el-caso-de-violencia-sexual-a-la-periodista-jineth-bedoya\/#primaryimage\"},\"thumbnailUrl\":\"https:\/\/pagina10.com\/web\/wp-content\/uploads\/2021\/03\/604f68e2d406c.jpeg\",\"datePublished\":\"2021-03-15T23:57:54+00:00\",\"breadcrumb\":{\"@id\":\"https:\/\/pagina10.com\/web\/el-estado-colombiano-se-retiro-de-la-audiencia-publica-ante-la-corte-idh-donde-se-buscaba-determinar-su-responsabilidad-en-el-caso-de-violencia-sexual-a-la-periodista-jineth-bedoya\/#breadcrumb\"},\"inLanguage\":\"es\",\"potentialAction\":[{\"@type\":\"ReadAction\",\"target\":[\"https:\/\/pagina10.com\/web\/el-estado-colombiano-se-retiro-de-la-audiencia-publica-ante-la-corte-idh-donde-se-buscaba-determinar-su-responsabilidad-en-el-caso-de-violencia-sexual-a-la-periodista-jineth-bedoya\/\"]}]},{\"@type\":\"ImageObject\",\"inLanguage\":\"es\",\"@id\":\"https:\/\/pagina10.com\/web\/el-estado-colombiano-se-retiro-de-la-audiencia-publica-ante-la-corte-idh-donde-se-buscaba-determinar-su-responsabilidad-en-el-caso-de-violencia-sexual-a-la-periodista-jineth-bedoya\/#primaryimage\",\"url\":\"https:\/\/pagina10.com\/web\/wp-content\/uploads\/2021\/03\/604f68e2d406c.jpeg\",\"contentUrl\":\"https:\/\/pagina10.com\/web\/wp-content\/uploads\/2021\/03\/604f68e2d406c.jpeg\",\"width\":950,\"height\":534},{\"@type\":\"BreadcrumbList\",\"@id\":\"https:\/\/pagina10.com\/web\/el-estado-colombiano-se-retiro-de-la-audiencia-publica-ante-la-corte-idh-donde-se-buscaba-determinar-su-responsabilidad-en-el-caso-de-violencia-sexual-a-la-periodista-jineth-bedoya\/#breadcrumb\",\"itemListElement\":[{\"@type\":\"ListItem\",\"position\":1,\"name\":\"Portada\",\"item\":\"https:\/\/pagina10.com\/web\/\"},{\"@type\":\"ListItem\",\"position\":2,\"name\":\"El Estado colombiano se retir\u00f3 de la audiencia p\u00fablica ante la Corte IDH donde se buscaba determinar su responsabilidad en el caso de violencia sexual a la periodista Jineth Bedoya.\"}]},{\"@type\":\"WebSite\",\"@id\":\"https:\/\/pagina10.com\/web\/#website\",\"url\":\"https:\/\/pagina10.com\/web\/\",\"name\":\"P\u00e1gina10\",\"description\":\"Peri\u00f3dico Regional\",\"publisher\":{\"@id\":\"https:\/\/pagina10.com\/web\/#organization\"},\"alternateName\":\"P\u00e1gina10 Peri\u00f3dico Regional\",\"potentialAction\":[{\"@type\":\"SearchAction\",\"target\":{\"@type\":\"EntryPoint\",\"urlTemplate\":\"https:\/\/pagina10.com\/web\/?s={search_term_string}\"},\"query-input\":{\"@type\":\"PropertyValueSpecification\",\"valueRequired\":true,\"valueName\":\"search_term_string\"}}],\"inLanguage\":\"es\"},{\"@type\":\"Organization\",\"@id\":\"https:\/\/pagina10.com\/web\/#organization\",\"name\":\"P\u00e1gina10\",\"alternateName\":\"P\u00e1gina10 Peri\u00f3dico Regional\",\"url\":\"https:\/\/pagina10.com\/web\/\",\"logo\":{\"@type\":\"ImageObject\",\"inLanguage\":\"es\",\"@id\":\"https:\/\/pagina10.com\/web\/#\/schema\/logo\/image\/\",\"url\":\"https:\/\/pagina10.com\/web\/wp-content\/uploads\/2024\/01\/40-pagina-10-periodico-regional-pasto.jpg\",\"contentUrl\":\"https:\/\/pagina10.com\/web\/wp-content\/uploads\/2024\/01\/40-pagina-10-periodico-regional-pasto.jpg\",\"width\":1280,\"height\":720,\"caption\":\"P\u00e1gina10\"},\"image\":{\"@id\":\"https:\/\/pagina10.com\/web\/#\/schema\/logo\/image\/\"},\"sameAs\":[\"https:\/\/www.facebook.com\/pag10com\",\"https:\/\/x.com\/Pag10com\",\"https:\/\/www.instagram.com\/pagina10col\/\",\"https:\/\/youtube.com\/channel\/pag10\",\"https:\/\/www.tiktok.com\/@p10col\"]},{\"@type\":\"Person\",\"@id\":\"https:\/\/pagina10.com\/web\/#\/schema\/person\/2efc4a090d25b667d3bc796798a3a81b\",\"name\":\"P\u00e1gina 10\",\"description\":\"P\u00e1gina 10 es un peri\u00f3dico regional que nace en Colombia, en el departamento de Nari\u00f1o, con un enfoque global, fundamentado en cuatro pilares esenciales: la libertad, el pluralismo, la inclusi\u00f3n y la independencia. P\u00e1gina 10 hace referencia a Nari\u00f1o como el d\u00e9cimo departamento creado en Colombia, despu\u00e9s de un proceso pol\u00edtico liderado por actores y actrices regionales con el fin de obtener la independencia y autonom\u00eda de nuestros territorios. Con la creaci\u00f3n de P\u00e1gina 10 se pretende abrir un escenario para el dialogo, la reflexi\u00f3n y el debate que se extienda a otras geograf\u00edas de Am\u00e9rica Latina y del planeta, en una apuesta por transformar colectivamente los desaf\u00edos de un mundo contempor\u00e1neo, m\u00e1s all\u00e1 de las fronteras impuestas.\",\"url\":\"https:\/\/pagina10.com\/web\/author\/pdiezadmin\/\"}]}<\/script>\n<!-- \/ Yoast SEO plugin. -->","yoast_head_json":{"title":"El Estado colombiano se retir\u00f3 de la audiencia p\u00fablica ante la Corte IDH donde se buscaba determinar su responsabilidad en el caso de violencia sexual a la periodista Jineth Bedoya. | P\u00e1gina10","robots":{"index":"index","follow":"follow","max-snippet":"max-snippet:-1","max-image-preview":"max-image-preview:large","max-video-preview":"max-video-preview:-1"},"canonical":"https:\/\/pagina10.com\/web\/el-estado-colombiano-se-retiro-de-la-audiencia-publica-ante-la-corte-idh-donde-se-buscaba-determinar-su-responsabilidad-en-el-caso-de-violencia-sexual-a-la-periodista-jineth-bedoya\/","og_locale":"es_ES","og_type":"article","og_title":"El Estado colombiano se retir\u00f3 de la audiencia p\u00fablica ante la Corte IDH donde se buscaba determinar su responsabilidad en el caso de violencia sexual a la periodista Jineth Bedoya. | P\u00e1gina10","og_description":"Este lunes 15 de marzo comenz\u00f3 la audiencia p\u00fablica ante la Corte Interamericana de Derechos Humanos (Corte IDH), en el marco del proceso en el cual se determinar\u00e1 la responsabilidad del Estado en los hechos de amenazas, secuestro, tortura y violencia sexual que enfrent\u00f3 la periodista Jineth Bedoya Lima en el a\u00f1o 2000. Durante la [&hellip;]","og_url":"https:\/\/pagina10.com\/web\/el-estado-colombiano-se-retiro-de-la-audiencia-publica-ante-la-corte-idh-donde-se-buscaba-determinar-su-responsabilidad-en-el-caso-de-violencia-sexual-a-la-periodista-jineth-bedoya\/","og_site_name":"P\u00e1gina10","article_publisher":"https:\/\/www.facebook.com\/pag10com","article_published_time":"2021-03-15T23:57:54+00:00","og_image":[{"width":950,"height":534,"url":"https:\/\/pagina10.com\/web\/wp-content\/uploads\/2021\/03\/604f68e2d406c.jpeg","type":"image\/jpeg"}],"author":"P\u00e1gina 10","twitter_card":"summary_large_image","twitter_creator":"@Pag10com","twitter_site":"@Pag10com","twitter_misc":{"Escrito por":"P\u00e1gina 10","Tiempo de lectura":"3 minutos"},"schema":{"@context":"https:\/\/schema.org","@graph":[{"@type":"Article","@id":"https:\/\/pagina10.com\/web\/el-estado-colombiano-se-retiro-de-la-audiencia-publica-ante-la-corte-idh-donde-se-buscaba-determinar-su-responsabilidad-en-el-caso-de-violencia-sexual-a-la-periodista-jineth-bedoya\/#article","isPartOf":{"@id":"https:\/\/pagina10.com\/web\/el-estado-colombiano-se-retiro-de-la-audiencia-publica-ante-la-corte-idh-donde-se-buscaba-determinar-su-responsabilidad-en-el-caso-de-violencia-sexual-a-la-periodista-jineth-bedoya\/"},"author":{"name":"P\u00e1gina 10","@id":"https:\/\/pagina10.com\/web\/#\/schema\/person\/2efc4a090d25b667d3bc796798a3a81b"},"headline":"El Estado colombiano se retir\u00f3 de la audiencia p\u00fablica ante la Corte IDH donde se buscaba determinar su responsabilidad en el caso de violencia sexual a la periodista Jineth Bedoya.","datePublished":"2021-03-15T23:57:54+00:00","mainEntityOfPage":{"@id":"https:\/\/pagina10.com\/web\/el-estado-colombiano-se-retiro-de-la-audiencia-publica-ante-la-corte-idh-donde-se-buscaba-determinar-su-responsabilidad-en-el-caso-de-violencia-sexual-a-la-periodista-jineth-bedoya\/"},"wordCount":721,"commentCount":0,"publisher":{"@id":"https:\/\/pagina10.com\/web\/#organization"},"image":{"@id":"https:\/\/pagina10.com\/web\/el-estado-colombiano-se-retiro-de-la-audiencia-publica-ante-la-corte-idh-donde-se-buscaba-determinar-su-responsabilidad-en-el-caso-de-violencia-sexual-a-la-periodista-jineth-bedoya\/#primaryimage"},"thumbnailUrl":"https:\/\/pagina10.com\/web\/wp-content\/uploads\/2021\/03\/604f68e2d406c.jpeg","articleSection":["Judicial"],"inLanguage":"es","potentialAction":[{"@type":"CommentAction","name":"Comment","target":["https:\/\/pagina10.com\/web\/el-estado-colombiano-se-retiro-de-la-audiencia-publica-ante-la-corte-idh-donde-se-buscaba-determinar-su-responsabilidad-en-el-caso-de-violencia-sexual-a-la-periodista-jineth-bedoya\/#respond"]}]},{"@type":"WebPage","@id":"https:\/\/pagina10.com\/web\/el-estado-colombiano-se-retiro-de-la-audiencia-publica-ante-la-corte-idh-donde-se-buscaba-determinar-su-responsabilidad-en-el-caso-de-violencia-sexual-a-la-periodista-jineth-bedoya\/","url":"https:\/\/pagina10.com\/web\/el-estado-colombiano-se-retiro-de-la-audiencia-publica-ante-la-corte-idh-donde-se-buscaba-determinar-su-responsabilidad-en-el-caso-de-violencia-sexual-a-la-periodista-jineth-bedoya\/","name":"El Estado colombiano se retir\u00f3 de la audiencia p\u00fablica ante la Corte IDH donde se buscaba determinar su responsabilidad en el caso de violencia sexual a la periodista Jineth Bedoya. | P\u00e1gina10","isPartOf":{"@id":"https:\/\/pagina10.com\/web\/#website"},"primaryImageOfPage":{"@id":"https:\/\/pagina10.com\/web\/el-estado-colombiano-se-retiro-de-la-audiencia-publica-ante-la-corte-idh-donde-se-buscaba-determinar-su-responsabilidad-en-el-caso-de-violencia-sexual-a-la-periodista-jineth-bedoya\/#primaryimage"},"image":{"@id":"https:\/\/pagina10.com\/web\/el-estado-colombiano-se-retiro-de-la-audiencia-publica-ante-la-corte-idh-donde-se-buscaba-determinar-su-responsabilidad-en-el-caso-de-violencia-sexual-a-la-periodista-jineth-bedoya\/#primaryimage"},"thumbnailUrl":"https:\/\/pagina10.com\/web\/wp-content\/uploads\/2021\/03\/604f68e2d406c.jpeg","datePublished":"2021-03-15T23:57:54+00:00","breadcrumb":{"@id":"https:\/\/pagina10.com\/web\/el-estado-colombiano-se-retiro-de-la-audiencia-publica-ante-la-corte-idh-donde-se-buscaba-determinar-su-responsabilidad-en-el-caso-de-violencia-sexual-a-la-periodista-jineth-bedoya\/#breadcrumb"},"inLanguage":"es","potentialAction":[{"@type":"ReadAction","target":["https:\/\/pagina10.com\/web\/el-estado-colombiano-se-retiro-de-la-audiencia-publica-ante-la-corte-idh-donde-se-buscaba-determinar-su-responsabilidad-en-el-caso-de-violencia-sexual-a-la-periodista-jineth-bedoya\/"]}]},{"@type":"ImageObject","inLanguage":"es","@id":"https:\/\/pagina10.com\/web\/el-estado-colombiano-se-retiro-de-la-audiencia-publica-ante-la-corte-idh-donde-se-buscaba-determinar-su-responsabilidad-en-el-caso-de-violencia-sexual-a-la-periodista-jineth-bedoya\/#primaryimage","url":"https:\/\/pagina10.com\/web\/wp-content\/uploads\/2021\/03\/604f68e2d406c.jpeg","contentUrl":"https:\/\/pagina10.com\/web\/wp-content\/uploads\/2021\/03\/604f68e2d406c.jpeg","width":950,"height":534},{"@type":"BreadcrumbList","@id":"https:\/\/pagina10.com\/web\/el-estado-colombiano-se-retiro-de-la-audiencia-publica-ante-la-corte-idh-donde-se-buscaba-determinar-su-responsabilidad-en-el-caso-de-violencia-sexual-a-la-periodista-jineth-bedoya\/#breadcrumb","itemListElement":[{"@type":"ListItem","position":1,"name":"Portada","item":"https:\/\/pagina10.com\/web\/"},{"@type":"ListItem","position":2,"name":"El Estado colombiano se retir\u00f3 de la audiencia p\u00fablica ante la Corte IDH donde se buscaba determinar su responsabilidad en el caso de violencia sexual a la periodista Jineth Bedoya."}]},{"@type":"WebSite","@id":"https:\/\/pagina10.com\/web\/#website","url":"https:\/\/pagina10.com\/web\/","name":"P\u00e1gina10","description":"Peri\u00f3dico Regional","publisher":{"@id":"https:\/\/pagina10.com\/web\/#organization"},"alternateName":"P\u00e1gina10 Peri\u00f3dico Regional","potentialAction":[{"@type":"SearchAction","target":{"@type":"EntryPoint","urlTemplate":"https:\/\/pagina10.com\/web\/?s={search_term_string}"},"query-input":{"@type":"PropertyValueSpecification","valueRequired":true,"valueName":"search_term_string"}}],"inLanguage":"es"},{"@type":"Organization","@id":"https:\/\/pagina10.com\/web\/#organization","name":"P\u00e1gina10","alternateName":"P\u00e1gina10 Peri\u00f3dico Regional","url":"https:\/\/pagina10.com\/web\/","logo":{"@type":"ImageObject","inLanguage":"es","@id":"https:\/\/pagina10.com\/web\/#\/schema\/logo\/image\/","url":"https:\/\/pagina10.com\/web\/wp-content\/uploads\/2024\/01\/40-pagina-10-periodico-regional-pasto.jpg","contentUrl":"https:\/\/pagina10.com\/web\/wp-content\/uploads\/2024\/01\/40-pagina-10-periodico-regional-pasto.jpg","width":1280,"height":720,"caption":"P\u00e1gina10"},"image":{"@id":"https:\/\/pagina10.com\/web\/#\/schema\/logo\/image\/"},"sameAs":["https:\/\/www.facebook.com\/pag10com","https:\/\/x.com\/Pag10com","https:\/\/www.instagram.com\/pagina10col\/","https:\/\/youtube.com\/channel\/pag10","https:\/\/www.tiktok.com\/@p10col"]},{"@type":"Person","@id":"https:\/\/pagina10.com\/web\/#\/schema\/person\/2efc4a090d25b667d3bc796798a3a81b","name":"P\u00e1gina 10","description":"P\u00e1gina 10 es un peri\u00f3dico regional que nace en Colombia, en el departamento de Nari\u00f1o, con un enfoque global, fundamentado en cuatro pilares esenciales: la libertad, el pluralismo, la inclusi\u00f3n y la independencia. P\u00e1gina 10 hace referencia a Nari\u00f1o como el d\u00e9cimo departamento creado en Colombia, despu\u00e9s de un proceso pol\u00edtico liderado por actores y actrices regionales con el fin de obtener la independencia y autonom\u00eda de nuestros territorios. Con la creaci\u00f3n de P\u00e1gina 10 se pretende abrir un escenario para el dialogo, la reflexi\u00f3n y el debate que se extienda a otras geograf\u00edas de Am\u00e9rica Latina y del planeta, en una apuesta por transformar colectivamente los desaf\u00edos de un mundo contempor\u00e1neo, m\u00e1s all\u00e1 de las fronteras impuestas.","url":"https:\/\/pagina10.com\/web\/author\/pdiezadmin\/"}]}},"_links":{"self":[{"href":"https:\/\/pagina10.com\/web\/wp-json\/wp\/v2\/posts\/51169","targetHints":{"allow":["GET"]}}],"collection":[{"href":"https:\/\/pagina10.com\/web\/wp-json\/wp\/v2\/posts"}],"about":[{"href":"https:\/\/pagina10.com\/web\/wp-json\/wp\/v2\/types\/post"}],"author":[{"embeddable":true,"href":"https:\/\/pagina10.com\/web\/wp-json\/wp\/v2\/users\/1"}],"replies":[{"embeddable":true,"href":"https:\/\/pagina10.com\/web\/wp-json\/wp\/v2\/comments?post=51169"}],"version-history":[{"count":1,"href":"https:\/\/pagina10.com\/web\/wp-json\/wp\/v2\/posts\/51169\/revisions"}],"predecessor-version":[{"id":51172,"href":"https:\/\/pagina10.com\/web\/wp-json\/wp\/v2\/posts\/51169\/revisions\/51172"}],"wp:featuredmedia":[{"embeddable":true,"href":"https:\/\/pagina10.com\/web\/wp-json\/wp\/v2\/media\/51171"}],"wp:attachment":[{"href":"https:\/\/pagina10.com\/web\/wp-json\/wp\/v2\/media?parent=51169"}],"wp:term":[{"taxonomy":"category","embeddable":true,"href":"https:\/\/pagina10.com\/web\/wp-json\/wp\/v2\/categories?post=51169"},{"taxonomy":"post_tag","embeddable":true,"href":"https:\/\/pagina10.com\/web\/wp-json\/wp\/v2\/tags?post=51169"}],"curies":[{"name":"wp","href":"https:\/\/api.w.org\/{rel}","templated":true}]}}