{"id":51175,"date":"2021-03-16T08:25:10","date_gmt":"2021-03-16T13:25:10","guid":{"rendered":"https:\/\/pagina10.com\/web\/?p=51175"},"modified":"2021-03-16T08:25:10","modified_gmt":"2021-03-16T13:25:10","slug":"comunidades-narinenses-se-beneficiaran-con-energias-renovables-y-glp","status":"publish","type":"post","link":"https:\/\/pagina10.com\/web\/comunidades-narinenses-se-beneficiaran-con-energias-renovables-y-glp\/","title":{"rendered":"Comunidades nari\u00f1enses se beneficiar\u00e1n con energ\u00edas renovables y GLP."},"content":{"rendered":"<p style=\"text-align: justify;\">El Gobernador, Jhon Rojas, recibi\u00f3 en Nari\u00f1o al Ministro de Minas y Energ\u00eda, Diego Mesa y juntos entregaron proyectos que brindar\u00e1n a las comunidades nari\u00f1enses energ\u00edas renovables y GLP, con el objetivo de minimizar las brechas en la oferta de servicios domiciliarios en Nari\u00f1o.<\/p>\n<p>Durante la visita se inaugur\u00f3 proyectos de energ\u00eda solar que benefician a 1.166 familias de 6 veredas de Tumaco, quienes, por primera vez, cuentan con energ\u00eda el\u00e9ctrica las 24 horas del d\u00eda. Adem\u00e1s, junto a la empresa Montagas S.A socializaron ante alcaldes de la regi\u00f3n un proyecto de gasificaci\u00f3n con GLP y otro de ampliaci\u00f3n de cobertura de gas GLP para 21 municipios de Nari\u00f1o.<\/p>\n<p style=\"text-align: justify;\">\u201cNari\u00f1o est\u00e1 en el centro de las pol\u00edticas bandera del Gobierno Nacional y el Ministerio de Minas y Energ\u00eda con las energ\u00edas renovables, la movilidad sostenible y el cierre de brechas. Este departamento ha sido el de mayor n\u00famero de beneficiarios con la conexi\u00f3n de nuevos usuarios al servicio de energ\u00eda el\u00e9ctrica durante este Gobierno, mejorando la vida de los nari\u00f1enses y aportando al desarrollo social y econ\u00f3mico\u201d, asegur\u00f3 el Ministro de Minas y Energ\u00eda, Diego Mesa.<\/p>\n<div>\n<div style=\"text-align: justify;\">\u201cIremos transformando nuestra regi\u00f3n, en especial nuestra costa pac\u00edfica, con energ\u00eda alternativa para mejorar las condiciones de vida de nuestra poblaci\u00f3n. Les agradecemos el apoyo que nos brindaron para la gesti\u00f3n que realizamos desde la Gobernaci\u00f3n para la aprobaci\u00f3n de un proyecto a finales del a\u00f1o 2020, de masificaci\u00f3n de gas por un valor de $40.000 millones que beneficiar\u00e1 a m\u00e1s de 18.000 familias en 18 municipios de Nari\u00f1o\u201d, indic\u00f3 el Gobernador de Nari\u00f1o, Jhon Rojas.<\/div>\n<div style=\"text-align: justify;\">\nLos municipios beneficiados con estos proyectos son:<\/p>\n<p>\u2022 Proyecto de gasificaci\u00f3n con GLP por redes que beneficiar\u00e1 a 5.464 familias de los municipios de Chachag\u00fc\u00ed, San Lorenzo y Samaniego.<br \/>\n\u2022 Proyecto de subsidio para ampliar cobertura de gas GLP por redes que beneficia a 18.073 familias, con inversiones por m\u00e1s de 43 mil millones de pesos en los municipios de: Alb\u00e1n, Ancuya, Bel\u00e9n, Buesaco, Cumbitara, El Rosario, El Tabl\u00f3n de G\u00f3mez, Funes, Imu\u00e9s, La Cruz, Linares, Los Andes Sotomayor, Providencia, San Bernardo, Sandon\u00e1, Santa Cruz, Tangua y Yacuanquer.<\/p><\/div>\n<\/div>\n","protected":false},"excerpt":{"rendered":"<p>El Gobernador, Jhon Rojas, recibi\u00f3 en Nari\u00f1o al Ministro de Minas y Energ\u00eda, Diego Mesa y juntos entregaron proyectos que brindar\u00e1n a las comunidades nari\u00f1enses energ\u00edas renovables y GLP, con el objetivo de minimizar las brechas en la oferta de servicios domiciliarios en Nari\u00f1o. Durante la visita se inaugur\u00f3 proyectos de energ\u00eda solar que benefician [&hellip;]<\/p>\n","protected":false},"author":1,"featured_media":51176,"comment_status":"open","ping_status":"open","sticky":false,"template":"","format":"standard","meta":{"footnotes":""},"categories":[53],"tags":[],"class_list":["post-51175","post","type-post","status-publish","format-standard","has-post-thumbnail","hentry","category-regiones"],"yoast_head":"<!-- This site is optimized with the Yoast SEO plugin v27.1.1 - https:\/\/yoast.com\/product\/yoast-seo-wordpress\/ -->\n<title>Comunidades nari\u00f1enses se beneficiar\u00e1n con energ\u00edas renovables y GLP. | P\u00e1gina10<\/title>\n<meta name=\"robots\" content=\"index, follow, max-snippet:-1, max-image-preview:large, max-video-preview:-1\" \/>\n<link rel=\"canonical\" href=\"https:\/\/pagina10.com\/web\/comunidades-narinenses-se-beneficiaran-con-energias-renovables-y-glp\/\" \/>\n<meta property=\"og:locale\" content=\"es_ES\" \/>\n<meta property=\"og:type\" content=\"article\" \/>\n<meta property=\"og:title\" content=\"Comunidades nari\u00f1enses se beneficiar\u00e1n con energ\u00edas renovables y GLP. | P\u00e1gina10\" \/>\n<meta property=\"og:description\" content=\"El Gobernador, Jhon Rojas, recibi\u00f3 en Nari\u00f1o al Ministro de Minas y Energ\u00eda, Diego Mesa y juntos entregaron proyectos que brindar\u00e1n a las comunidades nari\u00f1enses energ\u00edas renovables y GLP, con el objetivo de minimizar las brechas en la oferta de servicios domiciliarios en Nari\u00f1o. Durante la visita se inaugur\u00f3 proyectos de energ\u00eda solar que benefician [&hellip;]\" \/>\n<meta property=\"og:url\" content=\"https:\/\/pagina10.com\/web\/comunidades-narinenses-se-beneficiaran-con-energias-renovables-y-glp\/\" \/>\n<meta property=\"og:site_name\" content=\"P\u00e1gina10\" \/>\n<meta property=\"article:publisher\" content=\"https:\/\/www.facebook.com\/pag10com\" \/>\n<meta property=\"article:published_time\" content=\"2021-03-16T13:25:10+00:00\" \/>\n<meta property=\"og:image\" content=\"https:\/\/pagina10.com\/web\/wp-content\/uploads\/2021\/03\/Captura-de-pantalla-98.png\" \/>\n\t<meta property=\"og:image:width\" content=\"520\" \/>\n\t<meta property=\"og:image:height\" content=\"346\" \/>\n\t<meta property=\"og:image:type\" content=\"image\/png\" \/>\n<meta name=\"author\" content=\"P\u00e1gina 10\" \/>\n<meta name=\"twitter:card\" content=\"summary_large_image\" \/>\n<meta name=\"twitter:creator\" content=\"@Pag10com\" \/>\n<meta name=\"twitter:site\" content=\"@Pag10com\" \/>\n<meta name=\"twitter:label1\" content=\"Escrito por\" \/>\n\t<meta name=\"twitter:data1\" content=\"P\u00e1gina 10\" \/>\n\t<meta name=\"twitter:label2\" content=\"Tiempo de lectura\" \/>\n\t<meta name=\"twitter:data2\" content=\"2 minutos\" \/>\n<script type=\"application\/ld+json\" class=\"yoast-schema-graph\">{\"@context\":\"https:\/\/schema.org\",\"@graph\":[{\"@type\":\"Article\",\"@id\":\"https:\/\/pagina10.com\/web\/comunidades-narinenses-se-beneficiaran-con-energias-renovables-y-glp\/#article\",\"isPartOf\":{\"@id\":\"https:\/\/pagina10.com\/web\/comunidades-narinenses-se-beneficiaran-con-energias-renovables-y-glp\/\"},\"author\":{\"name\":\"P\u00e1gina 10\",\"@id\":\"https:\/\/pagina10.com\/web\/#\/schema\/person\/2efc4a090d25b667d3bc796798a3a81b\"},\"headline\":\"Comunidades nari\u00f1enses se beneficiar\u00e1n con energ\u00edas renovables y GLP.\",\"datePublished\":\"2021-03-16T13:25:10+00:00\",\"mainEntityOfPage\":{\"@id\":\"https:\/\/pagina10.com\/web\/comunidades-narinenses-se-beneficiaran-con-energias-renovables-y-glp\/\"},\"wordCount\":395,\"commentCount\":0,\"publisher\":{\"@id\":\"https:\/\/pagina10.com\/web\/#organization\"},\"image\":{\"@id\":\"https:\/\/pagina10.com\/web\/comunidades-narinenses-se-beneficiaran-con-energias-renovables-y-glp\/#primaryimage\"},\"thumbnailUrl\":\"https:\/\/pagina10.com\/web\/wp-content\/uploads\/2021\/03\/Captura-de-pantalla-98.png\",\"articleSection\":[\"Regiones\"],\"inLanguage\":\"es\",\"potentialAction\":[{\"@type\":\"CommentAction\",\"name\":\"Comment\",\"target\":[\"https:\/\/pagina10.com\/web\/comunidades-narinenses-se-beneficiaran-con-energias-renovables-y-glp\/#respond\"]}]},{\"@type\":\"WebPage\",\"@id\":\"https:\/\/pagina10.com\/web\/comunidades-narinenses-se-beneficiaran-con-energias-renovables-y-glp\/\",\"url\":\"https:\/\/pagina10.com\/web\/comunidades-narinenses-se-beneficiaran-con-energias-renovables-y-glp\/\",\"name\":\"Comunidades nari\u00f1enses se beneficiar\u00e1n con energ\u00edas renovables y GLP. | P\u00e1gina10\",\"isPartOf\":{\"@id\":\"https:\/\/pagina10.com\/web\/#website\"},\"primaryImageOfPage\":{\"@id\":\"https:\/\/pagina10.com\/web\/comunidades-narinenses-se-beneficiaran-con-energias-renovables-y-glp\/#primaryimage\"},\"image\":{\"@id\":\"https:\/\/pagina10.com\/web\/comunidades-narinenses-se-beneficiaran-con-energias-renovables-y-glp\/#primaryimage\"},\"thumbnailUrl\":\"https:\/\/pagina10.com\/web\/wp-content\/uploads\/2021\/03\/Captura-de-pantalla-98.png\",\"datePublished\":\"2021-03-16T13:25:10+00:00\",\"breadcrumb\":{\"@id\":\"https:\/\/pagina10.com\/web\/comunidades-narinenses-se-beneficiaran-con-energias-renovables-y-glp\/#breadcrumb\"},\"inLanguage\":\"es\",\"potentialAction\":[{\"@type\":\"ReadAction\",\"target\":[\"https:\/\/pagina10.com\/web\/comunidades-narinenses-se-beneficiaran-con-energias-renovables-y-glp\/\"]}]},{\"@type\":\"ImageObject\",\"inLanguage\":\"es\",\"@id\":\"https:\/\/pagina10.com\/web\/comunidades-narinenses-se-beneficiaran-con-energias-renovables-y-glp\/#primaryimage\",\"url\":\"https:\/\/pagina10.com\/web\/wp-content\/uploads\/2021\/03\/Captura-de-pantalla-98.png\",\"contentUrl\":\"https:\/\/pagina10.com\/web\/wp-content\/uploads\/2021\/03\/Captura-de-pantalla-98.png\",\"width\":520,\"height\":346},{\"@type\":\"BreadcrumbList\",\"@id\":\"https:\/\/pagina10.com\/web\/comunidades-narinenses-se-beneficiaran-con-energias-renovables-y-glp\/#breadcrumb\",\"itemListElement\":[{\"@type\":\"ListItem\",\"position\":1,\"name\":\"Portada\",\"item\":\"https:\/\/pagina10.com\/web\/\"},{\"@type\":\"ListItem\",\"position\":2,\"name\":\"Comunidades nari\u00f1enses se beneficiar\u00e1n con energ\u00edas renovables y GLP.\"}]},{\"@type\":\"WebSite\",\"@id\":\"https:\/\/pagina10.com\/web\/#website\",\"url\":\"https:\/\/pagina10.com\/web\/\",\"name\":\"P\u00e1gina10\",\"description\":\"Peri\u00f3dico Regional\",\"publisher\":{\"@id\":\"https:\/\/pagina10.com\/web\/#organization\"},\"alternateName\":\"P\u00e1gina10 Peri\u00f3dico Regional\",\"potentialAction\":[{\"@type\":\"SearchAction\",\"target\":{\"@type\":\"EntryPoint\",\"urlTemplate\":\"https:\/\/pagina10.com\/web\/?s={search_term_string}\"},\"query-input\":{\"@type\":\"PropertyValueSpecification\",\"valueRequired\":true,\"valueName\":\"search_term_string\"}}],\"inLanguage\":\"es\"},{\"@type\":\"Organization\",\"@id\":\"https:\/\/pagina10.com\/web\/#organization\",\"name\":\"P\u00e1gina10\",\"alternateName\":\"P\u00e1gina10 Peri\u00f3dico Regional\",\"url\":\"https:\/\/pagina10.com\/web\/\",\"logo\":{\"@type\":\"ImageObject\",\"inLanguage\":\"es\",\"@id\":\"https:\/\/pagina10.com\/web\/#\/schema\/logo\/image\/\",\"url\":\"https:\/\/pagina10.com\/web\/wp-content\/uploads\/2024\/01\/40-pagina-10-periodico-regional-pasto.jpg\",\"contentUrl\":\"https:\/\/pagina10.com\/web\/wp-content\/uploads\/2024\/01\/40-pagina-10-periodico-regional-pasto.jpg\",\"width\":1280,\"height\":720,\"caption\":\"P\u00e1gina10\"},\"image\":{\"@id\":\"https:\/\/pagina10.com\/web\/#\/schema\/logo\/image\/\"},\"sameAs\":[\"https:\/\/www.facebook.com\/pag10com\",\"https:\/\/x.com\/Pag10com\",\"https:\/\/www.instagram.com\/pagina10col\/\",\"https:\/\/youtube.com\/channel\/pag10\",\"https:\/\/www.tiktok.com\/@p10col\"]},{\"@type\":\"Person\",\"@id\":\"https:\/\/pagina10.com\/web\/#\/schema\/person\/2efc4a090d25b667d3bc796798a3a81b\",\"name\":\"P\u00e1gina 10\",\"description\":\"P\u00e1gina 10 es un peri\u00f3dico regional que nace en Colombia, en el departamento de Nari\u00f1o, con un enfoque global, fundamentado en cuatro pilares esenciales: la libertad, el pluralismo, la inclusi\u00f3n y la independencia. P\u00e1gina 10 hace referencia a Nari\u00f1o como el d\u00e9cimo departamento creado en Colombia, despu\u00e9s de un proceso pol\u00edtico liderado por actores y actrices regionales con el fin de obtener la independencia y autonom\u00eda de nuestros territorios. Con la creaci\u00f3n de P\u00e1gina 10 se pretende abrir un escenario para el dialogo, la reflexi\u00f3n y el debate que se extienda a otras geograf\u00edas de Am\u00e9rica Latina y del planeta, en una apuesta por transformar colectivamente los desaf\u00edos de un mundo contempor\u00e1neo, m\u00e1s all\u00e1 de las fronteras impuestas.\",\"url\":\"https:\/\/pagina10.com\/web\/author\/pdiezadmin\/\"}]}<\/script>\n<!-- \/ Yoast SEO plugin. -->","yoast_head_json":{"title":"Comunidades nari\u00f1enses se beneficiar\u00e1n con energ\u00edas renovables y GLP. | P\u00e1gina10","robots":{"index":"index","follow":"follow","max-snippet":"max-snippet:-1","max-image-preview":"max-image-preview:large","max-video-preview":"max-video-preview:-1"},"canonical":"https:\/\/pagina10.com\/web\/comunidades-narinenses-se-beneficiaran-con-energias-renovables-y-glp\/","og_locale":"es_ES","og_type":"article","og_title":"Comunidades nari\u00f1enses se beneficiar\u00e1n con energ\u00edas renovables y GLP. | P\u00e1gina10","og_description":"El Gobernador, Jhon Rojas, recibi\u00f3 en Nari\u00f1o al Ministro de Minas y Energ\u00eda, Diego Mesa y juntos entregaron proyectos que brindar\u00e1n a las comunidades nari\u00f1enses energ\u00edas renovables y GLP, con el objetivo de minimizar las brechas en la oferta de servicios domiciliarios en Nari\u00f1o. Durante la visita se inaugur\u00f3 proyectos de energ\u00eda solar que benefician [&hellip;]","og_url":"https:\/\/pagina10.com\/web\/comunidades-narinenses-se-beneficiaran-con-energias-renovables-y-glp\/","og_site_name":"P\u00e1gina10","article_publisher":"https:\/\/www.facebook.com\/pag10com","article_published_time":"2021-03-16T13:25:10+00:00","og_image":[{"width":520,"height":346,"url":"https:\/\/pagina10.com\/web\/wp-content\/uploads\/2021\/03\/Captura-de-pantalla-98.png","type":"image\/png"}],"author":"P\u00e1gina 10","twitter_card":"summary_large_image","twitter_creator":"@Pag10com","twitter_site":"@Pag10com","twitter_misc":{"Escrito por":"P\u00e1gina 10","Tiempo de lectura":"2 minutos"},"schema":{"@context":"https:\/\/schema.org","@graph":[{"@type":"Article","@id":"https:\/\/pagina10.com\/web\/comunidades-narinenses-se-beneficiaran-con-energias-renovables-y-glp\/#article","isPartOf":{"@id":"https:\/\/pagina10.com\/web\/comunidades-narinenses-se-beneficiaran-con-energias-renovables-y-glp\/"},"author":{"name":"P\u00e1gina 10","@id":"https:\/\/pagina10.com\/web\/#\/schema\/person\/2efc4a090d25b667d3bc796798a3a81b"},"headline":"Comunidades nari\u00f1enses se beneficiar\u00e1n con energ\u00edas renovables y GLP.","datePublished":"2021-03-16T13:25:10+00:00","mainEntityOfPage":{"@id":"https:\/\/pagina10.com\/web\/comunidades-narinenses-se-beneficiaran-con-energias-renovables-y-glp\/"},"wordCount":395,"commentCount":0,"publisher":{"@id":"https:\/\/pagina10.com\/web\/#organization"},"image":{"@id":"https:\/\/pagina10.com\/web\/comunidades-narinenses-se-beneficiaran-con-energias-renovables-y-glp\/#primaryimage"},"thumbnailUrl":"https:\/\/pagina10.com\/web\/wp-content\/uploads\/2021\/03\/Captura-de-pantalla-98.png","articleSection":["Regiones"],"inLanguage":"es","potentialAction":[{"@type":"CommentAction","name":"Comment","target":["https:\/\/pagina10.com\/web\/comunidades-narinenses-se-beneficiaran-con-energias-renovables-y-glp\/#respond"]}]},{"@type":"WebPage","@id":"https:\/\/pagina10.com\/web\/comunidades-narinenses-se-beneficiaran-con-energias-renovables-y-glp\/","url":"https:\/\/pagina10.com\/web\/comunidades-narinenses-se-beneficiaran-con-energias-renovables-y-glp\/","name":"Comunidades nari\u00f1enses se beneficiar\u00e1n con energ\u00edas renovables y GLP. | P\u00e1gina10","isPartOf":{"@id":"https:\/\/pagina10.com\/web\/#website"},"primaryImageOfPage":{"@id":"https:\/\/pagina10.com\/web\/comunidades-narinenses-se-beneficiaran-con-energias-renovables-y-glp\/#primaryimage"},"image":{"@id":"https:\/\/pagina10.com\/web\/comunidades-narinenses-se-beneficiaran-con-energias-renovables-y-glp\/#primaryimage"},"thumbnailUrl":"https:\/\/pagina10.com\/web\/wp-content\/uploads\/2021\/03\/Captura-de-pantalla-98.png","datePublished":"2021-03-16T13:25:10+00:00","breadcrumb":{"@id":"https:\/\/pagina10.com\/web\/comunidades-narinenses-se-beneficiaran-con-energias-renovables-y-glp\/#breadcrumb"},"inLanguage":"es","potentialAction":[{"@type":"ReadAction","target":["https:\/\/pagina10.com\/web\/comunidades-narinenses-se-beneficiaran-con-energias-renovables-y-glp\/"]}]},{"@type":"ImageObject","inLanguage":"es","@id":"https:\/\/pagina10.com\/web\/comunidades-narinenses-se-beneficiaran-con-energias-renovables-y-glp\/#primaryimage","url":"https:\/\/pagina10.com\/web\/wp-content\/uploads\/2021\/03\/Captura-de-pantalla-98.png","contentUrl":"https:\/\/pagina10.com\/web\/wp-content\/uploads\/2021\/03\/Captura-de-pantalla-98.png","width":520,"height":346},{"@type":"BreadcrumbList","@id":"https:\/\/pagina10.com\/web\/comunidades-narinenses-se-beneficiaran-con-energias-renovables-y-glp\/#breadcrumb","itemListElement":[{"@type":"ListItem","position":1,"name":"Portada","item":"https:\/\/pagina10.com\/web\/"},{"@type":"ListItem","position":2,"name":"Comunidades nari\u00f1enses se beneficiar\u00e1n con energ\u00edas renovables y GLP."}]},{"@type":"WebSite","@id":"https:\/\/pagina10.com\/web\/#website","url":"https:\/\/pagina10.com\/web\/","name":"P\u00e1gina10","description":"Peri\u00f3dico Regional","publisher":{"@id":"https:\/\/pagina10.com\/web\/#organization"},"alternateName":"P\u00e1gina10 Peri\u00f3dico Regional","potentialAction":[{"@type":"SearchAction","target":{"@type":"EntryPoint","urlTemplate":"https:\/\/pagina10.com\/web\/?s={search_term_string}"},"query-input":{"@type":"PropertyValueSpecification","valueRequired":true,"valueName":"search_term_string"}}],"inLanguage":"es"},{"@type":"Organization","@id":"https:\/\/pagina10.com\/web\/#organization","name":"P\u00e1gina10","alternateName":"P\u00e1gina10 Peri\u00f3dico Regional","url":"https:\/\/pagina10.com\/web\/","logo":{"@type":"ImageObject","inLanguage":"es","@id":"https:\/\/pagina10.com\/web\/#\/schema\/logo\/image\/","url":"https:\/\/pagina10.com\/web\/wp-content\/uploads\/2024\/01\/40-pagina-10-periodico-regional-pasto.jpg","contentUrl":"https:\/\/pagina10.com\/web\/wp-content\/uploads\/2024\/01\/40-pagina-10-periodico-regional-pasto.jpg","width":1280,"height":720,"caption":"P\u00e1gina10"},"image":{"@id":"https:\/\/pagina10.com\/web\/#\/schema\/logo\/image\/"},"sameAs":["https:\/\/www.facebook.com\/pag10com","https:\/\/x.com\/Pag10com","https:\/\/www.instagram.com\/pagina10col\/","https:\/\/youtube.com\/channel\/pag10","https:\/\/www.tiktok.com\/@p10col"]},{"@type":"Person","@id":"https:\/\/pagina10.com\/web\/#\/schema\/person\/2efc4a090d25b667d3bc796798a3a81b","name":"P\u00e1gina 10","description":"P\u00e1gina 10 es un peri\u00f3dico regional que nace en Colombia, en el departamento de Nari\u00f1o, con un enfoque global, fundamentado en cuatro pilares esenciales: la libertad, el pluralismo, la inclusi\u00f3n y la independencia. P\u00e1gina 10 hace referencia a Nari\u00f1o como el d\u00e9cimo departamento creado en Colombia, despu\u00e9s de un proceso pol\u00edtico liderado por actores y actrices regionales con el fin de obtener la independencia y autonom\u00eda de nuestros territorios. Con la creaci\u00f3n de P\u00e1gina 10 se pretende abrir un escenario para el dialogo, la reflexi\u00f3n y el debate que se extienda a otras geograf\u00edas de Am\u00e9rica Latina y del planeta, en una apuesta por transformar colectivamente los desaf\u00edos de un mundo contempor\u00e1neo, m\u00e1s all\u00e1 de las fronteras impuestas.","url":"https:\/\/pagina10.com\/web\/author\/pdiezadmin\/"}]}},"_links":{"self":[{"href":"https:\/\/pagina10.com\/web\/wp-json\/wp\/v2\/posts\/51175","targetHints":{"allow":["GET"]}}],"collection":[{"href":"https:\/\/pagina10.com\/web\/wp-json\/wp\/v2\/posts"}],"about":[{"href":"https:\/\/pagina10.com\/web\/wp-json\/wp\/v2\/types\/post"}],"author":[{"embeddable":true,"href":"https:\/\/pagina10.com\/web\/wp-json\/wp\/v2\/users\/1"}],"replies":[{"embeddable":true,"href":"https:\/\/pagina10.com\/web\/wp-json\/wp\/v2\/comments?post=51175"}],"version-history":[{"count":1,"href":"https:\/\/pagina10.com\/web\/wp-json\/wp\/v2\/posts\/51175\/revisions"}],"predecessor-version":[{"id":51177,"href":"https:\/\/pagina10.com\/web\/wp-json\/wp\/v2\/posts\/51175\/revisions\/51177"}],"wp:featuredmedia":[{"embeddable":true,"href":"https:\/\/pagina10.com\/web\/wp-json\/wp\/v2\/media\/51176"}],"wp:attachment":[{"href":"https:\/\/pagina10.com\/web\/wp-json\/wp\/v2\/media?parent=51175"}],"wp:term":[{"taxonomy":"category","embeddable":true,"href":"https:\/\/pagina10.com\/web\/wp-json\/wp\/v2\/categories?post=51175"},{"taxonomy":"post_tag","embeddable":true,"href":"https:\/\/pagina10.com\/web\/wp-json\/wp\/v2\/tags?post=51175"}],"curies":[{"name":"wp","href":"https:\/\/api.w.org\/{rel}","templated":true}]}}