{"id":51186,"date":"2021-03-16T12:33:28","date_gmt":"2021-03-16T17:33:28","guid":{"rendered":"https:\/\/pagina10.com\/web\/?p=51186"},"modified":"2021-03-16T12:33:28","modified_gmt":"2021-03-16T17:33:28","slug":"gobernacion-decreto-calamidad-publica-con-el-fin-de-atender-emergencia-generada-por-lluvias","status":"publish","type":"post","link":"https:\/\/pagina10.com\/web\/gobernacion-decreto-calamidad-publica-con-el-fin-de-atender-emergencia-generada-por-lluvias\/","title":{"rendered":"Gobernaci\u00f3n decret\u00f3 calamidad p\u00fablica con el fin de atender emergencia generada por lluvias."},"content":{"rendered":"<div class=\"gs\">\n<div class=\"\">\n<div id=\":ql\" class=\"ii gt\">\n<div id=\":qm\" class=\"a3s aiL \">\n<div dir=\"ltr\">\n<div class=\"gmail_quote\">\n<div dir=\"ltr\">\n<div>\n<div>\n<div dir=\"ltr\" data-smartmail=\"gmail_signature\">\n<div dir=\"ltr\">\n<div>\n<div dir=\"ltr\">\n<div style=\"text-align: justify;\">Con el objetivo de atender de forma oportuna la crisis generada en distintos municipios de Nari\u00f1o, a ra\u00edz de las intensas lluvias, el Gobernador de Nari\u00f1o, John Rojas, decret\u00f3 la calamidad p\u00fablica en el Departamento.<\/p>\n<p>El mandatario explic\u00f3 que es muy preocupante la situaci\u00f3n de la regi\u00f3n frente al fen\u00f3meno invernal que apenas comienza y se extender\u00e1 hasta mayo, seg\u00fan informe del Instituto de Hidrolog\u00eda, Meteorolog\u00eda y Estudios Ambientales \u2013 Ideam.<\/p>\n<p>Despu\u00e9s de la sesi\u00f3n extraordinaria del Consejo Departamental de Gesti\u00f3n del Riesgo de Desastres de Nari\u00f1o, el Gobernador declar\u00f3 la Calamidad P\u00fablica, como medida legal urgente contemplada en la Ley 1523 del 2012, que permite \u00a0priorizar recursos para atender de forma r\u00e1pida las afectaciones ocasionadas por lluvias, en especial tomar medidas administrativas encaminadas a salvaguardar la vida de las personas que habitan zonas cr\u00edticas de riesgos por deslizamientos, avenidas torrenciales, desbordamiento de r\u00edos o quebradas, colapso de estructuras y da\u00f1os en la red vial provocados por las precipitaciones.<\/p>\n<div>\nEn los \u00faltimos d\u00edas, 35 municipios de Nari\u00f1o se han visto afectados por la ocurrencia de diferentes emergencias como deslizamientos e inundaciones que han puesto en riesgo la seguridad de las familias sobre todo en el sector rural del Departamento, indic\u00f3 el titular de la Direcci\u00f3n Administrativa de Gesti\u00f3n del Riesgo Jader Gaviria.<\/p>\n<p>Gobernaci\u00f3n pidi\u00f3 a municipios celeridad en aplicaci\u00f3n de vacunas<\/p>\n<p>Durante el espacio tambi\u00e9n se evalu\u00f3 la implementaci\u00f3n del plan espec\u00edfico para enfrentar la emergencia causada por COVID-19 y se socializ\u00f3 por parte del Instituto Departamental de Salud de Nari\u00f1o -IDSN los avances en el Plan Departamental de Vacunaci\u00f3n. &#8220;Se reiter\u00f3 que se deben adoptar\u00e1 medidas de contingencia para cumplir las metas que se han dispuesto en el plan, en esta etapa de vacunaci\u00f3n para los adultos mayores de 80 a\u00f1os. Adem\u00e1s, se estudian medidas para evitar aglomeraciones en Semana Santa e invitamos a la comunidad a mantener todas las medidas de autocuidado&#8221;, Indic\u00f3 el Gerente para la Atenci\u00f3n de la Emergencia ocasionada por el COVID-19, Mario Benavides.<\/p>\n<p>Frente al tema de la inmunizaci\u00f3n contra el COVID-19, el Gobernador de Nari\u00f1o indic\u00f3 que, desde el Gobierno Departamental se cumplir\u00e1n todas las acciones necesarias para que en todos los municipios se cumpla el plan de vacunaci\u00f3n; para ello, hizo un llamado a las alcald\u00edas, Secretar\u00edas de Salud, Empresas Sociales del Estado, EPS, IPS y en general a la red de salud para articular esfuerzos que permitan avanzar en el menor tiempo posible con la aplicaci\u00f3n de las vacunas.<\/p>\n<div>\n\u201cLas vacunas est\u00e1n en nuestro Departamento, es deber de las autoridades, aplicarlas y avanzar de forma eficiente en la vacunaci\u00f3n del personal de salud y de los adultos mayores, en eso nos enfocaremos desde la Gobernaci\u00f3n de Nari\u00f1o\u201d, indic\u00f3 el Mandatario Departamental.<\/div>\n<\/div>\n<\/div>\n<\/div>\n<\/div>\n<\/div>\n<\/div>\n<\/div>\n<\/div>\n<\/div>\n<\/div>\n<\/div>\n<\/div>\n<\/div>\n<\/div>\n<\/div>\n","protected":false},"excerpt":{"rendered":"<p>Con el objetivo de atender de forma oportuna la crisis generada en distintos municipios de Nari\u00f1o, a ra\u00edz de las intensas lluvias, el Gobernador de Nari\u00f1o, John Rojas, decret\u00f3 la calamidad p\u00fablica en el Departamento. El mandatario explic\u00f3 que es muy preocupante la situaci\u00f3n de la regi\u00f3n frente al fen\u00f3meno invernal que apenas comienza y [&hellip;]<\/p>\n","protected":false},"author":1,"featured_media":51187,"comment_status":"open","ping_status":"open","sticky":false,"template":"","format":"standard","meta":{"footnotes":""},"categories":[53],"tags":[],"class_list":["post-51186","post","type-post","status-publish","format-standard","has-post-thumbnail","hentry","category-regiones"],"yoast_head":"<!-- This site is optimized with the Yoast SEO plugin v27.1.1 - https:\/\/yoast.com\/product\/yoast-seo-wordpress\/ -->\n<title>Gobernaci\u00f3n decret\u00f3 calamidad p\u00fablica con el fin de atender emergencia generada por lluvias. | P\u00e1gina10<\/title>\n<meta name=\"robots\" content=\"index, follow, max-snippet:-1, max-image-preview:large, max-video-preview:-1\" \/>\n<link rel=\"canonical\" href=\"https:\/\/pagina10.com\/web\/gobernacion-decreto-calamidad-publica-con-el-fin-de-atender-emergencia-generada-por-lluvias\/\" \/>\n<meta property=\"og:locale\" content=\"es_ES\" \/>\n<meta property=\"og:type\" content=\"article\" \/>\n<meta property=\"og:title\" content=\"Gobernaci\u00f3n decret\u00f3 calamidad p\u00fablica con el fin de atender emergencia generada por lluvias. | P\u00e1gina10\" \/>\n<meta property=\"og:description\" content=\"Con el objetivo de atender de forma oportuna la crisis generada en distintos municipios de Nari\u00f1o, a ra\u00edz de las intensas lluvias, el Gobernador de Nari\u00f1o, John Rojas, decret\u00f3 la calamidad p\u00fablica en el Departamento. El mandatario explic\u00f3 que es muy preocupante la situaci\u00f3n de la regi\u00f3n frente al fen\u00f3meno invernal que apenas comienza y [&hellip;]\" \/>\n<meta property=\"og:url\" content=\"https:\/\/pagina10.com\/web\/gobernacion-decreto-calamidad-publica-con-el-fin-de-atender-emergencia-generada-por-lluvias\/\" \/>\n<meta property=\"og:site_name\" content=\"P\u00e1gina10\" \/>\n<meta property=\"article:publisher\" content=\"https:\/\/www.facebook.com\/pag10com\" \/>\n<meta property=\"article:published_time\" content=\"2021-03-16T17:33:28+00:00\" \/>\n<meta property=\"og:image\" content=\"https:\/\/pagina10.com\/web\/wp-content\/uploads\/2021\/03\/Captura-de-pantalla-100.png\" \/>\n\t<meta property=\"og:image:width\" content=\"566\" \/>\n\t<meta property=\"og:image:height\" content=\"365\" \/>\n\t<meta property=\"og:image:type\" content=\"image\/png\" \/>\n<meta name=\"author\" content=\"P\u00e1gina 10\" \/>\n<meta name=\"twitter:card\" content=\"summary_large_image\" \/>\n<meta name=\"twitter:creator\" content=\"@Pag10com\" \/>\n<meta name=\"twitter:site\" content=\"@Pag10com\" \/>\n<meta name=\"twitter:label1\" content=\"Escrito por\" \/>\n\t<meta name=\"twitter:data1\" content=\"P\u00e1gina 10\" \/>\n\t<meta name=\"twitter:label2\" content=\"Tiempo de lectura\" \/>\n\t<meta name=\"twitter:data2\" content=\"2 minutos\" \/>\n<script type=\"application\/ld+json\" class=\"yoast-schema-graph\">{\"@context\":\"https:\/\/schema.org\",\"@graph\":[{\"@type\":\"Article\",\"@id\":\"https:\/\/pagina10.com\/web\/gobernacion-decreto-calamidad-publica-con-el-fin-de-atender-emergencia-generada-por-lluvias\/#article\",\"isPartOf\":{\"@id\":\"https:\/\/pagina10.com\/web\/gobernacion-decreto-calamidad-publica-con-el-fin-de-atender-emergencia-generada-por-lluvias\/\"},\"author\":{\"name\":\"P\u00e1gina 10\",\"@id\":\"https:\/\/pagina10.com\/web\/#\/schema\/person\/2efc4a090d25b667d3bc796798a3a81b\"},\"headline\":\"Gobernaci\u00f3n decret\u00f3 calamidad p\u00fablica con el fin de atender emergencia generada por lluvias.\",\"datePublished\":\"2021-03-16T17:33:28+00:00\",\"mainEntityOfPage\":{\"@id\":\"https:\/\/pagina10.com\/web\/gobernacion-decreto-calamidad-publica-con-el-fin-de-atender-emergencia-generada-por-lluvias\/\"},\"wordCount\":505,\"commentCount\":0,\"publisher\":{\"@id\":\"https:\/\/pagina10.com\/web\/#organization\"},\"image\":{\"@id\":\"https:\/\/pagina10.com\/web\/gobernacion-decreto-calamidad-publica-con-el-fin-de-atender-emergencia-generada-por-lluvias\/#primaryimage\"},\"thumbnailUrl\":\"https:\/\/pagina10.com\/web\/wp-content\/uploads\/2021\/03\/Captura-de-pantalla-100.png\",\"articleSection\":[\"Regiones\"],\"inLanguage\":\"es\",\"potentialAction\":[{\"@type\":\"CommentAction\",\"name\":\"Comment\",\"target\":[\"https:\/\/pagina10.com\/web\/gobernacion-decreto-calamidad-publica-con-el-fin-de-atender-emergencia-generada-por-lluvias\/#respond\"]}]},{\"@type\":\"WebPage\",\"@id\":\"https:\/\/pagina10.com\/web\/gobernacion-decreto-calamidad-publica-con-el-fin-de-atender-emergencia-generada-por-lluvias\/\",\"url\":\"https:\/\/pagina10.com\/web\/gobernacion-decreto-calamidad-publica-con-el-fin-de-atender-emergencia-generada-por-lluvias\/\",\"name\":\"Gobernaci\u00f3n decret\u00f3 calamidad p\u00fablica con el fin de atender emergencia generada por lluvias. | P\u00e1gina10\",\"isPartOf\":{\"@id\":\"https:\/\/pagina10.com\/web\/#website\"},\"primaryImageOfPage\":{\"@id\":\"https:\/\/pagina10.com\/web\/gobernacion-decreto-calamidad-publica-con-el-fin-de-atender-emergencia-generada-por-lluvias\/#primaryimage\"},\"image\":{\"@id\":\"https:\/\/pagina10.com\/web\/gobernacion-decreto-calamidad-publica-con-el-fin-de-atender-emergencia-generada-por-lluvias\/#primaryimage\"},\"thumbnailUrl\":\"https:\/\/pagina10.com\/web\/wp-content\/uploads\/2021\/03\/Captura-de-pantalla-100.png\",\"datePublished\":\"2021-03-16T17:33:28+00:00\",\"breadcrumb\":{\"@id\":\"https:\/\/pagina10.com\/web\/gobernacion-decreto-calamidad-publica-con-el-fin-de-atender-emergencia-generada-por-lluvias\/#breadcrumb\"},\"inLanguage\":\"es\",\"potentialAction\":[{\"@type\":\"ReadAction\",\"target\":[\"https:\/\/pagina10.com\/web\/gobernacion-decreto-calamidad-publica-con-el-fin-de-atender-emergencia-generada-por-lluvias\/\"]}]},{\"@type\":\"ImageObject\",\"inLanguage\":\"es\",\"@id\":\"https:\/\/pagina10.com\/web\/gobernacion-decreto-calamidad-publica-con-el-fin-de-atender-emergencia-generada-por-lluvias\/#primaryimage\",\"url\":\"https:\/\/pagina10.com\/web\/wp-content\/uploads\/2021\/03\/Captura-de-pantalla-100.png\",\"contentUrl\":\"https:\/\/pagina10.com\/web\/wp-content\/uploads\/2021\/03\/Captura-de-pantalla-100.png\",\"width\":566,\"height\":365},{\"@type\":\"BreadcrumbList\",\"@id\":\"https:\/\/pagina10.com\/web\/gobernacion-decreto-calamidad-publica-con-el-fin-de-atender-emergencia-generada-por-lluvias\/#breadcrumb\",\"itemListElement\":[{\"@type\":\"ListItem\",\"position\":1,\"name\":\"Portada\",\"item\":\"https:\/\/pagina10.com\/web\/\"},{\"@type\":\"ListItem\",\"position\":2,\"name\":\"Gobernaci\u00f3n decret\u00f3 calamidad p\u00fablica con el fin de atender emergencia generada por lluvias.\"}]},{\"@type\":\"WebSite\",\"@id\":\"https:\/\/pagina10.com\/web\/#website\",\"url\":\"https:\/\/pagina10.com\/web\/\",\"name\":\"P\u00e1gina10\",\"description\":\"Peri\u00f3dico Regional\",\"publisher\":{\"@id\":\"https:\/\/pagina10.com\/web\/#organization\"},\"alternateName\":\"P\u00e1gina10 Peri\u00f3dico Regional\",\"potentialAction\":[{\"@type\":\"SearchAction\",\"target\":{\"@type\":\"EntryPoint\",\"urlTemplate\":\"https:\/\/pagina10.com\/web\/?s={search_term_string}\"},\"query-input\":{\"@type\":\"PropertyValueSpecification\",\"valueRequired\":true,\"valueName\":\"search_term_string\"}}],\"inLanguage\":\"es\"},{\"@type\":\"Organization\",\"@id\":\"https:\/\/pagina10.com\/web\/#organization\",\"name\":\"P\u00e1gina10\",\"alternateName\":\"P\u00e1gina10 Peri\u00f3dico Regional\",\"url\":\"https:\/\/pagina10.com\/web\/\",\"logo\":{\"@type\":\"ImageObject\",\"inLanguage\":\"es\",\"@id\":\"https:\/\/pagina10.com\/web\/#\/schema\/logo\/image\/\",\"url\":\"https:\/\/pagina10.com\/web\/wp-content\/uploads\/2024\/01\/40-pagina-10-periodico-regional-pasto.jpg\",\"contentUrl\":\"https:\/\/pagina10.com\/web\/wp-content\/uploads\/2024\/01\/40-pagina-10-periodico-regional-pasto.jpg\",\"width\":1280,\"height\":720,\"caption\":\"P\u00e1gina10\"},\"image\":{\"@id\":\"https:\/\/pagina10.com\/web\/#\/schema\/logo\/image\/\"},\"sameAs\":[\"https:\/\/www.facebook.com\/pag10com\",\"https:\/\/x.com\/Pag10com\",\"https:\/\/www.instagram.com\/pagina10col\/\",\"https:\/\/youtube.com\/channel\/pag10\",\"https:\/\/www.tiktok.com\/@p10col\"]},{\"@type\":\"Person\",\"@id\":\"https:\/\/pagina10.com\/web\/#\/schema\/person\/2efc4a090d25b667d3bc796798a3a81b\",\"name\":\"P\u00e1gina 10\",\"description\":\"P\u00e1gina 10 es un peri\u00f3dico regional que nace en Colombia, en el departamento de Nari\u00f1o, con un enfoque global, fundamentado en cuatro pilares esenciales: la libertad, el pluralismo, la inclusi\u00f3n y la independencia. P\u00e1gina 10 hace referencia a Nari\u00f1o como el d\u00e9cimo departamento creado en Colombia, despu\u00e9s de un proceso pol\u00edtico liderado por actores y actrices regionales con el fin de obtener la independencia y autonom\u00eda de nuestros territorios. Con la creaci\u00f3n de P\u00e1gina 10 se pretende abrir un escenario para el dialogo, la reflexi\u00f3n y el debate que se extienda a otras geograf\u00edas de Am\u00e9rica Latina y del planeta, en una apuesta por transformar colectivamente los desaf\u00edos de un mundo contempor\u00e1neo, m\u00e1s all\u00e1 de las fronteras impuestas.\",\"url\":\"https:\/\/pagina10.com\/web\/author\/pdiezadmin\/\"}]}<\/script>\n<!-- \/ Yoast SEO plugin. -->","yoast_head_json":{"title":"Gobernaci\u00f3n decret\u00f3 calamidad p\u00fablica con el fin de atender emergencia generada por lluvias. | P\u00e1gina10","robots":{"index":"index","follow":"follow","max-snippet":"max-snippet:-1","max-image-preview":"max-image-preview:large","max-video-preview":"max-video-preview:-1"},"canonical":"https:\/\/pagina10.com\/web\/gobernacion-decreto-calamidad-publica-con-el-fin-de-atender-emergencia-generada-por-lluvias\/","og_locale":"es_ES","og_type":"article","og_title":"Gobernaci\u00f3n decret\u00f3 calamidad p\u00fablica con el fin de atender emergencia generada por lluvias. | P\u00e1gina10","og_description":"Con el objetivo de atender de forma oportuna la crisis generada en distintos municipios de Nari\u00f1o, a ra\u00edz de las intensas lluvias, el Gobernador de Nari\u00f1o, John Rojas, decret\u00f3 la calamidad p\u00fablica en el Departamento. El mandatario explic\u00f3 que es muy preocupante la situaci\u00f3n de la regi\u00f3n frente al fen\u00f3meno invernal que apenas comienza y [&hellip;]","og_url":"https:\/\/pagina10.com\/web\/gobernacion-decreto-calamidad-publica-con-el-fin-de-atender-emergencia-generada-por-lluvias\/","og_site_name":"P\u00e1gina10","article_publisher":"https:\/\/www.facebook.com\/pag10com","article_published_time":"2021-03-16T17:33:28+00:00","og_image":[{"width":566,"height":365,"url":"https:\/\/pagina10.com\/web\/wp-content\/uploads\/2021\/03\/Captura-de-pantalla-100.png","type":"image\/png"}],"author":"P\u00e1gina 10","twitter_card":"summary_large_image","twitter_creator":"@Pag10com","twitter_site":"@Pag10com","twitter_misc":{"Escrito por":"P\u00e1gina 10","Tiempo de lectura":"2 minutos"},"schema":{"@context":"https:\/\/schema.org","@graph":[{"@type":"Article","@id":"https:\/\/pagina10.com\/web\/gobernacion-decreto-calamidad-publica-con-el-fin-de-atender-emergencia-generada-por-lluvias\/#article","isPartOf":{"@id":"https:\/\/pagina10.com\/web\/gobernacion-decreto-calamidad-publica-con-el-fin-de-atender-emergencia-generada-por-lluvias\/"},"author":{"name":"P\u00e1gina 10","@id":"https:\/\/pagina10.com\/web\/#\/schema\/person\/2efc4a090d25b667d3bc796798a3a81b"},"headline":"Gobernaci\u00f3n decret\u00f3 calamidad p\u00fablica con el fin de atender emergencia generada por lluvias.","datePublished":"2021-03-16T17:33:28+00:00","mainEntityOfPage":{"@id":"https:\/\/pagina10.com\/web\/gobernacion-decreto-calamidad-publica-con-el-fin-de-atender-emergencia-generada-por-lluvias\/"},"wordCount":505,"commentCount":0,"publisher":{"@id":"https:\/\/pagina10.com\/web\/#organization"},"image":{"@id":"https:\/\/pagina10.com\/web\/gobernacion-decreto-calamidad-publica-con-el-fin-de-atender-emergencia-generada-por-lluvias\/#primaryimage"},"thumbnailUrl":"https:\/\/pagina10.com\/web\/wp-content\/uploads\/2021\/03\/Captura-de-pantalla-100.png","articleSection":["Regiones"],"inLanguage":"es","potentialAction":[{"@type":"CommentAction","name":"Comment","target":["https:\/\/pagina10.com\/web\/gobernacion-decreto-calamidad-publica-con-el-fin-de-atender-emergencia-generada-por-lluvias\/#respond"]}]},{"@type":"WebPage","@id":"https:\/\/pagina10.com\/web\/gobernacion-decreto-calamidad-publica-con-el-fin-de-atender-emergencia-generada-por-lluvias\/","url":"https:\/\/pagina10.com\/web\/gobernacion-decreto-calamidad-publica-con-el-fin-de-atender-emergencia-generada-por-lluvias\/","name":"Gobernaci\u00f3n decret\u00f3 calamidad p\u00fablica con el fin de atender emergencia generada por lluvias. | P\u00e1gina10","isPartOf":{"@id":"https:\/\/pagina10.com\/web\/#website"},"primaryImageOfPage":{"@id":"https:\/\/pagina10.com\/web\/gobernacion-decreto-calamidad-publica-con-el-fin-de-atender-emergencia-generada-por-lluvias\/#primaryimage"},"image":{"@id":"https:\/\/pagina10.com\/web\/gobernacion-decreto-calamidad-publica-con-el-fin-de-atender-emergencia-generada-por-lluvias\/#primaryimage"},"thumbnailUrl":"https:\/\/pagina10.com\/web\/wp-content\/uploads\/2021\/03\/Captura-de-pantalla-100.png","datePublished":"2021-03-16T17:33:28+00:00","breadcrumb":{"@id":"https:\/\/pagina10.com\/web\/gobernacion-decreto-calamidad-publica-con-el-fin-de-atender-emergencia-generada-por-lluvias\/#breadcrumb"},"inLanguage":"es","potentialAction":[{"@type":"ReadAction","target":["https:\/\/pagina10.com\/web\/gobernacion-decreto-calamidad-publica-con-el-fin-de-atender-emergencia-generada-por-lluvias\/"]}]},{"@type":"ImageObject","inLanguage":"es","@id":"https:\/\/pagina10.com\/web\/gobernacion-decreto-calamidad-publica-con-el-fin-de-atender-emergencia-generada-por-lluvias\/#primaryimage","url":"https:\/\/pagina10.com\/web\/wp-content\/uploads\/2021\/03\/Captura-de-pantalla-100.png","contentUrl":"https:\/\/pagina10.com\/web\/wp-content\/uploads\/2021\/03\/Captura-de-pantalla-100.png","width":566,"height":365},{"@type":"BreadcrumbList","@id":"https:\/\/pagina10.com\/web\/gobernacion-decreto-calamidad-publica-con-el-fin-de-atender-emergencia-generada-por-lluvias\/#breadcrumb","itemListElement":[{"@type":"ListItem","position":1,"name":"Portada","item":"https:\/\/pagina10.com\/web\/"},{"@type":"ListItem","position":2,"name":"Gobernaci\u00f3n decret\u00f3 calamidad p\u00fablica con el fin de atender emergencia generada por lluvias."}]},{"@type":"WebSite","@id":"https:\/\/pagina10.com\/web\/#website","url":"https:\/\/pagina10.com\/web\/","name":"P\u00e1gina10","description":"Peri\u00f3dico Regional","publisher":{"@id":"https:\/\/pagina10.com\/web\/#organization"},"alternateName":"P\u00e1gina10 Peri\u00f3dico Regional","potentialAction":[{"@type":"SearchAction","target":{"@type":"EntryPoint","urlTemplate":"https:\/\/pagina10.com\/web\/?s={search_term_string}"},"query-input":{"@type":"PropertyValueSpecification","valueRequired":true,"valueName":"search_term_string"}}],"inLanguage":"es"},{"@type":"Organization","@id":"https:\/\/pagina10.com\/web\/#organization","name":"P\u00e1gina10","alternateName":"P\u00e1gina10 Peri\u00f3dico Regional","url":"https:\/\/pagina10.com\/web\/","logo":{"@type":"ImageObject","inLanguage":"es","@id":"https:\/\/pagina10.com\/web\/#\/schema\/logo\/image\/","url":"https:\/\/pagina10.com\/web\/wp-content\/uploads\/2024\/01\/40-pagina-10-periodico-regional-pasto.jpg","contentUrl":"https:\/\/pagina10.com\/web\/wp-content\/uploads\/2024\/01\/40-pagina-10-periodico-regional-pasto.jpg","width":1280,"height":720,"caption":"P\u00e1gina10"},"image":{"@id":"https:\/\/pagina10.com\/web\/#\/schema\/logo\/image\/"},"sameAs":["https:\/\/www.facebook.com\/pag10com","https:\/\/x.com\/Pag10com","https:\/\/www.instagram.com\/pagina10col\/","https:\/\/youtube.com\/channel\/pag10","https:\/\/www.tiktok.com\/@p10col"]},{"@type":"Person","@id":"https:\/\/pagina10.com\/web\/#\/schema\/person\/2efc4a090d25b667d3bc796798a3a81b","name":"P\u00e1gina 10","description":"P\u00e1gina 10 es un peri\u00f3dico regional que nace en Colombia, en el departamento de Nari\u00f1o, con un enfoque global, fundamentado en cuatro pilares esenciales: la libertad, el pluralismo, la inclusi\u00f3n y la independencia. P\u00e1gina 10 hace referencia a Nari\u00f1o como el d\u00e9cimo departamento creado en Colombia, despu\u00e9s de un proceso pol\u00edtico liderado por actores y actrices regionales con el fin de obtener la independencia y autonom\u00eda de nuestros territorios. Con la creaci\u00f3n de P\u00e1gina 10 se pretende abrir un escenario para el dialogo, la reflexi\u00f3n y el debate que se extienda a otras geograf\u00edas de Am\u00e9rica Latina y del planeta, en una apuesta por transformar colectivamente los desaf\u00edos de un mundo contempor\u00e1neo, m\u00e1s all\u00e1 de las fronteras impuestas.","url":"https:\/\/pagina10.com\/web\/author\/pdiezadmin\/"}]}},"_links":{"self":[{"href":"https:\/\/pagina10.com\/web\/wp-json\/wp\/v2\/posts\/51186","targetHints":{"allow":["GET"]}}],"collection":[{"href":"https:\/\/pagina10.com\/web\/wp-json\/wp\/v2\/posts"}],"about":[{"href":"https:\/\/pagina10.com\/web\/wp-json\/wp\/v2\/types\/post"}],"author":[{"embeddable":true,"href":"https:\/\/pagina10.com\/web\/wp-json\/wp\/v2\/users\/1"}],"replies":[{"embeddable":true,"href":"https:\/\/pagina10.com\/web\/wp-json\/wp\/v2\/comments?post=51186"}],"version-history":[{"count":1,"href":"https:\/\/pagina10.com\/web\/wp-json\/wp\/v2\/posts\/51186\/revisions"}],"predecessor-version":[{"id":51188,"href":"https:\/\/pagina10.com\/web\/wp-json\/wp\/v2\/posts\/51186\/revisions\/51188"}],"wp:featuredmedia":[{"embeddable":true,"href":"https:\/\/pagina10.com\/web\/wp-json\/wp\/v2\/media\/51187"}],"wp:attachment":[{"href":"https:\/\/pagina10.com\/web\/wp-json\/wp\/v2\/media?parent=51186"}],"wp:term":[{"taxonomy":"category","embeddable":true,"href":"https:\/\/pagina10.com\/web\/wp-json\/wp\/v2\/categories?post=51186"},{"taxonomy":"post_tag","embeddable":true,"href":"https:\/\/pagina10.com\/web\/wp-json\/wp\/v2\/tags?post=51186"}],"curies":[{"name":"wp","href":"https:\/\/api.w.org\/{rel}","templated":true}]}}