{"id":51196,"date":"2021-03-16T18:21:37","date_gmt":"2021-03-16T23:21:37","guid":{"rendered":"https:\/\/pagina10.com\/web\/?p=51196"},"modified":"2021-03-16T18:21:37","modified_gmt":"2021-03-16T23:21:37","slug":"en-potosi-gobernacion-de-narino-entrego-maquinas-ordenadoras-y-tres-proyectos-de-placa-huella","status":"publish","type":"post","link":"https:\/\/pagina10.com\/web\/en-potosi-gobernacion-de-narino-entrego-maquinas-ordenadoras-y-tres-proyectos-de-placa-huella\/","title":{"rendered":"En Potos\u00ed ,Gobernaci\u00f3n de Nari\u00f1o entreg\u00f3 m\u00e1quinas orde\u00f1adoras y tres proyectos de placa huella."},"content":{"rendered":"<p style=\"text-align: justify;\">El Gobernador de Nari\u00f1o, Jhon Rojas, entreg\u00f3 en el municipio de Potos\u00ed, Sur de Nari\u00f1o, tres proyectos de placa huella que hacen parte del proceso de fortalecimiento al sector rural, la reactivaci\u00f3n econ\u00f3mica y la competitividad con infraestructura vial.<\/p>\n<div style=\"text-align: justify;\">\nEn la misma jornada, el mandatario seccional junto a la Secretar\u00eda de Agricultura y Desarrollo Rural de Nari\u00f1o, entreg\u00f3 25 m\u00e1quinas orde\u00f1adoras que estar\u00e1n al servicio de asociaciones de peque\u00f1os productores l\u00e1cteos de los municipios de C\u00f3rdoba, Potos\u00ed, Puerres y Funes.<\/div>\n<div>\nEl Mandatario Departamental destac\u00f3 que la infraestructura vial representada en placa huella es muy importante para que los campesinos puedan sacar sus productos y mejorar sus ingresos. Adem\u00e1s, reiter\u00f3 que el objetivo de la Administraci\u00f3n Departamental es el de llevar proyectos que permitan al campo nari\u00f1ense competitividad.<\/p>\n<div style=\"text-align: justify;\">\nLos proyectos de placa huella benefician y mejoran la calidad de vida de m\u00e1s de mil familias en cuatro veredas. El Alcalde de este Municipio, Lucio Chamorro, manifest\u00f3 que la articulaci\u00f3n con la Gobernaci\u00f3n de Nari\u00f1o, ha permitido llevar proyectos de Impacto positivo para la regi\u00f3n.<br \/>\nPor su parte, el Secretario de Infraestructura de Nari\u00f1o, Mario Enr\u00edquez Chenas, explic\u00f3 que en la construcci\u00f3n de las placa huella se invirtieron recursos por el orden los $1.500 millones, obras que benefician a las veredas de: San Luis, Sinai, Cuatro Esquinas y Cuaspud Chita.<\/div>\n<div style=\"text-align: justify;\">\nAs\u00ed mismo, el Secretario de Agricultura y Desarrollo Rural de Nari\u00f1o, Jairo Chamorro, indic\u00f3 que la entrega de las 25 m\u00e1quinas orde\u00f1adoras, destinadas a cinco asociaciones de productores de leche, hace parte del proyecto de fortalecimiento a los productores de leche y de papa, que se desarroll\u00f3 en varios municipios y concluy\u00f3 con esta entrega.<\/div>\n<div style=\"text-align: justify;\">\nEn los \u00faltimos meses se han entregado, carrotanques, tanques de frio, bombas fumigadoras estacionarias y las orde\u00f1adoras a m\u00e1s de 600 familias productoras en los municipios priorizados.<\/div>\n<\/div>\n","protected":false},"excerpt":{"rendered":"<p>El Gobernador de Nari\u00f1o, Jhon Rojas, entreg\u00f3 en el municipio de Potos\u00ed, Sur de Nari\u00f1o, tres proyectos de placa huella que hacen parte del proceso de fortalecimiento al sector rural, la reactivaci\u00f3n econ\u00f3mica y la competitividad con infraestructura vial. En la misma jornada, el mandatario seccional junto a la Secretar\u00eda de Agricultura y Desarrollo Rural [&hellip;]<\/p>\n","protected":false},"author":1,"featured_media":51197,"comment_status":"open","ping_status":"open","sticky":false,"template":"","format":"standard","meta":{"footnotes":""},"categories":[53],"tags":[],"class_list":["post-51196","post","type-post","status-publish","format-standard","has-post-thumbnail","hentry","category-regiones"],"yoast_head":"<!-- This site is optimized with the Yoast SEO plugin v27.1.1 - https:\/\/yoast.com\/product\/yoast-seo-wordpress\/ -->\n<title>En Potos\u00ed ,Gobernaci\u00f3n de Nari\u00f1o entreg\u00f3 m\u00e1quinas orde\u00f1adoras y tres proyectos de placa huella. | P\u00e1gina10<\/title>\n<meta name=\"robots\" content=\"index, follow, max-snippet:-1, max-image-preview:large, max-video-preview:-1\" \/>\n<link rel=\"canonical\" href=\"https:\/\/pagina10.com\/web\/en-potosi-gobernacion-de-narino-entrego-maquinas-ordenadoras-y-tres-proyectos-de-placa-huella\/\" \/>\n<meta property=\"og:locale\" content=\"es_ES\" \/>\n<meta property=\"og:type\" content=\"article\" \/>\n<meta property=\"og:title\" content=\"En Potos\u00ed ,Gobernaci\u00f3n de Nari\u00f1o entreg\u00f3 m\u00e1quinas orde\u00f1adoras y tres proyectos de placa huella. | P\u00e1gina10\" \/>\n<meta property=\"og:description\" content=\"El Gobernador de Nari\u00f1o, Jhon Rojas, entreg\u00f3 en el municipio de Potos\u00ed, Sur de Nari\u00f1o, tres proyectos de placa huella que hacen parte del proceso de fortalecimiento al sector rural, la reactivaci\u00f3n econ\u00f3mica y la competitividad con infraestructura vial. En la misma jornada, el mandatario seccional junto a la Secretar\u00eda de Agricultura y Desarrollo Rural [&hellip;]\" \/>\n<meta property=\"og:url\" content=\"https:\/\/pagina10.com\/web\/en-potosi-gobernacion-de-narino-entrego-maquinas-ordenadoras-y-tres-proyectos-de-placa-huella\/\" \/>\n<meta property=\"og:site_name\" content=\"P\u00e1gina10\" \/>\n<meta property=\"article:publisher\" content=\"https:\/\/www.facebook.com\/pag10com\" \/>\n<meta property=\"article:published_time\" content=\"2021-03-16T23:21:37+00:00\" \/>\n<meta property=\"og:image\" content=\"https:\/\/pagina10.com\/web\/wp-content\/uploads\/2021\/03\/Captura-de-pantalla-104.png\" \/>\n\t<meta property=\"og:image:width\" content=\"637\" \/>\n\t<meta property=\"og:image:height\" content=\"346\" \/>\n\t<meta property=\"og:image:type\" content=\"image\/png\" \/>\n<meta name=\"author\" content=\"P\u00e1gina 10\" \/>\n<meta name=\"twitter:card\" content=\"summary_large_image\" \/>\n<meta name=\"twitter:creator\" content=\"@Pag10com\" \/>\n<meta name=\"twitter:site\" content=\"@Pag10com\" \/>\n<meta name=\"twitter:label1\" content=\"Escrito por\" \/>\n\t<meta name=\"twitter:data1\" content=\"P\u00e1gina 10\" \/>\n\t<meta name=\"twitter:label2\" content=\"Tiempo de lectura\" \/>\n\t<meta name=\"twitter:data2\" content=\"2 minutos\" \/>\n<script type=\"application\/ld+json\" class=\"yoast-schema-graph\">{\"@context\":\"https:\/\/schema.org\",\"@graph\":[{\"@type\":\"Article\",\"@id\":\"https:\/\/pagina10.com\/web\/en-potosi-gobernacion-de-narino-entrego-maquinas-ordenadoras-y-tres-proyectos-de-placa-huella\/#article\",\"isPartOf\":{\"@id\":\"https:\/\/pagina10.com\/web\/en-potosi-gobernacion-de-narino-entrego-maquinas-ordenadoras-y-tres-proyectos-de-placa-huella\/\"},\"author\":{\"name\":\"P\u00e1gina 10\",\"@id\":\"https:\/\/pagina10.com\/web\/#\/schema\/person\/2efc4a090d25b667d3bc796798a3a81b\"},\"headline\":\"En Potos\u00ed ,Gobernaci\u00f3n de Nari\u00f1o entreg\u00f3 m\u00e1quinas orde\u00f1adoras y tres proyectos de placa huella.\",\"datePublished\":\"2021-03-16T23:21:37+00:00\",\"mainEntityOfPage\":{\"@id\":\"https:\/\/pagina10.com\/web\/en-potosi-gobernacion-de-narino-entrego-maquinas-ordenadoras-y-tres-proyectos-de-placa-huella\/\"},\"wordCount\":342,\"commentCount\":0,\"publisher\":{\"@id\":\"https:\/\/pagina10.com\/web\/#organization\"},\"image\":{\"@id\":\"https:\/\/pagina10.com\/web\/en-potosi-gobernacion-de-narino-entrego-maquinas-ordenadoras-y-tres-proyectos-de-placa-huella\/#primaryimage\"},\"thumbnailUrl\":\"https:\/\/pagina10.com\/web\/wp-content\/uploads\/2021\/03\/Captura-de-pantalla-104.png\",\"articleSection\":[\"Regiones\"],\"inLanguage\":\"es\",\"potentialAction\":[{\"@type\":\"CommentAction\",\"name\":\"Comment\",\"target\":[\"https:\/\/pagina10.com\/web\/en-potosi-gobernacion-de-narino-entrego-maquinas-ordenadoras-y-tres-proyectos-de-placa-huella\/#respond\"]}]},{\"@type\":\"WebPage\",\"@id\":\"https:\/\/pagina10.com\/web\/en-potosi-gobernacion-de-narino-entrego-maquinas-ordenadoras-y-tres-proyectos-de-placa-huella\/\",\"url\":\"https:\/\/pagina10.com\/web\/en-potosi-gobernacion-de-narino-entrego-maquinas-ordenadoras-y-tres-proyectos-de-placa-huella\/\",\"name\":\"En Potos\u00ed ,Gobernaci\u00f3n de Nari\u00f1o entreg\u00f3 m\u00e1quinas orde\u00f1adoras y tres proyectos de placa huella. | P\u00e1gina10\",\"isPartOf\":{\"@id\":\"https:\/\/pagina10.com\/web\/#website\"},\"primaryImageOfPage\":{\"@id\":\"https:\/\/pagina10.com\/web\/en-potosi-gobernacion-de-narino-entrego-maquinas-ordenadoras-y-tres-proyectos-de-placa-huella\/#primaryimage\"},\"image\":{\"@id\":\"https:\/\/pagina10.com\/web\/en-potosi-gobernacion-de-narino-entrego-maquinas-ordenadoras-y-tres-proyectos-de-placa-huella\/#primaryimage\"},\"thumbnailUrl\":\"https:\/\/pagina10.com\/web\/wp-content\/uploads\/2021\/03\/Captura-de-pantalla-104.png\",\"datePublished\":\"2021-03-16T23:21:37+00:00\",\"breadcrumb\":{\"@id\":\"https:\/\/pagina10.com\/web\/en-potosi-gobernacion-de-narino-entrego-maquinas-ordenadoras-y-tres-proyectos-de-placa-huella\/#breadcrumb\"},\"inLanguage\":\"es\",\"potentialAction\":[{\"@type\":\"ReadAction\",\"target\":[\"https:\/\/pagina10.com\/web\/en-potosi-gobernacion-de-narino-entrego-maquinas-ordenadoras-y-tres-proyectos-de-placa-huella\/\"]}]},{\"@type\":\"ImageObject\",\"inLanguage\":\"es\",\"@id\":\"https:\/\/pagina10.com\/web\/en-potosi-gobernacion-de-narino-entrego-maquinas-ordenadoras-y-tres-proyectos-de-placa-huella\/#primaryimage\",\"url\":\"https:\/\/pagina10.com\/web\/wp-content\/uploads\/2021\/03\/Captura-de-pantalla-104.png\",\"contentUrl\":\"https:\/\/pagina10.com\/web\/wp-content\/uploads\/2021\/03\/Captura-de-pantalla-104.png\",\"width\":637,\"height\":346},{\"@type\":\"BreadcrumbList\",\"@id\":\"https:\/\/pagina10.com\/web\/en-potosi-gobernacion-de-narino-entrego-maquinas-ordenadoras-y-tres-proyectos-de-placa-huella\/#breadcrumb\",\"itemListElement\":[{\"@type\":\"ListItem\",\"position\":1,\"name\":\"Portada\",\"item\":\"https:\/\/pagina10.com\/web\/\"},{\"@type\":\"ListItem\",\"position\":2,\"name\":\"En Potos\u00ed ,Gobernaci\u00f3n de Nari\u00f1o entreg\u00f3 m\u00e1quinas orde\u00f1adoras y tres proyectos de placa huella.\"}]},{\"@type\":\"WebSite\",\"@id\":\"https:\/\/pagina10.com\/web\/#website\",\"url\":\"https:\/\/pagina10.com\/web\/\",\"name\":\"P\u00e1gina10\",\"description\":\"Peri\u00f3dico Regional\",\"publisher\":{\"@id\":\"https:\/\/pagina10.com\/web\/#organization\"},\"alternateName\":\"P\u00e1gina10 Peri\u00f3dico Regional\",\"potentialAction\":[{\"@type\":\"SearchAction\",\"target\":{\"@type\":\"EntryPoint\",\"urlTemplate\":\"https:\/\/pagina10.com\/web\/?s={search_term_string}\"},\"query-input\":{\"@type\":\"PropertyValueSpecification\",\"valueRequired\":true,\"valueName\":\"search_term_string\"}}],\"inLanguage\":\"es\"},{\"@type\":\"Organization\",\"@id\":\"https:\/\/pagina10.com\/web\/#organization\",\"name\":\"P\u00e1gina10\",\"alternateName\":\"P\u00e1gina10 Peri\u00f3dico Regional\",\"url\":\"https:\/\/pagina10.com\/web\/\",\"logo\":{\"@type\":\"ImageObject\",\"inLanguage\":\"es\",\"@id\":\"https:\/\/pagina10.com\/web\/#\/schema\/logo\/image\/\",\"url\":\"https:\/\/pagina10.com\/web\/wp-content\/uploads\/2024\/01\/40-pagina-10-periodico-regional-pasto.jpg\",\"contentUrl\":\"https:\/\/pagina10.com\/web\/wp-content\/uploads\/2024\/01\/40-pagina-10-periodico-regional-pasto.jpg\",\"width\":1280,\"height\":720,\"caption\":\"P\u00e1gina10\"},\"image\":{\"@id\":\"https:\/\/pagina10.com\/web\/#\/schema\/logo\/image\/\"},\"sameAs\":[\"https:\/\/www.facebook.com\/pag10com\",\"https:\/\/x.com\/Pag10com\",\"https:\/\/www.instagram.com\/pagina10col\/\",\"https:\/\/youtube.com\/channel\/pag10\",\"https:\/\/www.tiktok.com\/@p10col\"]},{\"@type\":\"Person\",\"@id\":\"https:\/\/pagina10.com\/web\/#\/schema\/person\/2efc4a090d25b667d3bc796798a3a81b\",\"name\":\"P\u00e1gina 10\",\"description\":\"P\u00e1gina 10 es un peri\u00f3dico regional que nace en Colombia, en el departamento de Nari\u00f1o, con un enfoque global, fundamentado en cuatro pilares esenciales: la libertad, el pluralismo, la inclusi\u00f3n y la independencia. P\u00e1gina 10 hace referencia a Nari\u00f1o como el d\u00e9cimo departamento creado en Colombia, despu\u00e9s de un proceso pol\u00edtico liderado por actores y actrices regionales con el fin de obtener la independencia y autonom\u00eda de nuestros territorios. Con la creaci\u00f3n de P\u00e1gina 10 se pretende abrir un escenario para el dialogo, la reflexi\u00f3n y el debate que se extienda a otras geograf\u00edas de Am\u00e9rica Latina y del planeta, en una apuesta por transformar colectivamente los desaf\u00edos de un mundo contempor\u00e1neo, m\u00e1s all\u00e1 de las fronteras impuestas.\",\"url\":\"https:\/\/pagina10.com\/web\/author\/pdiezadmin\/\"}]}<\/script>\n<!-- \/ Yoast SEO plugin. -->","yoast_head_json":{"title":"En Potos\u00ed ,Gobernaci\u00f3n de Nari\u00f1o entreg\u00f3 m\u00e1quinas orde\u00f1adoras y tres proyectos de placa huella. | P\u00e1gina10","robots":{"index":"index","follow":"follow","max-snippet":"max-snippet:-1","max-image-preview":"max-image-preview:large","max-video-preview":"max-video-preview:-1"},"canonical":"https:\/\/pagina10.com\/web\/en-potosi-gobernacion-de-narino-entrego-maquinas-ordenadoras-y-tres-proyectos-de-placa-huella\/","og_locale":"es_ES","og_type":"article","og_title":"En Potos\u00ed ,Gobernaci\u00f3n de Nari\u00f1o entreg\u00f3 m\u00e1quinas orde\u00f1adoras y tres proyectos de placa huella. | P\u00e1gina10","og_description":"El Gobernador de Nari\u00f1o, Jhon Rojas, entreg\u00f3 en el municipio de Potos\u00ed, Sur de Nari\u00f1o, tres proyectos de placa huella que hacen parte del proceso de fortalecimiento al sector rural, la reactivaci\u00f3n econ\u00f3mica y la competitividad con infraestructura vial. En la misma jornada, el mandatario seccional junto a la Secretar\u00eda de Agricultura y Desarrollo Rural [&hellip;]","og_url":"https:\/\/pagina10.com\/web\/en-potosi-gobernacion-de-narino-entrego-maquinas-ordenadoras-y-tres-proyectos-de-placa-huella\/","og_site_name":"P\u00e1gina10","article_publisher":"https:\/\/www.facebook.com\/pag10com","article_published_time":"2021-03-16T23:21:37+00:00","og_image":[{"width":637,"height":346,"url":"https:\/\/pagina10.com\/web\/wp-content\/uploads\/2021\/03\/Captura-de-pantalla-104.png","type":"image\/png"}],"author":"P\u00e1gina 10","twitter_card":"summary_large_image","twitter_creator":"@Pag10com","twitter_site":"@Pag10com","twitter_misc":{"Escrito por":"P\u00e1gina 10","Tiempo de lectura":"2 minutos"},"schema":{"@context":"https:\/\/schema.org","@graph":[{"@type":"Article","@id":"https:\/\/pagina10.com\/web\/en-potosi-gobernacion-de-narino-entrego-maquinas-ordenadoras-y-tres-proyectos-de-placa-huella\/#article","isPartOf":{"@id":"https:\/\/pagina10.com\/web\/en-potosi-gobernacion-de-narino-entrego-maquinas-ordenadoras-y-tres-proyectos-de-placa-huella\/"},"author":{"name":"P\u00e1gina 10","@id":"https:\/\/pagina10.com\/web\/#\/schema\/person\/2efc4a090d25b667d3bc796798a3a81b"},"headline":"En Potos\u00ed ,Gobernaci\u00f3n de Nari\u00f1o entreg\u00f3 m\u00e1quinas orde\u00f1adoras y tres proyectos de placa huella.","datePublished":"2021-03-16T23:21:37+00:00","mainEntityOfPage":{"@id":"https:\/\/pagina10.com\/web\/en-potosi-gobernacion-de-narino-entrego-maquinas-ordenadoras-y-tres-proyectos-de-placa-huella\/"},"wordCount":342,"commentCount":0,"publisher":{"@id":"https:\/\/pagina10.com\/web\/#organization"},"image":{"@id":"https:\/\/pagina10.com\/web\/en-potosi-gobernacion-de-narino-entrego-maquinas-ordenadoras-y-tres-proyectos-de-placa-huella\/#primaryimage"},"thumbnailUrl":"https:\/\/pagina10.com\/web\/wp-content\/uploads\/2021\/03\/Captura-de-pantalla-104.png","articleSection":["Regiones"],"inLanguage":"es","potentialAction":[{"@type":"CommentAction","name":"Comment","target":["https:\/\/pagina10.com\/web\/en-potosi-gobernacion-de-narino-entrego-maquinas-ordenadoras-y-tres-proyectos-de-placa-huella\/#respond"]}]},{"@type":"WebPage","@id":"https:\/\/pagina10.com\/web\/en-potosi-gobernacion-de-narino-entrego-maquinas-ordenadoras-y-tres-proyectos-de-placa-huella\/","url":"https:\/\/pagina10.com\/web\/en-potosi-gobernacion-de-narino-entrego-maquinas-ordenadoras-y-tres-proyectos-de-placa-huella\/","name":"En Potos\u00ed ,Gobernaci\u00f3n de Nari\u00f1o entreg\u00f3 m\u00e1quinas orde\u00f1adoras y tres proyectos de placa huella. | P\u00e1gina10","isPartOf":{"@id":"https:\/\/pagina10.com\/web\/#website"},"primaryImageOfPage":{"@id":"https:\/\/pagina10.com\/web\/en-potosi-gobernacion-de-narino-entrego-maquinas-ordenadoras-y-tres-proyectos-de-placa-huella\/#primaryimage"},"image":{"@id":"https:\/\/pagina10.com\/web\/en-potosi-gobernacion-de-narino-entrego-maquinas-ordenadoras-y-tres-proyectos-de-placa-huella\/#primaryimage"},"thumbnailUrl":"https:\/\/pagina10.com\/web\/wp-content\/uploads\/2021\/03\/Captura-de-pantalla-104.png","datePublished":"2021-03-16T23:21:37+00:00","breadcrumb":{"@id":"https:\/\/pagina10.com\/web\/en-potosi-gobernacion-de-narino-entrego-maquinas-ordenadoras-y-tres-proyectos-de-placa-huella\/#breadcrumb"},"inLanguage":"es","potentialAction":[{"@type":"ReadAction","target":["https:\/\/pagina10.com\/web\/en-potosi-gobernacion-de-narino-entrego-maquinas-ordenadoras-y-tres-proyectos-de-placa-huella\/"]}]},{"@type":"ImageObject","inLanguage":"es","@id":"https:\/\/pagina10.com\/web\/en-potosi-gobernacion-de-narino-entrego-maquinas-ordenadoras-y-tres-proyectos-de-placa-huella\/#primaryimage","url":"https:\/\/pagina10.com\/web\/wp-content\/uploads\/2021\/03\/Captura-de-pantalla-104.png","contentUrl":"https:\/\/pagina10.com\/web\/wp-content\/uploads\/2021\/03\/Captura-de-pantalla-104.png","width":637,"height":346},{"@type":"BreadcrumbList","@id":"https:\/\/pagina10.com\/web\/en-potosi-gobernacion-de-narino-entrego-maquinas-ordenadoras-y-tres-proyectos-de-placa-huella\/#breadcrumb","itemListElement":[{"@type":"ListItem","position":1,"name":"Portada","item":"https:\/\/pagina10.com\/web\/"},{"@type":"ListItem","position":2,"name":"En Potos\u00ed ,Gobernaci\u00f3n de Nari\u00f1o entreg\u00f3 m\u00e1quinas orde\u00f1adoras y tres proyectos de placa huella."}]},{"@type":"WebSite","@id":"https:\/\/pagina10.com\/web\/#website","url":"https:\/\/pagina10.com\/web\/","name":"P\u00e1gina10","description":"Peri\u00f3dico Regional","publisher":{"@id":"https:\/\/pagina10.com\/web\/#organization"},"alternateName":"P\u00e1gina10 Peri\u00f3dico Regional","potentialAction":[{"@type":"SearchAction","target":{"@type":"EntryPoint","urlTemplate":"https:\/\/pagina10.com\/web\/?s={search_term_string}"},"query-input":{"@type":"PropertyValueSpecification","valueRequired":true,"valueName":"search_term_string"}}],"inLanguage":"es"},{"@type":"Organization","@id":"https:\/\/pagina10.com\/web\/#organization","name":"P\u00e1gina10","alternateName":"P\u00e1gina10 Peri\u00f3dico Regional","url":"https:\/\/pagina10.com\/web\/","logo":{"@type":"ImageObject","inLanguage":"es","@id":"https:\/\/pagina10.com\/web\/#\/schema\/logo\/image\/","url":"https:\/\/pagina10.com\/web\/wp-content\/uploads\/2024\/01\/40-pagina-10-periodico-regional-pasto.jpg","contentUrl":"https:\/\/pagina10.com\/web\/wp-content\/uploads\/2024\/01\/40-pagina-10-periodico-regional-pasto.jpg","width":1280,"height":720,"caption":"P\u00e1gina10"},"image":{"@id":"https:\/\/pagina10.com\/web\/#\/schema\/logo\/image\/"},"sameAs":["https:\/\/www.facebook.com\/pag10com","https:\/\/x.com\/Pag10com","https:\/\/www.instagram.com\/pagina10col\/","https:\/\/youtube.com\/channel\/pag10","https:\/\/www.tiktok.com\/@p10col"]},{"@type":"Person","@id":"https:\/\/pagina10.com\/web\/#\/schema\/person\/2efc4a090d25b667d3bc796798a3a81b","name":"P\u00e1gina 10","description":"P\u00e1gina 10 es un peri\u00f3dico regional que nace en Colombia, en el departamento de Nari\u00f1o, con un enfoque global, fundamentado en cuatro pilares esenciales: la libertad, el pluralismo, la inclusi\u00f3n y la independencia. P\u00e1gina 10 hace referencia a Nari\u00f1o como el d\u00e9cimo departamento creado en Colombia, despu\u00e9s de un proceso pol\u00edtico liderado por actores y actrices regionales con el fin de obtener la independencia y autonom\u00eda de nuestros territorios. Con la creaci\u00f3n de P\u00e1gina 10 se pretende abrir un escenario para el dialogo, la reflexi\u00f3n y el debate que se extienda a otras geograf\u00edas de Am\u00e9rica Latina y del planeta, en una apuesta por transformar colectivamente los desaf\u00edos de un mundo contempor\u00e1neo, m\u00e1s all\u00e1 de las fronteras impuestas.","url":"https:\/\/pagina10.com\/web\/author\/pdiezadmin\/"}]}},"_links":{"self":[{"href":"https:\/\/pagina10.com\/web\/wp-json\/wp\/v2\/posts\/51196","targetHints":{"allow":["GET"]}}],"collection":[{"href":"https:\/\/pagina10.com\/web\/wp-json\/wp\/v2\/posts"}],"about":[{"href":"https:\/\/pagina10.com\/web\/wp-json\/wp\/v2\/types\/post"}],"author":[{"embeddable":true,"href":"https:\/\/pagina10.com\/web\/wp-json\/wp\/v2\/users\/1"}],"replies":[{"embeddable":true,"href":"https:\/\/pagina10.com\/web\/wp-json\/wp\/v2\/comments?post=51196"}],"version-history":[{"count":1,"href":"https:\/\/pagina10.com\/web\/wp-json\/wp\/v2\/posts\/51196\/revisions"}],"predecessor-version":[{"id":51198,"href":"https:\/\/pagina10.com\/web\/wp-json\/wp\/v2\/posts\/51196\/revisions\/51198"}],"wp:featuredmedia":[{"embeddable":true,"href":"https:\/\/pagina10.com\/web\/wp-json\/wp\/v2\/media\/51197"}],"wp:attachment":[{"href":"https:\/\/pagina10.com\/web\/wp-json\/wp\/v2\/media?parent=51196"}],"wp:term":[{"taxonomy":"category","embeddable":true,"href":"https:\/\/pagina10.com\/web\/wp-json\/wp\/v2\/categories?post=51196"},{"taxonomy":"post_tag","embeddable":true,"href":"https:\/\/pagina10.com\/web\/wp-json\/wp\/v2\/tags?post=51196"}],"curies":[{"name":"wp","href":"https:\/\/api.w.org\/{rel}","templated":true}]}}