{"id":51199,"date":"2021-03-16T18:25:24","date_gmt":"2021-03-16T23:25:24","guid":{"rendered":"https:\/\/pagina10.com\/web\/?p=51199"},"modified":"2021-03-16T18:25:24","modified_gmt":"2021-03-16T23:25:24","slug":"la-internacionalizacion-y-acceso-a-nuevos-mercados-una-de-las-opciones-de-reactivacion-economica-para-narino","status":"publish","type":"post","link":"https:\/\/pagina10.com\/web\/la-internacionalizacion-y-acceso-a-nuevos-mercados-una-de-las-opciones-de-reactivacion-economica-para-narino\/","title":{"rendered":"La Internacionalizaci\u00f3n y acceso a nuevos mercados una de las opciones de reactivaci\u00f3n econ\u00f3mica para Nari\u00f1o."},"content":{"rendered":"<p style=\"text-align: justify;\">Con el objetivo de impulsar la reactivaci\u00f3n econ\u00f3mica sostenible en el Departamento, la Gobernaci\u00f3n de Nari\u00f1o se reuni\u00f3 con la Comisi\u00f3n Regional de Competitividad para formular las principales opciones y herramientas que dinamizar\u00e1n la econom\u00eda de Nari\u00f1o, a trav\u00e9s de la estrategia de internacionalizaci\u00f3n del Departamento .<\/p>\n<p>Durante la jornada se trabaj\u00f3 de manera articulada en los procesos de inversi\u00f3n y reactivaci\u00f3n econ\u00f3mica para Nari\u00f1o. \u201cDesde la Secretar\u00eda de Planeaci\u00f3n Departamental, a trav\u00e9s de la Unidad de Competitividad, venimos desarrollando un conjunto de espacios importantes en b\u00fasqueda de consolidar la oferta que tiene el Departamento aprovechando las oportunidades de inversi\u00f3n extranjera\u201d, afirm\u00f3 Andr\u00e9s Guerrero, profesional de apoyo al \u00a0 proyecto de fortalecimiento al Sistema Departamental de Competitividad, Ciencia, Tecnolog\u00eda e Innovaci\u00f3n de la Secretar\u00eda de Planeaci\u00f3n Departamental.<\/p>\n<p>Los pilares del plan de reactivaci\u00f3n econ\u00f3mica para Nari\u00f1o se articulan a trav\u00e9s de una red de acuerdos que permitir\u00e1n el aprovechamiento de nuevas oportunidades para los diferentes sectores econ\u00f3micos del Departamento. \u201cEstamos analizando cu\u00e1les son los escenarios y actores que deben intervenir para lograr que ese ecosistema de los negocios y de la inversi\u00f3n, desde el sector p\u00fablico, desde el sector privado y esta articulaci\u00f3n puede generar las condiciones para que en el mundo seamos vistos como un destino posible de inversi\u00f3n extranjera\u201d, manifest\u00f3 la Directora Ejecutiva de INVEST in Nari\u00f1o &#8211; Agencia de inversiones de Nari\u00f1o, Diana de los R\u00edos.<\/p>\n<p>En el programa de Estrategias de Internacionalizaci\u00f3n se hace seguimiento a oportunidades comerciales que se generan para Nari\u00f1o en los mercados externos, y convertirnos en una regi\u00f3n competitiva y con oportunidades de desarrollo para sus habitantes.<\/p>\n","protected":false},"excerpt":{"rendered":"<p>Con el objetivo de impulsar la reactivaci\u00f3n econ\u00f3mica sostenible en el Departamento, la Gobernaci\u00f3n de Nari\u00f1o se reuni\u00f3 con la Comisi\u00f3n Regional de Competitividad para formular las principales opciones y herramientas que dinamizar\u00e1n la econom\u00eda de Nari\u00f1o, a trav\u00e9s de la estrategia de internacionalizaci\u00f3n del Departamento . Durante la jornada se trabaj\u00f3 de manera articulada [&hellip;]<\/p>\n","protected":false},"author":1,"featured_media":51200,"comment_status":"open","ping_status":"open","sticky":false,"template":"","format":"standard","meta":{"footnotes":""},"categories":[53],"tags":[],"class_list":["post-51199","post","type-post","status-publish","format-standard","has-post-thumbnail","hentry","category-regiones"],"yoast_head":"<!-- This site is optimized with the Yoast SEO plugin v27.1.1 - https:\/\/yoast.com\/product\/yoast-seo-wordpress\/ -->\n<title>La Internacionalizaci\u00f3n y acceso a nuevos mercados una de las opciones de reactivaci\u00f3n econ\u00f3mica para Nari\u00f1o. | P\u00e1gina10<\/title>\n<meta name=\"robots\" content=\"index, follow, max-snippet:-1, max-image-preview:large, max-video-preview:-1\" \/>\n<link rel=\"canonical\" href=\"https:\/\/pagina10.com\/web\/la-internacionalizacion-y-acceso-a-nuevos-mercados-una-de-las-opciones-de-reactivacion-economica-para-narino\/\" \/>\n<meta property=\"og:locale\" content=\"es_ES\" \/>\n<meta property=\"og:type\" content=\"article\" \/>\n<meta property=\"og:title\" content=\"La Internacionalizaci\u00f3n y acceso a nuevos mercados una de las opciones de reactivaci\u00f3n econ\u00f3mica para Nari\u00f1o. | P\u00e1gina10\" \/>\n<meta property=\"og:description\" content=\"Con el objetivo de impulsar la reactivaci\u00f3n econ\u00f3mica sostenible en el Departamento, la Gobernaci\u00f3n de Nari\u00f1o se reuni\u00f3 con la Comisi\u00f3n Regional de Competitividad para formular las principales opciones y herramientas que dinamizar\u00e1n la econom\u00eda de Nari\u00f1o, a trav\u00e9s de la estrategia de internacionalizaci\u00f3n del Departamento . Durante la jornada se trabaj\u00f3 de manera articulada [&hellip;]\" \/>\n<meta property=\"og:url\" content=\"https:\/\/pagina10.com\/web\/la-internacionalizacion-y-acceso-a-nuevos-mercados-una-de-las-opciones-de-reactivacion-economica-para-narino\/\" \/>\n<meta property=\"og:site_name\" content=\"P\u00e1gina10\" \/>\n<meta property=\"article:publisher\" content=\"https:\/\/www.facebook.com\/pag10com\" \/>\n<meta property=\"article:published_time\" content=\"2021-03-16T23:25:24+00:00\" \/>\n<meta property=\"og:image\" content=\"https:\/\/pagina10.com\/web\/wp-content\/uploads\/2021\/03\/Captura-de-pantalla-106.png\" \/>\n\t<meta property=\"og:image:width\" content=\"452\" \/>\n\t<meta property=\"og:image:height\" content=\"292\" \/>\n\t<meta property=\"og:image:type\" content=\"image\/png\" \/>\n<meta name=\"author\" content=\"P\u00e1gina 10\" \/>\n<meta name=\"twitter:card\" content=\"summary_large_image\" \/>\n<meta name=\"twitter:creator\" content=\"@Pag10com\" \/>\n<meta name=\"twitter:site\" content=\"@Pag10com\" \/>\n<meta name=\"twitter:label1\" content=\"Escrito por\" \/>\n\t<meta name=\"twitter:data1\" content=\"P\u00e1gina 10\" \/>\n\t<meta name=\"twitter:label2\" content=\"Tiempo de lectura\" \/>\n\t<meta name=\"twitter:data2\" content=\"2 minutos\" \/>\n<script type=\"application\/ld+json\" class=\"yoast-schema-graph\">{\"@context\":\"https:\/\/schema.org\",\"@graph\":[{\"@type\":\"Article\",\"@id\":\"https:\/\/pagina10.com\/web\/la-internacionalizacion-y-acceso-a-nuevos-mercados-una-de-las-opciones-de-reactivacion-economica-para-narino\/#article\",\"isPartOf\":{\"@id\":\"https:\/\/pagina10.com\/web\/la-internacionalizacion-y-acceso-a-nuevos-mercados-una-de-las-opciones-de-reactivacion-economica-para-narino\/\"},\"author\":{\"name\":\"P\u00e1gina 10\",\"@id\":\"https:\/\/pagina10.com\/web\/#\/schema\/person\/2efc4a090d25b667d3bc796798a3a81b\"},\"headline\":\"La Internacionalizaci\u00f3n y acceso a nuevos mercados una de las opciones de reactivaci\u00f3n econ\u00f3mica para Nari\u00f1o.\",\"datePublished\":\"2021-03-16T23:25:24+00:00\",\"mainEntityOfPage\":{\"@id\":\"https:\/\/pagina10.com\/web\/la-internacionalizacion-y-acceso-a-nuevos-mercados-una-de-las-opciones-de-reactivacion-economica-para-narino\/\"},\"wordCount\":324,\"commentCount\":0,\"publisher\":{\"@id\":\"https:\/\/pagina10.com\/web\/#organization\"},\"image\":{\"@id\":\"https:\/\/pagina10.com\/web\/la-internacionalizacion-y-acceso-a-nuevos-mercados-una-de-las-opciones-de-reactivacion-economica-para-narino\/#primaryimage\"},\"thumbnailUrl\":\"https:\/\/pagina10.com\/web\/wp-content\/uploads\/2021\/03\/Captura-de-pantalla-106.png\",\"articleSection\":[\"Regiones\"],\"inLanguage\":\"es\",\"potentialAction\":[{\"@type\":\"CommentAction\",\"name\":\"Comment\",\"target\":[\"https:\/\/pagina10.com\/web\/la-internacionalizacion-y-acceso-a-nuevos-mercados-una-de-las-opciones-de-reactivacion-economica-para-narino\/#respond\"]}]},{\"@type\":\"WebPage\",\"@id\":\"https:\/\/pagina10.com\/web\/la-internacionalizacion-y-acceso-a-nuevos-mercados-una-de-las-opciones-de-reactivacion-economica-para-narino\/\",\"url\":\"https:\/\/pagina10.com\/web\/la-internacionalizacion-y-acceso-a-nuevos-mercados-una-de-las-opciones-de-reactivacion-economica-para-narino\/\",\"name\":\"La Internacionalizaci\u00f3n y acceso a nuevos mercados una de las opciones de reactivaci\u00f3n econ\u00f3mica para Nari\u00f1o. | P\u00e1gina10\",\"isPartOf\":{\"@id\":\"https:\/\/pagina10.com\/web\/#website\"},\"primaryImageOfPage\":{\"@id\":\"https:\/\/pagina10.com\/web\/la-internacionalizacion-y-acceso-a-nuevos-mercados-una-de-las-opciones-de-reactivacion-economica-para-narino\/#primaryimage\"},\"image\":{\"@id\":\"https:\/\/pagina10.com\/web\/la-internacionalizacion-y-acceso-a-nuevos-mercados-una-de-las-opciones-de-reactivacion-economica-para-narino\/#primaryimage\"},\"thumbnailUrl\":\"https:\/\/pagina10.com\/web\/wp-content\/uploads\/2021\/03\/Captura-de-pantalla-106.png\",\"datePublished\":\"2021-03-16T23:25:24+00:00\",\"breadcrumb\":{\"@id\":\"https:\/\/pagina10.com\/web\/la-internacionalizacion-y-acceso-a-nuevos-mercados-una-de-las-opciones-de-reactivacion-economica-para-narino\/#breadcrumb\"},\"inLanguage\":\"es\",\"potentialAction\":[{\"@type\":\"ReadAction\",\"target\":[\"https:\/\/pagina10.com\/web\/la-internacionalizacion-y-acceso-a-nuevos-mercados-una-de-las-opciones-de-reactivacion-economica-para-narino\/\"]}]},{\"@type\":\"ImageObject\",\"inLanguage\":\"es\",\"@id\":\"https:\/\/pagina10.com\/web\/la-internacionalizacion-y-acceso-a-nuevos-mercados-una-de-las-opciones-de-reactivacion-economica-para-narino\/#primaryimage\",\"url\":\"https:\/\/pagina10.com\/web\/wp-content\/uploads\/2021\/03\/Captura-de-pantalla-106.png\",\"contentUrl\":\"https:\/\/pagina10.com\/web\/wp-content\/uploads\/2021\/03\/Captura-de-pantalla-106.png\",\"width\":452,\"height\":292},{\"@type\":\"BreadcrumbList\",\"@id\":\"https:\/\/pagina10.com\/web\/la-internacionalizacion-y-acceso-a-nuevos-mercados-una-de-las-opciones-de-reactivacion-economica-para-narino\/#breadcrumb\",\"itemListElement\":[{\"@type\":\"ListItem\",\"position\":1,\"name\":\"Portada\",\"item\":\"https:\/\/pagina10.com\/web\/\"},{\"@type\":\"ListItem\",\"position\":2,\"name\":\"La Internacionalizaci\u00f3n y acceso a nuevos mercados una de las opciones de reactivaci\u00f3n econ\u00f3mica para Nari\u00f1o.\"}]},{\"@type\":\"WebSite\",\"@id\":\"https:\/\/pagina10.com\/web\/#website\",\"url\":\"https:\/\/pagina10.com\/web\/\",\"name\":\"P\u00e1gina10\",\"description\":\"Peri\u00f3dico Regional\",\"publisher\":{\"@id\":\"https:\/\/pagina10.com\/web\/#organization\"},\"alternateName\":\"P\u00e1gina10 Peri\u00f3dico Regional\",\"potentialAction\":[{\"@type\":\"SearchAction\",\"target\":{\"@type\":\"EntryPoint\",\"urlTemplate\":\"https:\/\/pagina10.com\/web\/?s={search_term_string}\"},\"query-input\":{\"@type\":\"PropertyValueSpecification\",\"valueRequired\":true,\"valueName\":\"search_term_string\"}}],\"inLanguage\":\"es\"},{\"@type\":\"Organization\",\"@id\":\"https:\/\/pagina10.com\/web\/#organization\",\"name\":\"P\u00e1gina10\",\"alternateName\":\"P\u00e1gina10 Peri\u00f3dico Regional\",\"url\":\"https:\/\/pagina10.com\/web\/\",\"logo\":{\"@type\":\"ImageObject\",\"inLanguage\":\"es\",\"@id\":\"https:\/\/pagina10.com\/web\/#\/schema\/logo\/image\/\",\"url\":\"https:\/\/pagina10.com\/web\/wp-content\/uploads\/2024\/01\/40-pagina-10-periodico-regional-pasto.jpg\",\"contentUrl\":\"https:\/\/pagina10.com\/web\/wp-content\/uploads\/2024\/01\/40-pagina-10-periodico-regional-pasto.jpg\",\"width\":1280,\"height\":720,\"caption\":\"P\u00e1gina10\"},\"image\":{\"@id\":\"https:\/\/pagina10.com\/web\/#\/schema\/logo\/image\/\"},\"sameAs\":[\"https:\/\/www.facebook.com\/pag10com\",\"https:\/\/x.com\/Pag10com\",\"https:\/\/www.instagram.com\/pagina10col\/\",\"https:\/\/youtube.com\/channel\/pag10\",\"https:\/\/www.tiktok.com\/@p10col\"]},{\"@type\":\"Person\",\"@id\":\"https:\/\/pagina10.com\/web\/#\/schema\/person\/2efc4a090d25b667d3bc796798a3a81b\",\"name\":\"P\u00e1gina 10\",\"description\":\"P\u00e1gina 10 es un peri\u00f3dico regional que nace en Colombia, en el departamento de Nari\u00f1o, con un enfoque global, fundamentado en cuatro pilares esenciales: la libertad, el pluralismo, la inclusi\u00f3n y la independencia. P\u00e1gina 10 hace referencia a Nari\u00f1o como el d\u00e9cimo departamento creado en Colombia, despu\u00e9s de un proceso pol\u00edtico liderado por actores y actrices regionales con el fin de obtener la independencia y autonom\u00eda de nuestros territorios. Con la creaci\u00f3n de P\u00e1gina 10 se pretende abrir un escenario para el dialogo, la reflexi\u00f3n y el debate que se extienda a otras geograf\u00edas de Am\u00e9rica Latina y del planeta, en una apuesta por transformar colectivamente los desaf\u00edos de un mundo contempor\u00e1neo, m\u00e1s all\u00e1 de las fronteras impuestas.\",\"url\":\"https:\/\/pagina10.com\/web\/author\/pdiezadmin\/\"}]}<\/script>\n<!-- \/ Yoast SEO plugin. -->","yoast_head_json":{"title":"La Internacionalizaci\u00f3n y acceso a nuevos mercados una de las opciones de reactivaci\u00f3n econ\u00f3mica para Nari\u00f1o. | P\u00e1gina10","robots":{"index":"index","follow":"follow","max-snippet":"max-snippet:-1","max-image-preview":"max-image-preview:large","max-video-preview":"max-video-preview:-1"},"canonical":"https:\/\/pagina10.com\/web\/la-internacionalizacion-y-acceso-a-nuevos-mercados-una-de-las-opciones-de-reactivacion-economica-para-narino\/","og_locale":"es_ES","og_type":"article","og_title":"La Internacionalizaci\u00f3n y acceso a nuevos mercados una de las opciones de reactivaci\u00f3n econ\u00f3mica para Nari\u00f1o. | P\u00e1gina10","og_description":"Con el objetivo de impulsar la reactivaci\u00f3n econ\u00f3mica sostenible en el Departamento, la Gobernaci\u00f3n de Nari\u00f1o se reuni\u00f3 con la Comisi\u00f3n Regional de Competitividad para formular las principales opciones y herramientas que dinamizar\u00e1n la econom\u00eda de Nari\u00f1o, a trav\u00e9s de la estrategia de internacionalizaci\u00f3n del Departamento . Durante la jornada se trabaj\u00f3 de manera articulada [&hellip;]","og_url":"https:\/\/pagina10.com\/web\/la-internacionalizacion-y-acceso-a-nuevos-mercados-una-de-las-opciones-de-reactivacion-economica-para-narino\/","og_site_name":"P\u00e1gina10","article_publisher":"https:\/\/www.facebook.com\/pag10com","article_published_time":"2021-03-16T23:25:24+00:00","og_image":[{"width":452,"height":292,"url":"https:\/\/pagina10.com\/web\/wp-content\/uploads\/2021\/03\/Captura-de-pantalla-106.png","type":"image\/png"}],"author":"P\u00e1gina 10","twitter_card":"summary_large_image","twitter_creator":"@Pag10com","twitter_site":"@Pag10com","twitter_misc":{"Escrito por":"P\u00e1gina 10","Tiempo de lectura":"2 minutos"},"schema":{"@context":"https:\/\/schema.org","@graph":[{"@type":"Article","@id":"https:\/\/pagina10.com\/web\/la-internacionalizacion-y-acceso-a-nuevos-mercados-una-de-las-opciones-de-reactivacion-economica-para-narino\/#article","isPartOf":{"@id":"https:\/\/pagina10.com\/web\/la-internacionalizacion-y-acceso-a-nuevos-mercados-una-de-las-opciones-de-reactivacion-economica-para-narino\/"},"author":{"name":"P\u00e1gina 10","@id":"https:\/\/pagina10.com\/web\/#\/schema\/person\/2efc4a090d25b667d3bc796798a3a81b"},"headline":"La Internacionalizaci\u00f3n y acceso a nuevos mercados una de las opciones de reactivaci\u00f3n econ\u00f3mica para Nari\u00f1o.","datePublished":"2021-03-16T23:25:24+00:00","mainEntityOfPage":{"@id":"https:\/\/pagina10.com\/web\/la-internacionalizacion-y-acceso-a-nuevos-mercados-una-de-las-opciones-de-reactivacion-economica-para-narino\/"},"wordCount":324,"commentCount":0,"publisher":{"@id":"https:\/\/pagina10.com\/web\/#organization"},"image":{"@id":"https:\/\/pagina10.com\/web\/la-internacionalizacion-y-acceso-a-nuevos-mercados-una-de-las-opciones-de-reactivacion-economica-para-narino\/#primaryimage"},"thumbnailUrl":"https:\/\/pagina10.com\/web\/wp-content\/uploads\/2021\/03\/Captura-de-pantalla-106.png","articleSection":["Regiones"],"inLanguage":"es","potentialAction":[{"@type":"CommentAction","name":"Comment","target":["https:\/\/pagina10.com\/web\/la-internacionalizacion-y-acceso-a-nuevos-mercados-una-de-las-opciones-de-reactivacion-economica-para-narino\/#respond"]}]},{"@type":"WebPage","@id":"https:\/\/pagina10.com\/web\/la-internacionalizacion-y-acceso-a-nuevos-mercados-una-de-las-opciones-de-reactivacion-economica-para-narino\/","url":"https:\/\/pagina10.com\/web\/la-internacionalizacion-y-acceso-a-nuevos-mercados-una-de-las-opciones-de-reactivacion-economica-para-narino\/","name":"La Internacionalizaci\u00f3n y acceso a nuevos mercados una de las opciones de reactivaci\u00f3n econ\u00f3mica para Nari\u00f1o. | P\u00e1gina10","isPartOf":{"@id":"https:\/\/pagina10.com\/web\/#website"},"primaryImageOfPage":{"@id":"https:\/\/pagina10.com\/web\/la-internacionalizacion-y-acceso-a-nuevos-mercados-una-de-las-opciones-de-reactivacion-economica-para-narino\/#primaryimage"},"image":{"@id":"https:\/\/pagina10.com\/web\/la-internacionalizacion-y-acceso-a-nuevos-mercados-una-de-las-opciones-de-reactivacion-economica-para-narino\/#primaryimage"},"thumbnailUrl":"https:\/\/pagina10.com\/web\/wp-content\/uploads\/2021\/03\/Captura-de-pantalla-106.png","datePublished":"2021-03-16T23:25:24+00:00","breadcrumb":{"@id":"https:\/\/pagina10.com\/web\/la-internacionalizacion-y-acceso-a-nuevos-mercados-una-de-las-opciones-de-reactivacion-economica-para-narino\/#breadcrumb"},"inLanguage":"es","potentialAction":[{"@type":"ReadAction","target":["https:\/\/pagina10.com\/web\/la-internacionalizacion-y-acceso-a-nuevos-mercados-una-de-las-opciones-de-reactivacion-economica-para-narino\/"]}]},{"@type":"ImageObject","inLanguage":"es","@id":"https:\/\/pagina10.com\/web\/la-internacionalizacion-y-acceso-a-nuevos-mercados-una-de-las-opciones-de-reactivacion-economica-para-narino\/#primaryimage","url":"https:\/\/pagina10.com\/web\/wp-content\/uploads\/2021\/03\/Captura-de-pantalla-106.png","contentUrl":"https:\/\/pagina10.com\/web\/wp-content\/uploads\/2021\/03\/Captura-de-pantalla-106.png","width":452,"height":292},{"@type":"BreadcrumbList","@id":"https:\/\/pagina10.com\/web\/la-internacionalizacion-y-acceso-a-nuevos-mercados-una-de-las-opciones-de-reactivacion-economica-para-narino\/#breadcrumb","itemListElement":[{"@type":"ListItem","position":1,"name":"Portada","item":"https:\/\/pagina10.com\/web\/"},{"@type":"ListItem","position":2,"name":"La Internacionalizaci\u00f3n y acceso a nuevos mercados una de las opciones de reactivaci\u00f3n econ\u00f3mica para Nari\u00f1o."}]},{"@type":"WebSite","@id":"https:\/\/pagina10.com\/web\/#website","url":"https:\/\/pagina10.com\/web\/","name":"P\u00e1gina10","description":"Peri\u00f3dico Regional","publisher":{"@id":"https:\/\/pagina10.com\/web\/#organization"},"alternateName":"P\u00e1gina10 Peri\u00f3dico Regional","potentialAction":[{"@type":"SearchAction","target":{"@type":"EntryPoint","urlTemplate":"https:\/\/pagina10.com\/web\/?s={search_term_string}"},"query-input":{"@type":"PropertyValueSpecification","valueRequired":true,"valueName":"search_term_string"}}],"inLanguage":"es"},{"@type":"Organization","@id":"https:\/\/pagina10.com\/web\/#organization","name":"P\u00e1gina10","alternateName":"P\u00e1gina10 Peri\u00f3dico Regional","url":"https:\/\/pagina10.com\/web\/","logo":{"@type":"ImageObject","inLanguage":"es","@id":"https:\/\/pagina10.com\/web\/#\/schema\/logo\/image\/","url":"https:\/\/pagina10.com\/web\/wp-content\/uploads\/2024\/01\/40-pagina-10-periodico-regional-pasto.jpg","contentUrl":"https:\/\/pagina10.com\/web\/wp-content\/uploads\/2024\/01\/40-pagina-10-periodico-regional-pasto.jpg","width":1280,"height":720,"caption":"P\u00e1gina10"},"image":{"@id":"https:\/\/pagina10.com\/web\/#\/schema\/logo\/image\/"},"sameAs":["https:\/\/www.facebook.com\/pag10com","https:\/\/x.com\/Pag10com","https:\/\/www.instagram.com\/pagina10col\/","https:\/\/youtube.com\/channel\/pag10","https:\/\/www.tiktok.com\/@p10col"]},{"@type":"Person","@id":"https:\/\/pagina10.com\/web\/#\/schema\/person\/2efc4a090d25b667d3bc796798a3a81b","name":"P\u00e1gina 10","description":"P\u00e1gina 10 es un peri\u00f3dico regional que nace en Colombia, en el departamento de Nari\u00f1o, con un enfoque global, fundamentado en cuatro pilares esenciales: la libertad, el pluralismo, la inclusi\u00f3n y la independencia. P\u00e1gina 10 hace referencia a Nari\u00f1o como el d\u00e9cimo departamento creado en Colombia, despu\u00e9s de un proceso pol\u00edtico liderado por actores y actrices regionales con el fin de obtener la independencia y autonom\u00eda de nuestros territorios. Con la creaci\u00f3n de P\u00e1gina 10 se pretende abrir un escenario para el dialogo, la reflexi\u00f3n y el debate que se extienda a otras geograf\u00edas de Am\u00e9rica Latina y del planeta, en una apuesta por transformar colectivamente los desaf\u00edos de un mundo contempor\u00e1neo, m\u00e1s all\u00e1 de las fronteras impuestas.","url":"https:\/\/pagina10.com\/web\/author\/pdiezadmin\/"}]}},"_links":{"self":[{"href":"https:\/\/pagina10.com\/web\/wp-json\/wp\/v2\/posts\/51199","targetHints":{"allow":["GET"]}}],"collection":[{"href":"https:\/\/pagina10.com\/web\/wp-json\/wp\/v2\/posts"}],"about":[{"href":"https:\/\/pagina10.com\/web\/wp-json\/wp\/v2\/types\/post"}],"author":[{"embeddable":true,"href":"https:\/\/pagina10.com\/web\/wp-json\/wp\/v2\/users\/1"}],"replies":[{"embeddable":true,"href":"https:\/\/pagina10.com\/web\/wp-json\/wp\/v2\/comments?post=51199"}],"version-history":[{"count":1,"href":"https:\/\/pagina10.com\/web\/wp-json\/wp\/v2\/posts\/51199\/revisions"}],"predecessor-version":[{"id":51201,"href":"https:\/\/pagina10.com\/web\/wp-json\/wp\/v2\/posts\/51199\/revisions\/51201"}],"wp:featuredmedia":[{"embeddable":true,"href":"https:\/\/pagina10.com\/web\/wp-json\/wp\/v2\/media\/51200"}],"wp:attachment":[{"href":"https:\/\/pagina10.com\/web\/wp-json\/wp\/v2\/media?parent=51199"}],"wp:term":[{"taxonomy":"category","embeddable":true,"href":"https:\/\/pagina10.com\/web\/wp-json\/wp\/v2\/categories?post=51199"},{"taxonomy":"post_tag","embeddable":true,"href":"https:\/\/pagina10.com\/web\/wp-json\/wp\/v2\/tags?post=51199"}],"curies":[{"name":"wp","href":"https:\/\/api.w.org\/{rel}","templated":true}]}}