{"id":51208,"date":"2021-03-17T12:35:01","date_gmt":"2021-03-17T17:35:01","guid":{"rendered":"https:\/\/pagina10.com\/web\/?p=51208"},"modified":"2021-03-17T12:35:01","modified_gmt":"2021-03-17T17:35:01","slug":"representantes-del-centro-democratico-radicaron-proyecto-de-ley-para-regular-el-porte-de-armas","status":"publish","type":"post","link":"https:\/\/pagina10.com\/web\/representantes-del-centro-democratico-radicaron-proyecto-de-ley-para-regular-el-porte-de-armas\/","title":{"rendered":"Representantes del Centro Democr\u00e1tico radicaron proyecto de ley para regular el porte de armas."},"content":{"rendered":"<p style=\"text-align: justify;\">Este 16 de marzo, la senadora del Centro Democr\u00e1tico, Mar\u00eda Fernanda Cabal, junto con el representante a C\u00e1mara, Christian Garc\u00e9s, tambi\u00e9n del Centro Democr\u00e1tico, radicaron un proyecto de ley con el que se pretenden\u00a0eliminar la figura especial del porte de armas, adoptada en el Gobierno de Juan Manuel Santos. De acuerdo a los impulsores del proyecto, de ser aprobada esta nueva regulaci\u00f3n del porte de armas en el pa\u00eds, se permitir\u00e1 que los colombianos puedan defenderse de los criminales.<\/p>\n<p style=\"text-align: justify;\">La senadora del Centro Democr\u00e1tico, a trav\u00e9s de su cuenta de Twitter, dio a conocer la noticia y coment\u00f3: \u201cEl porte legal de armas es poder ejercer nuestra leg\u00edtima defensa. \u00a1Mi vida tambi\u00e9n vale!\u201d. La senadora argument\u00f3, as\u00ed mismo, que es necesario estar armado \u201ccuando la prohibici\u00f3n solo beneficia a quienes delinquen con armas ilegales. Los ciudadanos tiene que tener como defender su vida cuando se ven amenazados por los bandidos\u201d.<\/p>\n<p style=\"text-align: justify;\">Entretanto, el representante Garc\u00e9s explic\u00f3 que el objetivo del proyecto de ley es fortalecer el monopolio del Estado sobre las armas, con un registro en una plataforma digital, requisitos espec\u00edficos y tiempos concretos sobre su expedici\u00f3n y tenencia.<\/p>\n<p style=\"text-align: justify;\">Por su parte, Rafael Guar\u00edn, consejero presidencial para la Seguridad Nacional, se refiri\u00f3 al proyecto radicado en el Congreso y se\u00f1al\u00f3 que \u201clas armas no son un derecho\u201d y que la pol\u00edtica del gobierno de Iv\u00e1n Duque es el \u201cdesarme general\u201d. Finalmente, el funcionario argument\u00f3 en Twitter que \u201cel camino no es armar a los colombianos, ni promover la compra, ni el porte de armas. Las armas no son derecho en Colombia, conforme a la Constituci\u00f3n. Controlar rigurosamente las armas que tienen permiso y perseguir implacablemente las ilegales, contribuye a reducir el delito\u201d.<\/p>\n","protected":false},"excerpt":{"rendered":"<p>Este 16 de marzo, la senadora del Centro Democr\u00e1tico, Mar\u00eda Fernanda Cabal, junto con el representante a C\u00e1mara, Christian Garc\u00e9s, tambi\u00e9n del Centro Democr\u00e1tico, radicaron un proyecto de ley con el que se pretenden\u00a0eliminar la figura especial del porte de armas, adoptada en el Gobierno de Juan Manuel Santos. De acuerdo a los impulsores del [&hellip;]<\/p>\n","protected":false},"author":1,"featured_media":51209,"comment_status":"open","ping_status":"open","sticky":false,"template":"","format":"standard","meta":{"footnotes":""},"categories":[24],"tags":[],"class_list":["post-51208","post","type-post","status-publish","format-standard","has-post-thumbnail","hentry","category-nacional"],"yoast_head":"<!-- This site is optimized with the Yoast SEO plugin v27.1.1 - https:\/\/yoast.com\/product\/yoast-seo-wordpress\/ -->\n<title>Representantes del Centro Democr\u00e1tico radicaron proyecto de ley para regular el porte de armas. | P\u00e1gina10<\/title>\n<meta name=\"robots\" content=\"index, follow, max-snippet:-1, max-image-preview:large, max-video-preview:-1\" \/>\n<link rel=\"canonical\" href=\"https:\/\/pagina10.com\/web\/representantes-del-centro-democratico-radicaron-proyecto-de-ley-para-regular-el-porte-de-armas\/\" \/>\n<meta property=\"og:locale\" content=\"es_ES\" \/>\n<meta property=\"og:type\" content=\"article\" \/>\n<meta property=\"og:title\" content=\"Representantes del Centro Democr\u00e1tico radicaron proyecto de ley para regular el porte de armas. | P\u00e1gina10\" \/>\n<meta property=\"og:description\" content=\"Este 16 de marzo, la senadora del Centro Democr\u00e1tico, Mar\u00eda Fernanda Cabal, junto con el representante a C\u00e1mara, Christian Garc\u00e9s, tambi\u00e9n del Centro Democr\u00e1tico, radicaron un proyecto de ley con el que se pretenden\u00a0eliminar la figura especial del porte de armas, adoptada en el Gobierno de Juan Manuel Santos. De acuerdo a los impulsores del [&hellip;]\" \/>\n<meta property=\"og:url\" content=\"https:\/\/pagina10.com\/web\/representantes-del-centro-democratico-radicaron-proyecto-de-ley-para-regular-el-porte-de-armas\/\" \/>\n<meta property=\"og:site_name\" content=\"P\u00e1gina10\" \/>\n<meta property=\"article:publisher\" content=\"https:\/\/www.facebook.com\/pag10com\" \/>\n<meta property=\"article:published_time\" content=\"2021-03-17T17:35:01+00:00\" \/>\n<meta property=\"og:image\" content=\"https:\/\/pagina10.com\/web\/wp-content\/uploads\/2021\/03\/51992781_303.jpg\" \/>\n\t<meta property=\"og:image:width\" content=\"700\" \/>\n\t<meta property=\"og:image:height\" content=\"394\" \/>\n\t<meta property=\"og:image:type\" content=\"image\/jpeg\" \/>\n<meta name=\"author\" content=\"P\u00e1gina 10\" \/>\n<meta name=\"twitter:card\" content=\"summary_large_image\" \/>\n<meta name=\"twitter:creator\" content=\"@Pag10com\" \/>\n<meta name=\"twitter:site\" content=\"@Pag10com\" \/>\n<meta name=\"twitter:label1\" content=\"Escrito por\" \/>\n\t<meta name=\"twitter:data1\" content=\"P\u00e1gina 10\" \/>\n\t<meta name=\"twitter:label2\" content=\"Tiempo de lectura\" \/>\n\t<meta name=\"twitter:data2\" content=\"2 minutos\" \/>\n<script type=\"application\/ld+json\" class=\"yoast-schema-graph\">{\"@context\":\"https:\/\/schema.org\",\"@graph\":[{\"@type\":\"Article\",\"@id\":\"https:\/\/pagina10.com\/web\/representantes-del-centro-democratico-radicaron-proyecto-de-ley-para-regular-el-porte-de-armas\/#article\",\"isPartOf\":{\"@id\":\"https:\/\/pagina10.com\/web\/representantes-del-centro-democratico-radicaron-proyecto-de-ley-para-regular-el-porte-de-armas\/\"},\"author\":{\"name\":\"P\u00e1gina 10\",\"@id\":\"https:\/\/pagina10.com\/web\/#\/schema\/person\/2efc4a090d25b667d3bc796798a3a81b\"},\"headline\":\"Representantes del Centro Democr\u00e1tico radicaron proyecto de ley para regular el porte de armas.\",\"datePublished\":\"2021-03-17T17:35:01+00:00\",\"mainEntityOfPage\":{\"@id\":\"https:\/\/pagina10.com\/web\/representantes-del-centro-democratico-radicaron-proyecto-de-ley-para-regular-el-porte-de-armas\/\"},\"wordCount\":317,\"commentCount\":0,\"publisher\":{\"@id\":\"https:\/\/pagina10.com\/web\/#organization\"},\"image\":{\"@id\":\"https:\/\/pagina10.com\/web\/representantes-del-centro-democratico-radicaron-proyecto-de-ley-para-regular-el-porte-de-armas\/#primaryimage\"},\"thumbnailUrl\":\"https:\/\/pagina10.com\/web\/wp-content\/uploads\/2021\/03\/51992781_303.jpg\",\"articleSection\":[\"Nacional\"],\"inLanguage\":\"es\",\"potentialAction\":[{\"@type\":\"CommentAction\",\"name\":\"Comment\",\"target\":[\"https:\/\/pagina10.com\/web\/representantes-del-centro-democratico-radicaron-proyecto-de-ley-para-regular-el-porte-de-armas\/#respond\"]}]},{\"@type\":\"WebPage\",\"@id\":\"https:\/\/pagina10.com\/web\/representantes-del-centro-democratico-radicaron-proyecto-de-ley-para-regular-el-porte-de-armas\/\",\"url\":\"https:\/\/pagina10.com\/web\/representantes-del-centro-democratico-radicaron-proyecto-de-ley-para-regular-el-porte-de-armas\/\",\"name\":\"Representantes del Centro Democr\u00e1tico radicaron proyecto de ley para regular el porte de armas. | P\u00e1gina10\",\"isPartOf\":{\"@id\":\"https:\/\/pagina10.com\/web\/#website\"},\"primaryImageOfPage\":{\"@id\":\"https:\/\/pagina10.com\/web\/representantes-del-centro-democratico-radicaron-proyecto-de-ley-para-regular-el-porte-de-armas\/#primaryimage\"},\"image\":{\"@id\":\"https:\/\/pagina10.com\/web\/representantes-del-centro-democratico-radicaron-proyecto-de-ley-para-regular-el-porte-de-armas\/#primaryimage\"},\"thumbnailUrl\":\"https:\/\/pagina10.com\/web\/wp-content\/uploads\/2021\/03\/51992781_303.jpg\",\"datePublished\":\"2021-03-17T17:35:01+00:00\",\"breadcrumb\":{\"@id\":\"https:\/\/pagina10.com\/web\/representantes-del-centro-democratico-radicaron-proyecto-de-ley-para-regular-el-porte-de-armas\/#breadcrumb\"},\"inLanguage\":\"es\",\"potentialAction\":[{\"@type\":\"ReadAction\",\"target\":[\"https:\/\/pagina10.com\/web\/representantes-del-centro-democratico-radicaron-proyecto-de-ley-para-regular-el-porte-de-armas\/\"]}]},{\"@type\":\"ImageObject\",\"inLanguage\":\"es\",\"@id\":\"https:\/\/pagina10.com\/web\/representantes-del-centro-democratico-radicaron-proyecto-de-ley-para-regular-el-porte-de-armas\/#primaryimage\",\"url\":\"https:\/\/pagina10.com\/web\/wp-content\/uploads\/2021\/03\/51992781_303.jpg\",\"contentUrl\":\"https:\/\/pagina10.com\/web\/wp-content\/uploads\/2021\/03\/51992781_303.jpg\",\"width\":700,\"height\":394},{\"@type\":\"BreadcrumbList\",\"@id\":\"https:\/\/pagina10.com\/web\/representantes-del-centro-democratico-radicaron-proyecto-de-ley-para-regular-el-porte-de-armas\/#breadcrumb\",\"itemListElement\":[{\"@type\":\"ListItem\",\"position\":1,\"name\":\"Portada\",\"item\":\"https:\/\/pagina10.com\/web\/\"},{\"@type\":\"ListItem\",\"position\":2,\"name\":\"Representantes del Centro Democr\u00e1tico radicaron proyecto de ley para regular el porte de armas.\"}]},{\"@type\":\"WebSite\",\"@id\":\"https:\/\/pagina10.com\/web\/#website\",\"url\":\"https:\/\/pagina10.com\/web\/\",\"name\":\"P\u00e1gina10\",\"description\":\"Peri\u00f3dico Regional\",\"publisher\":{\"@id\":\"https:\/\/pagina10.com\/web\/#organization\"},\"alternateName\":\"P\u00e1gina10 Peri\u00f3dico Regional\",\"potentialAction\":[{\"@type\":\"SearchAction\",\"target\":{\"@type\":\"EntryPoint\",\"urlTemplate\":\"https:\/\/pagina10.com\/web\/?s={search_term_string}\"},\"query-input\":{\"@type\":\"PropertyValueSpecification\",\"valueRequired\":true,\"valueName\":\"search_term_string\"}}],\"inLanguage\":\"es\"},{\"@type\":\"Organization\",\"@id\":\"https:\/\/pagina10.com\/web\/#organization\",\"name\":\"P\u00e1gina10\",\"alternateName\":\"P\u00e1gina10 Peri\u00f3dico Regional\",\"url\":\"https:\/\/pagina10.com\/web\/\",\"logo\":{\"@type\":\"ImageObject\",\"inLanguage\":\"es\",\"@id\":\"https:\/\/pagina10.com\/web\/#\/schema\/logo\/image\/\",\"url\":\"https:\/\/pagina10.com\/web\/wp-content\/uploads\/2024\/01\/40-pagina-10-periodico-regional-pasto.jpg\",\"contentUrl\":\"https:\/\/pagina10.com\/web\/wp-content\/uploads\/2024\/01\/40-pagina-10-periodico-regional-pasto.jpg\",\"width\":1280,\"height\":720,\"caption\":\"P\u00e1gina10\"},\"image\":{\"@id\":\"https:\/\/pagina10.com\/web\/#\/schema\/logo\/image\/\"},\"sameAs\":[\"https:\/\/www.facebook.com\/pag10com\",\"https:\/\/x.com\/Pag10com\",\"https:\/\/www.instagram.com\/pagina10col\/\",\"https:\/\/youtube.com\/channel\/pag10\",\"https:\/\/www.tiktok.com\/@p10col\"]},{\"@type\":\"Person\",\"@id\":\"https:\/\/pagina10.com\/web\/#\/schema\/person\/2efc4a090d25b667d3bc796798a3a81b\",\"name\":\"P\u00e1gina 10\",\"description\":\"P\u00e1gina 10 es un peri\u00f3dico regional que nace en Colombia, en el departamento de Nari\u00f1o, con un enfoque global, fundamentado en cuatro pilares esenciales: la libertad, el pluralismo, la inclusi\u00f3n y la independencia. P\u00e1gina 10 hace referencia a Nari\u00f1o como el d\u00e9cimo departamento creado en Colombia, despu\u00e9s de un proceso pol\u00edtico liderado por actores y actrices regionales con el fin de obtener la independencia y autonom\u00eda de nuestros territorios. Con la creaci\u00f3n de P\u00e1gina 10 se pretende abrir un escenario para el dialogo, la reflexi\u00f3n y el debate que se extienda a otras geograf\u00edas de Am\u00e9rica Latina y del planeta, en una apuesta por transformar colectivamente los desaf\u00edos de un mundo contempor\u00e1neo, m\u00e1s all\u00e1 de las fronteras impuestas.\",\"url\":\"https:\/\/pagina10.com\/web\/author\/pdiezadmin\/\"}]}<\/script>\n<!-- \/ Yoast SEO plugin. -->","yoast_head_json":{"title":"Representantes del Centro Democr\u00e1tico radicaron proyecto de ley para regular el porte de armas. | P\u00e1gina10","robots":{"index":"index","follow":"follow","max-snippet":"max-snippet:-1","max-image-preview":"max-image-preview:large","max-video-preview":"max-video-preview:-1"},"canonical":"https:\/\/pagina10.com\/web\/representantes-del-centro-democratico-radicaron-proyecto-de-ley-para-regular-el-porte-de-armas\/","og_locale":"es_ES","og_type":"article","og_title":"Representantes del Centro Democr\u00e1tico radicaron proyecto de ley para regular el porte de armas. | P\u00e1gina10","og_description":"Este 16 de marzo, la senadora del Centro Democr\u00e1tico, Mar\u00eda Fernanda Cabal, junto con el representante a C\u00e1mara, Christian Garc\u00e9s, tambi\u00e9n del Centro Democr\u00e1tico, radicaron un proyecto de ley con el que se pretenden\u00a0eliminar la figura especial del porte de armas, adoptada en el Gobierno de Juan Manuel Santos. De acuerdo a los impulsores del [&hellip;]","og_url":"https:\/\/pagina10.com\/web\/representantes-del-centro-democratico-radicaron-proyecto-de-ley-para-regular-el-porte-de-armas\/","og_site_name":"P\u00e1gina10","article_publisher":"https:\/\/www.facebook.com\/pag10com","article_published_time":"2021-03-17T17:35:01+00:00","og_image":[{"width":700,"height":394,"url":"https:\/\/pagina10.com\/web\/wp-content\/uploads\/2021\/03\/51992781_303.jpg","type":"image\/jpeg"}],"author":"P\u00e1gina 10","twitter_card":"summary_large_image","twitter_creator":"@Pag10com","twitter_site":"@Pag10com","twitter_misc":{"Escrito por":"P\u00e1gina 10","Tiempo de lectura":"2 minutos"},"schema":{"@context":"https:\/\/schema.org","@graph":[{"@type":"Article","@id":"https:\/\/pagina10.com\/web\/representantes-del-centro-democratico-radicaron-proyecto-de-ley-para-regular-el-porte-de-armas\/#article","isPartOf":{"@id":"https:\/\/pagina10.com\/web\/representantes-del-centro-democratico-radicaron-proyecto-de-ley-para-regular-el-porte-de-armas\/"},"author":{"name":"P\u00e1gina 10","@id":"https:\/\/pagina10.com\/web\/#\/schema\/person\/2efc4a090d25b667d3bc796798a3a81b"},"headline":"Representantes del Centro Democr\u00e1tico radicaron proyecto de ley para regular el porte de armas.","datePublished":"2021-03-17T17:35:01+00:00","mainEntityOfPage":{"@id":"https:\/\/pagina10.com\/web\/representantes-del-centro-democratico-radicaron-proyecto-de-ley-para-regular-el-porte-de-armas\/"},"wordCount":317,"commentCount":0,"publisher":{"@id":"https:\/\/pagina10.com\/web\/#organization"},"image":{"@id":"https:\/\/pagina10.com\/web\/representantes-del-centro-democratico-radicaron-proyecto-de-ley-para-regular-el-porte-de-armas\/#primaryimage"},"thumbnailUrl":"https:\/\/pagina10.com\/web\/wp-content\/uploads\/2021\/03\/51992781_303.jpg","articleSection":["Nacional"],"inLanguage":"es","potentialAction":[{"@type":"CommentAction","name":"Comment","target":["https:\/\/pagina10.com\/web\/representantes-del-centro-democratico-radicaron-proyecto-de-ley-para-regular-el-porte-de-armas\/#respond"]}]},{"@type":"WebPage","@id":"https:\/\/pagina10.com\/web\/representantes-del-centro-democratico-radicaron-proyecto-de-ley-para-regular-el-porte-de-armas\/","url":"https:\/\/pagina10.com\/web\/representantes-del-centro-democratico-radicaron-proyecto-de-ley-para-regular-el-porte-de-armas\/","name":"Representantes del Centro Democr\u00e1tico radicaron proyecto de ley para regular el porte de armas. | P\u00e1gina10","isPartOf":{"@id":"https:\/\/pagina10.com\/web\/#website"},"primaryImageOfPage":{"@id":"https:\/\/pagina10.com\/web\/representantes-del-centro-democratico-radicaron-proyecto-de-ley-para-regular-el-porte-de-armas\/#primaryimage"},"image":{"@id":"https:\/\/pagina10.com\/web\/representantes-del-centro-democratico-radicaron-proyecto-de-ley-para-regular-el-porte-de-armas\/#primaryimage"},"thumbnailUrl":"https:\/\/pagina10.com\/web\/wp-content\/uploads\/2021\/03\/51992781_303.jpg","datePublished":"2021-03-17T17:35:01+00:00","breadcrumb":{"@id":"https:\/\/pagina10.com\/web\/representantes-del-centro-democratico-radicaron-proyecto-de-ley-para-regular-el-porte-de-armas\/#breadcrumb"},"inLanguage":"es","potentialAction":[{"@type":"ReadAction","target":["https:\/\/pagina10.com\/web\/representantes-del-centro-democratico-radicaron-proyecto-de-ley-para-regular-el-porte-de-armas\/"]}]},{"@type":"ImageObject","inLanguage":"es","@id":"https:\/\/pagina10.com\/web\/representantes-del-centro-democratico-radicaron-proyecto-de-ley-para-regular-el-porte-de-armas\/#primaryimage","url":"https:\/\/pagina10.com\/web\/wp-content\/uploads\/2021\/03\/51992781_303.jpg","contentUrl":"https:\/\/pagina10.com\/web\/wp-content\/uploads\/2021\/03\/51992781_303.jpg","width":700,"height":394},{"@type":"BreadcrumbList","@id":"https:\/\/pagina10.com\/web\/representantes-del-centro-democratico-radicaron-proyecto-de-ley-para-regular-el-porte-de-armas\/#breadcrumb","itemListElement":[{"@type":"ListItem","position":1,"name":"Portada","item":"https:\/\/pagina10.com\/web\/"},{"@type":"ListItem","position":2,"name":"Representantes del Centro Democr\u00e1tico radicaron proyecto de ley para regular el porte de armas."}]},{"@type":"WebSite","@id":"https:\/\/pagina10.com\/web\/#website","url":"https:\/\/pagina10.com\/web\/","name":"P\u00e1gina10","description":"Peri\u00f3dico Regional","publisher":{"@id":"https:\/\/pagina10.com\/web\/#organization"},"alternateName":"P\u00e1gina10 Peri\u00f3dico Regional","potentialAction":[{"@type":"SearchAction","target":{"@type":"EntryPoint","urlTemplate":"https:\/\/pagina10.com\/web\/?s={search_term_string}"},"query-input":{"@type":"PropertyValueSpecification","valueRequired":true,"valueName":"search_term_string"}}],"inLanguage":"es"},{"@type":"Organization","@id":"https:\/\/pagina10.com\/web\/#organization","name":"P\u00e1gina10","alternateName":"P\u00e1gina10 Peri\u00f3dico Regional","url":"https:\/\/pagina10.com\/web\/","logo":{"@type":"ImageObject","inLanguage":"es","@id":"https:\/\/pagina10.com\/web\/#\/schema\/logo\/image\/","url":"https:\/\/pagina10.com\/web\/wp-content\/uploads\/2024\/01\/40-pagina-10-periodico-regional-pasto.jpg","contentUrl":"https:\/\/pagina10.com\/web\/wp-content\/uploads\/2024\/01\/40-pagina-10-periodico-regional-pasto.jpg","width":1280,"height":720,"caption":"P\u00e1gina10"},"image":{"@id":"https:\/\/pagina10.com\/web\/#\/schema\/logo\/image\/"},"sameAs":["https:\/\/www.facebook.com\/pag10com","https:\/\/x.com\/Pag10com","https:\/\/www.instagram.com\/pagina10col\/","https:\/\/youtube.com\/channel\/pag10","https:\/\/www.tiktok.com\/@p10col"]},{"@type":"Person","@id":"https:\/\/pagina10.com\/web\/#\/schema\/person\/2efc4a090d25b667d3bc796798a3a81b","name":"P\u00e1gina 10","description":"P\u00e1gina 10 es un peri\u00f3dico regional que nace en Colombia, en el departamento de Nari\u00f1o, con un enfoque global, fundamentado en cuatro pilares esenciales: la libertad, el pluralismo, la inclusi\u00f3n y la independencia. P\u00e1gina 10 hace referencia a Nari\u00f1o como el d\u00e9cimo departamento creado en Colombia, despu\u00e9s de un proceso pol\u00edtico liderado por actores y actrices regionales con el fin de obtener la independencia y autonom\u00eda de nuestros territorios. Con la creaci\u00f3n de P\u00e1gina 10 se pretende abrir un escenario para el dialogo, la reflexi\u00f3n y el debate que se extienda a otras geograf\u00edas de Am\u00e9rica Latina y del planeta, en una apuesta por transformar colectivamente los desaf\u00edos de un mundo contempor\u00e1neo, m\u00e1s all\u00e1 de las fronteras impuestas.","url":"https:\/\/pagina10.com\/web\/author\/pdiezadmin\/"}]}},"_links":{"self":[{"href":"https:\/\/pagina10.com\/web\/wp-json\/wp\/v2\/posts\/51208","targetHints":{"allow":["GET"]}}],"collection":[{"href":"https:\/\/pagina10.com\/web\/wp-json\/wp\/v2\/posts"}],"about":[{"href":"https:\/\/pagina10.com\/web\/wp-json\/wp\/v2\/types\/post"}],"author":[{"embeddable":true,"href":"https:\/\/pagina10.com\/web\/wp-json\/wp\/v2\/users\/1"}],"replies":[{"embeddable":true,"href":"https:\/\/pagina10.com\/web\/wp-json\/wp\/v2\/comments?post=51208"}],"version-history":[{"count":1,"href":"https:\/\/pagina10.com\/web\/wp-json\/wp\/v2\/posts\/51208\/revisions"}],"predecessor-version":[{"id":51210,"href":"https:\/\/pagina10.com\/web\/wp-json\/wp\/v2\/posts\/51208\/revisions\/51210"}],"wp:featuredmedia":[{"embeddable":true,"href":"https:\/\/pagina10.com\/web\/wp-json\/wp\/v2\/media\/51209"}],"wp:attachment":[{"href":"https:\/\/pagina10.com\/web\/wp-json\/wp\/v2\/media?parent=51208"}],"wp:term":[{"taxonomy":"category","embeddable":true,"href":"https:\/\/pagina10.com\/web\/wp-json\/wp\/v2\/categories?post=51208"},{"taxonomy":"post_tag","embeddable":true,"href":"https:\/\/pagina10.com\/web\/wp-json\/wp\/v2\/tags?post=51208"}],"curies":[{"name":"wp","href":"https:\/\/api.w.org\/{rel}","templated":true}]}}