{"id":51217,"date":"2021-03-17T13:35:27","date_gmt":"2021-03-17T18:35:27","guid":{"rendered":"https:\/\/pagina10.com\/web\/?p=51217"},"modified":"2021-03-17T13:35:27","modified_gmt":"2021-03-17T18:35:27","slug":"suspension-programada-del-servicio-de-energia-en-la-zona-centro-del-departamento-de-narino","status":"publish","type":"post","link":"https:\/\/pagina10.com\/web\/suspension-programada-del-servicio-de-energia-en-la-zona-centro-del-departamento-de-narino\/","title":{"rendered":"Suspensi\u00f3n programada del servicio de energ\u00eda en la zona centro del Departamento de Nari\u00f1o."},"content":{"rendered":"<p style=\"text-align: justify;\">Con el fin de ejecutar actividades de mantenimiento programado sobre activos pertenecientes al sistema de transmisi\u00f3n nacional ISA INTERCOLOMBIA S.A. E.S.P,\u00a0realizar\u00e1 trabajos sobre la Subestaci\u00f3n Jamondino ubicada en el municipio de Pasto. Como condici\u00f3n operativa de dicha actividad se limitar\u00e1 la demanda hacia los usuarios de\u00a0CEDENAR S.A. E.S.P.\u00a0raz\u00f3n por la cual se requiere realizar la suspensi\u00f3n del servicio de energ\u00eda el\u00e9ctrica, buscando garantizar condiciones \u00f3ptimas del sistema y permitir as\u00ed el avance de los planes de mantenimiento a nivel nacional.<strong><br \/>\n<\/strong><\/p>\n<p style=\"text-align: justify;\">CEDENAR S.A. E.S.P. ha programado la suspensi\u00f3n de la siguiente manera:<\/p>\n<p style=\"text-align: justify;\"><strong>Fecha:<\/strong>\u00a0Lunes 22 de Marzo de 2021.<\/p>\n<p style=\"text-align: justify;\"><strong>Hora:<\/strong>\u00a07:00 AM hasta 5:00 PM.<\/p>\n<p style=\"text-align: justify;\">\n<p style=\"text-align: justify;\"><strong>Sectores de suspensi\u00f3n:<\/strong><\/p>\n<p style=\"text-align: justify;\"><strong>\u00a0<\/strong><\/p>\n<p style=\"text-align: justify;\"><strong><u>MUNICIPIO DE PASTO<\/u><\/strong><\/p>\n<p style=\"text-align: justify;\">\n<p style=\"text-align: justify;\"><strong>Circuito 41CA07<\/strong>\u00a0comprende los siguientes sectores: Jongovito, Catambuco, Botana, Botanilla, Gualmat\u00e1n, Ladrillera del sur, Campanero, Granja Universidad de Nari\u00f1o, Matadero Municipal.<\/p>\n<p style=\"text-align: justify;\"><strong>Circuito 41CA08<\/strong>\u00a0comprende los siguientes sectores: Chamb\u00fa I,\u00a0 Chamb\u00fa II, Altos de Chapalito y Bel\u00e9n.<\/p>\n<p style=\"text-align: justify;\"><strong>Circuito 41CA09<\/strong>\u00a0comprende los siguientes sectores: Primavera, San Sebasti\u00e1n, Jardines Mercedes, Colegio INEM, Quito L\u00f3pez, Los H\u00e9roes, Villa Vergel, Villa Campanela, San Vicente, El Bosque, San Miguel, El Ed\u00e9n y Sindamanoy.<\/p>\n<p style=\"text-align: justify;\"><strong>Circuito 41CA10<\/strong>\u00a0comprende los siguientes sectores: Nueva Colombia, Navarrete, Avenida Champagnat, Hospital departamental, Granada, Mercola, Carrera 14 entre calle\u00a018 a\u00a020 Colegio San Juan Bosco, Batall\u00f3n Boyac\u00e1, San Miguel, Javeriano, Molinos Colombia, Molinos San Nicol\u00e1s y Alambra.<\/p>\n<p style=\"text-align: justify;\"><strong>Circuito 41CA15\u00a0<\/strong>comprende los siguientes sectores: Salida al sur, Parque Chapalito, Caracolito, Chapal, San Mart\u00edn, Santa Clara, El Pilar, Carrera 4 entre\u00a012 a\u00a013, El Remanso,\u00a0La Rosa,\u00a0La Minga, I y II, Lorenzo, Colegio Ciudad de Pasto, Villa Ol\u00edmpica, Cantarana, Doce de Octubre, Puertas del Sol, Terminal de Transporte, Villa Docente, Villas del Sol, Refugios del Sol, Miraflores, El Rosario, Villa Victoria, Porvenir,\u00a0 Jamondino y\u00a0corregimiento del Encano.<\/p>\n<p style=\"text-align: justify;\"><strong>Circuito 41CA20<\/strong>\u00a0comprende los siguientes sectores: la Palma, CAM Anganoy, Empopasto Mijitayo, Obonuco, Altamira, Jerusal\u00e9n, San Juan de Anganoy, los Lirios, San Cayetano y volc\u00e1n Galeras.<\/p>\n<p style=\"text-align: justify;\"><strong>Circuito 41JA41EN\u00a0<\/strong>Comprende el corregimiento de El Encano y sus \u00e1reas rurales.<\/p>\n<p>&nbsp;<\/p>\n<p style=\"text-align: justify;\"><strong><u>MUNICIPIO DE CHACHAG\u00dc\u00cd \u00a0<\/u><\/strong>Comprende sector urbano y sus \u00e1reas rurales. Incluye Aeropuerto y Comfamiliar.<\/p>\n<p style=\"text-align: justify;\"><strong><u>MUNICIPIO DE EL TAMBO\u00a0<\/u><\/strong><strong>\u00a0<\/strong>Comprende sector urbano y sus \u00e1reas rurales.<\/p>\n<p style=\"text-align: justify;\"><strong><u>MUNICIPIO DE BUESACO<\/u><\/strong><strong>\u00a0<\/strong>Comprende \u00fanicamente el sector urbano.<\/p>\n<p style=\"text-align: justify;\"><strong><u>SISTEMA DE DISTRIBUCI\u00d3N DE EMEVASI<\/u><\/strong><strong>\u00a0<\/strong>Comprende los municipios y sectores rurales de Col\u00f3n, San Francisco, Santiago y Sibundoy en el departamento del Putumayo.<\/p>\n<p style=\"text-align: justify;\"><strong>\u00a0<\/strong><\/p>\n<p style=\"text-align: justify;\">Agradecemos su atenci\u00f3n y comprensi\u00f3n ante esta suspensi\u00f3n programada.<\/p>\n","protected":false},"excerpt":{"rendered":"<p>Con el fin de ejecutar actividades de mantenimiento programado sobre activos pertenecientes al sistema de transmisi\u00f3n nacional ISA INTERCOLOMBIA S.A. E.S.P,\u00a0realizar\u00e1 trabajos sobre la Subestaci\u00f3n Jamondino ubicada en el municipio de Pasto. Como condici\u00f3n operativa de dicha actividad se limitar\u00e1 la demanda hacia los usuarios de\u00a0CEDENAR S.A. E.S.P.\u00a0raz\u00f3n por la cual se requiere realizar la [&hellip;]<\/p>\n","protected":false},"author":1,"featured_media":51218,"comment_status":"open","ping_status":"open","sticky":false,"template":"","format":"standard","meta":{"footnotes":""},"categories":[53],"tags":[],"class_list":["post-51217","post","type-post","status-publish","format-standard","has-post-thumbnail","hentry","category-regiones"],"yoast_head":"<!-- This site is optimized with the Yoast SEO plugin v27.1.1 - https:\/\/yoast.com\/product\/yoast-seo-wordpress\/ -->\n<title>Suspensi\u00f3n programada del servicio de energ\u00eda en la zona centro del Departamento de Nari\u00f1o. | P\u00e1gina10<\/title>\n<meta name=\"robots\" content=\"index, follow, max-snippet:-1, max-image-preview:large, max-video-preview:-1\" \/>\n<link rel=\"canonical\" href=\"https:\/\/pagina10.com\/web\/suspension-programada-del-servicio-de-energia-en-la-zona-centro-del-departamento-de-narino\/\" \/>\n<meta property=\"og:locale\" content=\"es_ES\" \/>\n<meta property=\"og:type\" content=\"article\" \/>\n<meta property=\"og:title\" content=\"Suspensi\u00f3n programada del servicio de energ\u00eda en la zona centro del Departamento de Nari\u00f1o. | P\u00e1gina10\" \/>\n<meta property=\"og:description\" content=\"Con el fin de ejecutar actividades de mantenimiento programado sobre activos pertenecientes al sistema de transmisi\u00f3n nacional ISA INTERCOLOMBIA S.A. E.S.P,\u00a0realizar\u00e1 trabajos sobre la Subestaci\u00f3n Jamondino ubicada en el municipio de Pasto. Como condici\u00f3n operativa de dicha actividad se limitar\u00e1 la demanda hacia los usuarios de\u00a0CEDENAR S.A. E.S.P.\u00a0raz\u00f3n por la cual se requiere realizar la [&hellip;]\" \/>\n<meta property=\"og:url\" content=\"https:\/\/pagina10.com\/web\/suspension-programada-del-servicio-de-energia-en-la-zona-centro-del-departamento-de-narino\/\" \/>\n<meta property=\"og:site_name\" content=\"P\u00e1gina10\" \/>\n<meta property=\"article:publisher\" content=\"https:\/\/www.facebook.com\/pag10com\" \/>\n<meta property=\"article:published_time\" content=\"2021-03-17T18:35:27+00:00\" \/>\n<meta property=\"og:image\" content=\"https:\/\/pagina10.com\/web\/wp-content\/uploads\/2021\/03\/unnamed-1.jpg\" \/>\n\t<meta property=\"og:image:width\" content=\"512\" \/>\n\t<meta property=\"og:image:height\" content=\"256\" \/>\n\t<meta property=\"og:image:type\" content=\"image\/jpeg\" \/>\n<meta name=\"author\" content=\"P\u00e1gina 10\" \/>\n<meta name=\"twitter:card\" content=\"summary_large_image\" \/>\n<meta name=\"twitter:creator\" content=\"@Pag10com\" \/>\n<meta name=\"twitter:site\" content=\"@Pag10com\" \/>\n<meta name=\"twitter:label1\" content=\"Escrito por\" \/>\n\t<meta name=\"twitter:data1\" content=\"P\u00e1gina 10\" \/>\n\t<meta name=\"twitter:label2\" content=\"Tiempo de lectura\" \/>\n\t<meta name=\"twitter:data2\" content=\"2 minutos\" \/>\n<script type=\"application\/ld+json\" class=\"yoast-schema-graph\">{\"@context\":\"https:\/\/schema.org\",\"@graph\":[{\"@type\":\"Article\",\"@id\":\"https:\/\/pagina10.com\/web\/suspension-programada-del-servicio-de-energia-en-la-zona-centro-del-departamento-de-narino\/#article\",\"isPartOf\":{\"@id\":\"https:\/\/pagina10.com\/web\/suspension-programada-del-servicio-de-energia-en-la-zona-centro-del-departamento-de-narino\/\"},\"author\":{\"name\":\"P\u00e1gina 10\",\"@id\":\"https:\/\/pagina10.com\/web\/#\/schema\/person\/2efc4a090d25b667d3bc796798a3a81b\"},\"headline\":\"Suspensi\u00f3n programada del servicio de energ\u00eda en la zona centro del Departamento de Nari\u00f1o.\",\"datePublished\":\"2021-03-17T18:35:27+00:00\",\"mainEntityOfPage\":{\"@id\":\"https:\/\/pagina10.com\/web\/suspension-programada-del-servicio-de-energia-en-la-zona-centro-del-departamento-de-narino\/\"},\"wordCount\":436,\"commentCount\":0,\"publisher\":{\"@id\":\"https:\/\/pagina10.com\/web\/#organization\"},\"image\":{\"@id\":\"https:\/\/pagina10.com\/web\/suspension-programada-del-servicio-de-energia-en-la-zona-centro-del-departamento-de-narino\/#primaryimage\"},\"thumbnailUrl\":\"https:\/\/pagina10.com\/web\/wp-content\/uploads\/2021\/03\/unnamed-1.jpg\",\"articleSection\":[\"Regiones\"],\"inLanguage\":\"es\",\"potentialAction\":[{\"@type\":\"CommentAction\",\"name\":\"Comment\",\"target\":[\"https:\/\/pagina10.com\/web\/suspension-programada-del-servicio-de-energia-en-la-zona-centro-del-departamento-de-narino\/#respond\"]}]},{\"@type\":\"WebPage\",\"@id\":\"https:\/\/pagina10.com\/web\/suspension-programada-del-servicio-de-energia-en-la-zona-centro-del-departamento-de-narino\/\",\"url\":\"https:\/\/pagina10.com\/web\/suspension-programada-del-servicio-de-energia-en-la-zona-centro-del-departamento-de-narino\/\",\"name\":\"Suspensi\u00f3n programada del servicio de energ\u00eda en la zona centro del Departamento de Nari\u00f1o. | P\u00e1gina10\",\"isPartOf\":{\"@id\":\"https:\/\/pagina10.com\/web\/#website\"},\"primaryImageOfPage\":{\"@id\":\"https:\/\/pagina10.com\/web\/suspension-programada-del-servicio-de-energia-en-la-zona-centro-del-departamento-de-narino\/#primaryimage\"},\"image\":{\"@id\":\"https:\/\/pagina10.com\/web\/suspension-programada-del-servicio-de-energia-en-la-zona-centro-del-departamento-de-narino\/#primaryimage\"},\"thumbnailUrl\":\"https:\/\/pagina10.com\/web\/wp-content\/uploads\/2021\/03\/unnamed-1.jpg\",\"datePublished\":\"2021-03-17T18:35:27+00:00\",\"breadcrumb\":{\"@id\":\"https:\/\/pagina10.com\/web\/suspension-programada-del-servicio-de-energia-en-la-zona-centro-del-departamento-de-narino\/#breadcrumb\"},\"inLanguage\":\"es\",\"potentialAction\":[{\"@type\":\"ReadAction\",\"target\":[\"https:\/\/pagina10.com\/web\/suspension-programada-del-servicio-de-energia-en-la-zona-centro-del-departamento-de-narino\/\"]}]},{\"@type\":\"ImageObject\",\"inLanguage\":\"es\",\"@id\":\"https:\/\/pagina10.com\/web\/suspension-programada-del-servicio-de-energia-en-la-zona-centro-del-departamento-de-narino\/#primaryimage\",\"url\":\"https:\/\/pagina10.com\/web\/wp-content\/uploads\/2021\/03\/unnamed-1.jpg\",\"contentUrl\":\"https:\/\/pagina10.com\/web\/wp-content\/uploads\/2021\/03\/unnamed-1.jpg\",\"width\":512,\"height\":256},{\"@type\":\"BreadcrumbList\",\"@id\":\"https:\/\/pagina10.com\/web\/suspension-programada-del-servicio-de-energia-en-la-zona-centro-del-departamento-de-narino\/#breadcrumb\",\"itemListElement\":[{\"@type\":\"ListItem\",\"position\":1,\"name\":\"Portada\",\"item\":\"https:\/\/pagina10.com\/web\/\"},{\"@type\":\"ListItem\",\"position\":2,\"name\":\"Suspensi\u00f3n programada del servicio de energ\u00eda en la zona centro del Departamento de Nari\u00f1o.\"}]},{\"@type\":\"WebSite\",\"@id\":\"https:\/\/pagina10.com\/web\/#website\",\"url\":\"https:\/\/pagina10.com\/web\/\",\"name\":\"P\u00e1gina10\",\"description\":\"Peri\u00f3dico Regional\",\"publisher\":{\"@id\":\"https:\/\/pagina10.com\/web\/#organization\"},\"alternateName\":\"P\u00e1gina10 Peri\u00f3dico Regional\",\"potentialAction\":[{\"@type\":\"SearchAction\",\"target\":{\"@type\":\"EntryPoint\",\"urlTemplate\":\"https:\/\/pagina10.com\/web\/?s={search_term_string}\"},\"query-input\":{\"@type\":\"PropertyValueSpecification\",\"valueRequired\":true,\"valueName\":\"search_term_string\"}}],\"inLanguage\":\"es\"},{\"@type\":\"Organization\",\"@id\":\"https:\/\/pagina10.com\/web\/#organization\",\"name\":\"P\u00e1gina10\",\"alternateName\":\"P\u00e1gina10 Peri\u00f3dico Regional\",\"url\":\"https:\/\/pagina10.com\/web\/\",\"logo\":{\"@type\":\"ImageObject\",\"inLanguage\":\"es\",\"@id\":\"https:\/\/pagina10.com\/web\/#\/schema\/logo\/image\/\",\"url\":\"https:\/\/pagina10.com\/web\/wp-content\/uploads\/2024\/01\/40-pagina-10-periodico-regional-pasto.jpg\",\"contentUrl\":\"https:\/\/pagina10.com\/web\/wp-content\/uploads\/2024\/01\/40-pagina-10-periodico-regional-pasto.jpg\",\"width\":1280,\"height\":720,\"caption\":\"P\u00e1gina10\"},\"image\":{\"@id\":\"https:\/\/pagina10.com\/web\/#\/schema\/logo\/image\/\"},\"sameAs\":[\"https:\/\/www.facebook.com\/pag10com\",\"https:\/\/x.com\/Pag10com\",\"https:\/\/www.instagram.com\/pagina10col\/\",\"https:\/\/youtube.com\/channel\/pag10\",\"https:\/\/www.tiktok.com\/@p10col\"]},{\"@type\":\"Person\",\"@id\":\"https:\/\/pagina10.com\/web\/#\/schema\/person\/2efc4a090d25b667d3bc796798a3a81b\",\"name\":\"P\u00e1gina 10\",\"description\":\"P\u00e1gina 10 es un peri\u00f3dico regional que nace en Colombia, en el departamento de Nari\u00f1o, con un enfoque global, fundamentado en cuatro pilares esenciales: la libertad, el pluralismo, la inclusi\u00f3n y la independencia. P\u00e1gina 10 hace referencia a Nari\u00f1o como el d\u00e9cimo departamento creado en Colombia, despu\u00e9s de un proceso pol\u00edtico liderado por actores y actrices regionales con el fin de obtener la independencia y autonom\u00eda de nuestros territorios. Con la creaci\u00f3n de P\u00e1gina 10 se pretende abrir un escenario para el dialogo, la reflexi\u00f3n y el debate que se extienda a otras geograf\u00edas de Am\u00e9rica Latina y del planeta, en una apuesta por transformar colectivamente los desaf\u00edos de un mundo contempor\u00e1neo, m\u00e1s all\u00e1 de las fronteras impuestas.\",\"url\":\"https:\/\/pagina10.com\/web\/author\/pdiezadmin\/\"}]}<\/script>\n<!-- \/ Yoast SEO plugin. -->","yoast_head_json":{"title":"Suspensi\u00f3n programada del servicio de energ\u00eda en la zona centro del Departamento de Nari\u00f1o. | P\u00e1gina10","robots":{"index":"index","follow":"follow","max-snippet":"max-snippet:-1","max-image-preview":"max-image-preview:large","max-video-preview":"max-video-preview:-1"},"canonical":"https:\/\/pagina10.com\/web\/suspension-programada-del-servicio-de-energia-en-la-zona-centro-del-departamento-de-narino\/","og_locale":"es_ES","og_type":"article","og_title":"Suspensi\u00f3n programada del servicio de energ\u00eda en la zona centro del Departamento de Nari\u00f1o. | P\u00e1gina10","og_description":"Con el fin de ejecutar actividades de mantenimiento programado sobre activos pertenecientes al sistema de transmisi\u00f3n nacional ISA INTERCOLOMBIA S.A. E.S.P,\u00a0realizar\u00e1 trabajos sobre la Subestaci\u00f3n Jamondino ubicada en el municipio de Pasto. Como condici\u00f3n operativa de dicha actividad se limitar\u00e1 la demanda hacia los usuarios de\u00a0CEDENAR S.A. E.S.P.\u00a0raz\u00f3n por la cual se requiere realizar la [&hellip;]","og_url":"https:\/\/pagina10.com\/web\/suspension-programada-del-servicio-de-energia-en-la-zona-centro-del-departamento-de-narino\/","og_site_name":"P\u00e1gina10","article_publisher":"https:\/\/www.facebook.com\/pag10com","article_published_time":"2021-03-17T18:35:27+00:00","og_image":[{"width":512,"height":256,"url":"https:\/\/pagina10.com\/web\/wp-content\/uploads\/2021\/03\/unnamed-1.jpg","type":"image\/jpeg"}],"author":"P\u00e1gina 10","twitter_card":"summary_large_image","twitter_creator":"@Pag10com","twitter_site":"@Pag10com","twitter_misc":{"Escrito por":"P\u00e1gina 10","Tiempo de lectura":"2 minutos"},"schema":{"@context":"https:\/\/schema.org","@graph":[{"@type":"Article","@id":"https:\/\/pagina10.com\/web\/suspension-programada-del-servicio-de-energia-en-la-zona-centro-del-departamento-de-narino\/#article","isPartOf":{"@id":"https:\/\/pagina10.com\/web\/suspension-programada-del-servicio-de-energia-en-la-zona-centro-del-departamento-de-narino\/"},"author":{"name":"P\u00e1gina 10","@id":"https:\/\/pagina10.com\/web\/#\/schema\/person\/2efc4a090d25b667d3bc796798a3a81b"},"headline":"Suspensi\u00f3n programada del servicio de energ\u00eda en la zona centro del Departamento de Nari\u00f1o.","datePublished":"2021-03-17T18:35:27+00:00","mainEntityOfPage":{"@id":"https:\/\/pagina10.com\/web\/suspension-programada-del-servicio-de-energia-en-la-zona-centro-del-departamento-de-narino\/"},"wordCount":436,"commentCount":0,"publisher":{"@id":"https:\/\/pagina10.com\/web\/#organization"},"image":{"@id":"https:\/\/pagina10.com\/web\/suspension-programada-del-servicio-de-energia-en-la-zona-centro-del-departamento-de-narino\/#primaryimage"},"thumbnailUrl":"https:\/\/pagina10.com\/web\/wp-content\/uploads\/2021\/03\/unnamed-1.jpg","articleSection":["Regiones"],"inLanguage":"es","potentialAction":[{"@type":"CommentAction","name":"Comment","target":["https:\/\/pagina10.com\/web\/suspension-programada-del-servicio-de-energia-en-la-zona-centro-del-departamento-de-narino\/#respond"]}]},{"@type":"WebPage","@id":"https:\/\/pagina10.com\/web\/suspension-programada-del-servicio-de-energia-en-la-zona-centro-del-departamento-de-narino\/","url":"https:\/\/pagina10.com\/web\/suspension-programada-del-servicio-de-energia-en-la-zona-centro-del-departamento-de-narino\/","name":"Suspensi\u00f3n programada del servicio de energ\u00eda en la zona centro del Departamento de Nari\u00f1o. | P\u00e1gina10","isPartOf":{"@id":"https:\/\/pagina10.com\/web\/#website"},"primaryImageOfPage":{"@id":"https:\/\/pagina10.com\/web\/suspension-programada-del-servicio-de-energia-en-la-zona-centro-del-departamento-de-narino\/#primaryimage"},"image":{"@id":"https:\/\/pagina10.com\/web\/suspension-programada-del-servicio-de-energia-en-la-zona-centro-del-departamento-de-narino\/#primaryimage"},"thumbnailUrl":"https:\/\/pagina10.com\/web\/wp-content\/uploads\/2021\/03\/unnamed-1.jpg","datePublished":"2021-03-17T18:35:27+00:00","breadcrumb":{"@id":"https:\/\/pagina10.com\/web\/suspension-programada-del-servicio-de-energia-en-la-zona-centro-del-departamento-de-narino\/#breadcrumb"},"inLanguage":"es","potentialAction":[{"@type":"ReadAction","target":["https:\/\/pagina10.com\/web\/suspension-programada-del-servicio-de-energia-en-la-zona-centro-del-departamento-de-narino\/"]}]},{"@type":"ImageObject","inLanguage":"es","@id":"https:\/\/pagina10.com\/web\/suspension-programada-del-servicio-de-energia-en-la-zona-centro-del-departamento-de-narino\/#primaryimage","url":"https:\/\/pagina10.com\/web\/wp-content\/uploads\/2021\/03\/unnamed-1.jpg","contentUrl":"https:\/\/pagina10.com\/web\/wp-content\/uploads\/2021\/03\/unnamed-1.jpg","width":512,"height":256},{"@type":"BreadcrumbList","@id":"https:\/\/pagina10.com\/web\/suspension-programada-del-servicio-de-energia-en-la-zona-centro-del-departamento-de-narino\/#breadcrumb","itemListElement":[{"@type":"ListItem","position":1,"name":"Portada","item":"https:\/\/pagina10.com\/web\/"},{"@type":"ListItem","position":2,"name":"Suspensi\u00f3n programada del servicio de energ\u00eda en la zona centro del Departamento de Nari\u00f1o."}]},{"@type":"WebSite","@id":"https:\/\/pagina10.com\/web\/#website","url":"https:\/\/pagina10.com\/web\/","name":"P\u00e1gina10","description":"Peri\u00f3dico Regional","publisher":{"@id":"https:\/\/pagina10.com\/web\/#organization"},"alternateName":"P\u00e1gina10 Peri\u00f3dico Regional","potentialAction":[{"@type":"SearchAction","target":{"@type":"EntryPoint","urlTemplate":"https:\/\/pagina10.com\/web\/?s={search_term_string}"},"query-input":{"@type":"PropertyValueSpecification","valueRequired":true,"valueName":"search_term_string"}}],"inLanguage":"es"},{"@type":"Organization","@id":"https:\/\/pagina10.com\/web\/#organization","name":"P\u00e1gina10","alternateName":"P\u00e1gina10 Peri\u00f3dico Regional","url":"https:\/\/pagina10.com\/web\/","logo":{"@type":"ImageObject","inLanguage":"es","@id":"https:\/\/pagina10.com\/web\/#\/schema\/logo\/image\/","url":"https:\/\/pagina10.com\/web\/wp-content\/uploads\/2024\/01\/40-pagina-10-periodico-regional-pasto.jpg","contentUrl":"https:\/\/pagina10.com\/web\/wp-content\/uploads\/2024\/01\/40-pagina-10-periodico-regional-pasto.jpg","width":1280,"height":720,"caption":"P\u00e1gina10"},"image":{"@id":"https:\/\/pagina10.com\/web\/#\/schema\/logo\/image\/"},"sameAs":["https:\/\/www.facebook.com\/pag10com","https:\/\/x.com\/Pag10com","https:\/\/www.instagram.com\/pagina10col\/","https:\/\/youtube.com\/channel\/pag10","https:\/\/www.tiktok.com\/@p10col"]},{"@type":"Person","@id":"https:\/\/pagina10.com\/web\/#\/schema\/person\/2efc4a090d25b667d3bc796798a3a81b","name":"P\u00e1gina 10","description":"P\u00e1gina 10 es un peri\u00f3dico regional que nace en Colombia, en el departamento de Nari\u00f1o, con un enfoque global, fundamentado en cuatro pilares esenciales: la libertad, el pluralismo, la inclusi\u00f3n y la independencia. P\u00e1gina 10 hace referencia a Nari\u00f1o como el d\u00e9cimo departamento creado en Colombia, despu\u00e9s de un proceso pol\u00edtico liderado por actores y actrices regionales con el fin de obtener la independencia y autonom\u00eda de nuestros territorios. Con la creaci\u00f3n de P\u00e1gina 10 se pretende abrir un escenario para el dialogo, la reflexi\u00f3n y el debate que se extienda a otras geograf\u00edas de Am\u00e9rica Latina y del planeta, en una apuesta por transformar colectivamente los desaf\u00edos de un mundo contempor\u00e1neo, m\u00e1s all\u00e1 de las fronteras impuestas.","url":"https:\/\/pagina10.com\/web\/author\/pdiezadmin\/"}]}},"_links":{"self":[{"href":"https:\/\/pagina10.com\/web\/wp-json\/wp\/v2\/posts\/51217","targetHints":{"allow":["GET"]}}],"collection":[{"href":"https:\/\/pagina10.com\/web\/wp-json\/wp\/v2\/posts"}],"about":[{"href":"https:\/\/pagina10.com\/web\/wp-json\/wp\/v2\/types\/post"}],"author":[{"embeddable":true,"href":"https:\/\/pagina10.com\/web\/wp-json\/wp\/v2\/users\/1"}],"replies":[{"embeddable":true,"href":"https:\/\/pagina10.com\/web\/wp-json\/wp\/v2\/comments?post=51217"}],"version-history":[{"count":1,"href":"https:\/\/pagina10.com\/web\/wp-json\/wp\/v2\/posts\/51217\/revisions"}],"predecessor-version":[{"id":51220,"href":"https:\/\/pagina10.com\/web\/wp-json\/wp\/v2\/posts\/51217\/revisions\/51220"}],"wp:featuredmedia":[{"embeddable":true,"href":"https:\/\/pagina10.com\/web\/wp-json\/wp\/v2\/media\/51218"}],"wp:attachment":[{"href":"https:\/\/pagina10.com\/web\/wp-json\/wp\/v2\/media?parent=51217"}],"wp:term":[{"taxonomy":"category","embeddable":true,"href":"https:\/\/pagina10.com\/web\/wp-json\/wp\/v2\/categories?post=51217"},{"taxonomy":"post_tag","embeddable":true,"href":"https:\/\/pagina10.com\/web\/wp-json\/wp\/v2\/tags?post=51217"}],"curies":[{"name":"wp","href":"https:\/\/api.w.org\/{rel}","templated":true}]}}