{"id":51228,"date":"2021-03-18T10:31:43","date_gmt":"2021-03-18T15:31:43","guid":{"rendered":"https:\/\/pagina10.com\/web\/?p=51228"},"modified":"2021-03-18T10:51:04","modified_gmt":"2021-03-18T15:51:04","slug":"congresistas-narinenses-pretenden-extender-el-periodo-de-gobierno-de-mandatarios-locales-regionales-y-nacionales","status":"publish","type":"post","link":"https:\/\/pagina10.com\/web\/congresistas-narinenses-pretenden-extender-el-periodo-de-gobierno-de-mandatarios-locales-regionales-y-nacionales\/","title":{"rendered":"Congresistas nari\u00f1enses pretenden extender el periodo de gobierno de mandatarios locales, regionales y nacionales."},"content":{"rendered":"<p style=\"text-align: justify;\">El d\u00eda de ayer en la secretar\u00eda de la C\u00e1mara de Representantes, representantes de los partidos Conservador, Liberal, Cambio Radical y Centro Democr\u00e1tico radicaron un proyecto de reforma constitucional<strong>\u00a0<\/strong>que tiene como objetivo unificar los mandatos de los periodos del presidente, gobernadores, alcaldes y concejales en todo el pa\u00eds.<\/p>\n<p style=\"text-align: justify;\">El proyecto que pretende modificar varios art\u00edculos de la Constituci\u00f3n, plantea que el Presidente de la Rep\u00fablica, el Vicepresidente, Senadores y Representantes a la C\u00e1mara, Gobernadores, Alcaldes y Concejales no ser\u00e1n elegidos ya para un periodo de 4 a\u00f1os sino de 5 a\u00f1os.<\/p>\n<p style=\"text-align: justify;\">As\u00ed mismo, en el documento se plantea que tanto el Presidente Iv\u00e1n Duque como la Vicepresidente, Marta Lucia Ram\u00edrez, elegidos el 17 de junio de 2018 ejercer\u00e1n sus funciones hasta el 7 de agosto de 2024, a\u00f1o en el cual se realizar\u00e1 los comicios correspondientes. Con respecto a los comicios para elegir a miembros del Congreso de la Rep\u00fablica, se realizar\u00e1n en el a\u00f1o 2024 y su periodo iniciar\u00e1 el 20 de julio del mismo a\u00f1o, hasta esa fecha los actuales congresistas ejercer\u00e1n sus funciones.<\/p>\n<p style=\"text-align: justify;\">De la misma manera, los comicios donde se eligen miembros de las Asambleas Departamentales, Concejos Municipales y Distritales, Juntas Administradoras Locales, Gobernadores y Alcaldes se realizan en el a\u00f1o 2024 y su periodo iniciar\u00e1 el \u00faltimo s\u00e1bado del mes de agosto del mismo a\u00f1o. Hasta tanto los actuales ejercer\u00e1n sus funciones.<\/p>\n<p style=\"text-align: justify;\">De ser aprobadas las anteriores reformas constitucionales, el periodo de mandato del Presidente de la Rep\u00fablica y de la Vicepresidente se prolongar\u00e1 por dos a\u00f1os m\u00e1s, as\u00ed como el de los actuales Representantes a la C\u00e1mara y los Senadores. Por su parte, el periodo de mandato de los actuales Concejales, Alcaldes y Gobernadores tambi\u00e9n ser\u00e1 alargado hasta el a\u00f1o 2024 cuando se realizar\u00e1n las nuevas elecciones.<\/p>\n<p style=\"text-align: justify;\">En el documento tambi\u00e9n se contempla ampliar de cuatro a cinco a\u00f1os los periodos del fiscal general, contralor general, procurador general, registrador nacional, defensor del pueblo,\u00a0auditor general y los magistrados del Consejo Nacional Electoral. As\u00ed mismo se busca la ampliaci\u00f3n de ocho a diez a\u00f1os del periodo de los magistrados de la Corte Suprema de justicia,<strong>\u00a0<\/strong>Corte Constitucional, Consejo de Estado y la Comisi\u00f3n Nacional de Disciplina Judicial.<\/p>\n<p style=\"text-align: justify;\">Finalmente, los representantes nari\u00f1enses que se mostraron a favor del proyecto de ley son: Liliana Benavides del Partido Conservador, Teresa Enr\u00edquez del Partido de la U, Felipe Andr\u00e9s Mu\u00f1oz del Partido Conservador,\u00a0 Gustavo Estupi\u00f1an del Partido Liberal. Aunque hoy en la ma\u00f1ana por medio de una carta dirigida a la Secretaria de la C\u00e1mara de Representantes, los congresistas Gustavo Estupi\u00f1an y Felipe Mu\u00f1oz retiraron su firma del proyecto de ley.<\/p>\n","protected":false},"excerpt":{"rendered":"<p>El d\u00eda de ayer en la secretar\u00eda de la C\u00e1mara de Representantes, representantes de los partidos Conservador, Liberal, Cambio Radical y Centro Democr\u00e1tico radicaron un proyecto de reforma constitucional\u00a0que tiene como objetivo unificar los mandatos de los periodos del presidente, gobernadores, alcaldes y concejales en todo el pa\u00eds. El proyecto que pretende modificar varios art\u00edculos [&hellip;]<\/p>\n","protected":false},"author":1,"featured_media":51231,"comment_status":"open","ping_status":"open","sticky":false,"template":"","format":"standard","meta":{"footnotes":""},"categories":[24],"tags":[],"class_list":["post-51228","post","type-post","status-publish","format-standard","has-post-thumbnail","hentry","category-nacional"],"yoast_head":"<!-- This site is optimized with the Yoast SEO plugin v27.1.1 - https:\/\/yoast.com\/product\/yoast-seo-wordpress\/ -->\n<title>Congresistas nari\u00f1enses pretenden extender el periodo de gobierno de mandatarios locales, regionales y nacionales. | P\u00e1gina10<\/title>\n<meta name=\"robots\" content=\"index, follow, max-snippet:-1, max-image-preview:large, max-video-preview:-1\" \/>\n<link rel=\"canonical\" href=\"https:\/\/pagina10.com\/web\/congresistas-narinenses-pretenden-extender-el-periodo-de-gobierno-de-mandatarios-locales-regionales-y-nacionales\/\" \/>\n<meta property=\"og:locale\" content=\"es_ES\" \/>\n<meta property=\"og:type\" content=\"article\" \/>\n<meta property=\"og:title\" content=\"Congresistas nari\u00f1enses pretenden extender el periodo de gobierno de mandatarios locales, regionales y nacionales. | P\u00e1gina10\" \/>\n<meta property=\"og:description\" content=\"El d\u00eda de ayer en la secretar\u00eda de la C\u00e1mara de Representantes, representantes de los partidos Conservador, Liberal, Cambio Radical y Centro Democr\u00e1tico radicaron un proyecto de reforma constitucional\u00a0que tiene como objetivo unificar los mandatos de los periodos del presidente, gobernadores, alcaldes y concejales en todo el pa\u00eds. El proyecto que pretende modificar varios art\u00edculos [&hellip;]\" \/>\n<meta property=\"og:url\" content=\"https:\/\/pagina10.com\/web\/congresistas-narinenses-pretenden-extender-el-periodo-de-gobierno-de-mandatarios-locales-regionales-y-nacionales\/\" \/>\n<meta property=\"og:site_name\" content=\"P\u00e1gina10\" \/>\n<meta property=\"article:publisher\" content=\"https:\/\/www.facebook.com\/pag10com\" \/>\n<meta property=\"article:published_time\" content=\"2021-03-18T15:31:43+00:00\" \/>\n<meta property=\"article:modified_time\" content=\"2021-03-18T15:51:04+00:00\" \/>\n<meta property=\"og:image\" content=\"https:\/\/pagina10.com\/web\/wp-content\/uploads\/2021\/03\/Captura-de-pantalla-112.png\" \/>\n\t<meta property=\"og:image:width\" content=\"493\" \/>\n\t<meta property=\"og:image:height\" content=\"275\" \/>\n\t<meta property=\"og:image:type\" content=\"image\/png\" \/>\n<meta name=\"author\" content=\"P\u00e1gina 10\" \/>\n<meta name=\"twitter:card\" content=\"summary_large_image\" \/>\n<meta name=\"twitter:creator\" content=\"@Pag10com\" \/>\n<meta name=\"twitter:site\" content=\"@Pag10com\" \/>\n<meta name=\"twitter:label1\" content=\"Escrito por\" \/>\n\t<meta name=\"twitter:data1\" content=\"P\u00e1gina 10\" \/>\n\t<meta name=\"twitter:label2\" content=\"Tiempo de lectura\" \/>\n\t<meta name=\"twitter:data2\" content=\"2 minutos\" \/>\n<script type=\"application\/ld+json\" class=\"yoast-schema-graph\">{\"@context\":\"https:\/\/schema.org\",\"@graph\":[{\"@type\":\"Article\",\"@id\":\"https:\/\/pagina10.com\/web\/congresistas-narinenses-pretenden-extender-el-periodo-de-gobierno-de-mandatarios-locales-regionales-y-nacionales\/#article\",\"isPartOf\":{\"@id\":\"https:\/\/pagina10.com\/web\/congresistas-narinenses-pretenden-extender-el-periodo-de-gobierno-de-mandatarios-locales-regionales-y-nacionales\/\"},\"author\":{\"name\":\"P\u00e1gina 10\",\"@id\":\"https:\/\/pagina10.com\/web\/#\/schema\/person\/2efc4a090d25b667d3bc796798a3a81b\"},\"headline\":\"Congresistas nari\u00f1enses pretenden extender el periodo de gobierno de mandatarios locales, regionales y nacionales.\",\"datePublished\":\"2021-03-18T15:31:43+00:00\",\"dateModified\":\"2021-03-18T15:51:04+00:00\",\"mainEntityOfPage\":{\"@id\":\"https:\/\/pagina10.com\/web\/congresistas-narinenses-pretenden-extender-el-periodo-de-gobierno-de-mandatarios-locales-regionales-y-nacionales\/\"},\"wordCount\":484,\"commentCount\":0,\"publisher\":{\"@id\":\"https:\/\/pagina10.com\/web\/#organization\"},\"image\":{\"@id\":\"https:\/\/pagina10.com\/web\/congresistas-narinenses-pretenden-extender-el-periodo-de-gobierno-de-mandatarios-locales-regionales-y-nacionales\/#primaryimage\"},\"thumbnailUrl\":\"https:\/\/pagina10.com\/web\/wp-content\/uploads\/2021\/03\/Captura-de-pantalla-112.png\",\"articleSection\":[\"Nacional\"],\"inLanguage\":\"es\",\"potentialAction\":[{\"@type\":\"CommentAction\",\"name\":\"Comment\",\"target\":[\"https:\/\/pagina10.com\/web\/congresistas-narinenses-pretenden-extender-el-periodo-de-gobierno-de-mandatarios-locales-regionales-y-nacionales\/#respond\"]}]},{\"@type\":\"WebPage\",\"@id\":\"https:\/\/pagina10.com\/web\/congresistas-narinenses-pretenden-extender-el-periodo-de-gobierno-de-mandatarios-locales-regionales-y-nacionales\/\",\"url\":\"https:\/\/pagina10.com\/web\/congresistas-narinenses-pretenden-extender-el-periodo-de-gobierno-de-mandatarios-locales-regionales-y-nacionales\/\",\"name\":\"Congresistas nari\u00f1enses pretenden extender el periodo de gobierno de mandatarios locales, regionales y nacionales. | P\u00e1gina10\",\"isPartOf\":{\"@id\":\"https:\/\/pagina10.com\/web\/#website\"},\"primaryImageOfPage\":{\"@id\":\"https:\/\/pagina10.com\/web\/congresistas-narinenses-pretenden-extender-el-periodo-de-gobierno-de-mandatarios-locales-regionales-y-nacionales\/#primaryimage\"},\"image\":{\"@id\":\"https:\/\/pagina10.com\/web\/congresistas-narinenses-pretenden-extender-el-periodo-de-gobierno-de-mandatarios-locales-regionales-y-nacionales\/#primaryimage\"},\"thumbnailUrl\":\"https:\/\/pagina10.com\/web\/wp-content\/uploads\/2021\/03\/Captura-de-pantalla-112.png\",\"datePublished\":\"2021-03-18T15:31:43+00:00\",\"dateModified\":\"2021-03-18T15:51:04+00:00\",\"breadcrumb\":{\"@id\":\"https:\/\/pagina10.com\/web\/congresistas-narinenses-pretenden-extender-el-periodo-de-gobierno-de-mandatarios-locales-regionales-y-nacionales\/#breadcrumb\"},\"inLanguage\":\"es\",\"potentialAction\":[{\"@type\":\"ReadAction\",\"target\":[\"https:\/\/pagina10.com\/web\/congresistas-narinenses-pretenden-extender-el-periodo-de-gobierno-de-mandatarios-locales-regionales-y-nacionales\/\"]}]},{\"@type\":\"ImageObject\",\"inLanguage\":\"es\",\"@id\":\"https:\/\/pagina10.com\/web\/congresistas-narinenses-pretenden-extender-el-periodo-de-gobierno-de-mandatarios-locales-regionales-y-nacionales\/#primaryimage\",\"url\":\"https:\/\/pagina10.com\/web\/wp-content\/uploads\/2021\/03\/Captura-de-pantalla-112.png\",\"contentUrl\":\"https:\/\/pagina10.com\/web\/wp-content\/uploads\/2021\/03\/Captura-de-pantalla-112.png\",\"width\":493,\"height\":275},{\"@type\":\"BreadcrumbList\",\"@id\":\"https:\/\/pagina10.com\/web\/congresistas-narinenses-pretenden-extender-el-periodo-de-gobierno-de-mandatarios-locales-regionales-y-nacionales\/#breadcrumb\",\"itemListElement\":[{\"@type\":\"ListItem\",\"position\":1,\"name\":\"Portada\",\"item\":\"https:\/\/pagina10.com\/web\/\"},{\"@type\":\"ListItem\",\"position\":2,\"name\":\"Congresistas nari\u00f1enses pretenden extender el periodo de gobierno de mandatarios locales, regionales y nacionales.\"}]},{\"@type\":\"WebSite\",\"@id\":\"https:\/\/pagina10.com\/web\/#website\",\"url\":\"https:\/\/pagina10.com\/web\/\",\"name\":\"P\u00e1gina10\",\"description\":\"Peri\u00f3dico Regional\",\"publisher\":{\"@id\":\"https:\/\/pagina10.com\/web\/#organization\"},\"alternateName\":\"P\u00e1gina10 Peri\u00f3dico Regional\",\"potentialAction\":[{\"@type\":\"SearchAction\",\"target\":{\"@type\":\"EntryPoint\",\"urlTemplate\":\"https:\/\/pagina10.com\/web\/?s={search_term_string}\"},\"query-input\":{\"@type\":\"PropertyValueSpecification\",\"valueRequired\":true,\"valueName\":\"search_term_string\"}}],\"inLanguage\":\"es\"},{\"@type\":\"Organization\",\"@id\":\"https:\/\/pagina10.com\/web\/#organization\",\"name\":\"P\u00e1gina10\",\"alternateName\":\"P\u00e1gina10 Peri\u00f3dico Regional\",\"url\":\"https:\/\/pagina10.com\/web\/\",\"logo\":{\"@type\":\"ImageObject\",\"inLanguage\":\"es\",\"@id\":\"https:\/\/pagina10.com\/web\/#\/schema\/logo\/image\/\",\"url\":\"https:\/\/pagina10.com\/web\/wp-content\/uploads\/2024\/01\/40-pagina-10-periodico-regional-pasto.jpg\",\"contentUrl\":\"https:\/\/pagina10.com\/web\/wp-content\/uploads\/2024\/01\/40-pagina-10-periodico-regional-pasto.jpg\",\"width\":1280,\"height\":720,\"caption\":\"P\u00e1gina10\"},\"image\":{\"@id\":\"https:\/\/pagina10.com\/web\/#\/schema\/logo\/image\/\"},\"sameAs\":[\"https:\/\/www.facebook.com\/pag10com\",\"https:\/\/x.com\/Pag10com\",\"https:\/\/www.instagram.com\/pagina10col\/\",\"https:\/\/youtube.com\/channel\/pag10\",\"https:\/\/www.tiktok.com\/@p10col\"]},{\"@type\":\"Person\",\"@id\":\"https:\/\/pagina10.com\/web\/#\/schema\/person\/2efc4a090d25b667d3bc796798a3a81b\",\"name\":\"P\u00e1gina 10\",\"description\":\"P\u00e1gina 10 es un peri\u00f3dico regional que nace en Colombia, en el departamento de Nari\u00f1o, con un enfoque global, fundamentado en cuatro pilares esenciales: la libertad, el pluralismo, la inclusi\u00f3n y la independencia. P\u00e1gina 10 hace referencia a Nari\u00f1o como el d\u00e9cimo departamento creado en Colombia, despu\u00e9s de un proceso pol\u00edtico liderado por actores y actrices regionales con el fin de obtener la independencia y autonom\u00eda de nuestros territorios. Con la creaci\u00f3n de P\u00e1gina 10 se pretende abrir un escenario para el dialogo, la reflexi\u00f3n y el debate que se extienda a otras geograf\u00edas de Am\u00e9rica Latina y del planeta, en una apuesta por transformar colectivamente los desaf\u00edos de un mundo contempor\u00e1neo, m\u00e1s all\u00e1 de las fronteras impuestas.\",\"url\":\"https:\/\/pagina10.com\/web\/author\/pdiezadmin\/\"}]}<\/script>\n<!-- \/ Yoast SEO plugin. -->","yoast_head_json":{"title":"Congresistas nari\u00f1enses pretenden extender el periodo de gobierno de mandatarios locales, regionales y nacionales. | P\u00e1gina10","robots":{"index":"index","follow":"follow","max-snippet":"max-snippet:-1","max-image-preview":"max-image-preview:large","max-video-preview":"max-video-preview:-1"},"canonical":"https:\/\/pagina10.com\/web\/congresistas-narinenses-pretenden-extender-el-periodo-de-gobierno-de-mandatarios-locales-regionales-y-nacionales\/","og_locale":"es_ES","og_type":"article","og_title":"Congresistas nari\u00f1enses pretenden extender el periodo de gobierno de mandatarios locales, regionales y nacionales. | P\u00e1gina10","og_description":"El d\u00eda de ayer en la secretar\u00eda de la C\u00e1mara de Representantes, representantes de los partidos Conservador, Liberal, Cambio Radical y Centro Democr\u00e1tico radicaron un proyecto de reforma constitucional\u00a0que tiene como objetivo unificar los mandatos de los periodos del presidente, gobernadores, alcaldes y concejales en todo el pa\u00eds. El proyecto que pretende modificar varios art\u00edculos [&hellip;]","og_url":"https:\/\/pagina10.com\/web\/congresistas-narinenses-pretenden-extender-el-periodo-de-gobierno-de-mandatarios-locales-regionales-y-nacionales\/","og_site_name":"P\u00e1gina10","article_publisher":"https:\/\/www.facebook.com\/pag10com","article_published_time":"2021-03-18T15:31:43+00:00","article_modified_time":"2021-03-18T15:51:04+00:00","og_image":[{"width":493,"height":275,"url":"https:\/\/pagina10.com\/web\/wp-content\/uploads\/2021\/03\/Captura-de-pantalla-112.png","type":"image\/png"}],"author":"P\u00e1gina 10","twitter_card":"summary_large_image","twitter_creator":"@Pag10com","twitter_site":"@Pag10com","twitter_misc":{"Escrito por":"P\u00e1gina 10","Tiempo de lectura":"2 minutos"},"schema":{"@context":"https:\/\/schema.org","@graph":[{"@type":"Article","@id":"https:\/\/pagina10.com\/web\/congresistas-narinenses-pretenden-extender-el-periodo-de-gobierno-de-mandatarios-locales-regionales-y-nacionales\/#article","isPartOf":{"@id":"https:\/\/pagina10.com\/web\/congresistas-narinenses-pretenden-extender-el-periodo-de-gobierno-de-mandatarios-locales-regionales-y-nacionales\/"},"author":{"name":"P\u00e1gina 10","@id":"https:\/\/pagina10.com\/web\/#\/schema\/person\/2efc4a090d25b667d3bc796798a3a81b"},"headline":"Congresistas nari\u00f1enses pretenden extender el periodo de gobierno de mandatarios locales, regionales y nacionales.","datePublished":"2021-03-18T15:31:43+00:00","dateModified":"2021-03-18T15:51:04+00:00","mainEntityOfPage":{"@id":"https:\/\/pagina10.com\/web\/congresistas-narinenses-pretenden-extender-el-periodo-de-gobierno-de-mandatarios-locales-regionales-y-nacionales\/"},"wordCount":484,"commentCount":0,"publisher":{"@id":"https:\/\/pagina10.com\/web\/#organization"},"image":{"@id":"https:\/\/pagina10.com\/web\/congresistas-narinenses-pretenden-extender-el-periodo-de-gobierno-de-mandatarios-locales-regionales-y-nacionales\/#primaryimage"},"thumbnailUrl":"https:\/\/pagina10.com\/web\/wp-content\/uploads\/2021\/03\/Captura-de-pantalla-112.png","articleSection":["Nacional"],"inLanguage":"es","potentialAction":[{"@type":"CommentAction","name":"Comment","target":["https:\/\/pagina10.com\/web\/congresistas-narinenses-pretenden-extender-el-periodo-de-gobierno-de-mandatarios-locales-regionales-y-nacionales\/#respond"]}]},{"@type":"WebPage","@id":"https:\/\/pagina10.com\/web\/congresistas-narinenses-pretenden-extender-el-periodo-de-gobierno-de-mandatarios-locales-regionales-y-nacionales\/","url":"https:\/\/pagina10.com\/web\/congresistas-narinenses-pretenden-extender-el-periodo-de-gobierno-de-mandatarios-locales-regionales-y-nacionales\/","name":"Congresistas nari\u00f1enses pretenden extender el periodo de gobierno de mandatarios locales, regionales y nacionales. | P\u00e1gina10","isPartOf":{"@id":"https:\/\/pagina10.com\/web\/#website"},"primaryImageOfPage":{"@id":"https:\/\/pagina10.com\/web\/congresistas-narinenses-pretenden-extender-el-periodo-de-gobierno-de-mandatarios-locales-regionales-y-nacionales\/#primaryimage"},"image":{"@id":"https:\/\/pagina10.com\/web\/congresistas-narinenses-pretenden-extender-el-periodo-de-gobierno-de-mandatarios-locales-regionales-y-nacionales\/#primaryimage"},"thumbnailUrl":"https:\/\/pagina10.com\/web\/wp-content\/uploads\/2021\/03\/Captura-de-pantalla-112.png","datePublished":"2021-03-18T15:31:43+00:00","dateModified":"2021-03-18T15:51:04+00:00","breadcrumb":{"@id":"https:\/\/pagina10.com\/web\/congresistas-narinenses-pretenden-extender-el-periodo-de-gobierno-de-mandatarios-locales-regionales-y-nacionales\/#breadcrumb"},"inLanguage":"es","potentialAction":[{"@type":"ReadAction","target":["https:\/\/pagina10.com\/web\/congresistas-narinenses-pretenden-extender-el-periodo-de-gobierno-de-mandatarios-locales-regionales-y-nacionales\/"]}]},{"@type":"ImageObject","inLanguage":"es","@id":"https:\/\/pagina10.com\/web\/congresistas-narinenses-pretenden-extender-el-periodo-de-gobierno-de-mandatarios-locales-regionales-y-nacionales\/#primaryimage","url":"https:\/\/pagina10.com\/web\/wp-content\/uploads\/2021\/03\/Captura-de-pantalla-112.png","contentUrl":"https:\/\/pagina10.com\/web\/wp-content\/uploads\/2021\/03\/Captura-de-pantalla-112.png","width":493,"height":275},{"@type":"BreadcrumbList","@id":"https:\/\/pagina10.com\/web\/congresistas-narinenses-pretenden-extender-el-periodo-de-gobierno-de-mandatarios-locales-regionales-y-nacionales\/#breadcrumb","itemListElement":[{"@type":"ListItem","position":1,"name":"Portada","item":"https:\/\/pagina10.com\/web\/"},{"@type":"ListItem","position":2,"name":"Congresistas nari\u00f1enses pretenden extender el periodo de gobierno de mandatarios locales, regionales y nacionales."}]},{"@type":"WebSite","@id":"https:\/\/pagina10.com\/web\/#website","url":"https:\/\/pagina10.com\/web\/","name":"P\u00e1gina10","description":"Peri\u00f3dico Regional","publisher":{"@id":"https:\/\/pagina10.com\/web\/#organization"},"alternateName":"P\u00e1gina10 Peri\u00f3dico Regional","potentialAction":[{"@type":"SearchAction","target":{"@type":"EntryPoint","urlTemplate":"https:\/\/pagina10.com\/web\/?s={search_term_string}"},"query-input":{"@type":"PropertyValueSpecification","valueRequired":true,"valueName":"search_term_string"}}],"inLanguage":"es"},{"@type":"Organization","@id":"https:\/\/pagina10.com\/web\/#organization","name":"P\u00e1gina10","alternateName":"P\u00e1gina10 Peri\u00f3dico Regional","url":"https:\/\/pagina10.com\/web\/","logo":{"@type":"ImageObject","inLanguage":"es","@id":"https:\/\/pagina10.com\/web\/#\/schema\/logo\/image\/","url":"https:\/\/pagina10.com\/web\/wp-content\/uploads\/2024\/01\/40-pagina-10-periodico-regional-pasto.jpg","contentUrl":"https:\/\/pagina10.com\/web\/wp-content\/uploads\/2024\/01\/40-pagina-10-periodico-regional-pasto.jpg","width":1280,"height":720,"caption":"P\u00e1gina10"},"image":{"@id":"https:\/\/pagina10.com\/web\/#\/schema\/logo\/image\/"},"sameAs":["https:\/\/www.facebook.com\/pag10com","https:\/\/x.com\/Pag10com","https:\/\/www.instagram.com\/pagina10col\/","https:\/\/youtube.com\/channel\/pag10","https:\/\/www.tiktok.com\/@p10col"]},{"@type":"Person","@id":"https:\/\/pagina10.com\/web\/#\/schema\/person\/2efc4a090d25b667d3bc796798a3a81b","name":"P\u00e1gina 10","description":"P\u00e1gina 10 es un peri\u00f3dico regional que nace en Colombia, en el departamento de Nari\u00f1o, con un enfoque global, fundamentado en cuatro pilares esenciales: la libertad, el pluralismo, la inclusi\u00f3n y la independencia. P\u00e1gina 10 hace referencia a Nari\u00f1o como el d\u00e9cimo departamento creado en Colombia, despu\u00e9s de un proceso pol\u00edtico liderado por actores y actrices regionales con el fin de obtener la independencia y autonom\u00eda de nuestros territorios. Con la creaci\u00f3n de P\u00e1gina 10 se pretende abrir un escenario para el dialogo, la reflexi\u00f3n y el debate que se extienda a otras geograf\u00edas de Am\u00e9rica Latina y del planeta, en una apuesta por transformar colectivamente los desaf\u00edos de un mundo contempor\u00e1neo, m\u00e1s all\u00e1 de las fronteras impuestas.","url":"https:\/\/pagina10.com\/web\/author\/pdiezadmin\/"}]}},"_links":{"self":[{"href":"https:\/\/pagina10.com\/web\/wp-json\/wp\/v2\/posts\/51228","targetHints":{"allow":["GET"]}}],"collection":[{"href":"https:\/\/pagina10.com\/web\/wp-json\/wp\/v2\/posts"}],"about":[{"href":"https:\/\/pagina10.com\/web\/wp-json\/wp\/v2\/types\/post"}],"author":[{"embeddable":true,"href":"https:\/\/pagina10.com\/web\/wp-json\/wp\/v2\/users\/1"}],"replies":[{"embeddable":true,"href":"https:\/\/pagina10.com\/web\/wp-json\/wp\/v2\/comments?post=51228"}],"version-history":[{"count":3,"href":"https:\/\/pagina10.com\/web\/wp-json\/wp\/v2\/posts\/51228\/revisions"}],"predecessor-version":[{"id":51232,"href":"https:\/\/pagina10.com\/web\/wp-json\/wp\/v2\/posts\/51228\/revisions\/51232"}],"wp:featuredmedia":[{"embeddable":true,"href":"https:\/\/pagina10.com\/web\/wp-json\/wp\/v2\/media\/51231"}],"wp:attachment":[{"href":"https:\/\/pagina10.com\/web\/wp-json\/wp\/v2\/media?parent=51228"}],"wp:term":[{"taxonomy":"category","embeddable":true,"href":"https:\/\/pagina10.com\/web\/wp-json\/wp\/v2\/categories?post=51228"},{"taxonomy":"post_tag","embeddable":true,"href":"https:\/\/pagina10.com\/web\/wp-json\/wp\/v2\/tags?post=51228"}],"curies":[{"name":"wp","href":"https:\/\/api.w.org\/{rel}","templated":true}]}}