{"id":51233,"date":"2021-03-18T11:58:15","date_gmt":"2021-03-18T16:58:15","guid":{"rendered":"https:\/\/pagina10.com\/web\/?p=51233"},"modified":"2021-03-18T18:16:45","modified_gmt":"2021-03-18T23:16:45","slug":"jamas-escuche-una-propuesta-tan-absurda-inoportuna-y-grosera-senador-enriquez-maya","status":"publish","type":"post","link":"https:\/\/pagina10.com\/web\/jamas-escuche-una-propuesta-tan-absurda-inoportuna-y-grosera-senador-enriquez-maya\/","title":{"rendered":"\u201cJam\u00e1s escuch\u00e9 una propuesta tan absurda, inoportuna y grosera\u201d senador Enr\u00edquez Maya."},"content":{"rendered":"<p style=\"text-align: justify;\">La iniciativa que conoci\u00f3 ayer el pa\u00eds, que busca prolongar el periodo de gobierno de mandatarios locales, regionales y nacionales con el fin de empatar los comicios electorales en el a\u00f1o 2024, gener\u00f3 sin duda alguna reacciones en contra por parte de muchos representantes de todos los partidos pol\u00edticos y de figuras pol\u00edticas representativas del pa\u00eds.<\/p>\n<p style=\"text-align: justify;\">Entre los partidos pol\u00edticos que figuraban como los impulsores de la propuesta se encuentra el Partido Conservador, que cuenta con un gran n\u00famero de representantes a favor de la propuesta. Sin embargo, varios integrantes del partido se desmarcaron de la propuesta, entre ellos el mismo presidente de la colectividad.<\/p>\n<p style=\"text-align: justify;\">El presidente del Partido Conservador, Omar Yepes, cuando se toc\u00f3 por primera vez la posibilidad de ampliar los periodos de gobierno, se opuso a la propuesta, manifestando por medio de Twitter que \u201cNo es bueno para la democracia que se proponga alargue de periodo para la Presidencia de la Rep\u00fablica y para el Congreso Nacional. El pa\u00eds no puede estar cambiando las reglas de juego democr\u00e1tico. Si el pueblo voto periodo de 4 a\u00f1os, esto se debe respetar. As\u00ed de claro\u201d.<\/p>\n<p style=\"text-align: justify;\">Hoy, cuando ya se conoce un documento oficial tambi\u00e9n manifest\u00f3 su rechazo a la propuesta y le dijo a la Revista Semana que \u201cMe parece que una modificaci\u00f3n de esa envergadura ha debido pasar primero por el Directorio Nacional Conservador donde tiene asiento cuatro senadores e igual n\u00famero de representantes. Finalmente esa es la jerarqu\u00eda m\u00e1xima del partido y creo que debi\u00f3 ser consultada\u201d.<\/p>\n<p style=\"text-align: justify;\">Otros integrantes del partido que tambi\u00e9n se opusieron a la propuesta son el senador Eduardo Enr\u00edquez Maya quien calific\u00f3 la propuesta como absurda inoportuna y grosera. \u201cLlevo 26 a\u00f1os en el Congreso, jam\u00e1s escuch\u00e9 una propuesta tan absurda, inoportuna y grosera\u201d afirm\u00f3 el senador en su cuenta de Twitter. Reconoci\u00f3 as\u00ed mismo, que dentro del partido hay varios conservadores defensores de la propuesta, pero son estos los que \u201cdeben responder ante la ciudadan\u00eda y asumir consecuencias\u201d.<\/p>\n<p style=\"text-align: justify;\">Por su parte, la senadora Esperanza Andrade, tambi\u00e9n del Partido Conservador, manifest\u00f3 que \u201cesta ampliaci\u00f3n del periodo ser\u00eda un golpe a la democracia. El Congreso no puede sustituir la voluntad popular\u201d<\/p>\n<p style=\"text-align: justify;\">La molestia generada en el interior de la bancada conservadora, llev\u00f3 a que se convocara a una reuni\u00f3n para definir la posici\u00f3n del partido lo m\u00e1s pronto posible. \u201cNo me puedo anticipar a lo que determine el Directorio, pero en la reuni\u00f3n pr\u00f3xima que se haga se tocar\u00e1 el tema. Y se podr\u00e1 fijar una posici\u00f3n oficial\u201d se\u00f1al\u00f3 el presidente del partido.<\/p>\n","protected":false},"excerpt":{"rendered":"<p>La iniciativa que conoci\u00f3 ayer el pa\u00eds, que busca prolongar el periodo de gobierno de mandatarios locales, regionales y nacionales con el fin de empatar los comicios electorales en el a\u00f1o 2024, gener\u00f3 sin duda alguna reacciones en contra por parte de muchos representantes de todos los partidos pol\u00edticos y de figuras pol\u00edticas representativas del [&hellip;]<\/p>\n","protected":false},"author":1,"featured_media":51234,"comment_status":"open","ping_status":"open","sticky":false,"template":"","format":"standard","meta":{"footnotes":""},"categories":[94],"tags":[],"class_list":["post-51233","post","type-post","status-publish","format-standard","has-post-thumbnail","hentry","category-nacional-global-2"],"yoast_head":"<!-- This site is optimized with the Yoast SEO plugin v27.1.1 - https:\/\/yoast.com\/product\/yoast-seo-wordpress\/ -->\n<title>\u201cJam\u00e1s escuch\u00e9 una propuesta tan absurda, inoportuna y grosera\u201d senador Enr\u00edquez Maya. | P\u00e1gina10<\/title>\n<meta name=\"robots\" content=\"index, follow, max-snippet:-1, max-image-preview:large, max-video-preview:-1\" \/>\n<link rel=\"canonical\" href=\"https:\/\/pagina10.com\/web\/jamas-escuche-una-propuesta-tan-absurda-inoportuna-y-grosera-senador-enriquez-maya\/\" \/>\n<meta property=\"og:locale\" content=\"es_ES\" \/>\n<meta property=\"og:type\" content=\"article\" \/>\n<meta property=\"og:title\" content=\"\u201cJam\u00e1s escuch\u00e9 una propuesta tan absurda, inoportuna y grosera\u201d senador Enr\u00edquez Maya. | P\u00e1gina10\" \/>\n<meta property=\"og:description\" content=\"La iniciativa que conoci\u00f3 ayer el pa\u00eds, que busca prolongar el periodo de gobierno de mandatarios locales, regionales y nacionales con el fin de empatar los comicios electorales en el a\u00f1o 2024, gener\u00f3 sin duda alguna reacciones en contra por parte de muchos representantes de todos los partidos pol\u00edticos y de figuras pol\u00edticas representativas del [&hellip;]\" \/>\n<meta property=\"og:url\" content=\"https:\/\/pagina10.com\/web\/jamas-escuche-una-propuesta-tan-absurda-inoportuna-y-grosera-senador-enriquez-maya\/\" \/>\n<meta property=\"og:site_name\" content=\"P\u00e1gina10\" \/>\n<meta property=\"article:publisher\" content=\"https:\/\/www.facebook.com\/pag10com\" \/>\n<meta property=\"article:published_time\" content=\"2021-03-18T16:58:15+00:00\" \/>\n<meta property=\"article:modified_time\" content=\"2021-03-18T23:16:45+00:00\" \/>\n<meta property=\"og:image\" content=\"https:\/\/pagina10.com\/web\/wp-content\/uploads\/2021\/03\/19183249EDUARDO.ENRIQUEZ.MAYA-2.jpg\" \/>\n\t<meta property=\"og:image:width\" content=\"300\" \/>\n\t<meta property=\"og:image:height\" content=\"180\" \/>\n\t<meta property=\"og:image:type\" content=\"image\/jpeg\" \/>\n<meta name=\"author\" content=\"P\u00e1gina 10\" \/>\n<meta name=\"twitter:card\" content=\"summary_large_image\" \/>\n<meta name=\"twitter:creator\" content=\"@Pag10com\" \/>\n<meta name=\"twitter:site\" content=\"@Pag10com\" \/>\n<meta name=\"twitter:label1\" content=\"Escrito por\" \/>\n\t<meta name=\"twitter:data1\" content=\"P\u00e1gina 10\" \/>\n\t<meta name=\"twitter:label2\" content=\"Tiempo de lectura\" \/>\n\t<meta name=\"twitter:data2\" content=\"2 minutos\" \/>\n<script type=\"application\/ld+json\" class=\"yoast-schema-graph\">{\"@context\":\"https:\/\/schema.org\",\"@graph\":[{\"@type\":\"Article\",\"@id\":\"https:\/\/pagina10.com\/web\/jamas-escuche-una-propuesta-tan-absurda-inoportuna-y-grosera-senador-enriquez-maya\/#article\",\"isPartOf\":{\"@id\":\"https:\/\/pagina10.com\/web\/jamas-escuche-una-propuesta-tan-absurda-inoportuna-y-grosera-senador-enriquez-maya\/\"},\"author\":{\"name\":\"P\u00e1gina 10\",\"@id\":\"https:\/\/pagina10.com\/web\/#\/schema\/person\/2efc4a090d25b667d3bc796798a3a81b\"},\"headline\":\"\u201cJam\u00e1s escuch\u00e9 una propuesta tan absurda, inoportuna y grosera\u201d senador Enr\u00edquez Maya.\",\"datePublished\":\"2021-03-18T16:58:15+00:00\",\"dateModified\":\"2021-03-18T23:16:45+00:00\",\"mainEntityOfPage\":{\"@id\":\"https:\/\/pagina10.com\/web\/jamas-escuche-una-propuesta-tan-absurda-inoportuna-y-grosera-senador-enriquez-maya\/\"},\"wordCount\":461,\"commentCount\":0,\"publisher\":{\"@id\":\"https:\/\/pagina10.com\/web\/#organization\"},\"image\":{\"@id\":\"https:\/\/pagina10.com\/web\/jamas-escuche-una-propuesta-tan-absurda-inoportuna-y-grosera-senador-enriquez-maya\/#primaryimage\"},\"thumbnailUrl\":\"https:\/\/pagina10.com\/web\/wp-content\/uploads\/2021\/03\/19183249EDUARDO.ENRIQUEZ.MAYA-2.jpg\",\"articleSection\":[\"Nacional\"],\"inLanguage\":\"es\",\"potentialAction\":[{\"@type\":\"CommentAction\",\"name\":\"Comment\",\"target\":[\"https:\/\/pagina10.com\/web\/jamas-escuche-una-propuesta-tan-absurda-inoportuna-y-grosera-senador-enriquez-maya\/#respond\"]}]},{\"@type\":\"WebPage\",\"@id\":\"https:\/\/pagina10.com\/web\/jamas-escuche-una-propuesta-tan-absurda-inoportuna-y-grosera-senador-enriquez-maya\/\",\"url\":\"https:\/\/pagina10.com\/web\/jamas-escuche-una-propuesta-tan-absurda-inoportuna-y-grosera-senador-enriquez-maya\/\",\"name\":\"\u201cJam\u00e1s escuch\u00e9 una propuesta tan absurda, inoportuna y grosera\u201d senador Enr\u00edquez Maya. | P\u00e1gina10\",\"isPartOf\":{\"@id\":\"https:\/\/pagina10.com\/web\/#website\"},\"primaryImageOfPage\":{\"@id\":\"https:\/\/pagina10.com\/web\/jamas-escuche-una-propuesta-tan-absurda-inoportuna-y-grosera-senador-enriquez-maya\/#primaryimage\"},\"image\":{\"@id\":\"https:\/\/pagina10.com\/web\/jamas-escuche-una-propuesta-tan-absurda-inoportuna-y-grosera-senador-enriquez-maya\/#primaryimage\"},\"thumbnailUrl\":\"https:\/\/pagina10.com\/web\/wp-content\/uploads\/2021\/03\/19183249EDUARDO.ENRIQUEZ.MAYA-2.jpg\",\"datePublished\":\"2021-03-18T16:58:15+00:00\",\"dateModified\":\"2021-03-18T23:16:45+00:00\",\"breadcrumb\":{\"@id\":\"https:\/\/pagina10.com\/web\/jamas-escuche-una-propuesta-tan-absurda-inoportuna-y-grosera-senador-enriquez-maya\/#breadcrumb\"},\"inLanguage\":\"es\",\"potentialAction\":[{\"@type\":\"ReadAction\",\"target\":[\"https:\/\/pagina10.com\/web\/jamas-escuche-una-propuesta-tan-absurda-inoportuna-y-grosera-senador-enriquez-maya\/\"]}]},{\"@type\":\"ImageObject\",\"inLanguage\":\"es\",\"@id\":\"https:\/\/pagina10.com\/web\/jamas-escuche-una-propuesta-tan-absurda-inoportuna-y-grosera-senador-enriquez-maya\/#primaryimage\",\"url\":\"https:\/\/pagina10.com\/web\/wp-content\/uploads\/2021\/03\/19183249EDUARDO.ENRIQUEZ.MAYA-2.jpg\",\"contentUrl\":\"https:\/\/pagina10.com\/web\/wp-content\/uploads\/2021\/03\/19183249EDUARDO.ENRIQUEZ.MAYA-2.jpg\",\"width\":300,\"height\":180},{\"@type\":\"BreadcrumbList\",\"@id\":\"https:\/\/pagina10.com\/web\/jamas-escuche-una-propuesta-tan-absurda-inoportuna-y-grosera-senador-enriquez-maya\/#breadcrumb\",\"itemListElement\":[{\"@type\":\"ListItem\",\"position\":1,\"name\":\"Portada\",\"item\":\"https:\/\/pagina10.com\/web\/\"},{\"@type\":\"ListItem\",\"position\":2,\"name\":\"\u201cJam\u00e1s escuch\u00e9 una propuesta tan absurda, inoportuna y grosera\u201d senador Enr\u00edquez Maya.\"}]},{\"@type\":\"WebSite\",\"@id\":\"https:\/\/pagina10.com\/web\/#website\",\"url\":\"https:\/\/pagina10.com\/web\/\",\"name\":\"P\u00e1gina10\",\"description\":\"Peri\u00f3dico Regional\",\"publisher\":{\"@id\":\"https:\/\/pagina10.com\/web\/#organization\"},\"alternateName\":\"P\u00e1gina10 Peri\u00f3dico Regional\",\"potentialAction\":[{\"@type\":\"SearchAction\",\"target\":{\"@type\":\"EntryPoint\",\"urlTemplate\":\"https:\/\/pagina10.com\/web\/?s={search_term_string}\"},\"query-input\":{\"@type\":\"PropertyValueSpecification\",\"valueRequired\":true,\"valueName\":\"search_term_string\"}}],\"inLanguage\":\"es\"},{\"@type\":\"Organization\",\"@id\":\"https:\/\/pagina10.com\/web\/#organization\",\"name\":\"P\u00e1gina10\",\"alternateName\":\"P\u00e1gina10 Peri\u00f3dico Regional\",\"url\":\"https:\/\/pagina10.com\/web\/\",\"logo\":{\"@type\":\"ImageObject\",\"inLanguage\":\"es\",\"@id\":\"https:\/\/pagina10.com\/web\/#\/schema\/logo\/image\/\",\"url\":\"https:\/\/pagina10.com\/web\/wp-content\/uploads\/2024\/01\/40-pagina-10-periodico-regional-pasto.jpg\",\"contentUrl\":\"https:\/\/pagina10.com\/web\/wp-content\/uploads\/2024\/01\/40-pagina-10-periodico-regional-pasto.jpg\",\"width\":1280,\"height\":720,\"caption\":\"P\u00e1gina10\"},\"image\":{\"@id\":\"https:\/\/pagina10.com\/web\/#\/schema\/logo\/image\/\"},\"sameAs\":[\"https:\/\/www.facebook.com\/pag10com\",\"https:\/\/x.com\/Pag10com\",\"https:\/\/www.instagram.com\/pagina10col\/\",\"https:\/\/youtube.com\/channel\/pag10\",\"https:\/\/www.tiktok.com\/@p10col\"]},{\"@type\":\"Person\",\"@id\":\"https:\/\/pagina10.com\/web\/#\/schema\/person\/2efc4a090d25b667d3bc796798a3a81b\",\"name\":\"P\u00e1gina 10\",\"description\":\"P\u00e1gina 10 es un peri\u00f3dico regional que nace en Colombia, en el departamento de Nari\u00f1o, con un enfoque global, fundamentado en cuatro pilares esenciales: la libertad, el pluralismo, la inclusi\u00f3n y la independencia. P\u00e1gina 10 hace referencia a Nari\u00f1o como el d\u00e9cimo departamento creado en Colombia, despu\u00e9s de un proceso pol\u00edtico liderado por actores y actrices regionales con el fin de obtener la independencia y autonom\u00eda de nuestros territorios. Con la creaci\u00f3n de P\u00e1gina 10 se pretende abrir un escenario para el dialogo, la reflexi\u00f3n y el debate que se extienda a otras geograf\u00edas de Am\u00e9rica Latina y del planeta, en una apuesta por transformar colectivamente los desaf\u00edos de un mundo contempor\u00e1neo, m\u00e1s all\u00e1 de las fronteras impuestas.\",\"url\":\"https:\/\/pagina10.com\/web\/author\/pdiezadmin\/\"}]}<\/script>\n<!-- \/ Yoast SEO plugin. -->","yoast_head_json":{"title":"\u201cJam\u00e1s escuch\u00e9 una propuesta tan absurda, inoportuna y grosera\u201d senador Enr\u00edquez Maya. | P\u00e1gina10","robots":{"index":"index","follow":"follow","max-snippet":"max-snippet:-1","max-image-preview":"max-image-preview:large","max-video-preview":"max-video-preview:-1"},"canonical":"https:\/\/pagina10.com\/web\/jamas-escuche-una-propuesta-tan-absurda-inoportuna-y-grosera-senador-enriquez-maya\/","og_locale":"es_ES","og_type":"article","og_title":"\u201cJam\u00e1s escuch\u00e9 una propuesta tan absurda, inoportuna y grosera\u201d senador Enr\u00edquez Maya. | P\u00e1gina10","og_description":"La iniciativa que conoci\u00f3 ayer el pa\u00eds, que busca prolongar el periodo de gobierno de mandatarios locales, regionales y nacionales con el fin de empatar los comicios electorales en el a\u00f1o 2024, gener\u00f3 sin duda alguna reacciones en contra por parte de muchos representantes de todos los partidos pol\u00edticos y de figuras pol\u00edticas representativas del [&hellip;]","og_url":"https:\/\/pagina10.com\/web\/jamas-escuche-una-propuesta-tan-absurda-inoportuna-y-grosera-senador-enriquez-maya\/","og_site_name":"P\u00e1gina10","article_publisher":"https:\/\/www.facebook.com\/pag10com","article_published_time":"2021-03-18T16:58:15+00:00","article_modified_time":"2021-03-18T23:16:45+00:00","og_image":[{"width":300,"height":180,"url":"https:\/\/pagina10.com\/web\/wp-content\/uploads\/2021\/03\/19183249EDUARDO.ENRIQUEZ.MAYA-2.jpg","type":"image\/jpeg"}],"author":"P\u00e1gina 10","twitter_card":"summary_large_image","twitter_creator":"@Pag10com","twitter_site":"@Pag10com","twitter_misc":{"Escrito por":"P\u00e1gina 10","Tiempo de lectura":"2 minutos"},"schema":{"@context":"https:\/\/schema.org","@graph":[{"@type":"Article","@id":"https:\/\/pagina10.com\/web\/jamas-escuche-una-propuesta-tan-absurda-inoportuna-y-grosera-senador-enriquez-maya\/#article","isPartOf":{"@id":"https:\/\/pagina10.com\/web\/jamas-escuche-una-propuesta-tan-absurda-inoportuna-y-grosera-senador-enriquez-maya\/"},"author":{"name":"P\u00e1gina 10","@id":"https:\/\/pagina10.com\/web\/#\/schema\/person\/2efc4a090d25b667d3bc796798a3a81b"},"headline":"\u201cJam\u00e1s escuch\u00e9 una propuesta tan absurda, inoportuna y grosera\u201d senador Enr\u00edquez Maya.","datePublished":"2021-03-18T16:58:15+00:00","dateModified":"2021-03-18T23:16:45+00:00","mainEntityOfPage":{"@id":"https:\/\/pagina10.com\/web\/jamas-escuche-una-propuesta-tan-absurda-inoportuna-y-grosera-senador-enriquez-maya\/"},"wordCount":461,"commentCount":0,"publisher":{"@id":"https:\/\/pagina10.com\/web\/#organization"},"image":{"@id":"https:\/\/pagina10.com\/web\/jamas-escuche-una-propuesta-tan-absurda-inoportuna-y-grosera-senador-enriquez-maya\/#primaryimage"},"thumbnailUrl":"https:\/\/pagina10.com\/web\/wp-content\/uploads\/2021\/03\/19183249EDUARDO.ENRIQUEZ.MAYA-2.jpg","articleSection":["Nacional"],"inLanguage":"es","potentialAction":[{"@type":"CommentAction","name":"Comment","target":["https:\/\/pagina10.com\/web\/jamas-escuche-una-propuesta-tan-absurda-inoportuna-y-grosera-senador-enriquez-maya\/#respond"]}]},{"@type":"WebPage","@id":"https:\/\/pagina10.com\/web\/jamas-escuche-una-propuesta-tan-absurda-inoportuna-y-grosera-senador-enriquez-maya\/","url":"https:\/\/pagina10.com\/web\/jamas-escuche-una-propuesta-tan-absurda-inoportuna-y-grosera-senador-enriquez-maya\/","name":"\u201cJam\u00e1s escuch\u00e9 una propuesta tan absurda, inoportuna y grosera\u201d senador Enr\u00edquez Maya. | P\u00e1gina10","isPartOf":{"@id":"https:\/\/pagina10.com\/web\/#website"},"primaryImageOfPage":{"@id":"https:\/\/pagina10.com\/web\/jamas-escuche-una-propuesta-tan-absurda-inoportuna-y-grosera-senador-enriquez-maya\/#primaryimage"},"image":{"@id":"https:\/\/pagina10.com\/web\/jamas-escuche-una-propuesta-tan-absurda-inoportuna-y-grosera-senador-enriquez-maya\/#primaryimage"},"thumbnailUrl":"https:\/\/pagina10.com\/web\/wp-content\/uploads\/2021\/03\/19183249EDUARDO.ENRIQUEZ.MAYA-2.jpg","datePublished":"2021-03-18T16:58:15+00:00","dateModified":"2021-03-18T23:16:45+00:00","breadcrumb":{"@id":"https:\/\/pagina10.com\/web\/jamas-escuche-una-propuesta-tan-absurda-inoportuna-y-grosera-senador-enriquez-maya\/#breadcrumb"},"inLanguage":"es","potentialAction":[{"@type":"ReadAction","target":["https:\/\/pagina10.com\/web\/jamas-escuche-una-propuesta-tan-absurda-inoportuna-y-grosera-senador-enriquez-maya\/"]}]},{"@type":"ImageObject","inLanguage":"es","@id":"https:\/\/pagina10.com\/web\/jamas-escuche-una-propuesta-tan-absurda-inoportuna-y-grosera-senador-enriquez-maya\/#primaryimage","url":"https:\/\/pagina10.com\/web\/wp-content\/uploads\/2021\/03\/19183249EDUARDO.ENRIQUEZ.MAYA-2.jpg","contentUrl":"https:\/\/pagina10.com\/web\/wp-content\/uploads\/2021\/03\/19183249EDUARDO.ENRIQUEZ.MAYA-2.jpg","width":300,"height":180},{"@type":"BreadcrumbList","@id":"https:\/\/pagina10.com\/web\/jamas-escuche-una-propuesta-tan-absurda-inoportuna-y-grosera-senador-enriquez-maya\/#breadcrumb","itemListElement":[{"@type":"ListItem","position":1,"name":"Portada","item":"https:\/\/pagina10.com\/web\/"},{"@type":"ListItem","position":2,"name":"\u201cJam\u00e1s escuch\u00e9 una propuesta tan absurda, inoportuna y grosera\u201d senador Enr\u00edquez Maya."}]},{"@type":"WebSite","@id":"https:\/\/pagina10.com\/web\/#website","url":"https:\/\/pagina10.com\/web\/","name":"P\u00e1gina10","description":"Peri\u00f3dico Regional","publisher":{"@id":"https:\/\/pagina10.com\/web\/#organization"},"alternateName":"P\u00e1gina10 Peri\u00f3dico Regional","potentialAction":[{"@type":"SearchAction","target":{"@type":"EntryPoint","urlTemplate":"https:\/\/pagina10.com\/web\/?s={search_term_string}"},"query-input":{"@type":"PropertyValueSpecification","valueRequired":true,"valueName":"search_term_string"}}],"inLanguage":"es"},{"@type":"Organization","@id":"https:\/\/pagina10.com\/web\/#organization","name":"P\u00e1gina10","alternateName":"P\u00e1gina10 Peri\u00f3dico Regional","url":"https:\/\/pagina10.com\/web\/","logo":{"@type":"ImageObject","inLanguage":"es","@id":"https:\/\/pagina10.com\/web\/#\/schema\/logo\/image\/","url":"https:\/\/pagina10.com\/web\/wp-content\/uploads\/2024\/01\/40-pagina-10-periodico-regional-pasto.jpg","contentUrl":"https:\/\/pagina10.com\/web\/wp-content\/uploads\/2024\/01\/40-pagina-10-periodico-regional-pasto.jpg","width":1280,"height":720,"caption":"P\u00e1gina10"},"image":{"@id":"https:\/\/pagina10.com\/web\/#\/schema\/logo\/image\/"},"sameAs":["https:\/\/www.facebook.com\/pag10com","https:\/\/x.com\/Pag10com","https:\/\/www.instagram.com\/pagina10col\/","https:\/\/youtube.com\/channel\/pag10","https:\/\/www.tiktok.com\/@p10col"]},{"@type":"Person","@id":"https:\/\/pagina10.com\/web\/#\/schema\/person\/2efc4a090d25b667d3bc796798a3a81b","name":"P\u00e1gina 10","description":"P\u00e1gina 10 es un peri\u00f3dico regional que nace en Colombia, en el departamento de Nari\u00f1o, con un enfoque global, fundamentado en cuatro pilares esenciales: la libertad, el pluralismo, la inclusi\u00f3n y la independencia. P\u00e1gina 10 hace referencia a Nari\u00f1o como el d\u00e9cimo departamento creado en Colombia, despu\u00e9s de un proceso pol\u00edtico liderado por actores y actrices regionales con el fin de obtener la independencia y autonom\u00eda de nuestros territorios. Con la creaci\u00f3n de P\u00e1gina 10 se pretende abrir un escenario para el dialogo, la reflexi\u00f3n y el debate que se extienda a otras geograf\u00edas de Am\u00e9rica Latina y del planeta, en una apuesta por transformar colectivamente los desaf\u00edos de un mundo contempor\u00e1neo, m\u00e1s all\u00e1 de las fronteras impuestas.","url":"https:\/\/pagina10.com\/web\/author\/pdiezadmin\/"}]}},"_links":{"self":[{"href":"https:\/\/pagina10.com\/web\/wp-json\/wp\/v2\/posts\/51233","targetHints":{"allow":["GET"]}}],"collection":[{"href":"https:\/\/pagina10.com\/web\/wp-json\/wp\/v2\/posts"}],"about":[{"href":"https:\/\/pagina10.com\/web\/wp-json\/wp\/v2\/types\/post"}],"author":[{"embeddable":true,"href":"https:\/\/pagina10.com\/web\/wp-json\/wp\/v2\/users\/1"}],"replies":[{"embeddable":true,"href":"https:\/\/pagina10.com\/web\/wp-json\/wp\/v2\/comments?post=51233"}],"version-history":[{"count":2,"href":"https:\/\/pagina10.com\/web\/wp-json\/wp\/v2\/posts\/51233\/revisions"}],"predecessor-version":[{"id":51250,"href":"https:\/\/pagina10.com\/web\/wp-json\/wp\/v2\/posts\/51233\/revisions\/51250"}],"wp:featuredmedia":[{"embeddable":true,"href":"https:\/\/pagina10.com\/web\/wp-json\/wp\/v2\/media\/51234"}],"wp:attachment":[{"href":"https:\/\/pagina10.com\/web\/wp-json\/wp\/v2\/media?parent=51233"}],"wp:term":[{"taxonomy":"category","embeddable":true,"href":"https:\/\/pagina10.com\/web\/wp-json\/wp\/v2\/categories?post=51233"},{"taxonomy":"post_tag","embeddable":true,"href":"https:\/\/pagina10.com\/web\/wp-json\/wp\/v2\/tags?post=51233"}],"curies":[{"name":"wp","href":"https:\/\/api.w.org\/{rel}","templated":true}]}}