{"id":51236,"date":"2021-03-18T12:12:46","date_gmt":"2021-03-18T17:12:46","guid":{"rendered":"https:\/\/pagina10.com\/web\/?p=51236"},"modified":"2021-03-19T15:38:47","modified_gmt":"2021-03-19T20:38:47","slug":"ingeniera-civil-johanna-andrea-morillo-guevara-es-el-personaje-10","status":"publish","type":"post","link":"https:\/\/pagina10.com\/web\/ingeniera-civil-johanna-andrea-morillo-guevara-es-el-personaje-10\/","title":{"rendered":"Subsecretaria de minas de la Gobernaci\u00f3n de Nari\u00f1o, Johanna Andrea Morillo Guevara, es El Personaje 10."},"content":{"rendered":"<p style=\"text-align: justify;\">Johanna Andrea Morillo Guevara, es profesional en Ingenier\u00eda Civil de la Universidad de Nari\u00f1o, Especialista en Interventor\u00eda y Supervisi\u00f3n de Obras Civiles de la Universidad de Catalunya (Espa\u00f1a), Auditora en Sistemas de Calidad ISO 9001:2015 Universidad de Catalunya.<\/p>\n<p style=\"text-align: justify;\">Se ha desempe\u00f1ado en el campo del c\u00e1lculo y dise\u00f1o estructural, tambi\u00e9n ha ejercido labores como Directora e Interventora de obras civiles de la misma manera se ha desempe\u00f1ado como Supervisora T\u00e9cnica de Proyectos de Construcci\u00f3n de Edificaciones seg\u00fan la Normativa Sismo Resistente Colombiana en los departamentos de Nari\u00f1o y Cauca. Supervisora de proyectos de infraestructura social con la organizaci\u00f3n FUPAD, (Fundaci\u00f3n Panamericana para el desarrollo-FUPAD) en pro de municipios v\u00edctimas del conflicto armado en la costa pac\u00edfica Nari\u00f1ense y alto Putumayo. En los \u00faltimos a\u00f1os ha trabajado como: Ingeniera Contratista de proyectos obras de mejoramiento de infraestructura de instituciones educativas, centros de salud y hospitales en los departamentos de Nari\u00f1o y Putumayo. Actualmente se desempe\u00f1a como Subsecretaria de minas y energ\u00eda del departamento de Nari\u00f1o.<\/p>\n<p style=\"text-align: justify;\">\u00a1Orgullosamente Nari\u00f1ense!<\/p>\n<p style=\"text-align: justify;\">Frente a los proyectos que viene liderando la subsecretaria, se encuentra el\u00a0denominado: \u201cSubsidios para ampliar la cobertura del servicio domiciliario de gas LP por redes en 18 municipios en el departamento de Nari\u00f1o\u201d, es un proyecto que beneficia a m\u00e1s de 18.000 usuarios, genera m\u00e1s de 700 empleos entre directos e indirectos, le apuesta al consumo de energ\u00e9ticos sostenibles y amigables con el medio ambiente, aporta a la reducci\u00f3n de m\u00e1s del 80% de emisiones de CO2, de la misma manera reduce en un 21 % la inhalaci\u00f3n de material particulado. El departamento de Nari\u00f1o el 55% de la totalidad de los hogares rurales, consumen le\u00f1a y carb\u00f3n como energ\u00e9ticos para la cocci\u00f3n de sus alimentos, lo que genera: padecimiento de enfermedades respiratorias agudas por la inhalaci\u00f3n de gases y material particulado producto de la combusti\u00f3n de estos energ\u00e9ticos, esta problem\u00e1tica arrastra otra con una gravedad de igual magnitud que es la perdida de bosques en nuestro territorio. Este proyecto permite que los nari\u00f1enses sustituyan el uso de carb\u00f3n y le\u00f1a por energ\u00e9ticos m\u00e1s sostenibles y amigables con el medio ambiente como lo es el Gas, el cual es considerado como el energ\u00e9tico de la transici\u00f3n energ\u00e9tica. Paralelamente estamos trabajando en una fase m\u00e1s avanzada con otros proyectos que de igual manera le apuestan a la ampliaci\u00f3n del servicio de gas combustible por redes en nuestro departamento beneficiando a a 28 municipios en total hasta el momento, tambi\u00e9n permite al nari\u00f1ense un ahorro del 39% en el valor del consumo frente al cilindro. La meta del Plan Departamental de Desarrollo: Mi Nari\u00f1o en Defensa de lo Nuestro se tiene contemplado como meta la ampliaci\u00f3n de cobertura de gas LP por redes para 7 municipios del departamento, con estos proyectos se ha sobrepasado la meta. Actualmente el departamento cuenta con un 15.6% de cobertura de gas LP por redes en 10 municipios, con estos proyectos se llevar\u00eda al departamento a un incremento del 59.5% de cobertura del servicio en 38 municipios.<\/p>\n<p style=\"text-align: justify;\">Es importante mencionar entre los proyectos que viene gestionando la subsecretaria de minas, proyectos de electrificaci\u00f3n que permitir\u00e1n la implementaci\u00f3n de soluciones energ\u00e9ticas para 3 municipios de la costa pac\u00edfica de Nari\u00f1o beneficiando con el servicio b\u00e1sico de energ\u00eda a m\u00e1s de 700 usuarios beneficiarios pertenecientes a comunidades ind\u00edgenas.<\/p>\n<p style=\"text-align: justify;\">Adem\u00e1s se est\u00e1 gestionando para incluir en el departamento una canasta energ\u00e9tica, que sea din\u00e1mica y represente ahorro en el valor del consumo de los servicios b\u00e1sicos, y sobre todo, que genere impactos ben\u00e9ficos al medio ambiente y a la salud p\u00fablica, para lo cual nos hemos articulado con la transici\u00f3n energ\u00e9tica sostenible y amigable con el medio ambiente. \u00a0Igualmente se trabaja en 3 l\u00edneas: Energ\u00eda, Gas y Miner\u00eda con tecnolog\u00edas limpias y ecol\u00f3gicas. En resumen, la subsecretaria expresa que el sector minero energ\u00e9tico debe ser un aliado estrat\u00e9gico en el proceso de reactivaci\u00f3n econ\u00f3mica, ya que aporta al PIB de la naci\u00f3n, generando empleos directos e indirectos, regal\u00edas a las entidades territoriales y de la mano de la transici\u00f3n energ\u00e9tica aporta a la sostenibilidad y protecci\u00f3n del medio ambiente.<\/p>\n","protected":false},"excerpt":{"rendered":"<p>Johanna Andrea Morillo Guevara, es profesional en Ingenier\u00eda Civil de la Universidad de Nari\u00f1o, Especialista en Interventor\u00eda y Supervisi\u00f3n de Obras Civiles de la Universidad de Catalunya (Espa\u00f1a), Auditora en Sistemas de Calidad ISO 9001:2015 Universidad de Catalunya. Se ha desempe\u00f1ado en el campo del c\u00e1lculo y dise\u00f1o estructural, tambi\u00e9n ha ejercido labores como Directora [&hellip;]<\/p>\n","protected":false},"author":1,"featured_media":51237,"comment_status":"open","ping_status":"open","sticky":false,"template":"","format":"standard","meta":{"footnotes":""},"categories":[53,1528],"tags":[],"class_list":["post-51236","post","type-post","status-publish","format-standard","has-post-thumbnail","hentry","category-regiones","category-titulares"],"yoast_head":"<!-- This site is optimized with the Yoast SEO plugin v27.1.1 - https:\/\/yoast.com\/product\/yoast-seo-wordpress\/ -->\n<title>Subsecretaria de minas de la Gobernaci\u00f3n de Nari\u00f1o, Johanna Andrea Morillo Guevara, es El Personaje 10. | P\u00e1gina10<\/title>\n<meta name=\"robots\" content=\"index, follow, max-snippet:-1, max-image-preview:large, max-video-preview:-1\" \/>\n<link rel=\"canonical\" href=\"https:\/\/pagina10.com\/web\/ingeniera-civil-johanna-andrea-morillo-guevara-es-el-personaje-10\/\" \/>\n<meta property=\"og:locale\" content=\"es_ES\" \/>\n<meta property=\"og:type\" content=\"article\" \/>\n<meta property=\"og:title\" content=\"Subsecretaria de minas de la Gobernaci\u00f3n de Nari\u00f1o, Johanna Andrea Morillo Guevara, es El Personaje 10. | P\u00e1gina10\" \/>\n<meta property=\"og:description\" content=\"Johanna Andrea Morillo Guevara, es profesional en Ingenier\u00eda Civil de la Universidad de Nari\u00f1o, Especialista en Interventor\u00eda y Supervisi\u00f3n de Obras Civiles de la Universidad de Catalunya (Espa\u00f1a), Auditora en Sistemas de Calidad ISO 9001:2015 Universidad de Catalunya. Se ha desempe\u00f1ado en el campo del c\u00e1lculo y dise\u00f1o estructural, tambi\u00e9n ha ejercido labores como Directora [&hellip;]\" \/>\n<meta property=\"og:url\" content=\"https:\/\/pagina10.com\/web\/ingeniera-civil-johanna-andrea-morillo-guevara-es-el-personaje-10\/\" \/>\n<meta property=\"og:site_name\" content=\"P\u00e1gina10\" \/>\n<meta property=\"article:publisher\" content=\"https:\/\/www.facebook.com\/pag10com\" \/>\n<meta property=\"article:published_time\" content=\"2021-03-18T17:12:46+00:00\" \/>\n<meta property=\"article:modified_time\" content=\"2021-03-19T20:38:47+00:00\" \/>\n<meta property=\"og:image\" content=\"https:\/\/pagina10.com\/web\/wp-content\/uploads\/2021\/03\/WhatsApp-Image-2021-03-18-at-11.02.53-AM.jpeg\" \/>\n\t<meta property=\"og:image:width\" content=\"360\" \/>\n\t<meta property=\"og:image:height\" content=\"480\" \/>\n\t<meta property=\"og:image:type\" content=\"image\/jpeg\" \/>\n<meta name=\"author\" content=\"P\u00e1gina 10\" \/>\n<meta name=\"twitter:card\" content=\"summary_large_image\" \/>\n<meta name=\"twitter:creator\" content=\"@Pag10com\" \/>\n<meta name=\"twitter:site\" content=\"@Pag10com\" \/>\n<meta name=\"twitter:label1\" content=\"Escrito por\" \/>\n\t<meta name=\"twitter:data1\" content=\"P\u00e1gina 10\" \/>\n\t<meta name=\"twitter:label2\" content=\"Tiempo de lectura\" \/>\n\t<meta name=\"twitter:data2\" content=\"4 minutos\" \/>\n<script type=\"application\/ld+json\" class=\"yoast-schema-graph\">{\"@context\":\"https:\/\/schema.org\",\"@graph\":[{\"@type\":\"Article\",\"@id\":\"https:\/\/pagina10.com\/web\/ingeniera-civil-johanna-andrea-morillo-guevara-es-el-personaje-10\/#article\",\"isPartOf\":{\"@id\":\"https:\/\/pagina10.com\/web\/ingeniera-civil-johanna-andrea-morillo-guevara-es-el-personaje-10\/\"},\"author\":{\"name\":\"P\u00e1gina 10\",\"@id\":\"https:\/\/pagina10.com\/web\/#\/schema\/person\/2efc4a090d25b667d3bc796798a3a81b\"},\"headline\":\"Subsecretaria de minas de la Gobernaci\u00f3n de Nari\u00f1o, Johanna Andrea Morillo Guevara, es El Personaje 10.\",\"datePublished\":\"2021-03-18T17:12:46+00:00\",\"dateModified\":\"2021-03-19T20:38:47+00:00\",\"mainEntityOfPage\":{\"@id\":\"https:\/\/pagina10.com\/web\/ingeniera-civil-johanna-andrea-morillo-guevara-es-el-personaje-10\/\"},\"wordCount\":763,\"commentCount\":0,\"publisher\":{\"@id\":\"https:\/\/pagina10.com\/web\/#organization\"},\"image\":{\"@id\":\"https:\/\/pagina10.com\/web\/ingeniera-civil-johanna-andrea-morillo-guevara-es-el-personaje-10\/#primaryimage\"},\"thumbnailUrl\":\"https:\/\/pagina10.com\/web\/wp-content\/uploads\/2021\/03\/WhatsApp-Image-2021-03-18-at-11.02.53-AM.jpeg\",\"articleSection\":[\"Regiones\",\"Titulares\"],\"inLanguage\":\"es\",\"potentialAction\":[{\"@type\":\"CommentAction\",\"name\":\"Comment\",\"target\":[\"https:\/\/pagina10.com\/web\/ingeniera-civil-johanna-andrea-morillo-guevara-es-el-personaje-10\/#respond\"]}]},{\"@type\":\"WebPage\",\"@id\":\"https:\/\/pagina10.com\/web\/ingeniera-civil-johanna-andrea-morillo-guevara-es-el-personaje-10\/\",\"url\":\"https:\/\/pagina10.com\/web\/ingeniera-civil-johanna-andrea-morillo-guevara-es-el-personaje-10\/\",\"name\":\"Subsecretaria de minas de la Gobernaci\u00f3n de Nari\u00f1o, Johanna Andrea Morillo Guevara, es El Personaje 10. | P\u00e1gina10\",\"isPartOf\":{\"@id\":\"https:\/\/pagina10.com\/web\/#website\"},\"primaryImageOfPage\":{\"@id\":\"https:\/\/pagina10.com\/web\/ingeniera-civil-johanna-andrea-morillo-guevara-es-el-personaje-10\/#primaryimage\"},\"image\":{\"@id\":\"https:\/\/pagina10.com\/web\/ingeniera-civil-johanna-andrea-morillo-guevara-es-el-personaje-10\/#primaryimage\"},\"thumbnailUrl\":\"https:\/\/pagina10.com\/web\/wp-content\/uploads\/2021\/03\/WhatsApp-Image-2021-03-18-at-11.02.53-AM.jpeg\",\"datePublished\":\"2021-03-18T17:12:46+00:00\",\"dateModified\":\"2021-03-19T20:38:47+00:00\",\"breadcrumb\":{\"@id\":\"https:\/\/pagina10.com\/web\/ingeniera-civil-johanna-andrea-morillo-guevara-es-el-personaje-10\/#breadcrumb\"},\"inLanguage\":\"es\",\"potentialAction\":[{\"@type\":\"ReadAction\",\"target\":[\"https:\/\/pagina10.com\/web\/ingeniera-civil-johanna-andrea-morillo-guevara-es-el-personaje-10\/\"]}]},{\"@type\":\"ImageObject\",\"inLanguage\":\"es\",\"@id\":\"https:\/\/pagina10.com\/web\/ingeniera-civil-johanna-andrea-morillo-guevara-es-el-personaje-10\/#primaryimage\",\"url\":\"https:\/\/pagina10.com\/web\/wp-content\/uploads\/2021\/03\/WhatsApp-Image-2021-03-18-at-11.02.53-AM.jpeg\",\"contentUrl\":\"https:\/\/pagina10.com\/web\/wp-content\/uploads\/2021\/03\/WhatsApp-Image-2021-03-18-at-11.02.53-AM.jpeg\",\"width\":360,\"height\":480},{\"@type\":\"BreadcrumbList\",\"@id\":\"https:\/\/pagina10.com\/web\/ingeniera-civil-johanna-andrea-morillo-guevara-es-el-personaje-10\/#breadcrumb\",\"itemListElement\":[{\"@type\":\"ListItem\",\"position\":1,\"name\":\"Portada\",\"item\":\"https:\/\/pagina10.com\/web\/\"},{\"@type\":\"ListItem\",\"position\":2,\"name\":\"Subsecretaria de minas de la Gobernaci\u00f3n de Nari\u00f1o, Johanna Andrea Morillo Guevara, es El Personaje 10.\"}]},{\"@type\":\"WebSite\",\"@id\":\"https:\/\/pagina10.com\/web\/#website\",\"url\":\"https:\/\/pagina10.com\/web\/\",\"name\":\"P\u00e1gina10\",\"description\":\"Peri\u00f3dico Regional\",\"publisher\":{\"@id\":\"https:\/\/pagina10.com\/web\/#organization\"},\"alternateName\":\"P\u00e1gina10 Peri\u00f3dico Regional\",\"potentialAction\":[{\"@type\":\"SearchAction\",\"target\":{\"@type\":\"EntryPoint\",\"urlTemplate\":\"https:\/\/pagina10.com\/web\/?s={search_term_string}\"},\"query-input\":{\"@type\":\"PropertyValueSpecification\",\"valueRequired\":true,\"valueName\":\"search_term_string\"}}],\"inLanguage\":\"es\"},{\"@type\":\"Organization\",\"@id\":\"https:\/\/pagina10.com\/web\/#organization\",\"name\":\"P\u00e1gina10\",\"alternateName\":\"P\u00e1gina10 Peri\u00f3dico Regional\",\"url\":\"https:\/\/pagina10.com\/web\/\",\"logo\":{\"@type\":\"ImageObject\",\"inLanguage\":\"es\",\"@id\":\"https:\/\/pagina10.com\/web\/#\/schema\/logo\/image\/\",\"url\":\"https:\/\/pagina10.com\/web\/wp-content\/uploads\/2024\/01\/40-pagina-10-periodico-regional-pasto.jpg\",\"contentUrl\":\"https:\/\/pagina10.com\/web\/wp-content\/uploads\/2024\/01\/40-pagina-10-periodico-regional-pasto.jpg\",\"width\":1280,\"height\":720,\"caption\":\"P\u00e1gina10\"},\"image\":{\"@id\":\"https:\/\/pagina10.com\/web\/#\/schema\/logo\/image\/\"},\"sameAs\":[\"https:\/\/www.facebook.com\/pag10com\",\"https:\/\/x.com\/Pag10com\",\"https:\/\/www.instagram.com\/pagina10col\/\",\"https:\/\/youtube.com\/channel\/pag10\",\"https:\/\/www.tiktok.com\/@p10col\"]},{\"@type\":\"Person\",\"@id\":\"https:\/\/pagina10.com\/web\/#\/schema\/person\/2efc4a090d25b667d3bc796798a3a81b\",\"name\":\"P\u00e1gina 10\",\"description\":\"P\u00e1gina 10 es un peri\u00f3dico regional que nace en Colombia, en el departamento de Nari\u00f1o, con un enfoque global, fundamentado en cuatro pilares esenciales: la libertad, el pluralismo, la inclusi\u00f3n y la independencia. P\u00e1gina 10 hace referencia a Nari\u00f1o como el d\u00e9cimo departamento creado en Colombia, despu\u00e9s de un proceso pol\u00edtico liderado por actores y actrices regionales con el fin de obtener la independencia y autonom\u00eda de nuestros territorios. Con la creaci\u00f3n de P\u00e1gina 10 se pretende abrir un escenario para el dialogo, la reflexi\u00f3n y el debate que se extienda a otras geograf\u00edas de Am\u00e9rica Latina y del planeta, en una apuesta por transformar colectivamente los desaf\u00edos de un mundo contempor\u00e1neo, m\u00e1s all\u00e1 de las fronteras impuestas.\",\"url\":\"https:\/\/pagina10.com\/web\/author\/pdiezadmin\/\"}]}<\/script>\n<!-- \/ Yoast SEO plugin. -->","yoast_head_json":{"title":"Subsecretaria de minas de la Gobernaci\u00f3n de Nari\u00f1o, Johanna Andrea Morillo Guevara, es El Personaje 10. | P\u00e1gina10","robots":{"index":"index","follow":"follow","max-snippet":"max-snippet:-1","max-image-preview":"max-image-preview:large","max-video-preview":"max-video-preview:-1"},"canonical":"https:\/\/pagina10.com\/web\/ingeniera-civil-johanna-andrea-morillo-guevara-es-el-personaje-10\/","og_locale":"es_ES","og_type":"article","og_title":"Subsecretaria de minas de la Gobernaci\u00f3n de Nari\u00f1o, Johanna Andrea Morillo Guevara, es El Personaje 10. | P\u00e1gina10","og_description":"Johanna Andrea Morillo Guevara, es profesional en Ingenier\u00eda Civil de la Universidad de Nari\u00f1o, Especialista en Interventor\u00eda y Supervisi\u00f3n de Obras Civiles de la Universidad de Catalunya (Espa\u00f1a), Auditora en Sistemas de Calidad ISO 9001:2015 Universidad de Catalunya. Se ha desempe\u00f1ado en el campo del c\u00e1lculo y dise\u00f1o estructural, tambi\u00e9n ha ejercido labores como Directora [&hellip;]","og_url":"https:\/\/pagina10.com\/web\/ingeniera-civil-johanna-andrea-morillo-guevara-es-el-personaje-10\/","og_site_name":"P\u00e1gina10","article_publisher":"https:\/\/www.facebook.com\/pag10com","article_published_time":"2021-03-18T17:12:46+00:00","article_modified_time":"2021-03-19T20:38:47+00:00","og_image":[{"width":360,"height":480,"url":"https:\/\/pagina10.com\/web\/wp-content\/uploads\/2021\/03\/WhatsApp-Image-2021-03-18-at-11.02.53-AM.jpeg","type":"image\/jpeg"}],"author":"P\u00e1gina 10","twitter_card":"summary_large_image","twitter_creator":"@Pag10com","twitter_site":"@Pag10com","twitter_misc":{"Escrito por":"P\u00e1gina 10","Tiempo de lectura":"4 minutos"},"schema":{"@context":"https:\/\/schema.org","@graph":[{"@type":"Article","@id":"https:\/\/pagina10.com\/web\/ingeniera-civil-johanna-andrea-morillo-guevara-es-el-personaje-10\/#article","isPartOf":{"@id":"https:\/\/pagina10.com\/web\/ingeniera-civil-johanna-andrea-morillo-guevara-es-el-personaje-10\/"},"author":{"name":"P\u00e1gina 10","@id":"https:\/\/pagina10.com\/web\/#\/schema\/person\/2efc4a090d25b667d3bc796798a3a81b"},"headline":"Subsecretaria de minas de la Gobernaci\u00f3n de Nari\u00f1o, Johanna Andrea Morillo Guevara, es El Personaje 10.","datePublished":"2021-03-18T17:12:46+00:00","dateModified":"2021-03-19T20:38:47+00:00","mainEntityOfPage":{"@id":"https:\/\/pagina10.com\/web\/ingeniera-civil-johanna-andrea-morillo-guevara-es-el-personaje-10\/"},"wordCount":763,"commentCount":0,"publisher":{"@id":"https:\/\/pagina10.com\/web\/#organization"},"image":{"@id":"https:\/\/pagina10.com\/web\/ingeniera-civil-johanna-andrea-morillo-guevara-es-el-personaje-10\/#primaryimage"},"thumbnailUrl":"https:\/\/pagina10.com\/web\/wp-content\/uploads\/2021\/03\/WhatsApp-Image-2021-03-18-at-11.02.53-AM.jpeg","articleSection":["Regiones","Titulares"],"inLanguage":"es","potentialAction":[{"@type":"CommentAction","name":"Comment","target":["https:\/\/pagina10.com\/web\/ingeniera-civil-johanna-andrea-morillo-guevara-es-el-personaje-10\/#respond"]}]},{"@type":"WebPage","@id":"https:\/\/pagina10.com\/web\/ingeniera-civil-johanna-andrea-morillo-guevara-es-el-personaje-10\/","url":"https:\/\/pagina10.com\/web\/ingeniera-civil-johanna-andrea-morillo-guevara-es-el-personaje-10\/","name":"Subsecretaria de minas de la Gobernaci\u00f3n de Nari\u00f1o, Johanna Andrea Morillo Guevara, es El Personaje 10. | P\u00e1gina10","isPartOf":{"@id":"https:\/\/pagina10.com\/web\/#website"},"primaryImageOfPage":{"@id":"https:\/\/pagina10.com\/web\/ingeniera-civil-johanna-andrea-morillo-guevara-es-el-personaje-10\/#primaryimage"},"image":{"@id":"https:\/\/pagina10.com\/web\/ingeniera-civil-johanna-andrea-morillo-guevara-es-el-personaje-10\/#primaryimage"},"thumbnailUrl":"https:\/\/pagina10.com\/web\/wp-content\/uploads\/2021\/03\/WhatsApp-Image-2021-03-18-at-11.02.53-AM.jpeg","datePublished":"2021-03-18T17:12:46+00:00","dateModified":"2021-03-19T20:38:47+00:00","breadcrumb":{"@id":"https:\/\/pagina10.com\/web\/ingeniera-civil-johanna-andrea-morillo-guevara-es-el-personaje-10\/#breadcrumb"},"inLanguage":"es","potentialAction":[{"@type":"ReadAction","target":["https:\/\/pagina10.com\/web\/ingeniera-civil-johanna-andrea-morillo-guevara-es-el-personaje-10\/"]}]},{"@type":"ImageObject","inLanguage":"es","@id":"https:\/\/pagina10.com\/web\/ingeniera-civil-johanna-andrea-morillo-guevara-es-el-personaje-10\/#primaryimage","url":"https:\/\/pagina10.com\/web\/wp-content\/uploads\/2021\/03\/WhatsApp-Image-2021-03-18-at-11.02.53-AM.jpeg","contentUrl":"https:\/\/pagina10.com\/web\/wp-content\/uploads\/2021\/03\/WhatsApp-Image-2021-03-18-at-11.02.53-AM.jpeg","width":360,"height":480},{"@type":"BreadcrumbList","@id":"https:\/\/pagina10.com\/web\/ingeniera-civil-johanna-andrea-morillo-guevara-es-el-personaje-10\/#breadcrumb","itemListElement":[{"@type":"ListItem","position":1,"name":"Portada","item":"https:\/\/pagina10.com\/web\/"},{"@type":"ListItem","position":2,"name":"Subsecretaria de minas de la Gobernaci\u00f3n de Nari\u00f1o, Johanna Andrea Morillo Guevara, es El Personaje 10."}]},{"@type":"WebSite","@id":"https:\/\/pagina10.com\/web\/#website","url":"https:\/\/pagina10.com\/web\/","name":"P\u00e1gina10","description":"Peri\u00f3dico Regional","publisher":{"@id":"https:\/\/pagina10.com\/web\/#organization"},"alternateName":"P\u00e1gina10 Peri\u00f3dico Regional","potentialAction":[{"@type":"SearchAction","target":{"@type":"EntryPoint","urlTemplate":"https:\/\/pagina10.com\/web\/?s={search_term_string}"},"query-input":{"@type":"PropertyValueSpecification","valueRequired":true,"valueName":"search_term_string"}}],"inLanguage":"es"},{"@type":"Organization","@id":"https:\/\/pagina10.com\/web\/#organization","name":"P\u00e1gina10","alternateName":"P\u00e1gina10 Peri\u00f3dico Regional","url":"https:\/\/pagina10.com\/web\/","logo":{"@type":"ImageObject","inLanguage":"es","@id":"https:\/\/pagina10.com\/web\/#\/schema\/logo\/image\/","url":"https:\/\/pagina10.com\/web\/wp-content\/uploads\/2024\/01\/40-pagina-10-periodico-regional-pasto.jpg","contentUrl":"https:\/\/pagina10.com\/web\/wp-content\/uploads\/2024\/01\/40-pagina-10-periodico-regional-pasto.jpg","width":1280,"height":720,"caption":"P\u00e1gina10"},"image":{"@id":"https:\/\/pagina10.com\/web\/#\/schema\/logo\/image\/"},"sameAs":["https:\/\/www.facebook.com\/pag10com","https:\/\/x.com\/Pag10com","https:\/\/www.instagram.com\/pagina10col\/","https:\/\/youtube.com\/channel\/pag10","https:\/\/www.tiktok.com\/@p10col"]},{"@type":"Person","@id":"https:\/\/pagina10.com\/web\/#\/schema\/person\/2efc4a090d25b667d3bc796798a3a81b","name":"P\u00e1gina 10","description":"P\u00e1gina 10 es un peri\u00f3dico regional que nace en Colombia, en el departamento de Nari\u00f1o, con un enfoque global, fundamentado en cuatro pilares esenciales: la libertad, el pluralismo, la inclusi\u00f3n y la independencia. P\u00e1gina 10 hace referencia a Nari\u00f1o como el d\u00e9cimo departamento creado en Colombia, despu\u00e9s de un proceso pol\u00edtico liderado por actores y actrices regionales con el fin de obtener la independencia y autonom\u00eda de nuestros territorios. Con la creaci\u00f3n de P\u00e1gina 10 se pretende abrir un escenario para el dialogo, la reflexi\u00f3n y el debate que se extienda a otras geograf\u00edas de Am\u00e9rica Latina y del planeta, en una apuesta por transformar colectivamente los desaf\u00edos de un mundo contempor\u00e1neo, m\u00e1s all\u00e1 de las fronteras impuestas.","url":"https:\/\/pagina10.com\/web\/author\/pdiezadmin\/"}]}},"_links":{"self":[{"href":"https:\/\/pagina10.com\/web\/wp-json\/wp\/v2\/posts\/51236","targetHints":{"allow":["GET"]}}],"collection":[{"href":"https:\/\/pagina10.com\/web\/wp-json\/wp\/v2\/posts"}],"about":[{"href":"https:\/\/pagina10.com\/web\/wp-json\/wp\/v2\/types\/post"}],"author":[{"embeddable":true,"href":"https:\/\/pagina10.com\/web\/wp-json\/wp\/v2\/users\/1"}],"replies":[{"embeddable":true,"href":"https:\/\/pagina10.com\/web\/wp-json\/wp\/v2\/comments?post=51236"}],"version-history":[{"count":7,"href":"https:\/\/pagina10.com\/web\/wp-json\/wp\/v2\/posts\/51236\/revisions"}],"predecessor-version":[{"id":51275,"href":"https:\/\/pagina10.com\/web\/wp-json\/wp\/v2\/posts\/51236\/revisions\/51275"}],"wp:featuredmedia":[{"embeddable":true,"href":"https:\/\/pagina10.com\/web\/wp-json\/wp\/v2\/media\/51237"}],"wp:attachment":[{"href":"https:\/\/pagina10.com\/web\/wp-json\/wp\/v2\/media?parent=51236"}],"wp:term":[{"taxonomy":"category","embeddable":true,"href":"https:\/\/pagina10.com\/web\/wp-json\/wp\/v2\/categories?post=51236"},{"taxonomy":"post_tag","embeddable":true,"href":"https:\/\/pagina10.com\/web\/wp-json\/wp\/v2\/tags?post=51236"}],"curies":[{"name":"wp","href":"https:\/\/api.w.org\/{rel}","templated":true}]}}