{"id":51241,"date":"2021-03-18T13:48:14","date_gmt":"2021-03-18T18:48:14","guid":{"rendered":"https:\/\/pagina10.com\/web\/?p=51241"},"modified":"2021-03-18T13:50:30","modified_gmt":"2021-03-18T18:50:30","slug":"lideresa-indigena-maria-bernarda-juajibioy-fue-asesinada-en-el-putumayo","status":"publish","type":"post","link":"https:\/\/pagina10.com\/web\/lideresa-indigena-maria-bernarda-juajibioy-fue-asesinada-en-el-putumayo\/","title":{"rendered":"Lideresa ind\u00edgena Mar\u00eda Bernarda Juajibioy fue asesinada en el Putumayo."},"content":{"rendered":"<p style=\"text-align: justify;\">En la tarde de este mi\u00e9rcoles 17 de marzo, Mar\u00eda Bernarda Juajibioy, lideresa y actual alcaldesa del Resguardo del Cabildo Camentz\u00e1 Biy\u00e1, fue asesinada junto con su nieta de un a\u00f1o y medio de edad<\/p>\n<p style=\"text-align: justify;\">De acuerdo a la informaci\u00f3n que se tiene hasta el momento, la lideresa se movilizaba con otras mujeres en motocicleta, entre la v\u00eda Cabildo, en la vereda La Esmeralda, en Orito (Putumayo) con rumbo a la inspecci\u00f3n de El Placer, en el municipio de Valle del Guamuez; all\u00ed fueron interceptadas por hombres armados que las asesinaron.<\/p>\n<p style=\"text-align: justify;\">La Organizaci\u00f3n Nacional Ind\u00edgena de Colombia, Onic, manifest\u00f3 su rechazo por el asesinato de la lideresa ind\u00edgena y de su nieta y exigi\u00f3 la investigaci\u00f3n y judicializaci\u00f3n de los responsables. \u201cLas mujeres ind\u00edgenas son las guardianas de la pervivencia de los Pueblos\u201d se\u00f1alaron.<\/p>\n<p style=\"text-align: justify;\">Finalmente concluyeron que, \u201cEn los territorios ind\u00edgenas hacen presencia grupos armados que ponen en RIESGO la pervivencia de las comunidades. Nos est\u00e1n exterminando ante el silecio c\u00f3mplice del Gobierno de Iv\u00e1n Duque\u201d.<\/p>\n<p style=\"text-align: justify;\">De acuerdo a los datos suministrados por el Instituto de estudios para el desarrollo y la paz, Indepaz, el asesinato de Mar\u00eda Bernarda Juajibioy, se suma a los 34 asesinatos de l\u00edderes y defensores de DDHH en lo que va corrido del 2021 y a los 1148 asesinatos desde la firma del acuerdo de paz.<\/p>\n","protected":false},"excerpt":{"rendered":"<p>En la tarde de este mi\u00e9rcoles 17 de marzo, Mar\u00eda Bernarda Juajibioy, lideresa y actual alcaldesa del Resguardo del Cabildo Camentz\u00e1 Biy\u00e1, fue asesinada junto con su nieta de un a\u00f1o y medio de edad De acuerdo a la informaci\u00f3n que se tiene hasta el momento, la lideresa se movilizaba con otras mujeres en motocicleta, [&hellip;]<\/p>\n","protected":false},"author":1,"featured_media":51244,"comment_status":"open","ping_status":"open","sticky":false,"template":"","format":"standard","meta":{"footnotes":""},"categories":[53],"tags":[],"class_list":["post-51241","post","type-post","status-publish","format-standard","has-post-thumbnail","hentry","category-regiones"],"yoast_head":"<!-- This site is optimized with the Yoast SEO plugin v27.1.1 - https:\/\/yoast.com\/product\/yoast-seo-wordpress\/ -->\n<title>Lideresa ind\u00edgena Mar\u00eda Bernarda Juajibioy fue asesinada en el Putumayo. | P\u00e1gina10<\/title>\n<meta name=\"robots\" content=\"index, follow, max-snippet:-1, max-image-preview:large, max-video-preview:-1\" \/>\n<link rel=\"canonical\" href=\"https:\/\/pagina10.com\/web\/lideresa-indigena-maria-bernarda-juajibioy-fue-asesinada-en-el-putumayo\/\" \/>\n<meta property=\"og:locale\" content=\"es_ES\" \/>\n<meta property=\"og:type\" content=\"article\" \/>\n<meta property=\"og:title\" content=\"Lideresa ind\u00edgena Mar\u00eda Bernarda Juajibioy fue asesinada en el Putumayo. | P\u00e1gina10\" \/>\n<meta property=\"og:description\" content=\"En la tarde de este mi\u00e9rcoles 17 de marzo, Mar\u00eda Bernarda Juajibioy, lideresa y actual alcaldesa del Resguardo del Cabildo Camentz\u00e1 Biy\u00e1, fue asesinada junto con su nieta de un a\u00f1o y medio de edad De acuerdo a la informaci\u00f3n que se tiene hasta el momento, la lideresa se movilizaba con otras mujeres en motocicleta, [&hellip;]\" \/>\n<meta property=\"og:url\" content=\"https:\/\/pagina10.com\/web\/lideresa-indigena-maria-bernarda-juajibioy-fue-asesinada-en-el-putumayo\/\" \/>\n<meta property=\"og:site_name\" content=\"P\u00e1gina10\" \/>\n<meta property=\"article:publisher\" content=\"https:\/\/www.facebook.com\/pag10com\" \/>\n<meta property=\"article:published_time\" content=\"2021-03-18T18:48:14+00:00\" \/>\n<meta property=\"article:modified_time\" content=\"2021-03-18T18:50:30+00:00\" \/>\n<meta property=\"og:image\" content=\"https:\/\/pagina10.com\/web\/wp-content\/uploads\/2021\/03\/Captura-de-pantalla-114.png\" \/>\n\t<meta property=\"og:image:width\" content=\"392\" \/>\n\t<meta property=\"og:image:height\" content=\"478\" \/>\n\t<meta property=\"og:image:type\" content=\"image\/png\" \/>\n<meta name=\"author\" content=\"P\u00e1gina 10\" \/>\n<meta name=\"twitter:card\" content=\"summary_large_image\" \/>\n<meta name=\"twitter:creator\" content=\"@Pag10com\" \/>\n<meta name=\"twitter:site\" content=\"@Pag10com\" \/>\n<meta name=\"twitter:label1\" content=\"Escrito por\" \/>\n\t<meta name=\"twitter:data1\" content=\"P\u00e1gina 10\" \/>\n\t<meta name=\"twitter:label2\" content=\"Tiempo de lectura\" \/>\n\t<meta name=\"twitter:data2\" content=\"1 minuto\" \/>\n<script type=\"application\/ld+json\" class=\"yoast-schema-graph\">{\"@context\":\"https:\/\/schema.org\",\"@graph\":[{\"@type\":\"Article\",\"@id\":\"https:\/\/pagina10.com\/web\/lideresa-indigena-maria-bernarda-juajibioy-fue-asesinada-en-el-putumayo\/#article\",\"isPartOf\":{\"@id\":\"https:\/\/pagina10.com\/web\/lideresa-indigena-maria-bernarda-juajibioy-fue-asesinada-en-el-putumayo\/\"},\"author\":{\"name\":\"P\u00e1gina 10\",\"@id\":\"https:\/\/pagina10.com\/web\/#\/schema\/person\/2efc4a090d25b667d3bc796798a3a81b\"},\"headline\":\"Lideresa ind\u00edgena Mar\u00eda Bernarda Juajibioy fue asesinada en el Putumayo.\",\"datePublished\":\"2021-03-18T18:48:14+00:00\",\"dateModified\":\"2021-03-18T18:50:30+00:00\",\"mainEntityOfPage\":{\"@id\":\"https:\/\/pagina10.com\/web\/lideresa-indigena-maria-bernarda-juajibioy-fue-asesinada-en-el-putumayo\/\"},\"wordCount\":248,\"commentCount\":0,\"publisher\":{\"@id\":\"https:\/\/pagina10.com\/web\/#organization\"},\"image\":{\"@id\":\"https:\/\/pagina10.com\/web\/lideresa-indigena-maria-bernarda-juajibioy-fue-asesinada-en-el-putumayo\/#primaryimage\"},\"thumbnailUrl\":\"https:\/\/pagina10.com\/web\/wp-content\/uploads\/2021\/03\/Captura-de-pantalla-114.png\",\"articleSection\":[\"Regiones\"],\"inLanguage\":\"es\",\"potentialAction\":[{\"@type\":\"CommentAction\",\"name\":\"Comment\",\"target\":[\"https:\/\/pagina10.com\/web\/lideresa-indigena-maria-bernarda-juajibioy-fue-asesinada-en-el-putumayo\/#respond\"]}]},{\"@type\":\"WebPage\",\"@id\":\"https:\/\/pagina10.com\/web\/lideresa-indigena-maria-bernarda-juajibioy-fue-asesinada-en-el-putumayo\/\",\"url\":\"https:\/\/pagina10.com\/web\/lideresa-indigena-maria-bernarda-juajibioy-fue-asesinada-en-el-putumayo\/\",\"name\":\"Lideresa ind\u00edgena Mar\u00eda Bernarda Juajibioy fue asesinada en el Putumayo. | P\u00e1gina10\",\"isPartOf\":{\"@id\":\"https:\/\/pagina10.com\/web\/#website\"},\"primaryImageOfPage\":{\"@id\":\"https:\/\/pagina10.com\/web\/lideresa-indigena-maria-bernarda-juajibioy-fue-asesinada-en-el-putumayo\/#primaryimage\"},\"image\":{\"@id\":\"https:\/\/pagina10.com\/web\/lideresa-indigena-maria-bernarda-juajibioy-fue-asesinada-en-el-putumayo\/#primaryimage\"},\"thumbnailUrl\":\"https:\/\/pagina10.com\/web\/wp-content\/uploads\/2021\/03\/Captura-de-pantalla-114.png\",\"datePublished\":\"2021-03-18T18:48:14+00:00\",\"dateModified\":\"2021-03-18T18:50:30+00:00\",\"breadcrumb\":{\"@id\":\"https:\/\/pagina10.com\/web\/lideresa-indigena-maria-bernarda-juajibioy-fue-asesinada-en-el-putumayo\/#breadcrumb\"},\"inLanguage\":\"es\",\"potentialAction\":[{\"@type\":\"ReadAction\",\"target\":[\"https:\/\/pagina10.com\/web\/lideresa-indigena-maria-bernarda-juajibioy-fue-asesinada-en-el-putumayo\/\"]}]},{\"@type\":\"ImageObject\",\"inLanguage\":\"es\",\"@id\":\"https:\/\/pagina10.com\/web\/lideresa-indigena-maria-bernarda-juajibioy-fue-asesinada-en-el-putumayo\/#primaryimage\",\"url\":\"https:\/\/pagina10.com\/web\/wp-content\/uploads\/2021\/03\/Captura-de-pantalla-114.png\",\"contentUrl\":\"https:\/\/pagina10.com\/web\/wp-content\/uploads\/2021\/03\/Captura-de-pantalla-114.png\",\"width\":392,\"height\":478},{\"@type\":\"BreadcrumbList\",\"@id\":\"https:\/\/pagina10.com\/web\/lideresa-indigena-maria-bernarda-juajibioy-fue-asesinada-en-el-putumayo\/#breadcrumb\",\"itemListElement\":[{\"@type\":\"ListItem\",\"position\":1,\"name\":\"Portada\",\"item\":\"https:\/\/pagina10.com\/web\/\"},{\"@type\":\"ListItem\",\"position\":2,\"name\":\"Lideresa ind\u00edgena Mar\u00eda Bernarda Juajibioy fue asesinada en el Putumayo.\"}]},{\"@type\":\"WebSite\",\"@id\":\"https:\/\/pagina10.com\/web\/#website\",\"url\":\"https:\/\/pagina10.com\/web\/\",\"name\":\"P\u00e1gina10\",\"description\":\"Peri\u00f3dico Regional\",\"publisher\":{\"@id\":\"https:\/\/pagina10.com\/web\/#organization\"},\"alternateName\":\"P\u00e1gina10 Peri\u00f3dico Regional\",\"potentialAction\":[{\"@type\":\"SearchAction\",\"target\":{\"@type\":\"EntryPoint\",\"urlTemplate\":\"https:\/\/pagina10.com\/web\/?s={search_term_string}\"},\"query-input\":{\"@type\":\"PropertyValueSpecification\",\"valueRequired\":true,\"valueName\":\"search_term_string\"}}],\"inLanguage\":\"es\"},{\"@type\":\"Organization\",\"@id\":\"https:\/\/pagina10.com\/web\/#organization\",\"name\":\"P\u00e1gina10\",\"alternateName\":\"P\u00e1gina10 Peri\u00f3dico Regional\",\"url\":\"https:\/\/pagina10.com\/web\/\",\"logo\":{\"@type\":\"ImageObject\",\"inLanguage\":\"es\",\"@id\":\"https:\/\/pagina10.com\/web\/#\/schema\/logo\/image\/\",\"url\":\"https:\/\/pagina10.com\/web\/wp-content\/uploads\/2024\/01\/40-pagina-10-periodico-regional-pasto.jpg\",\"contentUrl\":\"https:\/\/pagina10.com\/web\/wp-content\/uploads\/2024\/01\/40-pagina-10-periodico-regional-pasto.jpg\",\"width\":1280,\"height\":720,\"caption\":\"P\u00e1gina10\"},\"image\":{\"@id\":\"https:\/\/pagina10.com\/web\/#\/schema\/logo\/image\/\"},\"sameAs\":[\"https:\/\/www.facebook.com\/pag10com\",\"https:\/\/x.com\/Pag10com\",\"https:\/\/www.instagram.com\/pagina10col\/\",\"https:\/\/youtube.com\/channel\/pag10\",\"https:\/\/www.tiktok.com\/@p10col\"]},{\"@type\":\"Person\",\"@id\":\"https:\/\/pagina10.com\/web\/#\/schema\/person\/2efc4a090d25b667d3bc796798a3a81b\",\"name\":\"P\u00e1gina 10\",\"description\":\"P\u00e1gina 10 es un peri\u00f3dico regional que nace en Colombia, en el departamento de Nari\u00f1o, con un enfoque global, fundamentado en cuatro pilares esenciales: la libertad, el pluralismo, la inclusi\u00f3n y la independencia. P\u00e1gina 10 hace referencia a Nari\u00f1o como el d\u00e9cimo departamento creado en Colombia, despu\u00e9s de un proceso pol\u00edtico liderado por actores y actrices regionales con el fin de obtener la independencia y autonom\u00eda de nuestros territorios. Con la creaci\u00f3n de P\u00e1gina 10 se pretende abrir un escenario para el dialogo, la reflexi\u00f3n y el debate que se extienda a otras geograf\u00edas de Am\u00e9rica Latina y del planeta, en una apuesta por transformar colectivamente los desaf\u00edos de un mundo contempor\u00e1neo, m\u00e1s all\u00e1 de las fronteras impuestas.\",\"url\":\"https:\/\/pagina10.com\/web\/author\/pdiezadmin\/\"}]}<\/script>\n<!-- \/ Yoast SEO plugin. -->","yoast_head_json":{"title":"Lideresa ind\u00edgena Mar\u00eda Bernarda Juajibioy fue asesinada en el Putumayo. | P\u00e1gina10","robots":{"index":"index","follow":"follow","max-snippet":"max-snippet:-1","max-image-preview":"max-image-preview:large","max-video-preview":"max-video-preview:-1"},"canonical":"https:\/\/pagina10.com\/web\/lideresa-indigena-maria-bernarda-juajibioy-fue-asesinada-en-el-putumayo\/","og_locale":"es_ES","og_type":"article","og_title":"Lideresa ind\u00edgena Mar\u00eda Bernarda Juajibioy fue asesinada en el Putumayo. | P\u00e1gina10","og_description":"En la tarde de este mi\u00e9rcoles 17 de marzo, Mar\u00eda Bernarda Juajibioy, lideresa y actual alcaldesa del Resguardo del Cabildo Camentz\u00e1 Biy\u00e1, fue asesinada junto con su nieta de un a\u00f1o y medio de edad De acuerdo a la informaci\u00f3n que se tiene hasta el momento, la lideresa se movilizaba con otras mujeres en motocicleta, [&hellip;]","og_url":"https:\/\/pagina10.com\/web\/lideresa-indigena-maria-bernarda-juajibioy-fue-asesinada-en-el-putumayo\/","og_site_name":"P\u00e1gina10","article_publisher":"https:\/\/www.facebook.com\/pag10com","article_published_time":"2021-03-18T18:48:14+00:00","article_modified_time":"2021-03-18T18:50:30+00:00","og_image":[{"width":392,"height":478,"url":"https:\/\/pagina10.com\/web\/wp-content\/uploads\/2021\/03\/Captura-de-pantalla-114.png","type":"image\/png"}],"author":"P\u00e1gina 10","twitter_card":"summary_large_image","twitter_creator":"@Pag10com","twitter_site":"@Pag10com","twitter_misc":{"Escrito por":"P\u00e1gina 10","Tiempo de lectura":"1 minuto"},"schema":{"@context":"https:\/\/schema.org","@graph":[{"@type":"Article","@id":"https:\/\/pagina10.com\/web\/lideresa-indigena-maria-bernarda-juajibioy-fue-asesinada-en-el-putumayo\/#article","isPartOf":{"@id":"https:\/\/pagina10.com\/web\/lideresa-indigena-maria-bernarda-juajibioy-fue-asesinada-en-el-putumayo\/"},"author":{"name":"P\u00e1gina 10","@id":"https:\/\/pagina10.com\/web\/#\/schema\/person\/2efc4a090d25b667d3bc796798a3a81b"},"headline":"Lideresa ind\u00edgena Mar\u00eda Bernarda Juajibioy fue asesinada en el Putumayo.","datePublished":"2021-03-18T18:48:14+00:00","dateModified":"2021-03-18T18:50:30+00:00","mainEntityOfPage":{"@id":"https:\/\/pagina10.com\/web\/lideresa-indigena-maria-bernarda-juajibioy-fue-asesinada-en-el-putumayo\/"},"wordCount":248,"commentCount":0,"publisher":{"@id":"https:\/\/pagina10.com\/web\/#organization"},"image":{"@id":"https:\/\/pagina10.com\/web\/lideresa-indigena-maria-bernarda-juajibioy-fue-asesinada-en-el-putumayo\/#primaryimage"},"thumbnailUrl":"https:\/\/pagina10.com\/web\/wp-content\/uploads\/2021\/03\/Captura-de-pantalla-114.png","articleSection":["Regiones"],"inLanguage":"es","potentialAction":[{"@type":"CommentAction","name":"Comment","target":["https:\/\/pagina10.com\/web\/lideresa-indigena-maria-bernarda-juajibioy-fue-asesinada-en-el-putumayo\/#respond"]}]},{"@type":"WebPage","@id":"https:\/\/pagina10.com\/web\/lideresa-indigena-maria-bernarda-juajibioy-fue-asesinada-en-el-putumayo\/","url":"https:\/\/pagina10.com\/web\/lideresa-indigena-maria-bernarda-juajibioy-fue-asesinada-en-el-putumayo\/","name":"Lideresa ind\u00edgena Mar\u00eda Bernarda Juajibioy fue asesinada en el Putumayo. | P\u00e1gina10","isPartOf":{"@id":"https:\/\/pagina10.com\/web\/#website"},"primaryImageOfPage":{"@id":"https:\/\/pagina10.com\/web\/lideresa-indigena-maria-bernarda-juajibioy-fue-asesinada-en-el-putumayo\/#primaryimage"},"image":{"@id":"https:\/\/pagina10.com\/web\/lideresa-indigena-maria-bernarda-juajibioy-fue-asesinada-en-el-putumayo\/#primaryimage"},"thumbnailUrl":"https:\/\/pagina10.com\/web\/wp-content\/uploads\/2021\/03\/Captura-de-pantalla-114.png","datePublished":"2021-03-18T18:48:14+00:00","dateModified":"2021-03-18T18:50:30+00:00","breadcrumb":{"@id":"https:\/\/pagina10.com\/web\/lideresa-indigena-maria-bernarda-juajibioy-fue-asesinada-en-el-putumayo\/#breadcrumb"},"inLanguage":"es","potentialAction":[{"@type":"ReadAction","target":["https:\/\/pagina10.com\/web\/lideresa-indigena-maria-bernarda-juajibioy-fue-asesinada-en-el-putumayo\/"]}]},{"@type":"ImageObject","inLanguage":"es","@id":"https:\/\/pagina10.com\/web\/lideresa-indigena-maria-bernarda-juajibioy-fue-asesinada-en-el-putumayo\/#primaryimage","url":"https:\/\/pagina10.com\/web\/wp-content\/uploads\/2021\/03\/Captura-de-pantalla-114.png","contentUrl":"https:\/\/pagina10.com\/web\/wp-content\/uploads\/2021\/03\/Captura-de-pantalla-114.png","width":392,"height":478},{"@type":"BreadcrumbList","@id":"https:\/\/pagina10.com\/web\/lideresa-indigena-maria-bernarda-juajibioy-fue-asesinada-en-el-putumayo\/#breadcrumb","itemListElement":[{"@type":"ListItem","position":1,"name":"Portada","item":"https:\/\/pagina10.com\/web\/"},{"@type":"ListItem","position":2,"name":"Lideresa ind\u00edgena Mar\u00eda Bernarda Juajibioy fue asesinada en el Putumayo."}]},{"@type":"WebSite","@id":"https:\/\/pagina10.com\/web\/#website","url":"https:\/\/pagina10.com\/web\/","name":"P\u00e1gina10","description":"Peri\u00f3dico Regional","publisher":{"@id":"https:\/\/pagina10.com\/web\/#organization"},"alternateName":"P\u00e1gina10 Peri\u00f3dico Regional","potentialAction":[{"@type":"SearchAction","target":{"@type":"EntryPoint","urlTemplate":"https:\/\/pagina10.com\/web\/?s={search_term_string}"},"query-input":{"@type":"PropertyValueSpecification","valueRequired":true,"valueName":"search_term_string"}}],"inLanguage":"es"},{"@type":"Organization","@id":"https:\/\/pagina10.com\/web\/#organization","name":"P\u00e1gina10","alternateName":"P\u00e1gina10 Peri\u00f3dico Regional","url":"https:\/\/pagina10.com\/web\/","logo":{"@type":"ImageObject","inLanguage":"es","@id":"https:\/\/pagina10.com\/web\/#\/schema\/logo\/image\/","url":"https:\/\/pagina10.com\/web\/wp-content\/uploads\/2024\/01\/40-pagina-10-periodico-regional-pasto.jpg","contentUrl":"https:\/\/pagina10.com\/web\/wp-content\/uploads\/2024\/01\/40-pagina-10-periodico-regional-pasto.jpg","width":1280,"height":720,"caption":"P\u00e1gina10"},"image":{"@id":"https:\/\/pagina10.com\/web\/#\/schema\/logo\/image\/"},"sameAs":["https:\/\/www.facebook.com\/pag10com","https:\/\/x.com\/Pag10com","https:\/\/www.instagram.com\/pagina10col\/","https:\/\/youtube.com\/channel\/pag10","https:\/\/www.tiktok.com\/@p10col"]},{"@type":"Person","@id":"https:\/\/pagina10.com\/web\/#\/schema\/person\/2efc4a090d25b667d3bc796798a3a81b","name":"P\u00e1gina 10","description":"P\u00e1gina 10 es un peri\u00f3dico regional que nace en Colombia, en el departamento de Nari\u00f1o, con un enfoque global, fundamentado en cuatro pilares esenciales: la libertad, el pluralismo, la inclusi\u00f3n y la independencia. P\u00e1gina 10 hace referencia a Nari\u00f1o como el d\u00e9cimo departamento creado en Colombia, despu\u00e9s de un proceso pol\u00edtico liderado por actores y actrices regionales con el fin de obtener la independencia y autonom\u00eda de nuestros territorios. Con la creaci\u00f3n de P\u00e1gina 10 se pretende abrir un escenario para el dialogo, la reflexi\u00f3n y el debate que se extienda a otras geograf\u00edas de Am\u00e9rica Latina y del planeta, en una apuesta por transformar colectivamente los desaf\u00edos de un mundo contempor\u00e1neo, m\u00e1s all\u00e1 de las fronteras impuestas.","url":"https:\/\/pagina10.com\/web\/author\/pdiezadmin\/"}]}},"_links":{"self":[{"href":"https:\/\/pagina10.com\/web\/wp-json\/wp\/v2\/posts\/51241","targetHints":{"allow":["GET"]}}],"collection":[{"href":"https:\/\/pagina10.com\/web\/wp-json\/wp\/v2\/posts"}],"about":[{"href":"https:\/\/pagina10.com\/web\/wp-json\/wp\/v2\/types\/post"}],"author":[{"embeddable":true,"href":"https:\/\/pagina10.com\/web\/wp-json\/wp\/v2\/users\/1"}],"replies":[{"embeddable":true,"href":"https:\/\/pagina10.com\/web\/wp-json\/wp\/v2\/comments?post=51241"}],"version-history":[{"count":1,"href":"https:\/\/pagina10.com\/web\/wp-json\/wp\/v2\/posts\/51241\/revisions"}],"predecessor-version":[{"id":51243,"href":"https:\/\/pagina10.com\/web\/wp-json\/wp\/v2\/posts\/51241\/revisions\/51243"}],"wp:featuredmedia":[{"embeddable":true,"href":"https:\/\/pagina10.com\/web\/wp-json\/wp\/v2\/media\/51244"}],"wp:attachment":[{"href":"https:\/\/pagina10.com\/web\/wp-json\/wp\/v2\/media?parent=51241"}],"wp:term":[{"taxonomy":"category","embeddable":true,"href":"https:\/\/pagina10.com\/web\/wp-json\/wp\/v2\/categories?post=51241"},{"taxonomy":"post_tag","embeddable":true,"href":"https:\/\/pagina10.com\/web\/wp-json\/wp\/v2\/tags?post=51241"}],"curies":[{"name":"wp","href":"https:\/\/api.w.org\/{rel}","templated":true}]}}