{"id":51253,"date":"2021-03-19T09:07:09","date_gmt":"2021-03-19T14:07:09","guid":{"rendered":"https:\/\/pagina10.com\/web\/?p=51253"},"modified":"2021-03-19T09:18:59","modified_gmt":"2021-03-19T14:18:59","slug":"11-organizaciones-haran-parte-del-proyecto-empoderamiento-economico-de-organizaciones-de-mujeres-rurales-en-los-municipios-pdet-de-narino","status":"publish","type":"post","link":"https:\/\/pagina10.com\/web\/11-organizaciones-haran-parte-del-proyecto-empoderamiento-economico-de-organizaciones-de-mujeres-rurales-en-los-municipios-pdet-de-narino\/","title":{"rendered":"11 organizaciones har\u00e1n parte del proyecto \u2018Empoderamiento econ\u00f3mico de organizaciones de mujeres rurales en los municipios PDET de Nari\u00f1o\u2019."},"content":{"rendered":"<p style=\"text-align: justify;\">Con la formulaci\u00f3n del proyecto liderado por la Gobernaci\u00f3n de Nari\u00f1o a trav\u00e9s de la Secretar\u00eda de Equidad de G\u00e9nero e Inclusi\u00f3n Social y el apoyo de ONU Mujeres, se tiene como objetivo beneficiar a 500 familias de los municipios de Barbacoas, Tumaco, Cumbitara, Leiva y Policarpa (100 familias por municipio).<\/p>\n<p>El proyecto se encuentra en fase de estructuraci\u00f3n y formulaci\u00f3n en Metodolog\u00eda General Ajustada (MGA), actualmente se avanza en la etapa diagn\u00f3stica, espec\u00edficamente en el proceso de concertaci\u00f3n con las comunidades, entes territoriales, mesas municipales de mujeres, entre otras instancias.<\/p>\n<p>Es as\u00ed, que la presente convocatoria se realiz\u00f3 para seleccionar las organizaciones de mujeres rurales que participar\u00e1n desde la fase de estructuraci\u00f3n hasta la fase de ejecuci\u00f3n del proyecto. A trav\u00e9s del trabajo articulado se recopilar\u00e1 la informaci\u00f3n clave para formular un proyecto acorde a las necesidades y requerimientos socioecon\u00f3micos, productivos y comerciales con enfoque de g\u00e9nero.<\/p>\n<p>De esta manera, se avanza en la fase diagn\u00f3stica, que propende por el fortalecimiento socio empresarial de las organizaciones de mujeres rurales, para su autonom\u00eda y empoderamiento econ\u00f3mico; as\u00ed lo manifest\u00f3 la Secretaria de G\u00e9nero e Inclusi\u00f3n Social Departamental, Yised Ver\u00f3nica Caicedo Gonz\u00e1lez: \u201cEste es un compromiso que nos lleva a cumplir con los compromisos misionales de la Secretar\u00eda de Equidad de G\u00e9nero y la Gobernaci\u00f3n de Nari\u00f1o y m\u00e1s que eso, un compromiso que nos va a llevar a resurgir en el empoderamiento econ\u00f3mico de nuestra mujeres y hombres de las organizaciones mixtas\u201d.<\/p>\n<p>En cumplimiento al cronograma establecido para la fase de estructuraci\u00f3n, la Secretar\u00eda de Equidad de G\u00e9nero e Inclusi\u00f3n Social hace p\u00fablicos los resultados de la convocatoria que permaneci\u00f3 abierta hasta el pasado 5 de marzo.<\/p>\n<p>El proyecto en referencia, ser\u00e1 presentado ante la Secretar\u00eda de Planeaci\u00f3n Departamental, Coordinaci\u00f3n del Sistema General de Regal\u00edas y dem\u00e1s dependencias relacionadas al proceso, donde se someter\u00e1 a una evaluaci\u00f3n t\u00e9cnica, jur\u00eddica y financiera para gestionar la viabilidad del proyecto, con ello, ser\u00e1 llevado al OCAD regional para solicitar su aprobaci\u00f3n.<\/p>\n<p>En este sentido, el proyecto con acta y acuerdo de aprobaci\u00f3n, entra en la etapa de ejecuci\u00f3n, para lo cual la Gobernaci\u00f3n de Nari\u00f1o desde la Secretar\u00eda de Equidad de G\u00e9nero e Inclusi\u00f3n Social, empezar\u00e1 a realizar los procesos contractuales de operaci\u00f3n e interventor\u00eda del proyecto.<\/p>\n<p>Continuamos trabajando por un departamento Incluyente y Competitivo.<\/p>\n","protected":false},"excerpt":{"rendered":"<p>Con la formulaci\u00f3n del proyecto liderado por la Gobernaci\u00f3n de Nari\u00f1o a trav\u00e9s de la Secretar\u00eda de Equidad de G\u00e9nero e Inclusi\u00f3n Social y el apoyo de ONU Mujeres, se tiene como objetivo beneficiar a 500 familias de los municipios de Barbacoas, Tumaco, Cumbitara, Leiva y Policarpa (100 familias por municipio). El proyecto se encuentra [&hellip;]<\/p>\n","protected":false},"author":1,"featured_media":51254,"comment_status":"open","ping_status":"open","sticky":false,"template":"","format":"standard","meta":{"footnotes":""},"categories":[53],"tags":[],"class_list":["post-51253","post","type-post","status-publish","format-standard","has-post-thumbnail","hentry","category-regiones"],"yoast_head":"<!-- This site is optimized with the Yoast SEO plugin v27.1.1 - https:\/\/yoast.com\/product\/yoast-seo-wordpress\/ -->\n<title>11 organizaciones har\u00e1n parte del proyecto \u2018Empoderamiento econ\u00f3mico de organizaciones de mujeres rurales en los municipios PDET de Nari\u00f1o\u2019. | P\u00e1gina10<\/title>\n<meta name=\"robots\" content=\"index, follow, max-snippet:-1, max-image-preview:large, max-video-preview:-1\" \/>\n<link rel=\"canonical\" href=\"https:\/\/pagina10.com\/web\/11-organizaciones-haran-parte-del-proyecto-empoderamiento-economico-de-organizaciones-de-mujeres-rurales-en-los-municipios-pdet-de-narino\/\" \/>\n<meta property=\"og:locale\" content=\"es_ES\" \/>\n<meta property=\"og:type\" content=\"article\" \/>\n<meta property=\"og:title\" content=\"11 organizaciones har\u00e1n parte del proyecto \u2018Empoderamiento econ\u00f3mico de organizaciones de mujeres rurales en los municipios PDET de Nari\u00f1o\u2019. | P\u00e1gina10\" \/>\n<meta property=\"og:description\" content=\"Con la formulaci\u00f3n del proyecto liderado por la Gobernaci\u00f3n de Nari\u00f1o a trav\u00e9s de la Secretar\u00eda de Equidad de G\u00e9nero e Inclusi\u00f3n Social y el apoyo de ONU Mujeres, se tiene como objetivo beneficiar a 500 familias de los municipios de Barbacoas, Tumaco, Cumbitara, Leiva y Policarpa (100 familias por municipio). El proyecto se encuentra [&hellip;]\" \/>\n<meta property=\"og:url\" content=\"https:\/\/pagina10.com\/web\/11-organizaciones-haran-parte-del-proyecto-empoderamiento-economico-de-organizaciones-de-mujeres-rurales-en-los-municipios-pdet-de-narino\/\" \/>\n<meta property=\"og:site_name\" content=\"P\u00e1gina10\" \/>\n<meta property=\"article:publisher\" content=\"https:\/\/www.facebook.com\/pag10com\" \/>\n<meta property=\"article:published_time\" content=\"2021-03-19T14:07:09+00:00\" \/>\n<meta property=\"article:modified_time\" content=\"2021-03-19T14:18:59+00:00\" \/>\n<meta property=\"og:image\" content=\"https:\/\/pagina10.com\/web\/wp-content\/uploads\/2021\/03\/campesina-colombiana.jpg\" \/>\n\t<meta property=\"og:image:width\" content=\"700\" \/>\n\t<meta property=\"og:image:height\" content=\"500\" \/>\n\t<meta property=\"og:image:type\" content=\"image\/jpeg\" \/>\n<meta name=\"author\" content=\"P\u00e1gina 10\" \/>\n<meta name=\"twitter:card\" content=\"summary_large_image\" \/>\n<meta name=\"twitter:creator\" content=\"@Pag10com\" \/>\n<meta name=\"twitter:site\" content=\"@Pag10com\" \/>\n<meta name=\"twitter:label1\" content=\"Escrito por\" \/>\n\t<meta name=\"twitter:data1\" content=\"P\u00e1gina 10\" \/>\n\t<meta name=\"twitter:label2\" content=\"Tiempo de lectura\" \/>\n\t<meta name=\"twitter:data2\" content=\"2 minutos\" \/>\n<script type=\"application\/ld+json\" class=\"yoast-schema-graph\">{\"@context\":\"https:\/\/schema.org\",\"@graph\":[{\"@type\":\"Article\",\"@id\":\"https:\/\/pagina10.com\/web\/11-organizaciones-haran-parte-del-proyecto-empoderamiento-economico-de-organizaciones-de-mujeres-rurales-en-los-municipios-pdet-de-narino\/#article\",\"isPartOf\":{\"@id\":\"https:\/\/pagina10.com\/web\/11-organizaciones-haran-parte-del-proyecto-empoderamiento-economico-de-organizaciones-de-mujeres-rurales-en-los-municipios-pdet-de-narino\/\"},\"author\":{\"name\":\"P\u00e1gina 10\",\"@id\":\"https:\/\/pagina10.com\/web\/#\/schema\/person\/2efc4a090d25b667d3bc796798a3a81b\"},\"headline\":\"11 organizaciones har\u00e1n parte del proyecto \u2018Empoderamiento econ\u00f3mico de organizaciones de mujeres rurales en los municipios PDET de Nari\u00f1o\u2019.\",\"datePublished\":\"2021-03-19T14:07:09+00:00\",\"dateModified\":\"2021-03-19T14:18:59+00:00\",\"mainEntityOfPage\":{\"@id\":\"https:\/\/pagina10.com\/web\/11-organizaciones-haran-parte-del-proyecto-empoderamiento-economico-de-organizaciones-de-mujeres-rurales-en-los-municipios-pdet-de-narino\/\"},\"wordCount\":456,\"commentCount\":0,\"publisher\":{\"@id\":\"https:\/\/pagina10.com\/web\/#organization\"},\"image\":{\"@id\":\"https:\/\/pagina10.com\/web\/11-organizaciones-haran-parte-del-proyecto-empoderamiento-economico-de-organizaciones-de-mujeres-rurales-en-los-municipios-pdet-de-narino\/#primaryimage\"},\"thumbnailUrl\":\"https:\/\/pagina10.com\/web\/wp-content\/uploads\/2021\/03\/campesina-colombiana.jpg\",\"articleSection\":[\"Regiones\"],\"inLanguage\":\"es\",\"potentialAction\":[{\"@type\":\"CommentAction\",\"name\":\"Comment\",\"target\":[\"https:\/\/pagina10.com\/web\/11-organizaciones-haran-parte-del-proyecto-empoderamiento-economico-de-organizaciones-de-mujeres-rurales-en-los-municipios-pdet-de-narino\/#respond\"]}]},{\"@type\":\"WebPage\",\"@id\":\"https:\/\/pagina10.com\/web\/11-organizaciones-haran-parte-del-proyecto-empoderamiento-economico-de-organizaciones-de-mujeres-rurales-en-los-municipios-pdet-de-narino\/\",\"url\":\"https:\/\/pagina10.com\/web\/11-organizaciones-haran-parte-del-proyecto-empoderamiento-economico-de-organizaciones-de-mujeres-rurales-en-los-municipios-pdet-de-narino\/\",\"name\":\"11 organizaciones har\u00e1n parte del proyecto \u2018Empoderamiento econ\u00f3mico de organizaciones de mujeres rurales en los municipios PDET de Nari\u00f1o\u2019. | P\u00e1gina10\",\"isPartOf\":{\"@id\":\"https:\/\/pagina10.com\/web\/#website\"},\"primaryImageOfPage\":{\"@id\":\"https:\/\/pagina10.com\/web\/11-organizaciones-haran-parte-del-proyecto-empoderamiento-economico-de-organizaciones-de-mujeres-rurales-en-los-municipios-pdet-de-narino\/#primaryimage\"},\"image\":{\"@id\":\"https:\/\/pagina10.com\/web\/11-organizaciones-haran-parte-del-proyecto-empoderamiento-economico-de-organizaciones-de-mujeres-rurales-en-los-municipios-pdet-de-narino\/#primaryimage\"},\"thumbnailUrl\":\"https:\/\/pagina10.com\/web\/wp-content\/uploads\/2021\/03\/campesina-colombiana.jpg\",\"datePublished\":\"2021-03-19T14:07:09+00:00\",\"dateModified\":\"2021-03-19T14:18:59+00:00\",\"breadcrumb\":{\"@id\":\"https:\/\/pagina10.com\/web\/11-organizaciones-haran-parte-del-proyecto-empoderamiento-economico-de-organizaciones-de-mujeres-rurales-en-los-municipios-pdet-de-narino\/#breadcrumb\"},\"inLanguage\":\"es\",\"potentialAction\":[{\"@type\":\"ReadAction\",\"target\":[\"https:\/\/pagina10.com\/web\/11-organizaciones-haran-parte-del-proyecto-empoderamiento-economico-de-organizaciones-de-mujeres-rurales-en-los-municipios-pdet-de-narino\/\"]}]},{\"@type\":\"ImageObject\",\"inLanguage\":\"es\",\"@id\":\"https:\/\/pagina10.com\/web\/11-organizaciones-haran-parte-del-proyecto-empoderamiento-economico-de-organizaciones-de-mujeres-rurales-en-los-municipios-pdet-de-narino\/#primaryimage\",\"url\":\"https:\/\/pagina10.com\/web\/wp-content\/uploads\/2021\/03\/campesina-colombiana.jpg\",\"contentUrl\":\"https:\/\/pagina10.com\/web\/wp-content\/uploads\/2021\/03\/campesina-colombiana.jpg\",\"width\":700,\"height\":500},{\"@type\":\"BreadcrumbList\",\"@id\":\"https:\/\/pagina10.com\/web\/11-organizaciones-haran-parte-del-proyecto-empoderamiento-economico-de-organizaciones-de-mujeres-rurales-en-los-municipios-pdet-de-narino\/#breadcrumb\",\"itemListElement\":[{\"@type\":\"ListItem\",\"position\":1,\"name\":\"Portada\",\"item\":\"https:\/\/pagina10.com\/web\/\"},{\"@type\":\"ListItem\",\"position\":2,\"name\":\"11 organizaciones har\u00e1n parte del proyecto \u2018Empoderamiento econ\u00f3mico de organizaciones de mujeres rurales en los municipios PDET de Nari\u00f1o\u2019.\"}]},{\"@type\":\"WebSite\",\"@id\":\"https:\/\/pagina10.com\/web\/#website\",\"url\":\"https:\/\/pagina10.com\/web\/\",\"name\":\"P\u00e1gina10\",\"description\":\"Peri\u00f3dico Regional\",\"publisher\":{\"@id\":\"https:\/\/pagina10.com\/web\/#organization\"},\"alternateName\":\"P\u00e1gina10 Peri\u00f3dico Regional\",\"potentialAction\":[{\"@type\":\"SearchAction\",\"target\":{\"@type\":\"EntryPoint\",\"urlTemplate\":\"https:\/\/pagina10.com\/web\/?s={search_term_string}\"},\"query-input\":{\"@type\":\"PropertyValueSpecification\",\"valueRequired\":true,\"valueName\":\"search_term_string\"}}],\"inLanguage\":\"es\"},{\"@type\":\"Organization\",\"@id\":\"https:\/\/pagina10.com\/web\/#organization\",\"name\":\"P\u00e1gina10\",\"alternateName\":\"P\u00e1gina10 Peri\u00f3dico Regional\",\"url\":\"https:\/\/pagina10.com\/web\/\",\"logo\":{\"@type\":\"ImageObject\",\"inLanguage\":\"es\",\"@id\":\"https:\/\/pagina10.com\/web\/#\/schema\/logo\/image\/\",\"url\":\"https:\/\/pagina10.com\/web\/wp-content\/uploads\/2024\/01\/40-pagina-10-periodico-regional-pasto.jpg\",\"contentUrl\":\"https:\/\/pagina10.com\/web\/wp-content\/uploads\/2024\/01\/40-pagina-10-periodico-regional-pasto.jpg\",\"width\":1280,\"height\":720,\"caption\":\"P\u00e1gina10\"},\"image\":{\"@id\":\"https:\/\/pagina10.com\/web\/#\/schema\/logo\/image\/\"},\"sameAs\":[\"https:\/\/www.facebook.com\/pag10com\",\"https:\/\/x.com\/Pag10com\",\"https:\/\/www.instagram.com\/pagina10col\/\",\"https:\/\/youtube.com\/channel\/pag10\",\"https:\/\/www.tiktok.com\/@p10col\"]},{\"@type\":\"Person\",\"@id\":\"https:\/\/pagina10.com\/web\/#\/schema\/person\/2efc4a090d25b667d3bc796798a3a81b\",\"name\":\"P\u00e1gina 10\",\"description\":\"P\u00e1gina 10 es un peri\u00f3dico regional que nace en Colombia, en el departamento de Nari\u00f1o, con un enfoque global, fundamentado en cuatro pilares esenciales: la libertad, el pluralismo, la inclusi\u00f3n y la independencia. P\u00e1gina 10 hace referencia a Nari\u00f1o como el d\u00e9cimo departamento creado en Colombia, despu\u00e9s de un proceso pol\u00edtico liderado por actores y actrices regionales con el fin de obtener la independencia y autonom\u00eda de nuestros territorios. Con la creaci\u00f3n de P\u00e1gina 10 se pretende abrir un escenario para el dialogo, la reflexi\u00f3n y el debate que se extienda a otras geograf\u00edas de Am\u00e9rica Latina y del planeta, en una apuesta por transformar colectivamente los desaf\u00edos de un mundo contempor\u00e1neo, m\u00e1s all\u00e1 de las fronteras impuestas.\",\"url\":\"https:\/\/pagina10.com\/web\/author\/pdiezadmin\/\"}]}<\/script>\n<!-- \/ Yoast SEO plugin. -->","yoast_head_json":{"title":"11 organizaciones har\u00e1n parte del proyecto \u2018Empoderamiento econ\u00f3mico de organizaciones de mujeres rurales en los municipios PDET de Nari\u00f1o\u2019. | P\u00e1gina10","robots":{"index":"index","follow":"follow","max-snippet":"max-snippet:-1","max-image-preview":"max-image-preview:large","max-video-preview":"max-video-preview:-1"},"canonical":"https:\/\/pagina10.com\/web\/11-organizaciones-haran-parte-del-proyecto-empoderamiento-economico-de-organizaciones-de-mujeres-rurales-en-los-municipios-pdet-de-narino\/","og_locale":"es_ES","og_type":"article","og_title":"11 organizaciones har\u00e1n parte del proyecto \u2018Empoderamiento econ\u00f3mico de organizaciones de mujeres rurales en los municipios PDET de Nari\u00f1o\u2019. | P\u00e1gina10","og_description":"Con la formulaci\u00f3n del proyecto liderado por la Gobernaci\u00f3n de Nari\u00f1o a trav\u00e9s de la Secretar\u00eda de Equidad de G\u00e9nero e Inclusi\u00f3n Social y el apoyo de ONU Mujeres, se tiene como objetivo beneficiar a 500 familias de los municipios de Barbacoas, Tumaco, Cumbitara, Leiva y Policarpa (100 familias por municipio). El proyecto se encuentra [&hellip;]","og_url":"https:\/\/pagina10.com\/web\/11-organizaciones-haran-parte-del-proyecto-empoderamiento-economico-de-organizaciones-de-mujeres-rurales-en-los-municipios-pdet-de-narino\/","og_site_name":"P\u00e1gina10","article_publisher":"https:\/\/www.facebook.com\/pag10com","article_published_time":"2021-03-19T14:07:09+00:00","article_modified_time":"2021-03-19T14:18:59+00:00","og_image":[{"width":700,"height":500,"url":"https:\/\/pagina10.com\/web\/wp-content\/uploads\/2021\/03\/campesina-colombiana.jpg","type":"image\/jpeg"}],"author":"P\u00e1gina 10","twitter_card":"summary_large_image","twitter_creator":"@Pag10com","twitter_site":"@Pag10com","twitter_misc":{"Escrito por":"P\u00e1gina 10","Tiempo de lectura":"2 minutos"},"schema":{"@context":"https:\/\/schema.org","@graph":[{"@type":"Article","@id":"https:\/\/pagina10.com\/web\/11-organizaciones-haran-parte-del-proyecto-empoderamiento-economico-de-organizaciones-de-mujeres-rurales-en-los-municipios-pdet-de-narino\/#article","isPartOf":{"@id":"https:\/\/pagina10.com\/web\/11-organizaciones-haran-parte-del-proyecto-empoderamiento-economico-de-organizaciones-de-mujeres-rurales-en-los-municipios-pdet-de-narino\/"},"author":{"name":"P\u00e1gina 10","@id":"https:\/\/pagina10.com\/web\/#\/schema\/person\/2efc4a090d25b667d3bc796798a3a81b"},"headline":"11 organizaciones har\u00e1n parte del proyecto \u2018Empoderamiento econ\u00f3mico de organizaciones de mujeres rurales en los municipios PDET de Nari\u00f1o\u2019.","datePublished":"2021-03-19T14:07:09+00:00","dateModified":"2021-03-19T14:18:59+00:00","mainEntityOfPage":{"@id":"https:\/\/pagina10.com\/web\/11-organizaciones-haran-parte-del-proyecto-empoderamiento-economico-de-organizaciones-de-mujeres-rurales-en-los-municipios-pdet-de-narino\/"},"wordCount":456,"commentCount":0,"publisher":{"@id":"https:\/\/pagina10.com\/web\/#organization"},"image":{"@id":"https:\/\/pagina10.com\/web\/11-organizaciones-haran-parte-del-proyecto-empoderamiento-economico-de-organizaciones-de-mujeres-rurales-en-los-municipios-pdet-de-narino\/#primaryimage"},"thumbnailUrl":"https:\/\/pagina10.com\/web\/wp-content\/uploads\/2021\/03\/campesina-colombiana.jpg","articleSection":["Regiones"],"inLanguage":"es","potentialAction":[{"@type":"CommentAction","name":"Comment","target":["https:\/\/pagina10.com\/web\/11-organizaciones-haran-parte-del-proyecto-empoderamiento-economico-de-organizaciones-de-mujeres-rurales-en-los-municipios-pdet-de-narino\/#respond"]}]},{"@type":"WebPage","@id":"https:\/\/pagina10.com\/web\/11-organizaciones-haran-parte-del-proyecto-empoderamiento-economico-de-organizaciones-de-mujeres-rurales-en-los-municipios-pdet-de-narino\/","url":"https:\/\/pagina10.com\/web\/11-organizaciones-haran-parte-del-proyecto-empoderamiento-economico-de-organizaciones-de-mujeres-rurales-en-los-municipios-pdet-de-narino\/","name":"11 organizaciones har\u00e1n parte del proyecto \u2018Empoderamiento econ\u00f3mico de organizaciones de mujeres rurales en los municipios PDET de Nari\u00f1o\u2019. | P\u00e1gina10","isPartOf":{"@id":"https:\/\/pagina10.com\/web\/#website"},"primaryImageOfPage":{"@id":"https:\/\/pagina10.com\/web\/11-organizaciones-haran-parte-del-proyecto-empoderamiento-economico-de-organizaciones-de-mujeres-rurales-en-los-municipios-pdet-de-narino\/#primaryimage"},"image":{"@id":"https:\/\/pagina10.com\/web\/11-organizaciones-haran-parte-del-proyecto-empoderamiento-economico-de-organizaciones-de-mujeres-rurales-en-los-municipios-pdet-de-narino\/#primaryimage"},"thumbnailUrl":"https:\/\/pagina10.com\/web\/wp-content\/uploads\/2021\/03\/campesina-colombiana.jpg","datePublished":"2021-03-19T14:07:09+00:00","dateModified":"2021-03-19T14:18:59+00:00","breadcrumb":{"@id":"https:\/\/pagina10.com\/web\/11-organizaciones-haran-parte-del-proyecto-empoderamiento-economico-de-organizaciones-de-mujeres-rurales-en-los-municipios-pdet-de-narino\/#breadcrumb"},"inLanguage":"es","potentialAction":[{"@type":"ReadAction","target":["https:\/\/pagina10.com\/web\/11-organizaciones-haran-parte-del-proyecto-empoderamiento-economico-de-organizaciones-de-mujeres-rurales-en-los-municipios-pdet-de-narino\/"]}]},{"@type":"ImageObject","inLanguage":"es","@id":"https:\/\/pagina10.com\/web\/11-organizaciones-haran-parte-del-proyecto-empoderamiento-economico-de-organizaciones-de-mujeres-rurales-en-los-municipios-pdet-de-narino\/#primaryimage","url":"https:\/\/pagina10.com\/web\/wp-content\/uploads\/2021\/03\/campesina-colombiana.jpg","contentUrl":"https:\/\/pagina10.com\/web\/wp-content\/uploads\/2021\/03\/campesina-colombiana.jpg","width":700,"height":500},{"@type":"BreadcrumbList","@id":"https:\/\/pagina10.com\/web\/11-organizaciones-haran-parte-del-proyecto-empoderamiento-economico-de-organizaciones-de-mujeres-rurales-en-los-municipios-pdet-de-narino\/#breadcrumb","itemListElement":[{"@type":"ListItem","position":1,"name":"Portada","item":"https:\/\/pagina10.com\/web\/"},{"@type":"ListItem","position":2,"name":"11 organizaciones har\u00e1n parte del proyecto \u2018Empoderamiento econ\u00f3mico de organizaciones de mujeres rurales en los municipios PDET de Nari\u00f1o\u2019."}]},{"@type":"WebSite","@id":"https:\/\/pagina10.com\/web\/#website","url":"https:\/\/pagina10.com\/web\/","name":"P\u00e1gina10","description":"Peri\u00f3dico Regional","publisher":{"@id":"https:\/\/pagina10.com\/web\/#organization"},"alternateName":"P\u00e1gina10 Peri\u00f3dico Regional","potentialAction":[{"@type":"SearchAction","target":{"@type":"EntryPoint","urlTemplate":"https:\/\/pagina10.com\/web\/?s={search_term_string}"},"query-input":{"@type":"PropertyValueSpecification","valueRequired":true,"valueName":"search_term_string"}}],"inLanguage":"es"},{"@type":"Organization","@id":"https:\/\/pagina10.com\/web\/#organization","name":"P\u00e1gina10","alternateName":"P\u00e1gina10 Peri\u00f3dico Regional","url":"https:\/\/pagina10.com\/web\/","logo":{"@type":"ImageObject","inLanguage":"es","@id":"https:\/\/pagina10.com\/web\/#\/schema\/logo\/image\/","url":"https:\/\/pagina10.com\/web\/wp-content\/uploads\/2024\/01\/40-pagina-10-periodico-regional-pasto.jpg","contentUrl":"https:\/\/pagina10.com\/web\/wp-content\/uploads\/2024\/01\/40-pagina-10-periodico-regional-pasto.jpg","width":1280,"height":720,"caption":"P\u00e1gina10"},"image":{"@id":"https:\/\/pagina10.com\/web\/#\/schema\/logo\/image\/"},"sameAs":["https:\/\/www.facebook.com\/pag10com","https:\/\/x.com\/Pag10com","https:\/\/www.instagram.com\/pagina10col\/","https:\/\/youtube.com\/channel\/pag10","https:\/\/www.tiktok.com\/@p10col"]},{"@type":"Person","@id":"https:\/\/pagina10.com\/web\/#\/schema\/person\/2efc4a090d25b667d3bc796798a3a81b","name":"P\u00e1gina 10","description":"P\u00e1gina 10 es un peri\u00f3dico regional que nace en Colombia, en el departamento de Nari\u00f1o, con un enfoque global, fundamentado en cuatro pilares esenciales: la libertad, el pluralismo, la inclusi\u00f3n y la independencia. P\u00e1gina 10 hace referencia a Nari\u00f1o como el d\u00e9cimo departamento creado en Colombia, despu\u00e9s de un proceso pol\u00edtico liderado por actores y actrices regionales con el fin de obtener la independencia y autonom\u00eda de nuestros territorios. Con la creaci\u00f3n de P\u00e1gina 10 se pretende abrir un escenario para el dialogo, la reflexi\u00f3n y el debate que se extienda a otras geograf\u00edas de Am\u00e9rica Latina y del planeta, en una apuesta por transformar colectivamente los desaf\u00edos de un mundo contempor\u00e1neo, m\u00e1s all\u00e1 de las fronteras impuestas.","url":"https:\/\/pagina10.com\/web\/author\/pdiezadmin\/"}]}},"_links":{"self":[{"href":"https:\/\/pagina10.com\/web\/wp-json\/wp\/v2\/posts\/51253","targetHints":{"allow":["GET"]}}],"collection":[{"href":"https:\/\/pagina10.com\/web\/wp-json\/wp\/v2\/posts"}],"about":[{"href":"https:\/\/pagina10.com\/web\/wp-json\/wp\/v2\/types\/post"}],"author":[{"embeddable":true,"href":"https:\/\/pagina10.com\/web\/wp-json\/wp\/v2\/users\/1"}],"replies":[{"embeddable":true,"href":"https:\/\/pagina10.com\/web\/wp-json\/wp\/v2\/comments?post=51253"}],"version-history":[{"count":2,"href":"https:\/\/pagina10.com\/web\/wp-json\/wp\/v2\/posts\/51253\/revisions"}],"predecessor-version":[{"id":51261,"href":"https:\/\/pagina10.com\/web\/wp-json\/wp\/v2\/posts\/51253\/revisions\/51261"}],"wp:featuredmedia":[{"embeddable":true,"href":"https:\/\/pagina10.com\/web\/wp-json\/wp\/v2\/media\/51254"}],"wp:attachment":[{"href":"https:\/\/pagina10.com\/web\/wp-json\/wp\/v2\/media?parent=51253"}],"wp:term":[{"taxonomy":"category","embeddable":true,"href":"https:\/\/pagina10.com\/web\/wp-json\/wp\/v2\/categories?post=51253"},{"taxonomy":"post_tag","embeddable":true,"href":"https:\/\/pagina10.com\/web\/wp-json\/wp\/v2\/tags?post=51253"}],"curies":[{"name":"wp","href":"https:\/\/api.w.org\/{rel}","templated":true}]}}