{"id":51257,"date":"2021-03-19T09:12:16","date_gmt":"2021-03-19T14:12:16","guid":{"rendered":"https:\/\/pagina10.com\/web\/?p=51257"},"modified":"2021-03-19T09:12:16","modified_gmt":"2021-03-19T14:12:16","slug":"en-san-bernardo-narino-se-ejecutaran-obras-por-mas-de-8-900-millones","status":"publish","type":"post","link":"https:\/\/pagina10.com\/web\/en-san-bernardo-narino-se-ejecutaran-obras-por-mas-de-8-900-millones\/","title":{"rendered":"En San Bernardo- Nari\u00f1o se ejecutar\u00e1n obras por m\u00e1s de 8.900 millones."},"content":{"rendered":"<p style=\"text-align: justify;\">Recursos que superan los $8.900 millones se invertir\u00e1n en el municipio de San Bernardo, la inversi\u00f3n contempla la construcci\u00f3n del puente El Pindal, un acueducto multiveredal, proyecto de construcci\u00f3n de bater\u00edas sanitarias y la puesta en funcionamiento de un veh\u00edculo para la atenci\u00f3n m\u00e9dico odontol\u00f3gica en esa poblaci\u00f3n del norte de Nari\u00f1o.<\/p>\n<p>La Gobernaci\u00f3n de Nari\u00f1o suscribi\u00f3 un convenio por $2.600 millones correspondientes a recursos propios del Departamento destinados a la reconstrucci\u00f3n del Puente El Pindal que comunica al municipio de San Bernardo con el Municipio de San Pedro de Cartago en el norte del departamento. El proyecto contempla la demolici\u00f3n del actual puente colapsado y la construcci\u00f3n de una estructura nueva.<\/p>\n<p>El Gobernador de Nari\u00f1o anunci\u00f3 tambi\u00e9n el re inici\u00f3 el Proyecto para la construcci\u00f3n del acueducto que beneficia a las veredas: Pe\u00f1as Blancas, San Vicente, Esmeralda e Higuerones, por un valor de $4.999 millones de los cuales la Gobernaci\u00f3n de Nari\u00f1o aporta $2.499 millones, la naci\u00f3n $999 millones y el municipio $1.499 millones. De igual forma se logr\u00f3 des entrabar el proyecto para la construcci\u00f3n de bater\u00edas sanitarias por $968 millones.<\/p>\n<p>En la misma jornada cumplida se entreg\u00f3 al servicio de la comunidad la unidad M\u00f3vil M\u00e9dico Odontol\u00f3gica para los servicios extra murales, dotada de equipos bio-m\u00e9dicos, con una inversi\u00f3n del municipio y la gesti\u00f3n del Instituto Departamental de Salud ante el Ministerio de Salud y Protecci\u00f3n Social por $360 millones.<\/p>\n<p>&#8220;Firmamos el convenio para la reconstrucci\u00f3n del puente, obra necesaria para la comunidad, para el desarrollo, la comercializaci\u00f3n de los productos, la transitabilidad de la gente en el norte de Nari\u00f1o, este puente colaps\u00f3 hace tres a\u00f1os y es una obra prioritaria para la conectividad en el norte de la regi\u00f3n. Adem\u00e1s logramos superar inconvenientes t\u00e9cnicos y se construir\u00eda el acueducto multiveredal, una obra que permitir\u00e1 a familias de cuatro veredas tener agua potable&#8221;, Indic\u00f3 el gobernador de Nari\u00f1o Jhon Rojas.<\/p>\n","protected":false},"excerpt":{"rendered":"<p>Recursos que superan los $8.900 millones se invertir\u00e1n en el municipio de San Bernardo, la inversi\u00f3n contempla la construcci\u00f3n del puente El Pindal, un acueducto multiveredal, proyecto de construcci\u00f3n de bater\u00edas sanitarias y la puesta en funcionamiento de un veh\u00edculo para la atenci\u00f3n m\u00e9dico odontol\u00f3gica en esa poblaci\u00f3n del norte de Nari\u00f1o. La Gobernaci\u00f3n de [&hellip;]<\/p>\n","protected":false},"author":1,"featured_media":51258,"comment_status":"open","ping_status":"open","sticky":false,"template":"","format":"standard","meta":{"footnotes":""},"categories":[53],"tags":[],"class_list":["post-51257","post","type-post","status-publish","format-standard","has-post-thumbnail","hentry","category-regiones"],"yoast_head":"<!-- This site is optimized with the Yoast SEO plugin v27.1.1 - https:\/\/yoast.com\/product\/yoast-seo-wordpress\/ -->\n<title>En San Bernardo- Nari\u00f1o se ejecutar\u00e1n obras por m\u00e1s de 8.900 millones. | P\u00e1gina10<\/title>\n<meta name=\"robots\" content=\"index, follow, max-snippet:-1, max-image-preview:large, max-video-preview:-1\" \/>\n<link rel=\"canonical\" href=\"https:\/\/pagina10.com\/web\/en-san-bernardo-narino-se-ejecutaran-obras-por-mas-de-8-900-millones\/\" \/>\n<meta property=\"og:locale\" content=\"es_ES\" \/>\n<meta property=\"og:type\" content=\"article\" \/>\n<meta property=\"og:title\" content=\"En San Bernardo- Nari\u00f1o se ejecutar\u00e1n obras por m\u00e1s de 8.900 millones. | P\u00e1gina10\" \/>\n<meta property=\"og:description\" content=\"Recursos que superan los $8.900 millones se invertir\u00e1n en el municipio de San Bernardo, la inversi\u00f3n contempla la construcci\u00f3n del puente El Pindal, un acueducto multiveredal, proyecto de construcci\u00f3n de bater\u00edas sanitarias y la puesta en funcionamiento de un veh\u00edculo para la atenci\u00f3n m\u00e9dico odontol\u00f3gica en esa poblaci\u00f3n del norte de Nari\u00f1o. La Gobernaci\u00f3n de [&hellip;]\" \/>\n<meta property=\"og:url\" content=\"https:\/\/pagina10.com\/web\/en-san-bernardo-narino-se-ejecutaran-obras-por-mas-de-8-900-millones\/\" \/>\n<meta property=\"og:site_name\" content=\"P\u00e1gina10\" \/>\n<meta property=\"article:publisher\" content=\"https:\/\/www.facebook.com\/pag10com\" \/>\n<meta property=\"article:published_time\" content=\"2021-03-19T14:12:16+00:00\" \/>\n<meta property=\"og:image\" content=\"https:\/\/pagina10.com\/web\/wp-content\/uploads\/2021\/03\/WhatsApp-Image-2021-03-18-at-7.01.19-AM-1080x675-1.jpeg\" \/>\n\t<meta property=\"og:image:width\" content=\"1080\" \/>\n\t<meta property=\"og:image:height\" content=\"675\" \/>\n\t<meta property=\"og:image:type\" content=\"image\/jpeg\" \/>\n<meta name=\"author\" content=\"P\u00e1gina 10\" \/>\n<meta name=\"twitter:card\" content=\"summary_large_image\" \/>\n<meta name=\"twitter:creator\" content=\"@Pag10com\" \/>\n<meta name=\"twitter:site\" content=\"@Pag10com\" \/>\n<meta name=\"twitter:label1\" content=\"Escrito por\" \/>\n\t<meta name=\"twitter:data1\" content=\"P\u00e1gina 10\" \/>\n\t<meta name=\"twitter:label2\" content=\"Tiempo de lectura\" \/>\n\t<meta name=\"twitter:data2\" content=\"2 minutos\" \/>\n<script type=\"application\/ld+json\" class=\"yoast-schema-graph\">{\"@context\":\"https:\/\/schema.org\",\"@graph\":[{\"@type\":\"Article\",\"@id\":\"https:\/\/pagina10.com\/web\/en-san-bernardo-narino-se-ejecutaran-obras-por-mas-de-8-900-millones\/#article\",\"isPartOf\":{\"@id\":\"https:\/\/pagina10.com\/web\/en-san-bernardo-narino-se-ejecutaran-obras-por-mas-de-8-900-millones\/\"},\"author\":{\"name\":\"P\u00e1gina 10\",\"@id\":\"https:\/\/pagina10.com\/web\/#\/schema\/person\/2efc4a090d25b667d3bc796798a3a81b\"},\"headline\":\"En San Bernardo- Nari\u00f1o se ejecutar\u00e1n obras por m\u00e1s de 8.900 millones.\",\"datePublished\":\"2021-03-19T14:12:16+00:00\",\"mainEntityOfPage\":{\"@id\":\"https:\/\/pagina10.com\/web\/en-san-bernardo-narino-se-ejecutaran-obras-por-mas-de-8-900-millones\/\"},\"wordCount\":361,\"commentCount\":0,\"publisher\":{\"@id\":\"https:\/\/pagina10.com\/web\/#organization\"},\"image\":{\"@id\":\"https:\/\/pagina10.com\/web\/en-san-bernardo-narino-se-ejecutaran-obras-por-mas-de-8-900-millones\/#primaryimage\"},\"thumbnailUrl\":\"https:\/\/pagina10.com\/web\/wp-content\/uploads\/2021\/03\/WhatsApp-Image-2021-03-18-at-7.01.19-AM-1080x675-1.jpeg\",\"articleSection\":[\"Regiones\"],\"inLanguage\":\"es\",\"potentialAction\":[{\"@type\":\"CommentAction\",\"name\":\"Comment\",\"target\":[\"https:\/\/pagina10.com\/web\/en-san-bernardo-narino-se-ejecutaran-obras-por-mas-de-8-900-millones\/#respond\"]}]},{\"@type\":\"WebPage\",\"@id\":\"https:\/\/pagina10.com\/web\/en-san-bernardo-narino-se-ejecutaran-obras-por-mas-de-8-900-millones\/\",\"url\":\"https:\/\/pagina10.com\/web\/en-san-bernardo-narino-se-ejecutaran-obras-por-mas-de-8-900-millones\/\",\"name\":\"En San Bernardo- Nari\u00f1o se ejecutar\u00e1n obras por m\u00e1s de 8.900 millones. | P\u00e1gina10\",\"isPartOf\":{\"@id\":\"https:\/\/pagina10.com\/web\/#website\"},\"primaryImageOfPage\":{\"@id\":\"https:\/\/pagina10.com\/web\/en-san-bernardo-narino-se-ejecutaran-obras-por-mas-de-8-900-millones\/#primaryimage\"},\"image\":{\"@id\":\"https:\/\/pagina10.com\/web\/en-san-bernardo-narino-se-ejecutaran-obras-por-mas-de-8-900-millones\/#primaryimage\"},\"thumbnailUrl\":\"https:\/\/pagina10.com\/web\/wp-content\/uploads\/2021\/03\/WhatsApp-Image-2021-03-18-at-7.01.19-AM-1080x675-1.jpeg\",\"datePublished\":\"2021-03-19T14:12:16+00:00\",\"breadcrumb\":{\"@id\":\"https:\/\/pagina10.com\/web\/en-san-bernardo-narino-se-ejecutaran-obras-por-mas-de-8-900-millones\/#breadcrumb\"},\"inLanguage\":\"es\",\"potentialAction\":[{\"@type\":\"ReadAction\",\"target\":[\"https:\/\/pagina10.com\/web\/en-san-bernardo-narino-se-ejecutaran-obras-por-mas-de-8-900-millones\/\"]}]},{\"@type\":\"ImageObject\",\"inLanguage\":\"es\",\"@id\":\"https:\/\/pagina10.com\/web\/en-san-bernardo-narino-se-ejecutaran-obras-por-mas-de-8-900-millones\/#primaryimage\",\"url\":\"https:\/\/pagina10.com\/web\/wp-content\/uploads\/2021\/03\/WhatsApp-Image-2021-03-18-at-7.01.19-AM-1080x675-1.jpeg\",\"contentUrl\":\"https:\/\/pagina10.com\/web\/wp-content\/uploads\/2021\/03\/WhatsApp-Image-2021-03-18-at-7.01.19-AM-1080x675-1.jpeg\",\"width\":1080,\"height\":675},{\"@type\":\"BreadcrumbList\",\"@id\":\"https:\/\/pagina10.com\/web\/en-san-bernardo-narino-se-ejecutaran-obras-por-mas-de-8-900-millones\/#breadcrumb\",\"itemListElement\":[{\"@type\":\"ListItem\",\"position\":1,\"name\":\"Portada\",\"item\":\"https:\/\/pagina10.com\/web\/\"},{\"@type\":\"ListItem\",\"position\":2,\"name\":\"En San Bernardo- Nari\u00f1o se ejecutar\u00e1n obras por m\u00e1s de 8.900 millones.\"}]},{\"@type\":\"WebSite\",\"@id\":\"https:\/\/pagina10.com\/web\/#website\",\"url\":\"https:\/\/pagina10.com\/web\/\",\"name\":\"P\u00e1gina10\",\"description\":\"Peri\u00f3dico Regional\",\"publisher\":{\"@id\":\"https:\/\/pagina10.com\/web\/#organization\"},\"alternateName\":\"P\u00e1gina10 Peri\u00f3dico Regional\",\"potentialAction\":[{\"@type\":\"SearchAction\",\"target\":{\"@type\":\"EntryPoint\",\"urlTemplate\":\"https:\/\/pagina10.com\/web\/?s={search_term_string}\"},\"query-input\":{\"@type\":\"PropertyValueSpecification\",\"valueRequired\":true,\"valueName\":\"search_term_string\"}}],\"inLanguage\":\"es\"},{\"@type\":\"Organization\",\"@id\":\"https:\/\/pagina10.com\/web\/#organization\",\"name\":\"P\u00e1gina10\",\"alternateName\":\"P\u00e1gina10 Peri\u00f3dico Regional\",\"url\":\"https:\/\/pagina10.com\/web\/\",\"logo\":{\"@type\":\"ImageObject\",\"inLanguage\":\"es\",\"@id\":\"https:\/\/pagina10.com\/web\/#\/schema\/logo\/image\/\",\"url\":\"https:\/\/pagina10.com\/web\/wp-content\/uploads\/2024\/01\/40-pagina-10-periodico-regional-pasto.jpg\",\"contentUrl\":\"https:\/\/pagina10.com\/web\/wp-content\/uploads\/2024\/01\/40-pagina-10-periodico-regional-pasto.jpg\",\"width\":1280,\"height\":720,\"caption\":\"P\u00e1gina10\"},\"image\":{\"@id\":\"https:\/\/pagina10.com\/web\/#\/schema\/logo\/image\/\"},\"sameAs\":[\"https:\/\/www.facebook.com\/pag10com\",\"https:\/\/x.com\/Pag10com\",\"https:\/\/www.instagram.com\/pagina10col\/\",\"https:\/\/youtube.com\/channel\/pag10\",\"https:\/\/www.tiktok.com\/@p10col\"]},{\"@type\":\"Person\",\"@id\":\"https:\/\/pagina10.com\/web\/#\/schema\/person\/2efc4a090d25b667d3bc796798a3a81b\",\"name\":\"P\u00e1gina 10\",\"description\":\"P\u00e1gina 10 es un peri\u00f3dico regional que nace en Colombia, en el departamento de Nari\u00f1o, con un enfoque global, fundamentado en cuatro pilares esenciales: la libertad, el pluralismo, la inclusi\u00f3n y la independencia. P\u00e1gina 10 hace referencia a Nari\u00f1o como el d\u00e9cimo departamento creado en Colombia, despu\u00e9s de un proceso pol\u00edtico liderado por actores y actrices regionales con el fin de obtener la independencia y autonom\u00eda de nuestros territorios. Con la creaci\u00f3n de P\u00e1gina 10 se pretende abrir un escenario para el dialogo, la reflexi\u00f3n y el debate que se extienda a otras geograf\u00edas de Am\u00e9rica Latina y del planeta, en una apuesta por transformar colectivamente los desaf\u00edos de un mundo contempor\u00e1neo, m\u00e1s all\u00e1 de las fronteras impuestas.\",\"url\":\"https:\/\/pagina10.com\/web\/author\/pdiezadmin\/\"}]}<\/script>\n<!-- \/ Yoast SEO plugin. -->","yoast_head_json":{"title":"En San Bernardo- Nari\u00f1o se ejecutar\u00e1n obras por m\u00e1s de 8.900 millones. | P\u00e1gina10","robots":{"index":"index","follow":"follow","max-snippet":"max-snippet:-1","max-image-preview":"max-image-preview:large","max-video-preview":"max-video-preview:-1"},"canonical":"https:\/\/pagina10.com\/web\/en-san-bernardo-narino-se-ejecutaran-obras-por-mas-de-8-900-millones\/","og_locale":"es_ES","og_type":"article","og_title":"En San Bernardo- Nari\u00f1o se ejecutar\u00e1n obras por m\u00e1s de 8.900 millones. | P\u00e1gina10","og_description":"Recursos que superan los $8.900 millones se invertir\u00e1n en el municipio de San Bernardo, la inversi\u00f3n contempla la construcci\u00f3n del puente El Pindal, un acueducto multiveredal, proyecto de construcci\u00f3n de bater\u00edas sanitarias y la puesta en funcionamiento de un veh\u00edculo para la atenci\u00f3n m\u00e9dico odontol\u00f3gica en esa poblaci\u00f3n del norte de Nari\u00f1o. La Gobernaci\u00f3n de [&hellip;]","og_url":"https:\/\/pagina10.com\/web\/en-san-bernardo-narino-se-ejecutaran-obras-por-mas-de-8-900-millones\/","og_site_name":"P\u00e1gina10","article_publisher":"https:\/\/www.facebook.com\/pag10com","article_published_time":"2021-03-19T14:12:16+00:00","og_image":[{"width":1080,"height":675,"url":"https:\/\/pagina10.com\/web\/wp-content\/uploads\/2021\/03\/WhatsApp-Image-2021-03-18-at-7.01.19-AM-1080x675-1.jpeg","type":"image\/jpeg"}],"author":"P\u00e1gina 10","twitter_card":"summary_large_image","twitter_creator":"@Pag10com","twitter_site":"@Pag10com","twitter_misc":{"Escrito por":"P\u00e1gina 10","Tiempo de lectura":"2 minutos"},"schema":{"@context":"https:\/\/schema.org","@graph":[{"@type":"Article","@id":"https:\/\/pagina10.com\/web\/en-san-bernardo-narino-se-ejecutaran-obras-por-mas-de-8-900-millones\/#article","isPartOf":{"@id":"https:\/\/pagina10.com\/web\/en-san-bernardo-narino-se-ejecutaran-obras-por-mas-de-8-900-millones\/"},"author":{"name":"P\u00e1gina 10","@id":"https:\/\/pagina10.com\/web\/#\/schema\/person\/2efc4a090d25b667d3bc796798a3a81b"},"headline":"En San Bernardo- Nari\u00f1o se ejecutar\u00e1n obras por m\u00e1s de 8.900 millones.","datePublished":"2021-03-19T14:12:16+00:00","mainEntityOfPage":{"@id":"https:\/\/pagina10.com\/web\/en-san-bernardo-narino-se-ejecutaran-obras-por-mas-de-8-900-millones\/"},"wordCount":361,"commentCount":0,"publisher":{"@id":"https:\/\/pagina10.com\/web\/#organization"},"image":{"@id":"https:\/\/pagina10.com\/web\/en-san-bernardo-narino-se-ejecutaran-obras-por-mas-de-8-900-millones\/#primaryimage"},"thumbnailUrl":"https:\/\/pagina10.com\/web\/wp-content\/uploads\/2021\/03\/WhatsApp-Image-2021-03-18-at-7.01.19-AM-1080x675-1.jpeg","articleSection":["Regiones"],"inLanguage":"es","potentialAction":[{"@type":"CommentAction","name":"Comment","target":["https:\/\/pagina10.com\/web\/en-san-bernardo-narino-se-ejecutaran-obras-por-mas-de-8-900-millones\/#respond"]}]},{"@type":"WebPage","@id":"https:\/\/pagina10.com\/web\/en-san-bernardo-narino-se-ejecutaran-obras-por-mas-de-8-900-millones\/","url":"https:\/\/pagina10.com\/web\/en-san-bernardo-narino-se-ejecutaran-obras-por-mas-de-8-900-millones\/","name":"En San Bernardo- Nari\u00f1o se ejecutar\u00e1n obras por m\u00e1s de 8.900 millones. | P\u00e1gina10","isPartOf":{"@id":"https:\/\/pagina10.com\/web\/#website"},"primaryImageOfPage":{"@id":"https:\/\/pagina10.com\/web\/en-san-bernardo-narino-se-ejecutaran-obras-por-mas-de-8-900-millones\/#primaryimage"},"image":{"@id":"https:\/\/pagina10.com\/web\/en-san-bernardo-narino-se-ejecutaran-obras-por-mas-de-8-900-millones\/#primaryimage"},"thumbnailUrl":"https:\/\/pagina10.com\/web\/wp-content\/uploads\/2021\/03\/WhatsApp-Image-2021-03-18-at-7.01.19-AM-1080x675-1.jpeg","datePublished":"2021-03-19T14:12:16+00:00","breadcrumb":{"@id":"https:\/\/pagina10.com\/web\/en-san-bernardo-narino-se-ejecutaran-obras-por-mas-de-8-900-millones\/#breadcrumb"},"inLanguage":"es","potentialAction":[{"@type":"ReadAction","target":["https:\/\/pagina10.com\/web\/en-san-bernardo-narino-se-ejecutaran-obras-por-mas-de-8-900-millones\/"]}]},{"@type":"ImageObject","inLanguage":"es","@id":"https:\/\/pagina10.com\/web\/en-san-bernardo-narino-se-ejecutaran-obras-por-mas-de-8-900-millones\/#primaryimage","url":"https:\/\/pagina10.com\/web\/wp-content\/uploads\/2021\/03\/WhatsApp-Image-2021-03-18-at-7.01.19-AM-1080x675-1.jpeg","contentUrl":"https:\/\/pagina10.com\/web\/wp-content\/uploads\/2021\/03\/WhatsApp-Image-2021-03-18-at-7.01.19-AM-1080x675-1.jpeg","width":1080,"height":675},{"@type":"BreadcrumbList","@id":"https:\/\/pagina10.com\/web\/en-san-bernardo-narino-se-ejecutaran-obras-por-mas-de-8-900-millones\/#breadcrumb","itemListElement":[{"@type":"ListItem","position":1,"name":"Portada","item":"https:\/\/pagina10.com\/web\/"},{"@type":"ListItem","position":2,"name":"En San Bernardo- Nari\u00f1o se ejecutar\u00e1n obras por m\u00e1s de 8.900 millones."}]},{"@type":"WebSite","@id":"https:\/\/pagina10.com\/web\/#website","url":"https:\/\/pagina10.com\/web\/","name":"P\u00e1gina10","description":"Peri\u00f3dico Regional","publisher":{"@id":"https:\/\/pagina10.com\/web\/#organization"},"alternateName":"P\u00e1gina10 Peri\u00f3dico Regional","potentialAction":[{"@type":"SearchAction","target":{"@type":"EntryPoint","urlTemplate":"https:\/\/pagina10.com\/web\/?s={search_term_string}"},"query-input":{"@type":"PropertyValueSpecification","valueRequired":true,"valueName":"search_term_string"}}],"inLanguage":"es"},{"@type":"Organization","@id":"https:\/\/pagina10.com\/web\/#organization","name":"P\u00e1gina10","alternateName":"P\u00e1gina10 Peri\u00f3dico Regional","url":"https:\/\/pagina10.com\/web\/","logo":{"@type":"ImageObject","inLanguage":"es","@id":"https:\/\/pagina10.com\/web\/#\/schema\/logo\/image\/","url":"https:\/\/pagina10.com\/web\/wp-content\/uploads\/2024\/01\/40-pagina-10-periodico-regional-pasto.jpg","contentUrl":"https:\/\/pagina10.com\/web\/wp-content\/uploads\/2024\/01\/40-pagina-10-periodico-regional-pasto.jpg","width":1280,"height":720,"caption":"P\u00e1gina10"},"image":{"@id":"https:\/\/pagina10.com\/web\/#\/schema\/logo\/image\/"},"sameAs":["https:\/\/www.facebook.com\/pag10com","https:\/\/x.com\/Pag10com","https:\/\/www.instagram.com\/pagina10col\/","https:\/\/youtube.com\/channel\/pag10","https:\/\/www.tiktok.com\/@p10col"]},{"@type":"Person","@id":"https:\/\/pagina10.com\/web\/#\/schema\/person\/2efc4a090d25b667d3bc796798a3a81b","name":"P\u00e1gina 10","description":"P\u00e1gina 10 es un peri\u00f3dico regional que nace en Colombia, en el departamento de Nari\u00f1o, con un enfoque global, fundamentado en cuatro pilares esenciales: la libertad, el pluralismo, la inclusi\u00f3n y la independencia. P\u00e1gina 10 hace referencia a Nari\u00f1o como el d\u00e9cimo departamento creado en Colombia, despu\u00e9s de un proceso pol\u00edtico liderado por actores y actrices regionales con el fin de obtener la independencia y autonom\u00eda de nuestros territorios. Con la creaci\u00f3n de P\u00e1gina 10 se pretende abrir un escenario para el dialogo, la reflexi\u00f3n y el debate que se extienda a otras geograf\u00edas de Am\u00e9rica Latina y del planeta, en una apuesta por transformar colectivamente los desaf\u00edos de un mundo contempor\u00e1neo, m\u00e1s all\u00e1 de las fronteras impuestas.","url":"https:\/\/pagina10.com\/web\/author\/pdiezadmin\/"}]}},"_links":{"self":[{"href":"https:\/\/pagina10.com\/web\/wp-json\/wp\/v2\/posts\/51257","targetHints":{"allow":["GET"]}}],"collection":[{"href":"https:\/\/pagina10.com\/web\/wp-json\/wp\/v2\/posts"}],"about":[{"href":"https:\/\/pagina10.com\/web\/wp-json\/wp\/v2\/types\/post"}],"author":[{"embeddable":true,"href":"https:\/\/pagina10.com\/web\/wp-json\/wp\/v2\/users\/1"}],"replies":[{"embeddable":true,"href":"https:\/\/pagina10.com\/web\/wp-json\/wp\/v2\/comments?post=51257"}],"version-history":[{"count":1,"href":"https:\/\/pagina10.com\/web\/wp-json\/wp\/v2\/posts\/51257\/revisions"}],"predecessor-version":[{"id":51259,"href":"https:\/\/pagina10.com\/web\/wp-json\/wp\/v2\/posts\/51257\/revisions\/51259"}],"wp:featuredmedia":[{"embeddable":true,"href":"https:\/\/pagina10.com\/web\/wp-json\/wp\/v2\/media\/51258"}],"wp:attachment":[{"href":"https:\/\/pagina10.com\/web\/wp-json\/wp\/v2\/media?parent=51257"}],"wp:term":[{"taxonomy":"category","embeddable":true,"href":"https:\/\/pagina10.com\/web\/wp-json\/wp\/v2\/categories?post=51257"},{"taxonomy":"post_tag","embeddable":true,"href":"https:\/\/pagina10.com\/web\/wp-json\/wp\/v2\/tags?post=51257"}],"curies":[{"name":"wp","href":"https:\/\/api.w.org\/{rel}","templated":true}]}}