{"id":51264,"date":"2021-03-19T10:08:41","date_gmt":"2021-03-19T15:08:41","guid":{"rendered":"https:\/\/pagina10.com\/web\/?p=51264"},"modified":"2021-03-19T10:08:41","modified_gmt":"2021-03-19T15:08:41","slug":"alcaldias-de-municipios-pdet-tienen-hasta-el-23-de-marzo-para-postularse-a-plazas-de-practicas-en-el-programa-estado-joven","status":"publish","type":"post","link":"https:\/\/pagina10.com\/web\/alcaldias-de-municipios-pdet-tienen-hasta-el-23-de-marzo-para-postularse-a-plazas-de-practicas-en-el-programa-estado-joven\/","title":{"rendered":"Alcald\u00edas de municipios PDET tienen hasta el 23 de marzo para postularse a plazas de pr\u00e1cticas en el Programa Estado Joven."},"content":{"rendered":"<p style=\"text-align: justify;\"><span lang=\"ES\">El Ministerio de Trabajo y el Departamento Administrativo de la Funci\u00f3n P\u00fablica recuerdan a las 170 Alcald\u00edas de los municipios que hacen parte del Programa de Desarrollo con Enfoque Territorial (PDET) que el plazo para postular sus plazas de pr\u00e1ctica en el Programa Estado Joven es hasta el 23 de marzo.<\/span><span lang=\"ES\">\u00a0<\/span><\/p>\n<p style=\"text-align: justify;\"><span lang=\"ES\">\u201cMediante adenda N\u00famero Uno a los t\u00e9rminos de referencia de la convocatoria a entidades estatales, se ampli\u00f3 a 10 el n\u00famero m\u00e1ximo de plazas que pueden postular las entidades del orden nacional habilitadas. Los cupos pueden ser distribuidos en el nivel central y sedes regionales de las entidades\u201d, se\u00f1al\u00f3 el ministro del Trabajo,\u00a0\u00c1ngel Custodio Cabrera B\u00e1ez.<\/span><\/p>\n<p style=\"text-align: justify;\"><span lang=\"ES\">Cada Alcald\u00eda de los municipios PDET podr\u00e1 postular como m\u00e1ximo15 plazas de pr\u00e1ctica, por lo que se le recomienda acercarse a la Caja de Compensaci\u00f3n Familiar con la que est\u00e9n vinculadas y\/o la Agencia P\u00fablica de Empleo del SENA, esta \u00faltima para el caso de los departamentos de Vichada, Vaup\u00e9s, Guain\u00eda y Guaviare.<\/span><\/p>\n<p style=\"text-align: justify;\"><span lang=\"ES\">&#8220;Alcaldes de los municipios PDET, este 23 marzo ser\u00e1 el \u00faltimo d\u00eda que tendr\u00e1n para postularse al Programa Estado Joven, a trav\u00e9s del cual pueden obtener plazas de pr\u00e1cticas pagas para los estudiantes en las entidades estatales, no dejen pasar la fecha&#8221;, recomend\u00f3 el director de Funci\u00f3n P\u00fablica,\u00a0Fernando Grillo.<\/span><\/p>\n<p style=\"text-align: justify;\"><span lang=\"ES\">El Programa Estado Joven est\u00e1 dirigido a j\u00f3venes entre los 15 y 28 a\u00f1os de edad matriculados en programas de formaci\u00f3n en los niveles normalista, t\u00e9cnico laboral, t\u00e9cnico profesional, tecn\u00f3logo, profesional universitario pregrado, o de formaci\u00f3n integral titulada del Servicio Nacional de Aprendizaje (SENA).<\/span><\/p>\n<p style=\"text-align: justify;\"><span lang=\"ES\">El pago del auxilio de pr\u00e1ctica mensual a los estudiantes seleccionados equivaldr\u00e1 a un salario m\u00ednimo legal mensual vigente y solo se otorgar\u00e1 durante el tiempo de duraci\u00f3n de la pr\u00e1ctica laboral.<\/span><\/p>\n<p style=\"text-align: justify;\"><span lang=\"ES\">Para mayor informaci\u00f3n consulte el micrositio Estado Joven habilitado por el Gobierno nacional en\u00a0<a href=\"http:\/\/www.mintrabajo.gov.co\/\" target=\"_blank\" rel=\"noopener\" data-saferedirecturl=\"https:\/\/www.google.com\/url?q=http:\/\/www.mintrabajo.gov.co&amp;source=gmail&amp;ust=1616196875525000&amp;usg=AFQjCNEQT05bFhsdF1ALzJ8tBTC23SzsiQ\">www.mintrabajo.gov.co<\/a>\u00a0y\u00a0<a href=\"http:\/\/www.funcionpublica.gov.co\/\" target=\"_blank\" rel=\"noopener\" data-saferedirecturl=\"https:\/\/www.google.com\/url?q=http:\/\/www.funcionpublica.gov.co&amp;source=gmail&amp;ust=1616196875525000&amp;usg=AFQjCNEAoZTANb_Q4T9J6bh32ufHaow-nw\">www.funcionpublica.gov.co<\/a><\/span><\/p>\n","protected":false},"excerpt":{"rendered":"<p>El Ministerio de Trabajo y el Departamento Administrativo de la Funci\u00f3n P\u00fablica recuerdan a las 170 Alcald\u00edas de los municipios que hacen parte del Programa de Desarrollo con Enfoque Territorial (PDET) que el plazo para postular sus plazas de pr\u00e1ctica en el Programa Estado Joven es hasta el 23 de marzo.\u00a0 \u201cMediante adenda N\u00famero Uno [&hellip;]<\/p>\n","protected":false},"author":1,"featured_media":51265,"comment_status":"open","ping_status":"open","sticky":false,"template":"","format":"standard","meta":{"footnotes":""},"categories":[94],"tags":[],"class_list":["post-51264","post","type-post","status-publish","format-standard","has-post-thumbnail","hentry","category-nacional-global-2"],"yoast_head":"<!-- This site is optimized with the Yoast SEO plugin v27.1.1 - https:\/\/yoast.com\/product\/yoast-seo-wordpress\/ -->\n<title>Alcald\u00edas de municipios PDET tienen hasta el 23 de marzo para postularse a plazas de pr\u00e1cticas en el Programa Estado Joven. | P\u00e1gina10<\/title>\n<meta name=\"robots\" content=\"index, follow, max-snippet:-1, max-image-preview:large, max-video-preview:-1\" \/>\n<link rel=\"canonical\" href=\"https:\/\/pagina10.com\/web\/alcaldias-de-municipios-pdet-tienen-hasta-el-23-de-marzo-para-postularse-a-plazas-de-practicas-en-el-programa-estado-joven\/\" \/>\n<meta property=\"og:locale\" content=\"es_ES\" \/>\n<meta property=\"og:type\" content=\"article\" \/>\n<meta property=\"og:title\" content=\"Alcald\u00edas de municipios PDET tienen hasta el 23 de marzo para postularse a plazas de pr\u00e1cticas en el Programa Estado Joven. | P\u00e1gina10\" \/>\n<meta property=\"og:description\" content=\"El Ministerio de Trabajo y el Departamento Administrativo de la Funci\u00f3n P\u00fablica recuerdan a las 170 Alcald\u00edas de los municipios que hacen parte del Programa de Desarrollo con Enfoque Territorial (PDET) que el plazo para postular sus plazas de pr\u00e1ctica en el Programa Estado Joven es hasta el 23 de marzo. \u201cMediante adenda N\u00famero Uno [&hellip;]\" \/>\n<meta property=\"og:url\" content=\"https:\/\/pagina10.com\/web\/alcaldias-de-municipios-pdet-tienen-hasta-el-23-de-marzo-para-postularse-a-plazas-de-practicas-en-el-programa-estado-joven\/\" \/>\n<meta property=\"og:site_name\" content=\"P\u00e1gina10\" \/>\n<meta property=\"article:publisher\" content=\"https:\/\/www.facebook.com\/pag10com\" \/>\n<meta property=\"article:published_time\" content=\"2021-03-19T15:08:41+00:00\" \/>\n<meta property=\"og:image\" content=\"https:\/\/pagina10.com\/web\/wp-content\/uploads\/2021\/03\/image001.jpg\" \/>\n\t<meta property=\"og:image:width\" content=\"585\" \/>\n\t<meta property=\"og:image:height\" content=\"389\" \/>\n\t<meta property=\"og:image:type\" content=\"image\/jpeg\" \/>\n<meta name=\"author\" content=\"P\u00e1gina 10\" \/>\n<meta name=\"twitter:card\" content=\"summary_large_image\" \/>\n<meta name=\"twitter:creator\" content=\"@Pag10com\" \/>\n<meta name=\"twitter:site\" content=\"@Pag10com\" \/>\n<meta name=\"twitter:label1\" content=\"Escrito por\" \/>\n\t<meta name=\"twitter:data1\" content=\"P\u00e1gina 10\" \/>\n\t<meta name=\"twitter:label2\" content=\"Tiempo de lectura\" \/>\n\t<meta name=\"twitter:data2\" content=\"2 minutos\" \/>\n<script type=\"application\/ld+json\" class=\"yoast-schema-graph\">{\"@context\":\"https:\/\/schema.org\",\"@graph\":[{\"@type\":\"Article\",\"@id\":\"https:\/\/pagina10.com\/web\/alcaldias-de-municipios-pdet-tienen-hasta-el-23-de-marzo-para-postularse-a-plazas-de-practicas-en-el-programa-estado-joven\/#article\",\"isPartOf\":{\"@id\":\"https:\/\/pagina10.com\/web\/alcaldias-de-municipios-pdet-tienen-hasta-el-23-de-marzo-para-postularse-a-plazas-de-practicas-en-el-programa-estado-joven\/\"},\"author\":{\"name\":\"P\u00e1gina 10\",\"@id\":\"https:\/\/pagina10.com\/web\/#\/schema\/person\/2efc4a090d25b667d3bc796798a3a81b\"},\"headline\":\"Alcald\u00edas de municipios PDET tienen hasta el 23 de marzo para postularse a plazas de pr\u00e1cticas en el Programa Estado Joven.\",\"datePublished\":\"2021-03-19T15:08:41+00:00\",\"mainEntityOfPage\":{\"@id\":\"https:\/\/pagina10.com\/web\/alcaldias-de-municipios-pdet-tienen-hasta-el-23-de-marzo-para-postularse-a-plazas-de-practicas-en-el-programa-estado-joven\/\"},\"wordCount\":363,\"commentCount\":0,\"publisher\":{\"@id\":\"https:\/\/pagina10.com\/web\/#organization\"},\"image\":{\"@id\":\"https:\/\/pagina10.com\/web\/alcaldias-de-municipios-pdet-tienen-hasta-el-23-de-marzo-para-postularse-a-plazas-de-practicas-en-el-programa-estado-joven\/#primaryimage\"},\"thumbnailUrl\":\"https:\/\/pagina10.com\/web\/wp-content\/uploads\/2021\/03\/image001.jpg\",\"articleSection\":[\"Nacional\"],\"inLanguage\":\"es\",\"potentialAction\":[{\"@type\":\"CommentAction\",\"name\":\"Comment\",\"target\":[\"https:\/\/pagina10.com\/web\/alcaldias-de-municipios-pdet-tienen-hasta-el-23-de-marzo-para-postularse-a-plazas-de-practicas-en-el-programa-estado-joven\/#respond\"]}]},{\"@type\":\"WebPage\",\"@id\":\"https:\/\/pagina10.com\/web\/alcaldias-de-municipios-pdet-tienen-hasta-el-23-de-marzo-para-postularse-a-plazas-de-practicas-en-el-programa-estado-joven\/\",\"url\":\"https:\/\/pagina10.com\/web\/alcaldias-de-municipios-pdet-tienen-hasta-el-23-de-marzo-para-postularse-a-plazas-de-practicas-en-el-programa-estado-joven\/\",\"name\":\"Alcald\u00edas de municipios PDET tienen hasta el 23 de marzo para postularse a plazas de pr\u00e1cticas en el Programa Estado Joven. | P\u00e1gina10\",\"isPartOf\":{\"@id\":\"https:\/\/pagina10.com\/web\/#website\"},\"primaryImageOfPage\":{\"@id\":\"https:\/\/pagina10.com\/web\/alcaldias-de-municipios-pdet-tienen-hasta-el-23-de-marzo-para-postularse-a-plazas-de-practicas-en-el-programa-estado-joven\/#primaryimage\"},\"image\":{\"@id\":\"https:\/\/pagina10.com\/web\/alcaldias-de-municipios-pdet-tienen-hasta-el-23-de-marzo-para-postularse-a-plazas-de-practicas-en-el-programa-estado-joven\/#primaryimage\"},\"thumbnailUrl\":\"https:\/\/pagina10.com\/web\/wp-content\/uploads\/2021\/03\/image001.jpg\",\"datePublished\":\"2021-03-19T15:08:41+00:00\",\"breadcrumb\":{\"@id\":\"https:\/\/pagina10.com\/web\/alcaldias-de-municipios-pdet-tienen-hasta-el-23-de-marzo-para-postularse-a-plazas-de-practicas-en-el-programa-estado-joven\/#breadcrumb\"},\"inLanguage\":\"es\",\"potentialAction\":[{\"@type\":\"ReadAction\",\"target\":[\"https:\/\/pagina10.com\/web\/alcaldias-de-municipios-pdet-tienen-hasta-el-23-de-marzo-para-postularse-a-plazas-de-practicas-en-el-programa-estado-joven\/\"]}]},{\"@type\":\"ImageObject\",\"inLanguage\":\"es\",\"@id\":\"https:\/\/pagina10.com\/web\/alcaldias-de-municipios-pdet-tienen-hasta-el-23-de-marzo-para-postularse-a-plazas-de-practicas-en-el-programa-estado-joven\/#primaryimage\",\"url\":\"https:\/\/pagina10.com\/web\/wp-content\/uploads\/2021\/03\/image001.jpg\",\"contentUrl\":\"https:\/\/pagina10.com\/web\/wp-content\/uploads\/2021\/03\/image001.jpg\",\"width\":585,\"height\":389},{\"@type\":\"BreadcrumbList\",\"@id\":\"https:\/\/pagina10.com\/web\/alcaldias-de-municipios-pdet-tienen-hasta-el-23-de-marzo-para-postularse-a-plazas-de-practicas-en-el-programa-estado-joven\/#breadcrumb\",\"itemListElement\":[{\"@type\":\"ListItem\",\"position\":1,\"name\":\"Portada\",\"item\":\"https:\/\/pagina10.com\/web\/\"},{\"@type\":\"ListItem\",\"position\":2,\"name\":\"Alcald\u00edas de municipios PDET tienen hasta el 23 de marzo para postularse a plazas de pr\u00e1cticas en el Programa Estado Joven.\"}]},{\"@type\":\"WebSite\",\"@id\":\"https:\/\/pagina10.com\/web\/#website\",\"url\":\"https:\/\/pagina10.com\/web\/\",\"name\":\"P\u00e1gina10\",\"description\":\"Peri\u00f3dico Regional\",\"publisher\":{\"@id\":\"https:\/\/pagina10.com\/web\/#organization\"},\"alternateName\":\"P\u00e1gina10 Peri\u00f3dico Regional\",\"potentialAction\":[{\"@type\":\"SearchAction\",\"target\":{\"@type\":\"EntryPoint\",\"urlTemplate\":\"https:\/\/pagina10.com\/web\/?s={search_term_string}\"},\"query-input\":{\"@type\":\"PropertyValueSpecification\",\"valueRequired\":true,\"valueName\":\"search_term_string\"}}],\"inLanguage\":\"es\"},{\"@type\":\"Organization\",\"@id\":\"https:\/\/pagina10.com\/web\/#organization\",\"name\":\"P\u00e1gina10\",\"alternateName\":\"P\u00e1gina10 Peri\u00f3dico Regional\",\"url\":\"https:\/\/pagina10.com\/web\/\",\"logo\":{\"@type\":\"ImageObject\",\"inLanguage\":\"es\",\"@id\":\"https:\/\/pagina10.com\/web\/#\/schema\/logo\/image\/\",\"url\":\"https:\/\/pagina10.com\/web\/wp-content\/uploads\/2024\/01\/40-pagina-10-periodico-regional-pasto.jpg\",\"contentUrl\":\"https:\/\/pagina10.com\/web\/wp-content\/uploads\/2024\/01\/40-pagina-10-periodico-regional-pasto.jpg\",\"width\":1280,\"height\":720,\"caption\":\"P\u00e1gina10\"},\"image\":{\"@id\":\"https:\/\/pagina10.com\/web\/#\/schema\/logo\/image\/\"},\"sameAs\":[\"https:\/\/www.facebook.com\/pag10com\",\"https:\/\/x.com\/Pag10com\",\"https:\/\/www.instagram.com\/pagina10col\/\",\"https:\/\/youtube.com\/channel\/pag10\",\"https:\/\/www.tiktok.com\/@p10col\"]},{\"@type\":\"Person\",\"@id\":\"https:\/\/pagina10.com\/web\/#\/schema\/person\/2efc4a090d25b667d3bc796798a3a81b\",\"name\":\"P\u00e1gina 10\",\"description\":\"P\u00e1gina 10 es un peri\u00f3dico regional que nace en Colombia, en el departamento de Nari\u00f1o, con un enfoque global, fundamentado en cuatro pilares esenciales: la libertad, el pluralismo, la inclusi\u00f3n y la independencia. P\u00e1gina 10 hace referencia a Nari\u00f1o como el d\u00e9cimo departamento creado en Colombia, despu\u00e9s de un proceso pol\u00edtico liderado por actores y actrices regionales con el fin de obtener la independencia y autonom\u00eda de nuestros territorios. Con la creaci\u00f3n de P\u00e1gina 10 se pretende abrir un escenario para el dialogo, la reflexi\u00f3n y el debate que se extienda a otras geograf\u00edas de Am\u00e9rica Latina y del planeta, en una apuesta por transformar colectivamente los desaf\u00edos de un mundo contempor\u00e1neo, m\u00e1s all\u00e1 de las fronteras impuestas.\",\"url\":\"https:\/\/pagina10.com\/web\/author\/pdiezadmin\/\"}]}<\/script>\n<!-- \/ Yoast SEO plugin. -->","yoast_head_json":{"title":"Alcald\u00edas de municipios PDET tienen hasta el 23 de marzo para postularse a plazas de pr\u00e1cticas en el Programa Estado Joven. | P\u00e1gina10","robots":{"index":"index","follow":"follow","max-snippet":"max-snippet:-1","max-image-preview":"max-image-preview:large","max-video-preview":"max-video-preview:-1"},"canonical":"https:\/\/pagina10.com\/web\/alcaldias-de-municipios-pdet-tienen-hasta-el-23-de-marzo-para-postularse-a-plazas-de-practicas-en-el-programa-estado-joven\/","og_locale":"es_ES","og_type":"article","og_title":"Alcald\u00edas de municipios PDET tienen hasta el 23 de marzo para postularse a plazas de pr\u00e1cticas en el Programa Estado Joven. | P\u00e1gina10","og_description":"El Ministerio de Trabajo y el Departamento Administrativo de la Funci\u00f3n P\u00fablica recuerdan a las 170 Alcald\u00edas de los municipios que hacen parte del Programa de Desarrollo con Enfoque Territorial (PDET) que el plazo para postular sus plazas de pr\u00e1ctica en el Programa Estado Joven es hasta el 23 de marzo. \u201cMediante adenda N\u00famero Uno [&hellip;]","og_url":"https:\/\/pagina10.com\/web\/alcaldias-de-municipios-pdet-tienen-hasta-el-23-de-marzo-para-postularse-a-plazas-de-practicas-en-el-programa-estado-joven\/","og_site_name":"P\u00e1gina10","article_publisher":"https:\/\/www.facebook.com\/pag10com","article_published_time":"2021-03-19T15:08:41+00:00","og_image":[{"width":585,"height":389,"url":"https:\/\/pagina10.com\/web\/wp-content\/uploads\/2021\/03\/image001.jpg","type":"image\/jpeg"}],"author":"P\u00e1gina 10","twitter_card":"summary_large_image","twitter_creator":"@Pag10com","twitter_site":"@Pag10com","twitter_misc":{"Escrito por":"P\u00e1gina 10","Tiempo de lectura":"2 minutos"},"schema":{"@context":"https:\/\/schema.org","@graph":[{"@type":"Article","@id":"https:\/\/pagina10.com\/web\/alcaldias-de-municipios-pdet-tienen-hasta-el-23-de-marzo-para-postularse-a-plazas-de-practicas-en-el-programa-estado-joven\/#article","isPartOf":{"@id":"https:\/\/pagina10.com\/web\/alcaldias-de-municipios-pdet-tienen-hasta-el-23-de-marzo-para-postularse-a-plazas-de-practicas-en-el-programa-estado-joven\/"},"author":{"name":"P\u00e1gina 10","@id":"https:\/\/pagina10.com\/web\/#\/schema\/person\/2efc4a090d25b667d3bc796798a3a81b"},"headline":"Alcald\u00edas de municipios PDET tienen hasta el 23 de marzo para postularse a plazas de pr\u00e1cticas en el Programa Estado Joven.","datePublished":"2021-03-19T15:08:41+00:00","mainEntityOfPage":{"@id":"https:\/\/pagina10.com\/web\/alcaldias-de-municipios-pdet-tienen-hasta-el-23-de-marzo-para-postularse-a-plazas-de-practicas-en-el-programa-estado-joven\/"},"wordCount":363,"commentCount":0,"publisher":{"@id":"https:\/\/pagina10.com\/web\/#organization"},"image":{"@id":"https:\/\/pagina10.com\/web\/alcaldias-de-municipios-pdet-tienen-hasta-el-23-de-marzo-para-postularse-a-plazas-de-practicas-en-el-programa-estado-joven\/#primaryimage"},"thumbnailUrl":"https:\/\/pagina10.com\/web\/wp-content\/uploads\/2021\/03\/image001.jpg","articleSection":["Nacional"],"inLanguage":"es","potentialAction":[{"@type":"CommentAction","name":"Comment","target":["https:\/\/pagina10.com\/web\/alcaldias-de-municipios-pdet-tienen-hasta-el-23-de-marzo-para-postularse-a-plazas-de-practicas-en-el-programa-estado-joven\/#respond"]}]},{"@type":"WebPage","@id":"https:\/\/pagina10.com\/web\/alcaldias-de-municipios-pdet-tienen-hasta-el-23-de-marzo-para-postularse-a-plazas-de-practicas-en-el-programa-estado-joven\/","url":"https:\/\/pagina10.com\/web\/alcaldias-de-municipios-pdet-tienen-hasta-el-23-de-marzo-para-postularse-a-plazas-de-practicas-en-el-programa-estado-joven\/","name":"Alcald\u00edas de municipios PDET tienen hasta el 23 de marzo para postularse a plazas de pr\u00e1cticas en el Programa Estado Joven. | P\u00e1gina10","isPartOf":{"@id":"https:\/\/pagina10.com\/web\/#website"},"primaryImageOfPage":{"@id":"https:\/\/pagina10.com\/web\/alcaldias-de-municipios-pdet-tienen-hasta-el-23-de-marzo-para-postularse-a-plazas-de-practicas-en-el-programa-estado-joven\/#primaryimage"},"image":{"@id":"https:\/\/pagina10.com\/web\/alcaldias-de-municipios-pdet-tienen-hasta-el-23-de-marzo-para-postularse-a-plazas-de-practicas-en-el-programa-estado-joven\/#primaryimage"},"thumbnailUrl":"https:\/\/pagina10.com\/web\/wp-content\/uploads\/2021\/03\/image001.jpg","datePublished":"2021-03-19T15:08:41+00:00","breadcrumb":{"@id":"https:\/\/pagina10.com\/web\/alcaldias-de-municipios-pdet-tienen-hasta-el-23-de-marzo-para-postularse-a-plazas-de-practicas-en-el-programa-estado-joven\/#breadcrumb"},"inLanguage":"es","potentialAction":[{"@type":"ReadAction","target":["https:\/\/pagina10.com\/web\/alcaldias-de-municipios-pdet-tienen-hasta-el-23-de-marzo-para-postularse-a-plazas-de-practicas-en-el-programa-estado-joven\/"]}]},{"@type":"ImageObject","inLanguage":"es","@id":"https:\/\/pagina10.com\/web\/alcaldias-de-municipios-pdet-tienen-hasta-el-23-de-marzo-para-postularse-a-plazas-de-practicas-en-el-programa-estado-joven\/#primaryimage","url":"https:\/\/pagina10.com\/web\/wp-content\/uploads\/2021\/03\/image001.jpg","contentUrl":"https:\/\/pagina10.com\/web\/wp-content\/uploads\/2021\/03\/image001.jpg","width":585,"height":389},{"@type":"BreadcrumbList","@id":"https:\/\/pagina10.com\/web\/alcaldias-de-municipios-pdet-tienen-hasta-el-23-de-marzo-para-postularse-a-plazas-de-practicas-en-el-programa-estado-joven\/#breadcrumb","itemListElement":[{"@type":"ListItem","position":1,"name":"Portada","item":"https:\/\/pagina10.com\/web\/"},{"@type":"ListItem","position":2,"name":"Alcald\u00edas de municipios PDET tienen hasta el 23 de marzo para postularse a plazas de pr\u00e1cticas en el Programa Estado Joven."}]},{"@type":"WebSite","@id":"https:\/\/pagina10.com\/web\/#website","url":"https:\/\/pagina10.com\/web\/","name":"P\u00e1gina10","description":"Peri\u00f3dico Regional","publisher":{"@id":"https:\/\/pagina10.com\/web\/#organization"},"alternateName":"P\u00e1gina10 Peri\u00f3dico Regional","potentialAction":[{"@type":"SearchAction","target":{"@type":"EntryPoint","urlTemplate":"https:\/\/pagina10.com\/web\/?s={search_term_string}"},"query-input":{"@type":"PropertyValueSpecification","valueRequired":true,"valueName":"search_term_string"}}],"inLanguage":"es"},{"@type":"Organization","@id":"https:\/\/pagina10.com\/web\/#organization","name":"P\u00e1gina10","alternateName":"P\u00e1gina10 Peri\u00f3dico Regional","url":"https:\/\/pagina10.com\/web\/","logo":{"@type":"ImageObject","inLanguage":"es","@id":"https:\/\/pagina10.com\/web\/#\/schema\/logo\/image\/","url":"https:\/\/pagina10.com\/web\/wp-content\/uploads\/2024\/01\/40-pagina-10-periodico-regional-pasto.jpg","contentUrl":"https:\/\/pagina10.com\/web\/wp-content\/uploads\/2024\/01\/40-pagina-10-periodico-regional-pasto.jpg","width":1280,"height":720,"caption":"P\u00e1gina10"},"image":{"@id":"https:\/\/pagina10.com\/web\/#\/schema\/logo\/image\/"},"sameAs":["https:\/\/www.facebook.com\/pag10com","https:\/\/x.com\/Pag10com","https:\/\/www.instagram.com\/pagina10col\/","https:\/\/youtube.com\/channel\/pag10","https:\/\/www.tiktok.com\/@p10col"]},{"@type":"Person","@id":"https:\/\/pagina10.com\/web\/#\/schema\/person\/2efc4a090d25b667d3bc796798a3a81b","name":"P\u00e1gina 10","description":"P\u00e1gina 10 es un peri\u00f3dico regional que nace en Colombia, en el departamento de Nari\u00f1o, con un enfoque global, fundamentado en cuatro pilares esenciales: la libertad, el pluralismo, la inclusi\u00f3n y la independencia. P\u00e1gina 10 hace referencia a Nari\u00f1o como el d\u00e9cimo departamento creado en Colombia, despu\u00e9s de un proceso pol\u00edtico liderado por actores y actrices regionales con el fin de obtener la independencia y autonom\u00eda de nuestros territorios. Con la creaci\u00f3n de P\u00e1gina 10 se pretende abrir un escenario para el dialogo, la reflexi\u00f3n y el debate que se extienda a otras geograf\u00edas de Am\u00e9rica Latina y del planeta, en una apuesta por transformar colectivamente los desaf\u00edos de un mundo contempor\u00e1neo, m\u00e1s all\u00e1 de las fronteras impuestas.","url":"https:\/\/pagina10.com\/web\/author\/pdiezadmin\/"}]}},"_links":{"self":[{"href":"https:\/\/pagina10.com\/web\/wp-json\/wp\/v2\/posts\/51264","targetHints":{"allow":["GET"]}}],"collection":[{"href":"https:\/\/pagina10.com\/web\/wp-json\/wp\/v2\/posts"}],"about":[{"href":"https:\/\/pagina10.com\/web\/wp-json\/wp\/v2\/types\/post"}],"author":[{"embeddable":true,"href":"https:\/\/pagina10.com\/web\/wp-json\/wp\/v2\/users\/1"}],"replies":[{"embeddable":true,"href":"https:\/\/pagina10.com\/web\/wp-json\/wp\/v2\/comments?post=51264"}],"version-history":[{"count":1,"href":"https:\/\/pagina10.com\/web\/wp-json\/wp\/v2\/posts\/51264\/revisions"}],"predecessor-version":[{"id":51266,"href":"https:\/\/pagina10.com\/web\/wp-json\/wp\/v2\/posts\/51264\/revisions\/51266"}],"wp:featuredmedia":[{"embeddable":true,"href":"https:\/\/pagina10.com\/web\/wp-json\/wp\/v2\/media\/51265"}],"wp:attachment":[{"href":"https:\/\/pagina10.com\/web\/wp-json\/wp\/v2\/media?parent=51264"}],"wp:term":[{"taxonomy":"category","embeddable":true,"href":"https:\/\/pagina10.com\/web\/wp-json\/wp\/v2\/categories?post=51264"},{"taxonomy":"post_tag","embeddable":true,"href":"https:\/\/pagina10.com\/web\/wp-json\/wp\/v2\/tags?post=51264"}],"curies":[{"name":"wp","href":"https:\/\/api.w.org\/{rel}","templated":true}]}}