{"id":51268,"date":"2021-03-19T10:31:42","date_gmt":"2021-03-19T15:31:42","guid":{"rendered":"https:\/\/pagina10.com\/web\/?p=51268"},"modified":"2021-03-19T10:31:42","modified_gmt":"2021-03-19T15:31:42","slug":"gilberto-tobon-sanin-se-lanza-al-senado","status":"publish","type":"post","link":"https:\/\/pagina10.com\/web\/gilberto-tobon-sanin-se-lanza-al-senado\/","title":{"rendered":"Gilberto Tob\u00f3n San\u00edn se lanza al Senado."},"content":{"rendered":"<p style=\"text-align: justify;\">El doctor y profesor de la Universidad Nacional, Gilberto Tob\u00f3n San\u00edn, anunci\u00f3 hoy su decisi\u00f3n de participar como candidato al Senado en los comicios electorales del pr\u00f3ximo a\u00f1o.<\/p>\n<p style=\"text-align: justify;\">Por medio de cuenta de Twitter, Tob\u00f3n San\u00edn, manifest\u00f3 \u201cEn mis 72 a\u00f1os nunca pens\u00e9 participar en pol\u00edtica, pero la circunstancia actual no me permite ser indiferente. Si mi participaci\u00f3n contribuye a la renovaci\u00f3n que necesita el pa\u00eds, con gusto asumo el compromiso. Por eso me lanzo al Senado\u201d<\/p>\n<p style=\"text-align: justify;\">En respuesta al compromiso asumido por el profesor, el senador Gustavo Bol\u00edvar, le dio la bienvenida y afirm\u00f3 que \u201cA este pa\u00eds le hacen falta guerreros que no se callen lo que piensan\u201d.<\/p>\n<p style=\"text-align: justify;\">As\u00ed mismo, el Representante a la C\u00e1mara, \u00a0David Racero, manifest\u00f3 \u201cvamos a quitarle este pa\u00eds a los mismos de siempre que se lo han apropiado\u201d.<\/p>\n","protected":false},"excerpt":{"rendered":"<p>El doctor y profesor de la Universidad Nacional, Gilberto Tob\u00f3n San\u00edn, anunci\u00f3 hoy su decisi\u00f3n de participar como candidato al Senado en los comicios electorales del pr\u00f3ximo a\u00f1o. Por medio de cuenta de Twitter, Tob\u00f3n San\u00edn, manifest\u00f3 \u201cEn mis 72 a\u00f1os nunca pens\u00e9 participar en pol\u00edtica, pero la circunstancia actual no me permite ser indiferente. [&hellip;]<\/p>\n","protected":false},"author":1,"featured_media":51269,"comment_status":"open","ping_status":"open","sticky":false,"template":"","format":"standard","meta":{"footnotes":""},"categories":[94],"tags":[],"class_list":["post-51268","post","type-post","status-publish","format-standard","has-post-thumbnail","hentry","category-nacional-global-2"],"yoast_head":"<!-- This site is optimized with the Yoast SEO plugin v27.1.1 - https:\/\/yoast.com\/product\/yoast-seo-wordpress\/ -->\n<title>Gilberto Tob\u00f3n San\u00edn se lanza al Senado. | P\u00e1gina10<\/title>\n<meta name=\"robots\" content=\"index, follow, max-snippet:-1, max-image-preview:large, max-video-preview:-1\" \/>\n<link rel=\"canonical\" href=\"https:\/\/pagina10.com\/web\/gilberto-tobon-sanin-se-lanza-al-senado\/\" \/>\n<meta property=\"og:locale\" content=\"es_ES\" \/>\n<meta property=\"og:type\" content=\"article\" \/>\n<meta property=\"og:title\" content=\"Gilberto Tob\u00f3n San\u00edn se lanza al Senado. | P\u00e1gina10\" \/>\n<meta property=\"og:description\" content=\"El doctor y profesor de la Universidad Nacional, Gilberto Tob\u00f3n San\u00edn, anunci\u00f3 hoy su decisi\u00f3n de participar como candidato al Senado en los comicios electorales del pr\u00f3ximo a\u00f1o. Por medio de cuenta de Twitter, Tob\u00f3n San\u00edn, manifest\u00f3 \u201cEn mis 72 a\u00f1os nunca pens\u00e9 participar en pol\u00edtica, pero la circunstancia actual no me permite ser indiferente. [&hellip;]\" \/>\n<meta property=\"og:url\" content=\"https:\/\/pagina10.com\/web\/gilberto-tobon-sanin-se-lanza-al-senado\/\" \/>\n<meta property=\"og:site_name\" content=\"P\u00e1gina10\" \/>\n<meta property=\"article:publisher\" content=\"https:\/\/www.facebook.com\/pag10com\" \/>\n<meta property=\"article:published_time\" content=\"2021-03-19T15:31:42+00:00\" \/>\n<meta property=\"og:image\" content=\"https:\/\/pagina10.com\/web\/wp-content\/uploads\/2021\/03\/pHpqNkrS_400x400.jpg\" \/>\n\t<meta property=\"og:image:width\" content=\"400\" \/>\n\t<meta property=\"og:image:height\" content=\"400\" \/>\n\t<meta property=\"og:image:type\" content=\"image\/jpeg\" \/>\n<meta name=\"author\" content=\"P\u00e1gina 10\" \/>\n<meta name=\"twitter:card\" content=\"summary_large_image\" \/>\n<meta name=\"twitter:creator\" content=\"@Pag10com\" \/>\n<meta name=\"twitter:site\" content=\"@Pag10com\" \/>\n<meta name=\"twitter:label1\" content=\"Escrito por\" \/>\n\t<meta name=\"twitter:data1\" content=\"P\u00e1gina 10\" \/>\n\t<meta name=\"twitter:label2\" content=\"Tiempo de lectura\" \/>\n\t<meta name=\"twitter:data2\" content=\"1 minuto\" \/>\n<script type=\"application\/ld+json\" class=\"yoast-schema-graph\">{\"@context\":\"https:\/\/schema.org\",\"@graph\":[{\"@type\":\"Article\",\"@id\":\"https:\/\/pagina10.com\/web\/gilberto-tobon-sanin-se-lanza-al-senado\/#article\",\"isPartOf\":{\"@id\":\"https:\/\/pagina10.com\/web\/gilberto-tobon-sanin-se-lanza-al-senado\/\"},\"author\":{\"name\":\"P\u00e1gina 10\",\"@id\":\"https:\/\/pagina10.com\/web\/#\/schema\/person\/2efc4a090d25b667d3bc796798a3a81b\"},\"headline\":\"Gilberto Tob\u00f3n San\u00edn se lanza al Senado.\",\"datePublished\":\"2021-03-19T15:31:42+00:00\",\"mainEntityOfPage\":{\"@id\":\"https:\/\/pagina10.com\/web\/gilberto-tobon-sanin-se-lanza-al-senado\/\"},\"wordCount\":159,\"commentCount\":0,\"publisher\":{\"@id\":\"https:\/\/pagina10.com\/web\/#organization\"},\"image\":{\"@id\":\"https:\/\/pagina10.com\/web\/gilberto-tobon-sanin-se-lanza-al-senado\/#primaryimage\"},\"thumbnailUrl\":\"https:\/\/pagina10.com\/web\/wp-content\/uploads\/2021\/03\/pHpqNkrS_400x400.jpg\",\"articleSection\":[\"Nacional\"],\"inLanguage\":\"es\",\"potentialAction\":[{\"@type\":\"CommentAction\",\"name\":\"Comment\",\"target\":[\"https:\/\/pagina10.com\/web\/gilberto-tobon-sanin-se-lanza-al-senado\/#respond\"]}]},{\"@type\":\"WebPage\",\"@id\":\"https:\/\/pagina10.com\/web\/gilberto-tobon-sanin-se-lanza-al-senado\/\",\"url\":\"https:\/\/pagina10.com\/web\/gilberto-tobon-sanin-se-lanza-al-senado\/\",\"name\":\"Gilberto Tob\u00f3n San\u00edn se lanza al Senado. | P\u00e1gina10\",\"isPartOf\":{\"@id\":\"https:\/\/pagina10.com\/web\/#website\"},\"primaryImageOfPage\":{\"@id\":\"https:\/\/pagina10.com\/web\/gilberto-tobon-sanin-se-lanza-al-senado\/#primaryimage\"},\"image\":{\"@id\":\"https:\/\/pagina10.com\/web\/gilberto-tobon-sanin-se-lanza-al-senado\/#primaryimage\"},\"thumbnailUrl\":\"https:\/\/pagina10.com\/web\/wp-content\/uploads\/2021\/03\/pHpqNkrS_400x400.jpg\",\"datePublished\":\"2021-03-19T15:31:42+00:00\",\"breadcrumb\":{\"@id\":\"https:\/\/pagina10.com\/web\/gilberto-tobon-sanin-se-lanza-al-senado\/#breadcrumb\"},\"inLanguage\":\"es\",\"potentialAction\":[{\"@type\":\"ReadAction\",\"target\":[\"https:\/\/pagina10.com\/web\/gilberto-tobon-sanin-se-lanza-al-senado\/\"]}]},{\"@type\":\"ImageObject\",\"inLanguage\":\"es\",\"@id\":\"https:\/\/pagina10.com\/web\/gilberto-tobon-sanin-se-lanza-al-senado\/#primaryimage\",\"url\":\"https:\/\/pagina10.com\/web\/wp-content\/uploads\/2021\/03\/pHpqNkrS_400x400.jpg\",\"contentUrl\":\"https:\/\/pagina10.com\/web\/wp-content\/uploads\/2021\/03\/pHpqNkrS_400x400.jpg\",\"width\":400,\"height\":400},{\"@type\":\"BreadcrumbList\",\"@id\":\"https:\/\/pagina10.com\/web\/gilberto-tobon-sanin-se-lanza-al-senado\/#breadcrumb\",\"itemListElement\":[{\"@type\":\"ListItem\",\"position\":1,\"name\":\"Portada\",\"item\":\"https:\/\/pagina10.com\/web\/\"},{\"@type\":\"ListItem\",\"position\":2,\"name\":\"Gilberto Tob\u00f3n San\u00edn se lanza al Senado.\"}]},{\"@type\":\"WebSite\",\"@id\":\"https:\/\/pagina10.com\/web\/#website\",\"url\":\"https:\/\/pagina10.com\/web\/\",\"name\":\"P\u00e1gina10\",\"description\":\"Peri\u00f3dico Regional\",\"publisher\":{\"@id\":\"https:\/\/pagina10.com\/web\/#organization\"},\"alternateName\":\"P\u00e1gina10 Peri\u00f3dico Regional\",\"potentialAction\":[{\"@type\":\"SearchAction\",\"target\":{\"@type\":\"EntryPoint\",\"urlTemplate\":\"https:\/\/pagina10.com\/web\/?s={search_term_string}\"},\"query-input\":{\"@type\":\"PropertyValueSpecification\",\"valueRequired\":true,\"valueName\":\"search_term_string\"}}],\"inLanguage\":\"es\"},{\"@type\":\"Organization\",\"@id\":\"https:\/\/pagina10.com\/web\/#organization\",\"name\":\"P\u00e1gina10\",\"alternateName\":\"P\u00e1gina10 Peri\u00f3dico Regional\",\"url\":\"https:\/\/pagina10.com\/web\/\",\"logo\":{\"@type\":\"ImageObject\",\"inLanguage\":\"es\",\"@id\":\"https:\/\/pagina10.com\/web\/#\/schema\/logo\/image\/\",\"url\":\"https:\/\/pagina10.com\/web\/wp-content\/uploads\/2024\/01\/40-pagina-10-periodico-regional-pasto.jpg\",\"contentUrl\":\"https:\/\/pagina10.com\/web\/wp-content\/uploads\/2024\/01\/40-pagina-10-periodico-regional-pasto.jpg\",\"width\":1280,\"height\":720,\"caption\":\"P\u00e1gina10\"},\"image\":{\"@id\":\"https:\/\/pagina10.com\/web\/#\/schema\/logo\/image\/\"},\"sameAs\":[\"https:\/\/www.facebook.com\/pag10com\",\"https:\/\/x.com\/Pag10com\",\"https:\/\/www.instagram.com\/pagina10col\/\",\"https:\/\/youtube.com\/channel\/pag10\",\"https:\/\/www.tiktok.com\/@p10col\"]},{\"@type\":\"Person\",\"@id\":\"https:\/\/pagina10.com\/web\/#\/schema\/person\/2efc4a090d25b667d3bc796798a3a81b\",\"name\":\"P\u00e1gina 10\",\"description\":\"P\u00e1gina 10 es un peri\u00f3dico regional que nace en Colombia, en el departamento de Nari\u00f1o, con un enfoque global, fundamentado en cuatro pilares esenciales: la libertad, el pluralismo, la inclusi\u00f3n y la independencia. P\u00e1gina 10 hace referencia a Nari\u00f1o como el d\u00e9cimo departamento creado en Colombia, despu\u00e9s de un proceso pol\u00edtico liderado por actores y actrices regionales con el fin de obtener la independencia y autonom\u00eda de nuestros territorios. Con la creaci\u00f3n de P\u00e1gina 10 se pretende abrir un escenario para el dialogo, la reflexi\u00f3n y el debate que se extienda a otras geograf\u00edas de Am\u00e9rica Latina y del planeta, en una apuesta por transformar colectivamente los desaf\u00edos de un mundo contempor\u00e1neo, m\u00e1s all\u00e1 de las fronteras impuestas.\",\"url\":\"https:\/\/pagina10.com\/web\/author\/pdiezadmin\/\"}]}<\/script>\n<!-- \/ Yoast SEO plugin. -->","yoast_head_json":{"title":"Gilberto Tob\u00f3n San\u00edn se lanza al Senado. | P\u00e1gina10","robots":{"index":"index","follow":"follow","max-snippet":"max-snippet:-1","max-image-preview":"max-image-preview:large","max-video-preview":"max-video-preview:-1"},"canonical":"https:\/\/pagina10.com\/web\/gilberto-tobon-sanin-se-lanza-al-senado\/","og_locale":"es_ES","og_type":"article","og_title":"Gilberto Tob\u00f3n San\u00edn se lanza al Senado. | P\u00e1gina10","og_description":"El doctor y profesor de la Universidad Nacional, Gilberto Tob\u00f3n San\u00edn, anunci\u00f3 hoy su decisi\u00f3n de participar como candidato al Senado en los comicios electorales del pr\u00f3ximo a\u00f1o. Por medio de cuenta de Twitter, Tob\u00f3n San\u00edn, manifest\u00f3 \u201cEn mis 72 a\u00f1os nunca pens\u00e9 participar en pol\u00edtica, pero la circunstancia actual no me permite ser indiferente. [&hellip;]","og_url":"https:\/\/pagina10.com\/web\/gilberto-tobon-sanin-se-lanza-al-senado\/","og_site_name":"P\u00e1gina10","article_publisher":"https:\/\/www.facebook.com\/pag10com","article_published_time":"2021-03-19T15:31:42+00:00","og_image":[{"width":400,"height":400,"url":"https:\/\/pagina10.com\/web\/wp-content\/uploads\/2021\/03\/pHpqNkrS_400x400.jpg","type":"image\/jpeg"}],"author":"P\u00e1gina 10","twitter_card":"summary_large_image","twitter_creator":"@Pag10com","twitter_site":"@Pag10com","twitter_misc":{"Escrito por":"P\u00e1gina 10","Tiempo de lectura":"1 minuto"},"schema":{"@context":"https:\/\/schema.org","@graph":[{"@type":"Article","@id":"https:\/\/pagina10.com\/web\/gilberto-tobon-sanin-se-lanza-al-senado\/#article","isPartOf":{"@id":"https:\/\/pagina10.com\/web\/gilberto-tobon-sanin-se-lanza-al-senado\/"},"author":{"name":"P\u00e1gina 10","@id":"https:\/\/pagina10.com\/web\/#\/schema\/person\/2efc4a090d25b667d3bc796798a3a81b"},"headline":"Gilberto Tob\u00f3n San\u00edn se lanza al Senado.","datePublished":"2021-03-19T15:31:42+00:00","mainEntityOfPage":{"@id":"https:\/\/pagina10.com\/web\/gilberto-tobon-sanin-se-lanza-al-senado\/"},"wordCount":159,"commentCount":0,"publisher":{"@id":"https:\/\/pagina10.com\/web\/#organization"},"image":{"@id":"https:\/\/pagina10.com\/web\/gilberto-tobon-sanin-se-lanza-al-senado\/#primaryimage"},"thumbnailUrl":"https:\/\/pagina10.com\/web\/wp-content\/uploads\/2021\/03\/pHpqNkrS_400x400.jpg","articleSection":["Nacional"],"inLanguage":"es","potentialAction":[{"@type":"CommentAction","name":"Comment","target":["https:\/\/pagina10.com\/web\/gilberto-tobon-sanin-se-lanza-al-senado\/#respond"]}]},{"@type":"WebPage","@id":"https:\/\/pagina10.com\/web\/gilberto-tobon-sanin-se-lanza-al-senado\/","url":"https:\/\/pagina10.com\/web\/gilberto-tobon-sanin-se-lanza-al-senado\/","name":"Gilberto Tob\u00f3n San\u00edn se lanza al Senado. | P\u00e1gina10","isPartOf":{"@id":"https:\/\/pagina10.com\/web\/#website"},"primaryImageOfPage":{"@id":"https:\/\/pagina10.com\/web\/gilberto-tobon-sanin-se-lanza-al-senado\/#primaryimage"},"image":{"@id":"https:\/\/pagina10.com\/web\/gilberto-tobon-sanin-se-lanza-al-senado\/#primaryimage"},"thumbnailUrl":"https:\/\/pagina10.com\/web\/wp-content\/uploads\/2021\/03\/pHpqNkrS_400x400.jpg","datePublished":"2021-03-19T15:31:42+00:00","breadcrumb":{"@id":"https:\/\/pagina10.com\/web\/gilberto-tobon-sanin-se-lanza-al-senado\/#breadcrumb"},"inLanguage":"es","potentialAction":[{"@type":"ReadAction","target":["https:\/\/pagina10.com\/web\/gilberto-tobon-sanin-se-lanza-al-senado\/"]}]},{"@type":"ImageObject","inLanguage":"es","@id":"https:\/\/pagina10.com\/web\/gilberto-tobon-sanin-se-lanza-al-senado\/#primaryimage","url":"https:\/\/pagina10.com\/web\/wp-content\/uploads\/2021\/03\/pHpqNkrS_400x400.jpg","contentUrl":"https:\/\/pagina10.com\/web\/wp-content\/uploads\/2021\/03\/pHpqNkrS_400x400.jpg","width":400,"height":400},{"@type":"BreadcrumbList","@id":"https:\/\/pagina10.com\/web\/gilberto-tobon-sanin-se-lanza-al-senado\/#breadcrumb","itemListElement":[{"@type":"ListItem","position":1,"name":"Portada","item":"https:\/\/pagina10.com\/web\/"},{"@type":"ListItem","position":2,"name":"Gilberto Tob\u00f3n San\u00edn se lanza al Senado."}]},{"@type":"WebSite","@id":"https:\/\/pagina10.com\/web\/#website","url":"https:\/\/pagina10.com\/web\/","name":"P\u00e1gina10","description":"Peri\u00f3dico Regional","publisher":{"@id":"https:\/\/pagina10.com\/web\/#organization"},"alternateName":"P\u00e1gina10 Peri\u00f3dico Regional","potentialAction":[{"@type":"SearchAction","target":{"@type":"EntryPoint","urlTemplate":"https:\/\/pagina10.com\/web\/?s={search_term_string}"},"query-input":{"@type":"PropertyValueSpecification","valueRequired":true,"valueName":"search_term_string"}}],"inLanguage":"es"},{"@type":"Organization","@id":"https:\/\/pagina10.com\/web\/#organization","name":"P\u00e1gina10","alternateName":"P\u00e1gina10 Peri\u00f3dico Regional","url":"https:\/\/pagina10.com\/web\/","logo":{"@type":"ImageObject","inLanguage":"es","@id":"https:\/\/pagina10.com\/web\/#\/schema\/logo\/image\/","url":"https:\/\/pagina10.com\/web\/wp-content\/uploads\/2024\/01\/40-pagina-10-periodico-regional-pasto.jpg","contentUrl":"https:\/\/pagina10.com\/web\/wp-content\/uploads\/2024\/01\/40-pagina-10-periodico-regional-pasto.jpg","width":1280,"height":720,"caption":"P\u00e1gina10"},"image":{"@id":"https:\/\/pagina10.com\/web\/#\/schema\/logo\/image\/"},"sameAs":["https:\/\/www.facebook.com\/pag10com","https:\/\/x.com\/Pag10com","https:\/\/www.instagram.com\/pagina10col\/","https:\/\/youtube.com\/channel\/pag10","https:\/\/www.tiktok.com\/@p10col"]},{"@type":"Person","@id":"https:\/\/pagina10.com\/web\/#\/schema\/person\/2efc4a090d25b667d3bc796798a3a81b","name":"P\u00e1gina 10","description":"P\u00e1gina 10 es un peri\u00f3dico regional que nace en Colombia, en el departamento de Nari\u00f1o, con un enfoque global, fundamentado en cuatro pilares esenciales: la libertad, el pluralismo, la inclusi\u00f3n y la independencia. P\u00e1gina 10 hace referencia a Nari\u00f1o como el d\u00e9cimo departamento creado en Colombia, despu\u00e9s de un proceso pol\u00edtico liderado por actores y actrices regionales con el fin de obtener la independencia y autonom\u00eda de nuestros territorios. Con la creaci\u00f3n de P\u00e1gina 10 se pretende abrir un escenario para el dialogo, la reflexi\u00f3n y el debate que se extienda a otras geograf\u00edas de Am\u00e9rica Latina y del planeta, en una apuesta por transformar colectivamente los desaf\u00edos de un mundo contempor\u00e1neo, m\u00e1s all\u00e1 de las fronteras impuestas.","url":"https:\/\/pagina10.com\/web\/author\/pdiezadmin\/"}]}},"_links":{"self":[{"href":"https:\/\/pagina10.com\/web\/wp-json\/wp\/v2\/posts\/51268","targetHints":{"allow":["GET"]}}],"collection":[{"href":"https:\/\/pagina10.com\/web\/wp-json\/wp\/v2\/posts"}],"about":[{"href":"https:\/\/pagina10.com\/web\/wp-json\/wp\/v2\/types\/post"}],"author":[{"embeddable":true,"href":"https:\/\/pagina10.com\/web\/wp-json\/wp\/v2\/users\/1"}],"replies":[{"embeddable":true,"href":"https:\/\/pagina10.com\/web\/wp-json\/wp\/v2\/comments?post=51268"}],"version-history":[{"count":1,"href":"https:\/\/pagina10.com\/web\/wp-json\/wp\/v2\/posts\/51268\/revisions"}],"predecessor-version":[{"id":51270,"href":"https:\/\/pagina10.com\/web\/wp-json\/wp\/v2\/posts\/51268\/revisions\/51270"}],"wp:featuredmedia":[{"embeddable":true,"href":"https:\/\/pagina10.com\/web\/wp-json\/wp\/v2\/media\/51269"}],"wp:attachment":[{"href":"https:\/\/pagina10.com\/web\/wp-json\/wp\/v2\/media?parent=51268"}],"wp:term":[{"taxonomy":"category","embeddable":true,"href":"https:\/\/pagina10.com\/web\/wp-json\/wp\/v2\/categories?post=51268"},{"taxonomy":"post_tag","embeddable":true,"href":"https:\/\/pagina10.com\/web\/wp-json\/wp\/v2\/tags?post=51268"}],"curies":[{"name":"wp","href":"https:\/\/api.w.org\/{rel}","templated":true}]}}