{"id":51299,"date":"2021-03-21T11:36:41","date_gmt":"2021-03-21T16:36:41","guid":{"rendered":"https:\/\/pagina10.com\/web\/?p=51299"},"modified":"2021-03-21T11:36:41","modified_gmt":"2021-03-21T16:36:41","slug":"no-incendio-el-palacio-no-mato-a-nadie-fin-a-otra-canallada-gustavo-bolivar","status":"publish","type":"post","link":"https:\/\/pagina10.com\/web\/no-incendio-el-palacio-no-mato-a-nadie-fin-a-otra-canallada-gustavo-bolivar\/","title":{"rendered":"&#8220;No incendi\u00f3 el Palacio, no mat\u00f3 a nadie. Fin a otra canallada\u201d: Gustavo Bol\u00edvar."},"content":{"rendered":"<p style=\"text-align: justify;\">Everth Bustamante, antiguo guerrillero del M-19 y excongresista por el Centro Democr\u00e1tico, en entrevista con W Radio, manifest\u00f3 este s\u00e1bado, que el senador Gustavo Petro nunca hizo parte de las estructuras militares de esa guerrilla.<\/p>\n<p style=\"text-align: justify;\">Ante la pregunta de la periodista del medio de comunicaci\u00f3n, de por qu\u00e9 algunos miembros del Centro Democr\u00e1tico lo aceptan a pesar de su pasado en el grupo guerrillero, y por el contrario rechazan al l\u00edder de la Colombia Humana, Bustamante respondi\u00f3: Gustavo Petro, \u201cnunca que yo sepa particip\u00f3 en actividades violentas, lo que pasa es que \u00e9l tiene un discurso que quiere asumir vocer\u00eda cercana a la violencia que es distinto. Son las percepciones, la gente a veces no entiende que Gustavo Petro realmente, en estricto sentido, nunca hizo parte de las estructuras militares del M-19\u201d.<\/p>\n<p style=\"text-align: justify;\">Al respecto, el senador Gustavo Bol\u00edvar public\u00f3 en su cuenta de Twitter, \u201cCae otra calumnia: \u201cGustavo Petro nunca particip\u00f3 en actividades violentas\u201d \u201cNo hizo parte de las estructuras militares del M-19\u201d: Everth Bustamante, exjefe de Petro en el M-19 y exsenador del Centro Democr\u00e1tico. O sea, no incendi\u00f3 el Palacio, no mat\u00f3 a nadie. Fin a otra canallada\u201d.<\/p>\n","protected":false},"excerpt":{"rendered":"<p>Everth Bustamante, antiguo guerrillero del M-19 y excongresista por el Centro Democr\u00e1tico, en entrevista con W Radio, manifest\u00f3 este s\u00e1bado, que el senador Gustavo Petro nunca hizo parte de las estructuras militares de esa guerrilla. Ante la pregunta de la periodista del medio de comunicaci\u00f3n, de por qu\u00e9 algunos miembros del Centro Democr\u00e1tico lo aceptan [&hellip;]<\/p>\n","protected":false},"author":1,"featured_media":51300,"comment_status":"open","ping_status":"open","sticky":false,"template":"","format":"standard","meta":{"footnotes":""},"categories":[94],"tags":[],"class_list":["post-51299","post","type-post","status-publish","format-standard","has-post-thumbnail","hentry","category-nacional-global-2"],"yoast_head":"<!-- This site is optimized with the Yoast SEO plugin v27.1.1 - https:\/\/yoast.com\/product\/yoast-seo-wordpress\/ -->\n<title>&quot;No incendi\u00f3 el Palacio, no mat\u00f3 a nadie. Fin a otra canallada\u201d: Gustavo Bol\u00edvar. | P\u00e1gina10<\/title>\n<meta name=\"robots\" content=\"index, follow, max-snippet:-1, max-image-preview:large, max-video-preview:-1\" \/>\n<link rel=\"canonical\" href=\"https:\/\/pagina10.com\/web\/no-incendio-el-palacio-no-mato-a-nadie-fin-a-otra-canallada-gustavo-bolivar\/\" \/>\n<meta property=\"og:locale\" content=\"es_ES\" \/>\n<meta property=\"og:type\" content=\"article\" \/>\n<meta property=\"og:title\" content=\"&quot;No incendi\u00f3 el Palacio, no mat\u00f3 a nadie. Fin a otra canallada\u201d: Gustavo Bol\u00edvar. | P\u00e1gina10\" \/>\n<meta property=\"og:description\" content=\"Everth Bustamante, antiguo guerrillero del M-19 y excongresista por el Centro Democr\u00e1tico, en entrevista con W Radio, manifest\u00f3 este s\u00e1bado, que el senador Gustavo Petro nunca hizo parte de las estructuras militares de esa guerrilla. Ante la pregunta de la periodista del medio de comunicaci\u00f3n, de por qu\u00e9 algunos miembros del Centro Democr\u00e1tico lo aceptan [&hellip;]\" \/>\n<meta property=\"og:url\" content=\"https:\/\/pagina10.com\/web\/no-incendio-el-palacio-no-mato-a-nadie-fin-a-otra-canallada-gustavo-bolivar\/\" \/>\n<meta property=\"og:site_name\" content=\"P\u00e1gina10\" \/>\n<meta property=\"article:publisher\" content=\"https:\/\/www.facebook.com\/pag10com\" \/>\n<meta property=\"article:published_time\" content=\"2021-03-21T16:36:41+00:00\" \/>\n<meta property=\"og:image\" content=\"https:\/\/pagina10.com\/web\/wp-content\/uploads\/2021\/03\/MMD5BVIAKBGUFMZR2GLLYTN55I.jpg\" \/>\n\t<meta property=\"og:image:width\" content=\"420\" \/>\n\t<meta property=\"og:image:height\" content=\"236\" \/>\n\t<meta property=\"og:image:type\" content=\"image\/jpeg\" \/>\n<meta name=\"author\" content=\"P\u00e1gina 10\" \/>\n<meta name=\"twitter:card\" content=\"summary_large_image\" \/>\n<meta name=\"twitter:creator\" content=\"@Pag10com\" \/>\n<meta name=\"twitter:site\" content=\"@Pag10com\" \/>\n<meta name=\"twitter:label1\" content=\"Escrito por\" \/>\n\t<meta name=\"twitter:data1\" content=\"P\u00e1gina 10\" \/>\n\t<meta name=\"twitter:label2\" content=\"Tiempo de lectura\" \/>\n\t<meta name=\"twitter:data2\" content=\"1 minuto\" \/>\n<script type=\"application\/ld+json\" class=\"yoast-schema-graph\">{\"@context\":\"https:\/\/schema.org\",\"@graph\":[{\"@type\":\"Article\",\"@id\":\"https:\/\/pagina10.com\/web\/no-incendio-el-palacio-no-mato-a-nadie-fin-a-otra-canallada-gustavo-bolivar\/#article\",\"isPartOf\":{\"@id\":\"https:\/\/pagina10.com\/web\/no-incendio-el-palacio-no-mato-a-nadie-fin-a-otra-canallada-gustavo-bolivar\/\"},\"author\":{\"name\":\"P\u00e1gina 10\",\"@id\":\"https:\/\/pagina10.com\/web\/#\/schema\/person\/2efc4a090d25b667d3bc796798a3a81b\"},\"headline\":\"&#8220;No incendi\u00f3 el Palacio, no mat\u00f3 a nadie. Fin a otra canallada\u201d: Gustavo Bol\u00edvar.\",\"datePublished\":\"2021-03-21T16:36:41+00:00\",\"mainEntityOfPage\":{\"@id\":\"https:\/\/pagina10.com\/web\/no-incendio-el-palacio-no-mato-a-nadie-fin-a-otra-canallada-gustavo-bolivar\/\"},\"wordCount\":213,\"commentCount\":0,\"publisher\":{\"@id\":\"https:\/\/pagina10.com\/web\/#organization\"},\"image\":{\"@id\":\"https:\/\/pagina10.com\/web\/no-incendio-el-palacio-no-mato-a-nadie-fin-a-otra-canallada-gustavo-bolivar\/#primaryimage\"},\"thumbnailUrl\":\"https:\/\/pagina10.com\/web\/wp-content\/uploads\/2021\/03\/MMD5BVIAKBGUFMZR2GLLYTN55I.jpg\",\"articleSection\":[\"Nacional\"],\"inLanguage\":\"es\",\"potentialAction\":[{\"@type\":\"CommentAction\",\"name\":\"Comment\",\"target\":[\"https:\/\/pagina10.com\/web\/no-incendio-el-palacio-no-mato-a-nadie-fin-a-otra-canallada-gustavo-bolivar\/#respond\"]}]},{\"@type\":\"WebPage\",\"@id\":\"https:\/\/pagina10.com\/web\/no-incendio-el-palacio-no-mato-a-nadie-fin-a-otra-canallada-gustavo-bolivar\/\",\"url\":\"https:\/\/pagina10.com\/web\/no-incendio-el-palacio-no-mato-a-nadie-fin-a-otra-canallada-gustavo-bolivar\/\",\"name\":\"\\\"No incendi\u00f3 el Palacio, no mat\u00f3 a nadie. Fin a otra canallada\u201d: Gustavo Bol\u00edvar. | P\u00e1gina10\",\"isPartOf\":{\"@id\":\"https:\/\/pagina10.com\/web\/#website\"},\"primaryImageOfPage\":{\"@id\":\"https:\/\/pagina10.com\/web\/no-incendio-el-palacio-no-mato-a-nadie-fin-a-otra-canallada-gustavo-bolivar\/#primaryimage\"},\"image\":{\"@id\":\"https:\/\/pagina10.com\/web\/no-incendio-el-palacio-no-mato-a-nadie-fin-a-otra-canallada-gustavo-bolivar\/#primaryimage\"},\"thumbnailUrl\":\"https:\/\/pagina10.com\/web\/wp-content\/uploads\/2021\/03\/MMD5BVIAKBGUFMZR2GLLYTN55I.jpg\",\"datePublished\":\"2021-03-21T16:36:41+00:00\",\"breadcrumb\":{\"@id\":\"https:\/\/pagina10.com\/web\/no-incendio-el-palacio-no-mato-a-nadie-fin-a-otra-canallada-gustavo-bolivar\/#breadcrumb\"},\"inLanguage\":\"es\",\"potentialAction\":[{\"@type\":\"ReadAction\",\"target\":[\"https:\/\/pagina10.com\/web\/no-incendio-el-palacio-no-mato-a-nadie-fin-a-otra-canallada-gustavo-bolivar\/\"]}]},{\"@type\":\"ImageObject\",\"inLanguage\":\"es\",\"@id\":\"https:\/\/pagina10.com\/web\/no-incendio-el-palacio-no-mato-a-nadie-fin-a-otra-canallada-gustavo-bolivar\/#primaryimage\",\"url\":\"https:\/\/pagina10.com\/web\/wp-content\/uploads\/2021\/03\/MMD5BVIAKBGUFMZR2GLLYTN55I.jpg\",\"contentUrl\":\"https:\/\/pagina10.com\/web\/wp-content\/uploads\/2021\/03\/MMD5BVIAKBGUFMZR2GLLYTN55I.jpg\",\"width\":420,\"height\":236},{\"@type\":\"BreadcrumbList\",\"@id\":\"https:\/\/pagina10.com\/web\/no-incendio-el-palacio-no-mato-a-nadie-fin-a-otra-canallada-gustavo-bolivar\/#breadcrumb\",\"itemListElement\":[{\"@type\":\"ListItem\",\"position\":1,\"name\":\"Portada\",\"item\":\"https:\/\/pagina10.com\/web\/\"},{\"@type\":\"ListItem\",\"position\":2,\"name\":\"&#8220;No incendi\u00f3 el Palacio, no mat\u00f3 a nadie. Fin a otra canallada\u201d: Gustavo Bol\u00edvar.\"}]},{\"@type\":\"WebSite\",\"@id\":\"https:\/\/pagina10.com\/web\/#website\",\"url\":\"https:\/\/pagina10.com\/web\/\",\"name\":\"P\u00e1gina10\",\"description\":\"Peri\u00f3dico Regional\",\"publisher\":{\"@id\":\"https:\/\/pagina10.com\/web\/#organization\"},\"alternateName\":\"P\u00e1gina10 Peri\u00f3dico Regional\",\"potentialAction\":[{\"@type\":\"SearchAction\",\"target\":{\"@type\":\"EntryPoint\",\"urlTemplate\":\"https:\/\/pagina10.com\/web\/?s={search_term_string}\"},\"query-input\":{\"@type\":\"PropertyValueSpecification\",\"valueRequired\":true,\"valueName\":\"search_term_string\"}}],\"inLanguage\":\"es\"},{\"@type\":\"Organization\",\"@id\":\"https:\/\/pagina10.com\/web\/#organization\",\"name\":\"P\u00e1gina10\",\"alternateName\":\"P\u00e1gina10 Peri\u00f3dico Regional\",\"url\":\"https:\/\/pagina10.com\/web\/\",\"logo\":{\"@type\":\"ImageObject\",\"inLanguage\":\"es\",\"@id\":\"https:\/\/pagina10.com\/web\/#\/schema\/logo\/image\/\",\"url\":\"https:\/\/pagina10.com\/web\/wp-content\/uploads\/2024\/01\/40-pagina-10-periodico-regional-pasto.jpg\",\"contentUrl\":\"https:\/\/pagina10.com\/web\/wp-content\/uploads\/2024\/01\/40-pagina-10-periodico-regional-pasto.jpg\",\"width\":1280,\"height\":720,\"caption\":\"P\u00e1gina10\"},\"image\":{\"@id\":\"https:\/\/pagina10.com\/web\/#\/schema\/logo\/image\/\"},\"sameAs\":[\"https:\/\/www.facebook.com\/pag10com\",\"https:\/\/x.com\/Pag10com\",\"https:\/\/www.instagram.com\/pagina10col\/\",\"https:\/\/youtube.com\/channel\/pag10\",\"https:\/\/www.tiktok.com\/@p10col\"]},{\"@type\":\"Person\",\"@id\":\"https:\/\/pagina10.com\/web\/#\/schema\/person\/2efc4a090d25b667d3bc796798a3a81b\",\"name\":\"P\u00e1gina 10\",\"description\":\"P\u00e1gina 10 es un peri\u00f3dico regional que nace en Colombia, en el departamento de Nari\u00f1o, con un enfoque global, fundamentado en cuatro pilares esenciales: la libertad, el pluralismo, la inclusi\u00f3n y la independencia. P\u00e1gina 10 hace referencia a Nari\u00f1o como el d\u00e9cimo departamento creado en Colombia, despu\u00e9s de un proceso pol\u00edtico liderado por actores y actrices regionales con el fin de obtener la independencia y autonom\u00eda de nuestros territorios. Con la creaci\u00f3n de P\u00e1gina 10 se pretende abrir un escenario para el dialogo, la reflexi\u00f3n y el debate que se extienda a otras geograf\u00edas de Am\u00e9rica Latina y del planeta, en una apuesta por transformar colectivamente los desaf\u00edos de un mundo contempor\u00e1neo, m\u00e1s all\u00e1 de las fronteras impuestas.\",\"url\":\"https:\/\/pagina10.com\/web\/author\/pdiezadmin\/\"}]}<\/script>\n<!-- \/ Yoast SEO plugin. -->","yoast_head_json":{"title":"\"No incendi\u00f3 el Palacio, no mat\u00f3 a nadie. Fin a otra canallada\u201d: Gustavo Bol\u00edvar. | P\u00e1gina10","robots":{"index":"index","follow":"follow","max-snippet":"max-snippet:-1","max-image-preview":"max-image-preview:large","max-video-preview":"max-video-preview:-1"},"canonical":"https:\/\/pagina10.com\/web\/no-incendio-el-palacio-no-mato-a-nadie-fin-a-otra-canallada-gustavo-bolivar\/","og_locale":"es_ES","og_type":"article","og_title":"\"No incendi\u00f3 el Palacio, no mat\u00f3 a nadie. Fin a otra canallada\u201d: Gustavo Bol\u00edvar. | P\u00e1gina10","og_description":"Everth Bustamante, antiguo guerrillero del M-19 y excongresista por el Centro Democr\u00e1tico, en entrevista con W Radio, manifest\u00f3 este s\u00e1bado, que el senador Gustavo Petro nunca hizo parte de las estructuras militares de esa guerrilla. Ante la pregunta de la periodista del medio de comunicaci\u00f3n, de por qu\u00e9 algunos miembros del Centro Democr\u00e1tico lo aceptan [&hellip;]","og_url":"https:\/\/pagina10.com\/web\/no-incendio-el-palacio-no-mato-a-nadie-fin-a-otra-canallada-gustavo-bolivar\/","og_site_name":"P\u00e1gina10","article_publisher":"https:\/\/www.facebook.com\/pag10com","article_published_time":"2021-03-21T16:36:41+00:00","og_image":[{"width":420,"height":236,"url":"https:\/\/pagina10.com\/web\/wp-content\/uploads\/2021\/03\/MMD5BVIAKBGUFMZR2GLLYTN55I.jpg","type":"image\/jpeg"}],"author":"P\u00e1gina 10","twitter_card":"summary_large_image","twitter_creator":"@Pag10com","twitter_site":"@Pag10com","twitter_misc":{"Escrito por":"P\u00e1gina 10","Tiempo de lectura":"1 minuto"},"schema":{"@context":"https:\/\/schema.org","@graph":[{"@type":"Article","@id":"https:\/\/pagina10.com\/web\/no-incendio-el-palacio-no-mato-a-nadie-fin-a-otra-canallada-gustavo-bolivar\/#article","isPartOf":{"@id":"https:\/\/pagina10.com\/web\/no-incendio-el-palacio-no-mato-a-nadie-fin-a-otra-canallada-gustavo-bolivar\/"},"author":{"name":"P\u00e1gina 10","@id":"https:\/\/pagina10.com\/web\/#\/schema\/person\/2efc4a090d25b667d3bc796798a3a81b"},"headline":"&#8220;No incendi\u00f3 el Palacio, no mat\u00f3 a nadie. Fin a otra canallada\u201d: Gustavo Bol\u00edvar.","datePublished":"2021-03-21T16:36:41+00:00","mainEntityOfPage":{"@id":"https:\/\/pagina10.com\/web\/no-incendio-el-palacio-no-mato-a-nadie-fin-a-otra-canallada-gustavo-bolivar\/"},"wordCount":213,"commentCount":0,"publisher":{"@id":"https:\/\/pagina10.com\/web\/#organization"},"image":{"@id":"https:\/\/pagina10.com\/web\/no-incendio-el-palacio-no-mato-a-nadie-fin-a-otra-canallada-gustavo-bolivar\/#primaryimage"},"thumbnailUrl":"https:\/\/pagina10.com\/web\/wp-content\/uploads\/2021\/03\/MMD5BVIAKBGUFMZR2GLLYTN55I.jpg","articleSection":["Nacional"],"inLanguage":"es","potentialAction":[{"@type":"CommentAction","name":"Comment","target":["https:\/\/pagina10.com\/web\/no-incendio-el-palacio-no-mato-a-nadie-fin-a-otra-canallada-gustavo-bolivar\/#respond"]}]},{"@type":"WebPage","@id":"https:\/\/pagina10.com\/web\/no-incendio-el-palacio-no-mato-a-nadie-fin-a-otra-canallada-gustavo-bolivar\/","url":"https:\/\/pagina10.com\/web\/no-incendio-el-palacio-no-mato-a-nadie-fin-a-otra-canallada-gustavo-bolivar\/","name":"\"No incendi\u00f3 el Palacio, no mat\u00f3 a nadie. Fin a otra canallada\u201d: Gustavo Bol\u00edvar. | P\u00e1gina10","isPartOf":{"@id":"https:\/\/pagina10.com\/web\/#website"},"primaryImageOfPage":{"@id":"https:\/\/pagina10.com\/web\/no-incendio-el-palacio-no-mato-a-nadie-fin-a-otra-canallada-gustavo-bolivar\/#primaryimage"},"image":{"@id":"https:\/\/pagina10.com\/web\/no-incendio-el-palacio-no-mato-a-nadie-fin-a-otra-canallada-gustavo-bolivar\/#primaryimage"},"thumbnailUrl":"https:\/\/pagina10.com\/web\/wp-content\/uploads\/2021\/03\/MMD5BVIAKBGUFMZR2GLLYTN55I.jpg","datePublished":"2021-03-21T16:36:41+00:00","breadcrumb":{"@id":"https:\/\/pagina10.com\/web\/no-incendio-el-palacio-no-mato-a-nadie-fin-a-otra-canallada-gustavo-bolivar\/#breadcrumb"},"inLanguage":"es","potentialAction":[{"@type":"ReadAction","target":["https:\/\/pagina10.com\/web\/no-incendio-el-palacio-no-mato-a-nadie-fin-a-otra-canallada-gustavo-bolivar\/"]}]},{"@type":"ImageObject","inLanguage":"es","@id":"https:\/\/pagina10.com\/web\/no-incendio-el-palacio-no-mato-a-nadie-fin-a-otra-canallada-gustavo-bolivar\/#primaryimage","url":"https:\/\/pagina10.com\/web\/wp-content\/uploads\/2021\/03\/MMD5BVIAKBGUFMZR2GLLYTN55I.jpg","contentUrl":"https:\/\/pagina10.com\/web\/wp-content\/uploads\/2021\/03\/MMD5BVIAKBGUFMZR2GLLYTN55I.jpg","width":420,"height":236},{"@type":"BreadcrumbList","@id":"https:\/\/pagina10.com\/web\/no-incendio-el-palacio-no-mato-a-nadie-fin-a-otra-canallada-gustavo-bolivar\/#breadcrumb","itemListElement":[{"@type":"ListItem","position":1,"name":"Portada","item":"https:\/\/pagina10.com\/web\/"},{"@type":"ListItem","position":2,"name":"&#8220;No incendi\u00f3 el Palacio, no mat\u00f3 a nadie. Fin a otra canallada\u201d: Gustavo Bol\u00edvar."}]},{"@type":"WebSite","@id":"https:\/\/pagina10.com\/web\/#website","url":"https:\/\/pagina10.com\/web\/","name":"P\u00e1gina10","description":"Peri\u00f3dico Regional","publisher":{"@id":"https:\/\/pagina10.com\/web\/#organization"},"alternateName":"P\u00e1gina10 Peri\u00f3dico Regional","potentialAction":[{"@type":"SearchAction","target":{"@type":"EntryPoint","urlTemplate":"https:\/\/pagina10.com\/web\/?s={search_term_string}"},"query-input":{"@type":"PropertyValueSpecification","valueRequired":true,"valueName":"search_term_string"}}],"inLanguage":"es"},{"@type":"Organization","@id":"https:\/\/pagina10.com\/web\/#organization","name":"P\u00e1gina10","alternateName":"P\u00e1gina10 Peri\u00f3dico Regional","url":"https:\/\/pagina10.com\/web\/","logo":{"@type":"ImageObject","inLanguage":"es","@id":"https:\/\/pagina10.com\/web\/#\/schema\/logo\/image\/","url":"https:\/\/pagina10.com\/web\/wp-content\/uploads\/2024\/01\/40-pagina-10-periodico-regional-pasto.jpg","contentUrl":"https:\/\/pagina10.com\/web\/wp-content\/uploads\/2024\/01\/40-pagina-10-periodico-regional-pasto.jpg","width":1280,"height":720,"caption":"P\u00e1gina10"},"image":{"@id":"https:\/\/pagina10.com\/web\/#\/schema\/logo\/image\/"},"sameAs":["https:\/\/www.facebook.com\/pag10com","https:\/\/x.com\/Pag10com","https:\/\/www.instagram.com\/pagina10col\/","https:\/\/youtube.com\/channel\/pag10","https:\/\/www.tiktok.com\/@p10col"]},{"@type":"Person","@id":"https:\/\/pagina10.com\/web\/#\/schema\/person\/2efc4a090d25b667d3bc796798a3a81b","name":"P\u00e1gina 10","description":"P\u00e1gina 10 es un peri\u00f3dico regional que nace en Colombia, en el departamento de Nari\u00f1o, con un enfoque global, fundamentado en cuatro pilares esenciales: la libertad, el pluralismo, la inclusi\u00f3n y la independencia. P\u00e1gina 10 hace referencia a Nari\u00f1o como el d\u00e9cimo departamento creado en Colombia, despu\u00e9s de un proceso pol\u00edtico liderado por actores y actrices regionales con el fin de obtener la independencia y autonom\u00eda de nuestros territorios. Con la creaci\u00f3n de P\u00e1gina 10 se pretende abrir un escenario para el dialogo, la reflexi\u00f3n y el debate que se extienda a otras geograf\u00edas de Am\u00e9rica Latina y del planeta, en una apuesta por transformar colectivamente los desaf\u00edos de un mundo contempor\u00e1neo, m\u00e1s all\u00e1 de las fronteras impuestas.","url":"https:\/\/pagina10.com\/web\/author\/pdiezadmin\/"}]}},"_links":{"self":[{"href":"https:\/\/pagina10.com\/web\/wp-json\/wp\/v2\/posts\/51299","targetHints":{"allow":["GET"]}}],"collection":[{"href":"https:\/\/pagina10.com\/web\/wp-json\/wp\/v2\/posts"}],"about":[{"href":"https:\/\/pagina10.com\/web\/wp-json\/wp\/v2\/types\/post"}],"author":[{"embeddable":true,"href":"https:\/\/pagina10.com\/web\/wp-json\/wp\/v2\/users\/1"}],"replies":[{"embeddable":true,"href":"https:\/\/pagina10.com\/web\/wp-json\/wp\/v2\/comments?post=51299"}],"version-history":[{"count":1,"href":"https:\/\/pagina10.com\/web\/wp-json\/wp\/v2\/posts\/51299\/revisions"}],"predecessor-version":[{"id":51301,"href":"https:\/\/pagina10.com\/web\/wp-json\/wp\/v2\/posts\/51299\/revisions\/51301"}],"wp:featuredmedia":[{"embeddable":true,"href":"https:\/\/pagina10.com\/web\/wp-json\/wp\/v2\/media\/51300"}],"wp:attachment":[{"href":"https:\/\/pagina10.com\/web\/wp-json\/wp\/v2\/media?parent=51299"}],"wp:term":[{"taxonomy":"category","embeddable":true,"href":"https:\/\/pagina10.com\/web\/wp-json\/wp\/v2\/categories?post=51299"},{"taxonomy":"post_tag","embeddable":true,"href":"https:\/\/pagina10.com\/web\/wp-json\/wp\/v2\/tags?post=51299"}],"curies":[{"name":"wp","href":"https:\/\/api.w.org\/{rel}","templated":true}]}}