{"id":51307,"date":"2021-03-21T16:11:10","date_gmt":"2021-03-21T21:11:10","guid":{"rendered":"https:\/\/pagina10.com\/web\/?p=51307"},"modified":"2021-03-21T16:11:10","modified_gmt":"2021-03-21T21:11:10","slug":"incautan-semisumergible-en-el-pacifico-colombiano-con-402-kilos-de-cocaina","status":"publish","type":"post","link":"https:\/\/pagina10.com\/web\/incautan-semisumergible-en-el-pacifico-colombiano-con-402-kilos-de-cocaina\/","title":{"rendered":"Incautan semisumergible en el Pacifico colombiano con 402 kilos de cocaina."},"content":{"rendered":"<p style=\"text-align: justify;\">En operaci\u00f3n conjunta e interinstitucional con el Ej\u00e9rcito Nacional, la Fuerza A\u00e9rea Colombiana y la Fiscal\u00eda Nacional, hoy en horas de la ma\u00f1ana se incaut\u00f3 un semisumergible en el Pacifico colombiano, con un cargamento con 402 kilos de clorhidrato de coca\u00edna avaluado en m\u00e1s de 13 millones de d\u00f3lares.<br \/>\nEl cargamento que se encontraba en aguas del r\u00edo Micay, zona lim\u00edtrofe entre los departamentos del Valle del Cauca y Cauca tendr\u00eda como destino las costas de Mexico y pertenecer\u00eda a la Estructura 30 \u201cRafael Aguilera\u201d del Grupo Armado Organizado residual.<br \/>\nEl Ministro de Defensa, Diego Molano, en nombre del Gobierno del Presidente Duque, agradeci\u00f3 a todos los implicados en esta operaci\u00f3n y se\u00f1al\u00f3 que esta operaci\u00f3n es una muestra del compromiso y dedicaci\u00f3n que han demostrado la Armada Nacional, para que el narcotr\u00e1fico, que es la mayor fuente de violencia para Colombia, no pase.<br \/>\n\u201cUstedes son h\u00e9roes de esta patria, esta operaci\u00f3n significa, una armada comprometida con Colombia, que va hasta el final para garantizar resultados que le sirven a Colombia. Garantizan ustedes la seguridad, la tranquilidad de nuestros mares, de nuestros oc\u00e9anos, de nuestros r\u00edos y solo Colombia puede agradecerles inmensamente esa labor\u201d, dijo el Ministro.<br \/>\nFinalmente, recalc\u00f3 la labor que ha venido realizando el Comando contra el Narcotr\u00e1fico y Amenazas Transnacionales, CONAT, y se\u00f1al\u00f3 que \u201cel CONAT hace historia y har\u00e1 historia este a\u00f1o en la lucha contra el narcotr\u00e1fico. Este es un resultado primero que es ejemplo para el resto de los miembros del CONAT en Colombia\u201d.<\/p>\n","protected":false},"excerpt":{"rendered":"<p>En operaci\u00f3n conjunta e interinstitucional con el Ej\u00e9rcito Nacional, la Fuerza A\u00e9rea Colombiana y la Fiscal\u00eda Nacional, hoy en horas de la ma\u00f1ana se incaut\u00f3 un semisumergible en el Pacifico colombiano, con un cargamento con 402 kilos de clorhidrato de coca\u00edna avaluado en m\u00e1s de 13 millones de d\u00f3lares. El cargamento que se encontraba en [&hellip;]<\/p>\n","protected":false},"author":1,"featured_media":51308,"comment_status":"open","ping_status":"open","sticky":false,"template":"","format":"standard","meta":{"footnotes":""},"categories":[94],"tags":[],"class_list":["post-51307","post","type-post","status-publish","format-standard","has-post-thumbnail","hentry","category-nacional-global-2"],"yoast_head":"<!-- This site is optimized with the Yoast SEO plugin v27.1.1 - https:\/\/yoast.com\/product\/yoast-seo-wordpress\/ -->\n<title>Incautan semisumergible en el Pacifico colombiano con 402 kilos de cocaina. | P\u00e1gina10<\/title>\n<meta name=\"robots\" content=\"index, follow, max-snippet:-1, max-image-preview:large, max-video-preview:-1\" \/>\n<link rel=\"canonical\" href=\"https:\/\/pagina10.com\/web\/incautan-semisumergible-en-el-pacifico-colombiano-con-402-kilos-de-cocaina\/\" \/>\n<meta property=\"og:locale\" content=\"es_ES\" \/>\n<meta property=\"og:type\" content=\"article\" \/>\n<meta property=\"og:title\" content=\"Incautan semisumergible en el Pacifico colombiano con 402 kilos de cocaina. | P\u00e1gina10\" \/>\n<meta property=\"og:description\" content=\"En operaci\u00f3n conjunta e interinstitucional con el Ej\u00e9rcito Nacional, la Fuerza A\u00e9rea Colombiana y la Fiscal\u00eda Nacional, hoy en horas de la ma\u00f1ana se incaut\u00f3 un semisumergible en el Pacifico colombiano, con un cargamento con 402 kilos de clorhidrato de coca\u00edna avaluado en m\u00e1s de 13 millones de d\u00f3lares. El cargamento que se encontraba en [&hellip;]\" \/>\n<meta property=\"og:url\" content=\"https:\/\/pagina10.com\/web\/incautan-semisumergible-en-el-pacifico-colombiano-con-402-kilos-de-cocaina\/\" \/>\n<meta property=\"og:site_name\" content=\"P\u00e1gina10\" \/>\n<meta property=\"article:publisher\" content=\"https:\/\/www.facebook.com\/pag10com\" \/>\n<meta property=\"article:published_time\" content=\"2021-03-21T21:11:10+00:00\" \/>\n<meta property=\"og:image\" content=\"https:\/\/pagina10.com\/web\/wp-content\/uploads\/2021\/03\/6c71966e-6e86-4b5e-bc19-bea34a5017f3.jpeg\" \/>\n\t<meta property=\"og:image:width\" content=\"958\" \/>\n\t<meta property=\"og:image:height\" content=\"1280\" \/>\n\t<meta property=\"og:image:type\" content=\"image\/jpeg\" \/>\n<meta name=\"author\" content=\"P\u00e1gina 10\" \/>\n<meta name=\"twitter:card\" content=\"summary_large_image\" \/>\n<meta name=\"twitter:creator\" content=\"@Pag10com\" \/>\n<meta name=\"twitter:site\" content=\"@Pag10com\" \/>\n<meta name=\"twitter:label1\" content=\"Escrito por\" \/>\n\t<meta name=\"twitter:data1\" content=\"P\u00e1gina 10\" \/>\n\t<meta name=\"twitter:label2\" content=\"Tiempo de lectura\" \/>\n\t<meta name=\"twitter:data2\" content=\"1 minuto\" \/>\n<script type=\"application\/ld+json\" class=\"yoast-schema-graph\">{\"@context\":\"https:\/\/schema.org\",\"@graph\":[{\"@type\":\"Article\",\"@id\":\"https:\/\/pagina10.com\/web\/incautan-semisumergible-en-el-pacifico-colombiano-con-402-kilos-de-cocaina\/#article\",\"isPartOf\":{\"@id\":\"https:\/\/pagina10.com\/web\/incautan-semisumergible-en-el-pacifico-colombiano-con-402-kilos-de-cocaina\/\"},\"author\":{\"name\":\"P\u00e1gina 10\",\"@id\":\"https:\/\/pagina10.com\/web\/#\/schema\/person\/2efc4a090d25b667d3bc796798a3a81b\"},\"headline\":\"Incautan semisumergible en el Pacifico colombiano con 402 kilos de cocaina.\",\"datePublished\":\"2021-03-21T21:11:10+00:00\",\"mainEntityOfPage\":{\"@id\":\"https:\/\/pagina10.com\/web\/incautan-semisumergible-en-el-pacifico-colombiano-con-402-kilos-de-cocaina\/\"},\"wordCount\":282,\"commentCount\":0,\"publisher\":{\"@id\":\"https:\/\/pagina10.com\/web\/#organization\"},\"image\":{\"@id\":\"https:\/\/pagina10.com\/web\/incautan-semisumergible-en-el-pacifico-colombiano-con-402-kilos-de-cocaina\/#primaryimage\"},\"thumbnailUrl\":\"https:\/\/pagina10.com\/web\/wp-content\/uploads\/2021\/03\/6c71966e-6e86-4b5e-bc19-bea34a5017f3.jpeg\",\"articleSection\":[\"Nacional\"],\"inLanguage\":\"es\",\"potentialAction\":[{\"@type\":\"CommentAction\",\"name\":\"Comment\",\"target\":[\"https:\/\/pagina10.com\/web\/incautan-semisumergible-en-el-pacifico-colombiano-con-402-kilos-de-cocaina\/#respond\"]}]},{\"@type\":\"WebPage\",\"@id\":\"https:\/\/pagina10.com\/web\/incautan-semisumergible-en-el-pacifico-colombiano-con-402-kilos-de-cocaina\/\",\"url\":\"https:\/\/pagina10.com\/web\/incautan-semisumergible-en-el-pacifico-colombiano-con-402-kilos-de-cocaina\/\",\"name\":\"Incautan semisumergible en el Pacifico colombiano con 402 kilos de cocaina. | P\u00e1gina10\",\"isPartOf\":{\"@id\":\"https:\/\/pagina10.com\/web\/#website\"},\"primaryImageOfPage\":{\"@id\":\"https:\/\/pagina10.com\/web\/incautan-semisumergible-en-el-pacifico-colombiano-con-402-kilos-de-cocaina\/#primaryimage\"},\"image\":{\"@id\":\"https:\/\/pagina10.com\/web\/incautan-semisumergible-en-el-pacifico-colombiano-con-402-kilos-de-cocaina\/#primaryimage\"},\"thumbnailUrl\":\"https:\/\/pagina10.com\/web\/wp-content\/uploads\/2021\/03\/6c71966e-6e86-4b5e-bc19-bea34a5017f3.jpeg\",\"datePublished\":\"2021-03-21T21:11:10+00:00\",\"breadcrumb\":{\"@id\":\"https:\/\/pagina10.com\/web\/incautan-semisumergible-en-el-pacifico-colombiano-con-402-kilos-de-cocaina\/#breadcrumb\"},\"inLanguage\":\"es\",\"potentialAction\":[{\"@type\":\"ReadAction\",\"target\":[\"https:\/\/pagina10.com\/web\/incautan-semisumergible-en-el-pacifico-colombiano-con-402-kilos-de-cocaina\/\"]}]},{\"@type\":\"ImageObject\",\"inLanguage\":\"es\",\"@id\":\"https:\/\/pagina10.com\/web\/incautan-semisumergible-en-el-pacifico-colombiano-con-402-kilos-de-cocaina\/#primaryimage\",\"url\":\"https:\/\/pagina10.com\/web\/wp-content\/uploads\/2021\/03\/6c71966e-6e86-4b5e-bc19-bea34a5017f3.jpeg\",\"contentUrl\":\"https:\/\/pagina10.com\/web\/wp-content\/uploads\/2021\/03\/6c71966e-6e86-4b5e-bc19-bea34a5017f3.jpeg\",\"width\":958,\"height\":1280},{\"@type\":\"BreadcrumbList\",\"@id\":\"https:\/\/pagina10.com\/web\/incautan-semisumergible-en-el-pacifico-colombiano-con-402-kilos-de-cocaina\/#breadcrumb\",\"itemListElement\":[{\"@type\":\"ListItem\",\"position\":1,\"name\":\"Portada\",\"item\":\"https:\/\/pagina10.com\/web\/\"},{\"@type\":\"ListItem\",\"position\":2,\"name\":\"Incautan semisumergible en el Pacifico colombiano con 402 kilos de cocaina.\"}]},{\"@type\":\"WebSite\",\"@id\":\"https:\/\/pagina10.com\/web\/#website\",\"url\":\"https:\/\/pagina10.com\/web\/\",\"name\":\"P\u00e1gina10\",\"description\":\"Peri\u00f3dico Regional\",\"publisher\":{\"@id\":\"https:\/\/pagina10.com\/web\/#organization\"},\"alternateName\":\"P\u00e1gina10 Peri\u00f3dico Regional\",\"potentialAction\":[{\"@type\":\"SearchAction\",\"target\":{\"@type\":\"EntryPoint\",\"urlTemplate\":\"https:\/\/pagina10.com\/web\/?s={search_term_string}\"},\"query-input\":{\"@type\":\"PropertyValueSpecification\",\"valueRequired\":true,\"valueName\":\"search_term_string\"}}],\"inLanguage\":\"es\"},{\"@type\":\"Organization\",\"@id\":\"https:\/\/pagina10.com\/web\/#organization\",\"name\":\"P\u00e1gina10\",\"alternateName\":\"P\u00e1gina10 Peri\u00f3dico Regional\",\"url\":\"https:\/\/pagina10.com\/web\/\",\"logo\":{\"@type\":\"ImageObject\",\"inLanguage\":\"es\",\"@id\":\"https:\/\/pagina10.com\/web\/#\/schema\/logo\/image\/\",\"url\":\"https:\/\/pagina10.com\/web\/wp-content\/uploads\/2024\/01\/40-pagina-10-periodico-regional-pasto.jpg\",\"contentUrl\":\"https:\/\/pagina10.com\/web\/wp-content\/uploads\/2024\/01\/40-pagina-10-periodico-regional-pasto.jpg\",\"width\":1280,\"height\":720,\"caption\":\"P\u00e1gina10\"},\"image\":{\"@id\":\"https:\/\/pagina10.com\/web\/#\/schema\/logo\/image\/\"},\"sameAs\":[\"https:\/\/www.facebook.com\/pag10com\",\"https:\/\/x.com\/Pag10com\",\"https:\/\/www.instagram.com\/pagina10col\/\",\"https:\/\/youtube.com\/channel\/pag10\",\"https:\/\/www.tiktok.com\/@p10col\"]},{\"@type\":\"Person\",\"@id\":\"https:\/\/pagina10.com\/web\/#\/schema\/person\/2efc4a090d25b667d3bc796798a3a81b\",\"name\":\"P\u00e1gina 10\",\"description\":\"P\u00e1gina 10 es un peri\u00f3dico regional que nace en Colombia, en el departamento de Nari\u00f1o, con un enfoque global, fundamentado en cuatro pilares esenciales: la libertad, el pluralismo, la inclusi\u00f3n y la independencia. P\u00e1gina 10 hace referencia a Nari\u00f1o como el d\u00e9cimo departamento creado en Colombia, despu\u00e9s de un proceso pol\u00edtico liderado por actores y actrices regionales con el fin de obtener la independencia y autonom\u00eda de nuestros territorios. Con la creaci\u00f3n de P\u00e1gina 10 se pretende abrir un escenario para el dialogo, la reflexi\u00f3n y el debate que se extienda a otras geograf\u00edas de Am\u00e9rica Latina y del planeta, en una apuesta por transformar colectivamente los desaf\u00edos de un mundo contempor\u00e1neo, m\u00e1s all\u00e1 de las fronteras impuestas.\",\"url\":\"https:\/\/pagina10.com\/web\/author\/pdiezadmin\/\"}]}<\/script>\n<!-- \/ Yoast SEO plugin. -->","yoast_head_json":{"title":"Incautan semisumergible en el Pacifico colombiano con 402 kilos de cocaina. | P\u00e1gina10","robots":{"index":"index","follow":"follow","max-snippet":"max-snippet:-1","max-image-preview":"max-image-preview:large","max-video-preview":"max-video-preview:-1"},"canonical":"https:\/\/pagina10.com\/web\/incautan-semisumergible-en-el-pacifico-colombiano-con-402-kilos-de-cocaina\/","og_locale":"es_ES","og_type":"article","og_title":"Incautan semisumergible en el Pacifico colombiano con 402 kilos de cocaina. | P\u00e1gina10","og_description":"En operaci\u00f3n conjunta e interinstitucional con el Ej\u00e9rcito Nacional, la Fuerza A\u00e9rea Colombiana y la Fiscal\u00eda Nacional, hoy en horas de la ma\u00f1ana se incaut\u00f3 un semisumergible en el Pacifico colombiano, con un cargamento con 402 kilos de clorhidrato de coca\u00edna avaluado en m\u00e1s de 13 millones de d\u00f3lares. El cargamento que se encontraba en [&hellip;]","og_url":"https:\/\/pagina10.com\/web\/incautan-semisumergible-en-el-pacifico-colombiano-con-402-kilos-de-cocaina\/","og_site_name":"P\u00e1gina10","article_publisher":"https:\/\/www.facebook.com\/pag10com","article_published_time":"2021-03-21T21:11:10+00:00","og_image":[{"width":958,"height":1280,"url":"https:\/\/pagina10.com\/web\/wp-content\/uploads\/2021\/03\/6c71966e-6e86-4b5e-bc19-bea34a5017f3.jpeg","type":"image\/jpeg"}],"author":"P\u00e1gina 10","twitter_card":"summary_large_image","twitter_creator":"@Pag10com","twitter_site":"@Pag10com","twitter_misc":{"Escrito por":"P\u00e1gina 10","Tiempo de lectura":"1 minuto"},"schema":{"@context":"https:\/\/schema.org","@graph":[{"@type":"Article","@id":"https:\/\/pagina10.com\/web\/incautan-semisumergible-en-el-pacifico-colombiano-con-402-kilos-de-cocaina\/#article","isPartOf":{"@id":"https:\/\/pagina10.com\/web\/incautan-semisumergible-en-el-pacifico-colombiano-con-402-kilos-de-cocaina\/"},"author":{"name":"P\u00e1gina 10","@id":"https:\/\/pagina10.com\/web\/#\/schema\/person\/2efc4a090d25b667d3bc796798a3a81b"},"headline":"Incautan semisumergible en el Pacifico colombiano con 402 kilos de cocaina.","datePublished":"2021-03-21T21:11:10+00:00","mainEntityOfPage":{"@id":"https:\/\/pagina10.com\/web\/incautan-semisumergible-en-el-pacifico-colombiano-con-402-kilos-de-cocaina\/"},"wordCount":282,"commentCount":0,"publisher":{"@id":"https:\/\/pagina10.com\/web\/#organization"},"image":{"@id":"https:\/\/pagina10.com\/web\/incautan-semisumergible-en-el-pacifico-colombiano-con-402-kilos-de-cocaina\/#primaryimage"},"thumbnailUrl":"https:\/\/pagina10.com\/web\/wp-content\/uploads\/2021\/03\/6c71966e-6e86-4b5e-bc19-bea34a5017f3.jpeg","articleSection":["Nacional"],"inLanguage":"es","potentialAction":[{"@type":"CommentAction","name":"Comment","target":["https:\/\/pagina10.com\/web\/incautan-semisumergible-en-el-pacifico-colombiano-con-402-kilos-de-cocaina\/#respond"]}]},{"@type":"WebPage","@id":"https:\/\/pagina10.com\/web\/incautan-semisumergible-en-el-pacifico-colombiano-con-402-kilos-de-cocaina\/","url":"https:\/\/pagina10.com\/web\/incautan-semisumergible-en-el-pacifico-colombiano-con-402-kilos-de-cocaina\/","name":"Incautan semisumergible en el Pacifico colombiano con 402 kilos de cocaina. | P\u00e1gina10","isPartOf":{"@id":"https:\/\/pagina10.com\/web\/#website"},"primaryImageOfPage":{"@id":"https:\/\/pagina10.com\/web\/incautan-semisumergible-en-el-pacifico-colombiano-con-402-kilos-de-cocaina\/#primaryimage"},"image":{"@id":"https:\/\/pagina10.com\/web\/incautan-semisumergible-en-el-pacifico-colombiano-con-402-kilos-de-cocaina\/#primaryimage"},"thumbnailUrl":"https:\/\/pagina10.com\/web\/wp-content\/uploads\/2021\/03\/6c71966e-6e86-4b5e-bc19-bea34a5017f3.jpeg","datePublished":"2021-03-21T21:11:10+00:00","breadcrumb":{"@id":"https:\/\/pagina10.com\/web\/incautan-semisumergible-en-el-pacifico-colombiano-con-402-kilos-de-cocaina\/#breadcrumb"},"inLanguage":"es","potentialAction":[{"@type":"ReadAction","target":["https:\/\/pagina10.com\/web\/incautan-semisumergible-en-el-pacifico-colombiano-con-402-kilos-de-cocaina\/"]}]},{"@type":"ImageObject","inLanguage":"es","@id":"https:\/\/pagina10.com\/web\/incautan-semisumergible-en-el-pacifico-colombiano-con-402-kilos-de-cocaina\/#primaryimage","url":"https:\/\/pagina10.com\/web\/wp-content\/uploads\/2021\/03\/6c71966e-6e86-4b5e-bc19-bea34a5017f3.jpeg","contentUrl":"https:\/\/pagina10.com\/web\/wp-content\/uploads\/2021\/03\/6c71966e-6e86-4b5e-bc19-bea34a5017f3.jpeg","width":958,"height":1280},{"@type":"BreadcrumbList","@id":"https:\/\/pagina10.com\/web\/incautan-semisumergible-en-el-pacifico-colombiano-con-402-kilos-de-cocaina\/#breadcrumb","itemListElement":[{"@type":"ListItem","position":1,"name":"Portada","item":"https:\/\/pagina10.com\/web\/"},{"@type":"ListItem","position":2,"name":"Incautan semisumergible en el Pacifico colombiano con 402 kilos de cocaina."}]},{"@type":"WebSite","@id":"https:\/\/pagina10.com\/web\/#website","url":"https:\/\/pagina10.com\/web\/","name":"P\u00e1gina10","description":"Peri\u00f3dico Regional","publisher":{"@id":"https:\/\/pagina10.com\/web\/#organization"},"alternateName":"P\u00e1gina10 Peri\u00f3dico Regional","potentialAction":[{"@type":"SearchAction","target":{"@type":"EntryPoint","urlTemplate":"https:\/\/pagina10.com\/web\/?s={search_term_string}"},"query-input":{"@type":"PropertyValueSpecification","valueRequired":true,"valueName":"search_term_string"}}],"inLanguage":"es"},{"@type":"Organization","@id":"https:\/\/pagina10.com\/web\/#organization","name":"P\u00e1gina10","alternateName":"P\u00e1gina10 Peri\u00f3dico Regional","url":"https:\/\/pagina10.com\/web\/","logo":{"@type":"ImageObject","inLanguage":"es","@id":"https:\/\/pagina10.com\/web\/#\/schema\/logo\/image\/","url":"https:\/\/pagina10.com\/web\/wp-content\/uploads\/2024\/01\/40-pagina-10-periodico-regional-pasto.jpg","contentUrl":"https:\/\/pagina10.com\/web\/wp-content\/uploads\/2024\/01\/40-pagina-10-periodico-regional-pasto.jpg","width":1280,"height":720,"caption":"P\u00e1gina10"},"image":{"@id":"https:\/\/pagina10.com\/web\/#\/schema\/logo\/image\/"},"sameAs":["https:\/\/www.facebook.com\/pag10com","https:\/\/x.com\/Pag10com","https:\/\/www.instagram.com\/pagina10col\/","https:\/\/youtube.com\/channel\/pag10","https:\/\/www.tiktok.com\/@p10col"]},{"@type":"Person","@id":"https:\/\/pagina10.com\/web\/#\/schema\/person\/2efc4a090d25b667d3bc796798a3a81b","name":"P\u00e1gina 10","description":"P\u00e1gina 10 es un peri\u00f3dico regional que nace en Colombia, en el departamento de Nari\u00f1o, con un enfoque global, fundamentado en cuatro pilares esenciales: la libertad, el pluralismo, la inclusi\u00f3n y la independencia. P\u00e1gina 10 hace referencia a Nari\u00f1o como el d\u00e9cimo departamento creado en Colombia, despu\u00e9s de un proceso pol\u00edtico liderado por actores y actrices regionales con el fin de obtener la independencia y autonom\u00eda de nuestros territorios. Con la creaci\u00f3n de P\u00e1gina 10 se pretende abrir un escenario para el dialogo, la reflexi\u00f3n y el debate que se extienda a otras geograf\u00edas de Am\u00e9rica Latina y del planeta, en una apuesta por transformar colectivamente los desaf\u00edos de un mundo contempor\u00e1neo, m\u00e1s all\u00e1 de las fronteras impuestas.","url":"https:\/\/pagina10.com\/web\/author\/pdiezadmin\/"}]}},"_links":{"self":[{"href":"https:\/\/pagina10.com\/web\/wp-json\/wp\/v2\/posts\/51307","targetHints":{"allow":["GET"]}}],"collection":[{"href":"https:\/\/pagina10.com\/web\/wp-json\/wp\/v2\/posts"}],"about":[{"href":"https:\/\/pagina10.com\/web\/wp-json\/wp\/v2\/types\/post"}],"author":[{"embeddable":true,"href":"https:\/\/pagina10.com\/web\/wp-json\/wp\/v2\/users\/1"}],"replies":[{"embeddable":true,"href":"https:\/\/pagina10.com\/web\/wp-json\/wp\/v2\/comments?post=51307"}],"version-history":[{"count":1,"href":"https:\/\/pagina10.com\/web\/wp-json\/wp\/v2\/posts\/51307\/revisions"}],"predecessor-version":[{"id":51309,"href":"https:\/\/pagina10.com\/web\/wp-json\/wp\/v2\/posts\/51307\/revisions\/51309"}],"wp:featuredmedia":[{"embeddable":true,"href":"https:\/\/pagina10.com\/web\/wp-json\/wp\/v2\/media\/51308"}],"wp:attachment":[{"href":"https:\/\/pagina10.com\/web\/wp-json\/wp\/v2\/media?parent=51307"}],"wp:term":[{"taxonomy":"category","embeddable":true,"href":"https:\/\/pagina10.com\/web\/wp-json\/wp\/v2\/categories?post=51307"},{"taxonomy":"post_tag","embeddable":true,"href":"https:\/\/pagina10.com\/web\/wp-json\/wp\/v2\/tags?post=51307"}],"curies":[{"name":"wp","href":"https:\/\/api.w.org\/{rel}","templated":true}]}}