{"id":51328,"date":"2021-03-23T11:00:17","date_gmt":"2021-03-23T16:00:17","guid":{"rendered":"https:\/\/pagina10.com\/web\/?p=51328"},"modified":"2021-03-23T11:00:17","modified_gmt":"2021-03-23T16:00:17","slug":"la-gobernacion-de-narino-coordina-acciones-para-atencion-de-emergencias-por-la-temporada-de-lluvias","status":"publish","type":"post","link":"https:\/\/pagina10.com\/web\/la-gobernacion-de-narino-coordina-acciones-para-atencion-de-emergencias-por-la-temporada-de-lluvias\/","title":{"rendered":"La Gobernaci\u00f3n de Nari\u00f1o coordina acciones para atenci\u00f3n de emergencias por la temporada de lluvias."},"content":{"rendered":"<p style=\"text-align: justify;\">En el marco del plan de contingencia por lluvias que fue implementado desde el inicio de la temporada, se han presentado afectaciones en 48 municipios, las principales corresponden a 80 deslizamientos, 14 inundaciones, avenidas torrenciales y dos eventos de erosi\u00f3n costera.<\/p>\n<p>Desde la Direcci\u00f3n Administrativa de Gesti\u00f3n del Riesgo de Desastres de la Gobernaci\u00f3n de Nari\u00f1o, se viene trabajando con los Consejos Municipales de Gesti\u00f3n del Riesgo de Desastres, a fin de brindar apoyo subsidiario y complementario en visitas t\u00e9cnicas a los municipios de El Pe\u00f1ol, Los Andes Sotomayor, Puerres y La Cruz. Adem\u00e1s, se traslad\u00f3 y puso a disposici\u00f3n de maquinaria amarilla para la remoci\u00f3n de material en las v\u00edas departamentales.<\/p>\n<p style=\"text-align: justify;\">\n\u201cEsta primera temporada de lluvias ha perjudicado fuertemente al Departamento, hasta el momento, 816 familias han sido afectadas. Desde la DGRD, la Secretar\u00eda de Infraestructura, el PDA y apoyo de ge\u00f3logos de Corponari\u00f1o, se han visitado 13 municipios, donde hemos realizado acompa\u00f1amiento t\u00e9cnico y evaluaci\u00f3n de da\u00f1os para las respectivas actas en los municipios\u201d. Indic\u00f3 el Director\u00a0Administrativo de Gesti\u00f3n del Riesgo de Desastres, Jader Francisco Gaviria.<\/p>\n<p>Durante el puente festivo se registr\u00f3 deslizamiento en el municipio de Cuaspud, sector Chavisma, afectando acueducto del casco urbano y en la vereda Cruz Grande, emergencia que se atiende en coordinaci\u00f3n con el Consejo Municipal de Gesti\u00f3n del Riesgo, adem\u00e1s, se registr\u00f3 deslizamiento en el municipio de El Contadero en la v\u00eda panamericana con destino a la ciudad de Ipiales, cuya atenci\u00f3n se coordin\u00f3 con la Concesionaria Vial Uni\u00f3n del Sur. Por su parte, en el municipio de Guaitarilla, se registr\u00f3 deslizamiento en el sector del Cabuyo.<\/p>\n<p>La DAGRD contin\u00faa haciendo el llamado a la comunidad y a seguir teniendo en cuenta las siguientes recomendaciones:<\/p>\n<p>\u2022 Asegure bien los techos, tejas y l\u00e1minas de zinc.<\/p>\n<p>\u2022 Durante las tormentas el\u00e9ctricas no se acerque a lo que pueda actuar como pararrayos.<\/p>\n<p>\u2022 Evite ubicarse en campos abiertos mientras se presenten tormentas el\u00e9ctricas.<\/p>\n<p>\u2022 Identifique los n\u00fameros de emergencia y t\u00e9ngalos a la mano.<\/p>\n<p>\u2022 No arroje basuras, esto podr\u00eda obstruir el sistema de alcantarillado y provocar inundaciones.<\/p>\n<p>\u2022 No se exponga en zonas de riesgo de deslizamiento o inundaci\u00f3n.<\/p>\n","protected":false},"excerpt":{"rendered":"<p>En el marco del plan de contingencia por lluvias que fue implementado desde el inicio de la temporada, se han presentado afectaciones en 48 municipios, las principales corresponden a 80 deslizamientos, 14 inundaciones, avenidas torrenciales y dos eventos de erosi\u00f3n costera. Desde la Direcci\u00f3n Administrativa de Gesti\u00f3n del Riesgo de Desastres de la Gobernaci\u00f3n de [&hellip;]<\/p>\n","protected":false},"author":1,"featured_media":51329,"comment_status":"open","ping_status":"open","sticky":false,"template":"","format":"standard","meta":{"footnotes":""},"categories":[53],"tags":[],"class_list":["post-51328","post","type-post","status-publish","format-standard","has-post-thumbnail","hentry","category-regiones"],"yoast_head":"<!-- This site is optimized with the Yoast SEO plugin v27.1.1 - https:\/\/yoast.com\/product\/yoast-seo-wordpress\/ -->\n<title>La Gobernaci\u00f3n de Nari\u00f1o coordina acciones para atenci\u00f3n de emergencias por la temporada de lluvias. | P\u00e1gina10<\/title>\n<meta name=\"robots\" content=\"index, follow, max-snippet:-1, max-image-preview:large, max-video-preview:-1\" \/>\n<link rel=\"canonical\" href=\"https:\/\/pagina10.com\/web\/la-gobernacion-de-narino-coordina-acciones-para-atencion-de-emergencias-por-la-temporada-de-lluvias\/\" \/>\n<meta property=\"og:locale\" content=\"es_ES\" \/>\n<meta property=\"og:type\" content=\"article\" \/>\n<meta property=\"og:title\" content=\"La Gobernaci\u00f3n de Nari\u00f1o coordina acciones para atenci\u00f3n de emergencias por la temporada de lluvias. | P\u00e1gina10\" \/>\n<meta property=\"og:description\" content=\"En el marco del plan de contingencia por lluvias que fue implementado desde el inicio de la temporada, se han presentado afectaciones en 48 municipios, las principales corresponden a 80 deslizamientos, 14 inundaciones, avenidas torrenciales y dos eventos de erosi\u00f3n costera. Desde la Direcci\u00f3n Administrativa de Gesti\u00f3n del Riesgo de Desastres de la Gobernaci\u00f3n de [&hellip;]\" \/>\n<meta property=\"og:url\" content=\"https:\/\/pagina10.com\/web\/la-gobernacion-de-narino-coordina-acciones-para-atencion-de-emergencias-por-la-temporada-de-lluvias\/\" \/>\n<meta property=\"og:site_name\" content=\"P\u00e1gina10\" \/>\n<meta property=\"article:publisher\" content=\"https:\/\/www.facebook.com\/pag10com\" \/>\n<meta property=\"article:published_time\" content=\"2021-03-23T16:00:17+00:00\" \/>\n<meta property=\"og:image\" content=\"https:\/\/pagina10.com\/web\/wp-content\/uploads\/2021\/03\/Captura-de-pantalla-118.png\" \/>\n\t<meta property=\"og:image:width\" content=\"620\" \/>\n\t<meta property=\"og:image:height\" content=\"291\" \/>\n\t<meta property=\"og:image:type\" content=\"image\/png\" \/>\n<meta name=\"author\" content=\"P\u00e1gina 10\" \/>\n<meta name=\"twitter:card\" content=\"summary_large_image\" \/>\n<meta name=\"twitter:creator\" content=\"@Pag10com\" \/>\n<meta name=\"twitter:site\" content=\"@Pag10com\" \/>\n<meta name=\"twitter:label1\" content=\"Escrito por\" \/>\n\t<meta name=\"twitter:data1\" content=\"P\u00e1gina 10\" \/>\n\t<meta name=\"twitter:label2\" content=\"Tiempo de lectura\" \/>\n\t<meta name=\"twitter:data2\" content=\"2 minutos\" \/>\n<script type=\"application\/ld+json\" class=\"yoast-schema-graph\">{\"@context\":\"https:\/\/schema.org\",\"@graph\":[{\"@type\":\"Article\",\"@id\":\"https:\/\/pagina10.com\/web\/la-gobernacion-de-narino-coordina-acciones-para-atencion-de-emergencias-por-la-temporada-de-lluvias\/#article\",\"isPartOf\":{\"@id\":\"https:\/\/pagina10.com\/web\/la-gobernacion-de-narino-coordina-acciones-para-atencion-de-emergencias-por-la-temporada-de-lluvias\/\"},\"author\":{\"name\":\"P\u00e1gina 10\",\"@id\":\"https:\/\/pagina10.com\/web\/#\/schema\/person\/2efc4a090d25b667d3bc796798a3a81b\"},\"headline\":\"La Gobernaci\u00f3n de Nari\u00f1o coordina acciones para atenci\u00f3n de emergencias por la temporada de lluvias.\",\"datePublished\":\"2021-03-23T16:00:17+00:00\",\"mainEntityOfPage\":{\"@id\":\"https:\/\/pagina10.com\/web\/la-gobernacion-de-narino-coordina-acciones-para-atencion-de-emergencias-por-la-temporada-de-lluvias\/\"},\"wordCount\":398,\"commentCount\":0,\"publisher\":{\"@id\":\"https:\/\/pagina10.com\/web\/#organization\"},\"image\":{\"@id\":\"https:\/\/pagina10.com\/web\/la-gobernacion-de-narino-coordina-acciones-para-atencion-de-emergencias-por-la-temporada-de-lluvias\/#primaryimage\"},\"thumbnailUrl\":\"https:\/\/pagina10.com\/web\/wp-content\/uploads\/2021\/03\/Captura-de-pantalla-118.png\",\"articleSection\":[\"Regiones\"],\"inLanguage\":\"es\",\"potentialAction\":[{\"@type\":\"CommentAction\",\"name\":\"Comment\",\"target\":[\"https:\/\/pagina10.com\/web\/la-gobernacion-de-narino-coordina-acciones-para-atencion-de-emergencias-por-la-temporada-de-lluvias\/#respond\"]}]},{\"@type\":\"WebPage\",\"@id\":\"https:\/\/pagina10.com\/web\/la-gobernacion-de-narino-coordina-acciones-para-atencion-de-emergencias-por-la-temporada-de-lluvias\/\",\"url\":\"https:\/\/pagina10.com\/web\/la-gobernacion-de-narino-coordina-acciones-para-atencion-de-emergencias-por-la-temporada-de-lluvias\/\",\"name\":\"La Gobernaci\u00f3n de Nari\u00f1o coordina acciones para atenci\u00f3n de emergencias por la temporada de lluvias. | P\u00e1gina10\",\"isPartOf\":{\"@id\":\"https:\/\/pagina10.com\/web\/#website\"},\"primaryImageOfPage\":{\"@id\":\"https:\/\/pagina10.com\/web\/la-gobernacion-de-narino-coordina-acciones-para-atencion-de-emergencias-por-la-temporada-de-lluvias\/#primaryimage\"},\"image\":{\"@id\":\"https:\/\/pagina10.com\/web\/la-gobernacion-de-narino-coordina-acciones-para-atencion-de-emergencias-por-la-temporada-de-lluvias\/#primaryimage\"},\"thumbnailUrl\":\"https:\/\/pagina10.com\/web\/wp-content\/uploads\/2021\/03\/Captura-de-pantalla-118.png\",\"datePublished\":\"2021-03-23T16:00:17+00:00\",\"breadcrumb\":{\"@id\":\"https:\/\/pagina10.com\/web\/la-gobernacion-de-narino-coordina-acciones-para-atencion-de-emergencias-por-la-temporada-de-lluvias\/#breadcrumb\"},\"inLanguage\":\"es\",\"potentialAction\":[{\"@type\":\"ReadAction\",\"target\":[\"https:\/\/pagina10.com\/web\/la-gobernacion-de-narino-coordina-acciones-para-atencion-de-emergencias-por-la-temporada-de-lluvias\/\"]}]},{\"@type\":\"ImageObject\",\"inLanguage\":\"es\",\"@id\":\"https:\/\/pagina10.com\/web\/la-gobernacion-de-narino-coordina-acciones-para-atencion-de-emergencias-por-la-temporada-de-lluvias\/#primaryimage\",\"url\":\"https:\/\/pagina10.com\/web\/wp-content\/uploads\/2021\/03\/Captura-de-pantalla-118.png\",\"contentUrl\":\"https:\/\/pagina10.com\/web\/wp-content\/uploads\/2021\/03\/Captura-de-pantalla-118.png\",\"width\":620,\"height\":291},{\"@type\":\"BreadcrumbList\",\"@id\":\"https:\/\/pagina10.com\/web\/la-gobernacion-de-narino-coordina-acciones-para-atencion-de-emergencias-por-la-temporada-de-lluvias\/#breadcrumb\",\"itemListElement\":[{\"@type\":\"ListItem\",\"position\":1,\"name\":\"Portada\",\"item\":\"https:\/\/pagina10.com\/web\/\"},{\"@type\":\"ListItem\",\"position\":2,\"name\":\"La Gobernaci\u00f3n de Nari\u00f1o coordina acciones para atenci\u00f3n de emergencias por la temporada de lluvias.\"}]},{\"@type\":\"WebSite\",\"@id\":\"https:\/\/pagina10.com\/web\/#website\",\"url\":\"https:\/\/pagina10.com\/web\/\",\"name\":\"P\u00e1gina10\",\"description\":\"Peri\u00f3dico Regional\",\"publisher\":{\"@id\":\"https:\/\/pagina10.com\/web\/#organization\"},\"alternateName\":\"P\u00e1gina10 Peri\u00f3dico Regional\",\"potentialAction\":[{\"@type\":\"SearchAction\",\"target\":{\"@type\":\"EntryPoint\",\"urlTemplate\":\"https:\/\/pagina10.com\/web\/?s={search_term_string}\"},\"query-input\":{\"@type\":\"PropertyValueSpecification\",\"valueRequired\":true,\"valueName\":\"search_term_string\"}}],\"inLanguage\":\"es\"},{\"@type\":\"Organization\",\"@id\":\"https:\/\/pagina10.com\/web\/#organization\",\"name\":\"P\u00e1gina10\",\"alternateName\":\"P\u00e1gina10 Peri\u00f3dico Regional\",\"url\":\"https:\/\/pagina10.com\/web\/\",\"logo\":{\"@type\":\"ImageObject\",\"inLanguage\":\"es\",\"@id\":\"https:\/\/pagina10.com\/web\/#\/schema\/logo\/image\/\",\"url\":\"https:\/\/pagina10.com\/web\/wp-content\/uploads\/2024\/01\/40-pagina-10-periodico-regional-pasto.jpg\",\"contentUrl\":\"https:\/\/pagina10.com\/web\/wp-content\/uploads\/2024\/01\/40-pagina-10-periodico-regional-pasto.jpg\",\"width\":1280,\"height\":720,\"caption\":\"P\u00e1gina10\"},\"image\":{\"@id\":\"https:\/\/pagina10.com\/web\/#\/schema\/logo\/image\/\"},\"sameAs\":[\"https:\/\/www.facebook.com\/pag10com\",\"https:\/\/x.com\/Pag10com\",\"https:\/\/www.instagram.com\/pagina10col\/\",\"https:\/\/youtube.com\/channel\/pag10\",\"https:\/\/www.tiktok.com\/@p10col\"]},{\"@type\":\"Person\",\"@id\":\"https:\/\/pagina10.com\/web\/#\/schema\/person\/2efc4a090d25b667d3bc796798a3a81b\",\"name\":\"P\u00e1gina 10\",\"description\":\"P\u00e1gina 10 es un peri\u00f3dico regional que nace en Colombia, en el departamento de Nari\u00f1o, con un enfoque global, fundamentado en cuatro pilares esenciales: la libertad, el pluralismo, la inclusi\u00f3n y la independencia. P\u00e1gina 10 hace referencia a Nari\u00f1o como el d\u00e9cimo departamento creado en Colombia, despu\u00e9s de un proceso pol\u00edtico liderado por actores y actrices regionales con el fin de obtener la independencia y autonom\u00eda de nuestros territorios. Con la creaci\u00f3n de P\u00e1gina 10 se pretende abrir un escenario para el dialogo, la reflexi\u00f3n y el debate que se extienda a otras geograf\u00edas de Am\u00e9rica Latina y del planeta, en una apuesta por transformar colectivamente los desaf\u00edos de un mundo contempor\u00e1neo, m\u00e1s all\u00e1 de las fronteras impuestas.\",\"url\":\"https:\/\/pagina10.com\/web\/author\/pdiezadmin\/\"}]}<\/script>\n<!-- \/ Yoast SEO plugin. -->","yoast_head_json":{"title":"La Gobernaci\u00f3n de Nari\u00f1o coordina acciones para atenci\u00f3n de emergencias por la temporada de lluvias. | P\u00e1gina10","robots":{"index":"index","follow":"follow","max-snippet":"max-snippet:-1","max-image-preview":"max-image-preview:large","max-video-preview":"max-video-preview:-1"},"canonical":"https:\/\/pagina10.com\/web\/la-gobernacion-de-narino-coordina-acciones-para-atencion-de-emergencias-por-la-temporada-de-lluvias\/","og_locale":"es_ES","og_type":"article","og_title":"La Gobernaci\u00f3n de Nari\u00f1o coordina acciones para atenci\u00f3n de emergencias por la temporada de lluvias. | P\u00e1gina10","og_description":"En el marco del plan de contingencia por lluvias que fue implementado desde el inicio de la temporada, se han presentado afectaciones en 48 municipios, las principales corresponden a 80 deslizamientos, 14 inundaciones, avenidas torrenciales y dos eventos de erosi\u00f3n costera. Desde la Direcci\u00f3n Administrativa de Gesti\u00f3n del Riesgo de Desastres de la Gobernaci\u00f3n de [&hellip;]","og_url":"https:\/\/pagina10.com\/web\/la-gobernacion-de-narino-coordina-acciones-para-atencion-de-emergencias-por-la-temporada-de-lluvias\/","og_site_name":"P\u00e1gina10","article_publisher":"https:\/\/www.facebook.com\/pag10com","article_published_time":"2021-03-23T16:00:17+00:00","og_image":[{"width":620,"height":291,"url":"https:\/\/pagina10.com\/web\/wp-content\/uploads\/2021\/03\/Captura-de-pantalla-118.png","type":"image\/png"}],"author":"P\u00e1gina 10","twitter_card":"summary_large_image","twitter_creator":"@Pag10com","twitter_site":"@Pag10com","twitter_misc":{"Escrito por":"P\u00e1gina 10","Tiempo de lectura":"2 minutos"},"schema":{"@context":"https:\/\/schema.org","@graph":[{"@type":"Article","@id":"https:\/\/pagina10.com\/web\/la-gobernacion-de-narino-coordina-acciones-para-atencion-de-emergencias-por-la-temporada-de-lluvias\/#article","isPartOf":{"@id":"https:\/\/pagina10.com\/web\/la-gobernacion-de-narino-coordina-acciones-para-atencion-de-emergencias-por-la-temporada-de-lluvias\/"},"author":{"name":"P\u00e1gina 10","@id":"https:\/\/pagina10.com\/web\/#\/schema\/person\/2efc4a090d25b667d3bc796798a3a81b"},"headline":"La Gobernaci\u00f3n de Nari\u00f1o coordina acciones para atenci\u00f3n de emergencias por la temporada de lluvias.","datePublished":"2021-03-23T16:00:17+00:00","mainEntityOfPage":{"@id":"https:\/\/pagina10.com\/web\/la-gobernacion-de-narino-coordina-acciones-para-atencion-de-emergencias-por-la-temporada-de-lluvias\/"},"wordCount":398,"commentCount":0,"publisher":{"@id":"https:\/\/pagina10.com\/web\/#organization"},"image":{"@id":"https:\/\/pagina10.com\/web\/la-gobernacion-de-narino-coordina-acciones-para-atencion-de-emergencias-por-la-temporada-de-lluvias\/#primaryimage"},"thumbnailUrl":"https:\/\/pagina10.com\/web\/wp-content\/uploads\/2021\/03\/Captura-de-pantalla-118.png","articleSection":["Regiones"],"inLanguage":"es","potentialAction":[{"@type":"CommentAction","name":"Comment","target":["https:\/\/pagina10.com\/web\/la-gobernacion-de-narino-coordina-acciones-para-atencion-de-emergencias-por-la-temporada-de-lluvias\/#respond"]}]},{"@type":"WebPage","@id":"https:\/\/pagina10.com\/web\/la-gobernacion-de-narino-coordina-acciones-para-atencion-de-emergencias-por-la-temporada-de-lluvias\/","url":"https:\/\/pagina10.com\/web\/la-gobernacion-de-narino-coordina-acciones-para-atencion-de-emergencias-por-la-temporada-de-lluvias\/","name":"La Gobernaci\u00f3n de Nari\u00f1o coordina acciones para atenci\u00f3n de emergencias por la temporada de lluvias. | P\u00e1gina10","isPartOf":{"@id":"https:\/\/pagina10.com\/web\/#website"},"primaryImageOfPage":{"@id":"https:\/\/pagina10.com\/web\/la-gobernacion-de-narino-coordina-acciones-para-atencion-de-emergencias-por-la-temporada-de-lluvias\/#primaryimage"},"image":{"@id":"https:\/\/pagina10.com\/web\/la-gobernacion-de-narino-coordina-acciones-para-atencion-de-emergencias-por-la-temporada-de-lluvias\/#primaryimage"},"thumbnailUrl":"https:\/\/pagina10.com\/web\/wp-content\/uploads\/2021\/03\/Captura-de-pantalla-118.png","datePublished":"2021-03-23T16:00:17+00:00","breadcrumb":{"@id":"https:\/\/pagina10.com\/web\/la-gobernacion-de-narino-coordina-acciones-para-atencion-de-emergencias-por-la-temporada-de-lluvias\/#breadcrumb"},"inLanguage":"es","potentialAction":[{"@type":"ReadAction","target":["https:\/\/pagina10.com\/web\/la-gobernacion-de-narino-coordina-acciones-para-atencion-de-emergencias-por-la-temporada-de-lluvias\/"]}]},{"@type":"ImageObject","inLanguage":"es","@id":"https:\/\/pagina10.com\/web\/la-gobernacion-de-narino-coordina-acciones-para-atencion-de-emergencias-por-la-temporada-de-lluvias\/#primaryimage","url":"https:\/\/pagina10.com\/web\/wp-content\/uploads\/2021\/03\/Captura-de-pantalla-118.png","contentUrl":"https:\/\/pagina10.com\/web\/wp-content\/uploads\/2021\/03\/Captura-de-pantalla-118.png","width":620,"height":291},{"@type":"BreadcrumbList","@id":"https:\/\/pagina10.com\/web\/la-gobernacion-de-narino-coordina-acciones-para-atencion-de-emergencias-por-la-temporada-de-lluvias\/#breadcrumb","itemListElement":[{"@type":"ListItem","position":1,"name":"Portada","item":"https:\/\/pagina10.com\/web\/"},{"@type":"ListItem","position":2,"name":"La Gobernaci\u00f3n de Nari\u00f1o coordina acciones para atenci\u00f3n de emergencias por la temporada de lluvias."}]},{"@type":"WebSite","@id":"https:\/\/pagina10.com\/web\/#website","url":"https:\/\/pagina10.com\/web\/","name":"P\u00e1gina10","description":"Peri\u00f3dico Regional","publisher":{"@id":"https:\/\/pagina10.com\/web\/#organization"},"alternateName":"P\u00e1gina10 Peri\u00f3dico Regional","potentialAction":[{"@type":"SearchAction","target":{"@type":"EntryPoint","urlTemplate":"https:\/\/pagina10.com\/web\/?s={search_term_string}"},"query-input":{"@type":"PropertyValueSpecification","valueRequired":true,"valueName":"search_term_string"}}],"inLanguage":"es"},{"@type":"Organization","@id":"https:\/\/pagina10.com\/web\/#organization","name":"P\u00e1gina10","alternateName":"P\u00e1gina10 Peri\u00f3dico Regional","url":"https:\/\/pagina10.com\/web\/","logo":{"@type":"ImageObject","inLanguage":"es","@id":"https:\/\/pagina10.com\/web\/#\/schema\/logo\/image\/","url":"https:\/\/pagina10.com\/web\/wp-content\/uploads\/2024\/01\/40-pagina-10-periodico-regional-pasto.jpg","contentUrl":"https:\/\/pagina10.com\/web\/wp-content\/uploads\/2024\/01\/40-pagina-10-periodico-regional-pasto.jpg","width":1280,"height":720,"caption":"P\u00e1gina10"},"image":{"@id":"https:\/\/pagina10.com\/web\/#\/schema\/logo\/image\/"},"sameAs":["https:\/\/www.facebook.com\/pag10com","https:\/\/x.com\/Pag10com","https:\/\/www.instagram.com\/pagina10col\/","https:\/\/youtube.com\/channel\/pag10","https:\/\/www.tiktok.com\/@p10col"]},{"@type":"Person","@id":"https:\/\/pagina10.com\/web\/#\/schema\/person\/2efc4a090d25b667d3bc796798a3a81b","name":"P\u00e1gina 10","description":"P\u00e1gina 10 es un peri\u00f3dico regional que nace en Colombia, en el departamento de Nari\u00f1o, con un enfoque global, fundamentado en cuatro pilares esenciales: la libertad, el pluralismo, la inclusi\u00f3n y la independencia. P\u00e1gina 10 hace referencia a Nari\u00f1o como el d\u00e9cimo departamento creado en Colombia, despu\u00e9s de un proceso pol\u00edtico liderado por actores y actrices regionales con el fin de obtener la independencia y autonom\u00eda de nuestros territorios. Con la creaci\u00f3n de P\u00e1gina 10 se pretende abrir un escenario para el dialogo, la reflexi\u00f3n y el debate que se extienda a otras geograf\u00edas de Am\u00e9rica Latina y del planeta, en una apuesta por transformar colectivamente los desaf\u00edos de un mundo contempor\u00e1neo, m\u00e1s all\u00e1 de las fronteras impuestas.","url":"https:\/\/pagina10.com\/web\/author\/pdiezadmin\/"}]}},"_links":{"self":[{"href":"https:\/\/pagina10.com\/web\/wp-json\/wp\/v2\/posts\/51328","targetHints":{"allow":["GET"]}}],"collection":[{"href":"https:\/\/pagina10.com\/web\/wp-json\/wp\/v2\/posts"}],"about":[{"href":"https:\/\/pagina10.com\/web\/wp-json\/wp\/v2\/types\/post"}],"author":[{"embeddable":true,"href":"https:\/\/pagina10.com\/web\/wp-json\/wp\/v2\/users\/1"}],"replies":[{"embeddable":true,"href":"https:\/\/pagina10.com\/web\/wp-json\/wp\/v2\/comments?post=51328"}],"version-history":[{"count":1,"href":"https:\/\/pagina10.com\/web\/wp-json\/wp\/v2\/posts\/51328\/revisions"}],"predecessor-version":[{"id":51330,"href":"https:\/\/pagina10.com\/web\/wp-json\/wp\/v2\/posts\/51328\/revisions\/51330"}],"wp:featuredmedia":[{"embeddable":true,"href":"https:\/\/pagina10.com\/web\/wp-json\/wp\/v2\/media\/51329"}],"wp:attachment":[{"href":"https:\/\/pagina10.com\/web\/wp-json\/wp\/v2\/media?parent=51328"}],"wp:term":[{"taxonomy":"category","embeddable":true,"href":"https:\/\/pagina10.com\/web\/wp-json\/wp\/v2\/categories?post=51328"},{"taxonomy":"post_tag","embeddable":true,"href":"https:\/\/pagina10.com\/web\/wp-json\/wp\/v2\/tags?post=51328"}],"curies":[{"name":"wp","href":"https:\/\/api.w.org\/{rel}","templated":true}]}}