{"id":51343,"date":"2021-03-24T09:47:33","date_gmt":"2021-03-24T14:47:33","guid":{"rendered":"https:\/\/pagina10.com\/web\/?p=51343"},"modified":"2021-03-24T09:47:33","modified_gmt":"2021-03-24T14:47:33","slug":"aprobado-proyecto-que-busca-eliminar-los-castigos-fisicos-en-contra-de-los-ninos-ninas-y-adolescentes","status":"publish","type":"post","link":"https:\/\/pagina10.com\/web\/aprobado-proyecto-que-busca-eliminar-los-castigos-fisicos-en-contra-de-los-ninos-ninas-y-adolescentes\/","title":{"rendered":"Aprobado proyecto que busca eliminar los castigos f\u00edsicos en contra de los ni\u00f1os, ni\u00f1as y adolescentes."},"content":{"rendered":"<p style=\"text-align: justify;\">Este martes, el Senado aprob\u00f3 el proyecto de la autor\u00eda de los representantes Juli\u00e1n Peinado y Harry Gonz\u00e1les, que proh\u00edbe en el C\u00f3digo Civil los castigos f\u00edsicos en contra de ni\u00f1os, ni\u00f1as y adolescentes en Colombia. La iniciativa establece que los padres tienen el derecho a educar, criar y corregir a sus hijos, pero que el \u00fanico l\u00edmite es el \u201cuso del castigo f\u00edsico, tratos crueles, humillantes o degradantes y cualquier tipo de violencia\u201d.<\/p>\n<p style=\"text-align: justify;\">El proyecto establece que \u201cla prohibici\u00f3n se extiende a cualquier otra persona encargada de su cuidado, en cada uno de los diferentes entornos en los que transcurre la ni\u00f1ez y la adolescencia\u201d. No obstante, aunque es una prohibici\u00f3n, el proyecto no establece ning\u00fan tipo de sanci\u00f3n o acci\u00f3n penal en contra de los que incurran en castigos f\u00edsicos, siempre y cuando, si dichos actos no son reiterativos y \u201cno afecta la salud mental y f\u00edsica\u201d del menor de edad.<\/p>\n<p style=\"text-align: justify;\">En el proyecto se ordena que el Estado, el Instituto de Bienestar Familiar y las asociaciones de padre de familia, deben adelantar estrategias pedag\u00f3gicas que permitan la eliminaci\u00f3n de los castigos y tratos crueles en contra de los ni\u00f1os, ni\u00f1as y adolescentes.<\/p>\n<p style=\"text-align: justify;\">La presentaci\u00f3n de la iniciativa tuvo una acogida mayoritaria por parte de la plenaria del Senado. Sin embargo, los congresistas del Partido Colombia Justa y Libres se opusieron, alegando que este tipo de iniciativas violentan la libertad que tiene las familias para educar a sus hijos.<\/p>\n","protected":false},"excerpt":{"rendered":"<p>Este martes, el Senado aprob\u00f3 el proyecto de la autor\u00eda de los representantes Juli\u00e1n Peinado y Harry Gonz\u00e1les, que proh\u00edbe en el C\u00f3digo Civil los castigos f\u00edsicos en contra de ni\u00f1os, ni\u00f1as y adolescentes en Colombia. La iniciativa establece que los padres tienen el derecho a educar, criar y corregir a sus hijos, pero que [&hellip;]<\/p>\n","protected":false},"author":1,"featured_media":51344,"comment_status":"open","ping_status":"open","sticky":false,"template":"","format":"standard","meta":{"footnotes":""},"categories":[94],"tags":[],"class_list":["post-51343","post","type-post","status-publish","format-standard","has-post-thumbnail","hentry","category-nacional-global-2"],"yoast_head":"<!-- This site is optimized with the Yoast SEO plugin v27.1.1 - https:\/\/yoast.com\/product\/yoast-seo-wordpress\/ -->\n<title>Aprobado proyecto que busca eliminar los castigos f\u00edsicos en contra de los ni\u00f1os, ni\u00f1as y adolescentes. | P\u00e1gina10<\/title>\n<meta name=\"robots\" content=\"index, follow, max-snippet:-1, max-image-preview:large, max-video-preview:-1\" \/>\n<link rel=\"canonical\" href=\"https:\/\/pagina10.com\/web\/aprobado-proyecto-que-busca-eliminar-los-castigos-fisicos-en-contra-de-los-ninos-ninas-y-adolescentes\/\" \/>\n<meta property=\"og:locale\" content=\"es_ES\" \/>\n<meta property=\"og:type\" content=\"article\" \/>\n<meta property=\"og:title\" content=\"Aprobado proyecto que busca eliminar los castigos f\u00edsicos en contra de los ni\u00f1os, ni\u00f1as y adolescentes. | P\u00e1gina10\" \/>\n<meta property=\"og:description\" content=\"Este martes, el Senado aprob\u00f3 el proyecto de la autor\u00eda de los representantes Juli\u00e1n Peinado y Harry Gonz\u00e1les, que proh\u00edbe en el C\u00f3digo Civil los castigos f\u00edsicos en contra de ni\u00f1os, ni\u00f1as y adolescentes en Colombia. La iniciativa establece que los padres tienen el derecho a educar, criar y corregir a sus hijos, pero que [&hellip;]\" \/>\n<meta property=\"og:url\" content=\"https:\/\/pagina10.com\/web\/aprobado-proyecto-que-busca-eliminar-los-castigos-fisicos-en-contra-de-los-ninos-ninas-y-adolescentes\/\" \/>\n<meta property=\"og:site_name\" content=\"P\u00e1gina10\" \/>\n<meta property=\"article:publisher\" content=\"https:\/\/www.facebook.com\/pag10com\" \/>\n<meta property=\"article:published_time\" content=\"2021-03-24T14:47:33+00:00\" \/>\n<meta property=\"og:image\" content=\"https:\/\/pagina10.com\/web\/wp-content\/uploads\/2021\/03\/ensenar-hijos-azotes-cf8da.png\" \/>\n\t<meta property=\"og:image:width\" content=\"630\" \/>\n\t<meta property=\"og:image:height\" content=\"355\" \/>\n\t<meta property=\"og:image:type\" content=\"image\/png\" \/>\n<meta name=\"author\" content=\"P\u00e1gina 10\" \/>\n<meta name=\"twitter:card\" content=\"summary_large_image\" \/>\n<meta name=\"twitter:creator\" content=\"@Pag10com\" \/>\n<meta name=\"twitter:site\" content=\"@Pag10com\" \/>\n<meta name=\"twitter:label1\" content=\"Escrito por\" \/>\n\t<meta name=\"twitter:data1\" content=\"P\u00e1gina 10\" \/>\n\t<meta name=\"twitter:label2\" content=\"Tiempo de lectura\" \/>\n\t<meta name=\"twitter:data2\" content=\"1 minuto\" \/>\n<script type=\"application\/ld+json\" class=\"yoast-schema-graph\">{\"@context\":\"https:\/\/schema.org\",\"@graph\":[{\"@type\":\"Article\",\"@id\":\"https:\/\/pagina10.com\/web\/aprobado-proyecto-que-busca-eliminar-los-castigos-fisicos-en-contra-de-los-ninos-ninas-y-adolescentes\/#article\",\"isPartOf\":{\"@id\":\"https:\/\/pagina10.com\/web\/aprobado-proyecto-que-busca-eliminar-los-castigos-fisicos-en-contra-de-los-ninos-ninas-y-adolescentes\/\"},\"author\":{\"name\":\"P\u00e1gina 10\",\"@id\":\"https:\/\/pagina10.com\/web\/#\/schema\/person\/2efc4a090d25b667d3bc796798a3a81b\"},\"headline\":\"Aprobado proyecto que busca eliminar los castigos f\u00edsicos en contra de los ni\u00f1os, ni\u00f1as y adolescentes.\",\"datePublished\":\"2021-03-24T14:47:33+00:00\",\"mainEntityOfPage\":{\"@id\":\"https:\/\/pagina10.com\/web\/aprobado-proyecto-que-busca-eliminar-los-castigos-fisicos-en-contra-de-los-ninos-ninas-y-adolescentes\/\"},\"wordCount\":283,\"commentCount\":0,\"publisher\":{\"@id\":\"https:\/\/pagina10.com\/web\/#organization\"},\"image\":{\"@id\":\"https:\/\/pagina10.com\/web\/aprobado-proyecto-que-busca-eliminar-los-castigos-fisicos-en-contra-de-los-ninos-ninas-y-adolescentes\/#primaryimage\"},\"thumbnailUrl\":\"https:\/\/pagina10.com\/web\/wp-content\/uploads\/2021\/03\/ensenar-hijos-azotes-cf8da.png\",\"articleSection\":[\"Nacional\"],\"inLanguage\":\"es\",\"potentialAction\":[{\"@type\":\"CommentAction\",\"name\":\"Comment\",\"target\":[\"https:\/\/pagina10.com\/web\/aprobado-proyecto-que-busca-eliminar-los-castigos-fisicos-en-contra-de-los-ninos-ninas-y-adolescentes\/#respond\"]}]},{\"@type\":\"WebPage\",\"@id\":\"https:\/\/pagina10.com\/web\/aprobado-proyecto-que-busca-eliminar-los-castigos-fisicos-en-contra-de-los-ninos-ninas-y-adolescentes\/\",\"url\":\"https:\/\/pagina10.com\/web\/aprobado-proyecto-que-busca-eliminar-los-castigos-fisicos-en-contra-de-los-ninos-ninas-y-adolescentes\/\",\"name\":\"Aprobado proyecto que busca eliminar los castigos f\u00edsicos en contra de los ni\u00f1os, ni\u00f1as y adolescentes. | P\u00e1gina10\",\"isPartOf\":{\"@id\":\"https:\/\/pagina10.com\/web\/#website\"},\"primaryImageOfPage\":{\"@id\":\"https:\/\/pagina10.com\/web\/aprobado-proyecto-que-busca-eliminar-los-castigos-fisicos-en-contra-de-los-ninos-ninas-y-adolescentes\/#primaryimage\"},\"image\":{\"@id\":\"https:\/\/pagina10.com\/web\/aprobado-proyecto-que-busca-eliminar-los-castigos-fisicos-en-contra-de-los-ninos-ninas-y-adolescentes\/#primaryimage\"},\"thumbnailUrl\":\"https:\/\/pagina10.com\/web\/wp-content\/uploads\/2021\/03\/ensenar-hijos-azotes-cf8da.png\",\"datePublished\":\"2021-03-24T14:47:33+00:00\",\"breadcrumb\":{\"@id\":\"https:\/\/pagina10.com\/web\/aprobado-proyecto-que-busca-eliminar-los-castigos-fisicos-en-contra-de-los-ninos-ninas-y-adolescentes\/#breadcrumb\"},\"inLanguage\":\"es\",\"potentialAction\":[{\"@type\":\"ReadAction\",\"target\":[\"https:\/\/pagina10.com\/web\/aprobado-proyecto-que-busca-eliminar-los-castigos-fisicos-en-contra-de-los-ninos-ninas-y-adolescentes\/\"]}]},{\"@type\":\"ImageObject\",\"inLanguage\":\"es\",\"@id\":\"https:\/\/pagina10.com\/web\/aprobado-proyecto-que-busca-eliminar-los-castigos-fisicos-en-contra-de-los-ninos-ninas-y-adolescentes\/#primaryimage\",\"url\":\"https:\/\/pagina10.com\/web\/wp-content\/uploads\/2021\/03\/ensenar-hijos-azotes-cf8da.png\",\"contentUrl\":\"https:\/\/pagina10.com\/web\/wp-content\/uploads\/2021\/03\/ensenar-hijos-azotes-cf8da.png\",\"width\":630,\"height\":355},{\"@type\":\"BreadcrumbList\",\"@id\":\"https:\/\/pagina10.com\/web\/aprobado-proyecto-que-busca-eliminar-los-castigos-fisicos-en-contra-de-los-ninos-ninas-y-adolescentes\/#breadcrumb\",\"itemListElement\":[{\"@type\":\"ListItem\",\"position\":1,\"name\":\"Portada\",\"item\":\"https:\/\/pagina10.com\/web\/\"},{\"@type\":\"ListItem\",\"position\":2,\"name\":\"Aprobado proyecto que busca eliminar los castigos f\u00edsicos en contra de los ni\u00f1os, ni\u00f1as y adolescentes.\"}]},{\"@type\":\"WebSite\",\"@id\":\"https:\/\/pagina10.com\/web\/#website\",\"url\":\"https:\/\/pagina10.com\/web\/\",\"name\":\"P\u00e1gina10\",\"description\":\"Peri\u00f3dico Regional\",\"publisher\":{\"@id\":\"https:\/\/pagina10.com\/web\/#organization\"},\"alternateName\":\"P\u00e1gina10 Peri\u00f3dico Regional\",\"potentialAction\":[{\"@type\":\"SearchAction\",\"target\":{\"@type\":\"EntryPoint\",\"urlTemplate\":\"https:\/\/pagina10.com\/web\/?s={search_term_string}\"},\"query-input\":{\"@type\":\"PropertyValueSpecification\",\"valueRequired\":true,\"valueName\":\"search_term_string\"}}],\"inLanguage\":\"es\"},{\"@type\":\"Organization\",\"@id\":\"https:\/\/pagina10.com\/web\/#organization\",\"name\":\"P\u00e1gina10\",\"alternateName\":\"P\u00e1gina10 Peri\u00f3dico Regional\",\"url\":\"https:\/\/pagina10.com\/web\/\",\"logo\":{\"@type\":\"ImageObject\",\"inLanguage\":\"es\",\"@id\":\"https:\/\/pagina10.com\/web\/#\/schema\/logo\/image\/\",\"url\":\"https:\/\/pagina10.com\/web\/wp-content\/uploads\/2024\/01\/40-pagina-10-periodico-regional-pasto.jpg\",\"contentUrl\":\"https:\/\/pagina10.com\/web\/wp-content\/uploads\/2024\/01\/40-pagina-10-periodico-regional-pasto.jpg\",\"width\":1280,\"height\":720,\"caption\":\"P\u00e1gina10\"},\"image\":{\"@id\":\"https:\/\/pagina10.com\/web\/#\/schema\/logo\/image\/\"},\"sameAs\":[\"https:\/\/www.facebook.com\/pag10com\",\"https:\/\/x.com\/Pag10com\",\"https:\/\/www.instagram.com\/pagina10col\/\",\"https:\/\/youtube.com\/channel\/pag10\",\"https:\/\/www.tiktok.com\/@p10col\"]},{\"@type\":\"Person\",\"@id\":\"https:\/\/pagina10.com\/web\/#\/schema\/person\/2efc4a090d25b667d3bc796798a3a81b\",\"name\":\"P\u00e1gina 10\",\"description\":\"P\u00e1gina 10 es un peri\u00f3dico regional que nace en Colombia, en el departamento de Nari\u00f1o, con un enfoque global, fundamentado en cuatro pilares esenciales: la libertad, el pluralismo, la inclusi\u00f3n y la independencia. P\u00e1gina 10 hace referencia a Nari\u00f1o como el d\u00e9cimo departamento creado en Colombia, despu\u00e9s de un proceso pol\u00edtico liderado por actores y actrices regionales con el fin de obtener la independencia y autonom\u00eda de nuestros territorios. Con la creaci\u00f3n de P\u00e1gina 10 se pretende abrir un escenario para el dialogo, la reflexi\u00f3n y el debate que se extienda a otras geograf\u00edas de Am\u00e9rica Latina y del planeta, en una apuesta por transformar colectivamente los desaf\u00edos de un mundo contempor\u00e1neo, m\u00e1s all\u00e1 de las fronteras impuestas.\",\"url\":\"https:\/\/pagina10.com\/web\/author\/pdiezadmin\/\"}]}<\/script>\n<!-- \/ Yoast SEO plugin. -->","yoast_head_json":{"title":"Aprobado proyecto que busca eliminar los castigos f\u00edsicos en contra de los ni\u00f1os, ni\u00f1as y adolescentes. | P\u00e1gina10","robots":{"index":"index","follow":"follow","max-snippet":"max-snippet:-1","max-image-preview":"max-image-preview:large","max-video-preview":"max-video-preview:-1"},"canonical":"https:\/\/pagina10.com\/web\/aprobado-proyecto-que-busca-eliminar-los-castigos-fisicos-en-contra-de-los-ninos-ninas-y-adolescentes\/","og_locale":"es_ES","og_type":"article","og_title":"Aprobado proyecto que busca eliminar los castigos f\u00edsicos en contra de los ni\u00f1os, ni\u00f1as y adolescentes. | P\u00e1gina10","og_description":"Este martes, el Senado aprob\u00f3 el proyecto de la autor\u00eda de los representantes Juli\u00e1n Peinado y Harry Gonz\u00e1les, que proh\u00edbe en el C\u00f3digo Civil los castigos f\u00edsicos en contra de ni\u00f1os, ni\u00f1as y adolescentes en Colombia. La iniciativa establece que los padres tienen el derecho a educar, criar y corregir a sus hijos, pero que [&hellip;]","og_url":"https:\/\/pagina10.com\/web\/aprobado-proyecto-que-busca-eliminar-los-castigos-fisicos-en-contra-de-los-ninos-ninas-y-adolescentes\/","og_site_name":"P\u00e1gina10","article_publisher":"https:\/\/www.facebook.com\/pag10com","article_published_time":"2021-03-24T14:47:33+00:00","og_image":[{"width":630,"height":355,"url":"https:\/\/pagina10.com\/web\/wp-content\/uploads\/2021\/03\/ensenar-hijos-azotes-cf8da.png","type":"image\/png"}],"author":"P\u00e1gina 10","twitter_card":"summary_large_image","twitter_creator":"@Pag10com","twitter_site":"@Pag10com","twitter_misc":{"Escrito por":"P\u00e1gina 10","Tiempo de lectura":"1 minuto"},"schema":{"@context":"https:\/\/schema.org","@graph":[{"@type":"Article","@id":"https:\/\/pagina10.com\/web\/aprobado-proyecto-que-busca-eliminar-los-castigos-fisicos-en-contra-de-los-ninos-ninas-y-adolescentes\/#article","isPartOf":{"@id":"https:\/\/pagina10.com\/web\/aprobado-proyecto-que-busca-eliminar-los-castigos-fisicos-en-contra-de-los-ninos-ninas-y-adolescentes\/"},"author":{"name":"P\u00e1gina 10","@id":"https:\/\/pagina10.com\/web\/#\/schema\/person\/2efc4a090d25b667d3bc796798a3a81b"},"headline":"Aprobado proyecto que busca eliminar los castigos f\u00edsicos en contra de los ni\u00f1os, ni\u00f1as y adolescentes.","datePublished":"2021-03-24T14:47:33+00:00","mainEntityOfPage":{"@id":"https:\/\/pagina10.com\/web\/aprobado-proyecto-que-busca-eliminar-los-castigos-fisicos-en-contra-de-los-ninos-ninas-y-adolescentes\/"},"wordCount":283,"commentCount":0,"publisher":{"@id":"https:\/\/pagina10.com\/web\/#organization"},"image":{"@id":"https:\/\/pagina10.com\/web\/aprobado-proyecto-que-busca-eliminar-los-castigos-fisicos-en-contra-de-los-ninos-ninas-y-adolescentes\/#primaryimage"},"thumbnailUrl":"https:\/\/pagina10.com\/web\/wp-content\/uploads\/2021\/03\/ensenar-hijos-azotes-cf8da.png","articleSection":["Nacional"],"inLanguage":"es","potentialAction":[{"@type":"CommentAction","name":"Comment","target":["https:\/\/pagina10.com\/web\/aprobado-proyecto-que-busca-eliminar-los-castigos-fisicos-en-contra-de-los-ninos-ninas-y-adolescentes\/#respond"]}]},{"@type":"WebPage","@id":"https:\/\/pagina10.com\/web\/aprobado-proyecto-que-busca-eliminar-los-castigos-fisicos-en-contra-de-los-ninos-ninas-y-adolescentes\/","url":"https:\/\/pagina10.com\/web\/aprobado-proyecto-que-busca-eliminar-los-castigos-fisicos-en-contra-de-los-ninos-ninas-y-adolescentes\/","name":"Aprobado proyecto que busca eliminar los castigos f\u00edsicos en contra de los ni\u00f1os, ni\u00f1as y adolescentes. | P\u00e1gina10","isPartOf":{"@id":"https:\/\/pagina10.com\/web\/#website"},"primaryImageOfPage":{"@id":"https:\/\/pagina10.com\/web\/aprobado-proyecto-que-busca-eliminar-los-castigos-fisicos-en-contra-de-los-ninos-ninas-y-adolescentes\/#primaryimage"},"image":{"@id":"https:\/\/pagina10.com\/web\/aprobado-proyecto-que-busca-eliminar-los-castigos-fisicos-en-contra-de-los-ninos-ninas-y-adolescentes\/#primaryimage"},"thumbnailUrl":"https:\/\/pagina10.com\/web\/wp-content\/uploads\/2021\/03\/ensenar-hijos-azotes-cf8da.png","datePublished":"2021-03-24T14:47:33+00:00","breadcrumb":{"@id":"https:\/\/pagina10.com\/web\/aprobado-proyecto-que-busca-eliminar-los-castigos-fisicos-en-contra-de-los-ninos-ninas-y-adolescentes\/#breadcrumb"},"inLanguage":"es","potentialAction":[{"@type":"ReadAction","target":["https:\/\/pagina10.com\/web\/aprobado-proyecto-que-busca-eliminar-los-castigos-fisicos-en-contra-de-los-ninos-ninas-y-adolescentes\/"]}]},{"@type":"ImageObject","inLanguage":"es","@id":"https:\/\/pagina10.com\/web\/aprobado-proyecto-que-busca-eliminar-los-castigos-fisicos-en-contra-de-los-ninos-ninas-y-adolescentes\/#primaryimage","url":"https:\/\/pagina10.com\/web\/wp-content\/uploads\/2021\/03\/ensenar-hijos-azotes-cf8da.png","contentUrl":"https:\/\/pagina10.com\/web\/wp-content\/uploads\/2021\/03\/ensenar-hijos-azotes-cf8da.png","width":630,"height":355},{"@type":"BreadcrumbList","@id":"https:\/\/pagina10.com\/web\/aprobado-proyecto-que-busca-eliminar-los-castigos-fisicos-en-contra-de-los-ninos-ninas-y-adolescentes\/#breadcrumb","itemListElement":[{"@type":"ListItem","position":1,"name":"Portada","item":"https:\/\/pagina10.com\/web\/"},{"@type":"ListItem","position":2,"name":"Aprobado proyecto que busca eliminar los castigos f\u00edsicos en contra de los ni\u00f1os, ni\u00f1as y adolescentes."}]},{"@type":"WebSite","@id":"https:\/\/pagina10.com\/web\/#website","url":"https:\/\/pagina10.com\/web\/","name":"P\u00e1gina10","description":"Peri\u00f3dico Regional","publisher":{"@id":"https:\/\/pagina10.com\/web\/#organization"},"alternateName":"P\u00e1gina10 Peri\u00f3dico Regional","potentialAction":[{"@type":"SearchAction","target":{"@type":"EntryPoint","urlTemplate":"https:\/\/pagina10.com\/web\/?s={search_term_string}"},"query-input":{"@type":"PropertyValueSpecification","valueRequired":true,"valueName":"search_term_string"}}],"inLanguage":"es"},{"@type":"Organization","@id":"https:\/\/pagina10.com\/web\/#organization","name":"P\u00e1gina10","alternateName":"P\u00e1gina10 Peri\u00f3dico Regional","url":"https:\/\/pagina10.com\/web\/","logo":{"@type":"ImageObject","inLanguage":"es","@id":"https:\/\/pagina10.com\/web\/#\/schema\/logo\/image\/","url":"https:\/\/pagina10.com\/web\/wp-content\/uploads\/2024\/01\/40-pagina-10-periodico-regional-pasto.jpg","contentUrl":"https:\/\/pagina10.com\/web\/wp-content\/uploads\/2024\/01\/40-pagina-10-periodico-regional-pasto.jpg","width":1280,"height":720,"caption":"P\u00e1gina10"},"image":{"@id":"https:\/\/pagina10.com\/web\/#\/schema\/logo\/image\/"},"sameAs":["https:\/\/www.facebook.com\/pag10com","https:\/\/x.com\/Pag10com","https:\/\/www.instagram.com\/pagina10col\/","https:\/\/youtube.com\/channel\/pag10","https:\/\/www.tiktok.com\/@p10col"]},{"@type":"Person","@id":"https:\/\/pagina10.com\/web\/#\/schema\/person\/2efc4a090d25b667d3bc796798a3a81b","name":"P\u00e1gina 10","description":"P\u00e1gina 10 es un peri\u00f3dico regional que nace en Colombia, en el departamento de Nari\u00f1o, con un enfoque global, fundamentado en cuatro pilares esenciales: la libertad, el pluralismo, la inclusi\u00f3n y la independencia. P\u00e1gina 10 hace referencia a Nari\u00f1o como el d\u00e9cimo departamento creado en Colombia, despu\u00e9s de un proceso pol\u00edtico liderado por actores y actrices regionales con el fin de obtener la independencia y autonom\u00eda de nuestros territorios. Con la creaci\u00f3n de P\u00e1gina 10 se pretende abrir un escenario para el dialogo, la reflexi\u00f3n y el debate que se extienda a otras geograf\u00edas de Am\u00e9rica Latina y del planeta, en una apuesta por transformar colectivamente los desaf\u00edos de un mundo contempor\u00e1neo, m\u00e1s all\u00e1 de las fronteras impuestas.","url":"https:\/\/pagina10.com\/web\/author\/pdiezadmin\/"}]}},"_links":{"self":[{"href":"https:\/\/pagina10.com\/web\/wp-json\/wp\/v2\/posts\/51343","targetHints":{"allow":["GET"]}}],"collection":[{"href":"https:\/\/pagina10.com\/web\/wp-json\/wp\/v2\/posts"}],"about":[{"href":"https:\/\/pagina10.com\/web\/wp-json\/wp\/v2\/types\/post"}],"author":[{"embeddable":true,"href":"https:\/\/pagina10.com\/web\/wp-json\/wp\/v2\/users\/1"}],"replies":[{"embeddable":true,"href":"https:\/\/pagina10.com\/web\/wp-json\/wp\/v2\/comments?post=51343"}],"version-history":[{"count":1,"href":"https:\/\/pagina10.com\/web\/wp-json\/wp\/v2\/posts\/51343\/revisions"}],"predecessor-version":[{"id":51345,"href":"https:\/\/pagina10.com\/web\/wp-json\/wp\/v2\/posts\/51343\/revisions\/51345"}],"wp:featuredmedia":[{"embeddable":true,"href":"https:\/\/pagina10.com\/web\/wp-json\/wp\/v2\/media\/51344"}],"wp:attachment":[{"href":"https:\/\/pagina10.com\/web\/wp-json\/wp\/v2\/media?parent=51343"}],"wp:term":[{"taxonomy":"category","embeddable":true,"href":"https:\/\/pagina10.com\/web\/wp-json\/wp\/v2\/categories?post=51343"},{"taxonomy":"post_tag","embeddable":true,"href":"https:\/\/pagina10.com\/web\/wp-json\/wp\/v2\/tags?post=51343"}],"curies":[{"name":"wp","href":"https:\/\/api.w.org\/{rel}","templated":true}]}}