{"id":51355,"date":"2021-03-24T16:50:44","date_gmt":"2021-03-24T21:50:44","guid":{"rendered":"https:\/\/pagina10.com\/web\/?p=51355"},"modified":"2021-03-24T16:50:44","modified_gmt":"2021-03-24T21:50:44","slug":"corte-idh-estado-colombiano-debera-implementar-medidas-de-proteccion-para-jineth-bedoya-y-su-madre","status":"publish","type":"post","link":"https:\/\/pagina10.com\/web\/corte-idh-estado-colombiano-debera-implementar-medidas-de-proteccion-para-jineth-bedoya-y-su-madre\/","title":{"rendered":"Corte IDH: Estado colombiano deber\u00e1 implementar medidas de protecci\u00f3n para Jineth Bedoya y su madre."},"content":{"rendered":"<p style=\"text-align: justify;\">Un d\u00eda despu\u00e9s del cierre de la audiencia p\u00fablica por el caso de violaci\u00f3n, tortura y secuestro de la periodista Jineth Bedoya en mayo del a\u00f1o 2000, la Corte Interamericana de Derechos Humanos orden\u00f3 que el Estado colombiano debe tomar las medidas necesarias para proteger la vida e integridad de la periodista y de su madre, Luz Nelly Lima.<\/p>\n<p style=\"text-align: justify;\">Esta es una de las primeras medidas que tom\u00f3 la Corte IDH, antes de pronunciar una sentencia definitiva a favor o en contra del Estado colombiano. La Corte declar\u00f3 as\u00ed mismo, que Jineth y su madre deben ser part\u00edcipes en la planificaci\u00f3n e implementaci\u00f3n de estas medidas de protecci\u00f3n.<\/p>\n<p style=\"text-align: justify;\">La Corte se\u00f1al\u00f3 que representantes del pa\u00eds deber\u00e1n entregar al \u00f3rgano de justicia un informe con el desarrollo de la estrategia, a m\u00e1s tarde el 9 de abril, estrategia que deber\u00e1 ser actualizada cada dos meses. Esta medida se origin\u00f3 despu\u00e9s de las declaraciones de la periodista, quien asegur\u00f3 que durante m\u00e1s de 20 a\u00f1os ha recibido amenazas de muerte.<\/p>\n<p style=\"text-align: justify;\">La Corte IDH concluy\u00f3 que \u201cseg\u00fan lo indicado por la se\u00f1ora Bedoya Lima, desde hace como m\u00ednimo dos d\u00e9cadas hasta la actualidad, habr\u00eda recibido amenazas que atentar\u00edan contra su vida e integridad, e incluso algunas de ellas, en particular, conformar\u00edan actos de amedrentamiento con un alto grado de violencia sexual. El Tribunal nota que la entidad de las amenazas que, seg\u00fan la se\u00f1ora Bedoya Lima, sufren ella y su madre, alcanzan un grado de intimidaci\u00f3n y generan tal nivel de angustia que puede ser calificado como de extrema gravedad\u201d.<\/p>\n<p style=\"text-align: justify;\">Finalmente, en la audiencia que tuvo lugar ayer, el director de la Agencia Nacional de Defensa Jur\u00eddica del Estado, Camilo G\u00f3mez, en nombre del Estado Colombiano reconoci\u00f3 \u201cla responsabilidad internacional por las fallas del sistema judicial, que no realiz\u00f3 una investigaci\u00f3n penal digna para la v\u00edctima, al recaudar doce declaraciones, y le pide perd\u00f3n a Jineth Bedoya por estos hechos y por el da\u00f1o que el causaron\u201d.<\/p>\n","protected":false},"excerpt":{"rendered":"<p>Un d\u00eda despu\u00e9s del cierre de la audiencia p\u00fablica por el caso de violaci\u00f3n, tortura y secuestro de la periodista Jineth Bedoya en mayo del a\u00f1o 2000, la Corte Interamericana de Derechos Humanos orden\u00f3 que el Estado colombiano debe tomar las medidas necesarias para proteger la vida e integridad de la periodista y de su [&hellip;]<\/p>\n","protected":false},"author":1,"featured_media":51356,"comment_status":"open","ping_status":"open","sticky":false,"template":"","format":"standard","meta":{"footnotes":""},"categories":[61],"tags":[],"class_list":["post-51355","post","type-post","status-publish","format-standard","has-post-thumbnail","hentry","category-judicial"],"yoast_head":"<!-- This site is optimized with the Yoast SEO plugin v27.1.1 - https:\/\/yoast.com\/product\/yoast-seo-wordpress\/ -->\n<title>Corte IDH: Estado colombiano deber\u00e1 implementar medidas de protecci\u00f3n para Jineth Bedoya y su madre. | P\u00e1gina10<\/title>\n<meta name=\"robots\" content=\"index, follow, max-snippet:-1, max-image-preview:large, max-video-preview:-1\" \/>\n<link rel=\"canonical\" href=\"https:\/\/pagina10.com\/web\/corte-idh-estado-colombiano-debera-implementar-medidas-de-proteccion-para-jineth-bedoya-y-su-madre\/\" \/>\n<meta property=\"og:locale\" content=\"es_ES\" \/>\n<meta property=\"og:type\" content=\"article\" \/>\n<meta property=\"og:title\" content=\"Corte IDH: Estado colombiano deber\u00e1 implementar medidas de protecci\u00f3n para Jineth Bedoya y su madre. | P\u00e1gina10\" \/>\n<meta property=\"og:description\" content=\"Un d\u00eda despu\u00e9s del cierre de la audiencia p\u00fablica por el caso de violaci\u00f3n, tortura y secuestro de la periodista Jineth Bedoya en mayo del a\u00f1o 2000, la Corte Interamericana de Derechos Humanos orden\u00f3 que el Estado colombiano debe tomar las medidas necesarias para proteger la vida e integridad de la periodista y de su [&hellip;]\" \/>\n<meta property=\"og:url\" content=\"https:\/\/pagina10.com\/web\/corte-idh-estado-colombiano-debera-implementar-medidas-de-proteccion-para-jineth-bedoya-y-su-madre\/\" \/>\n<meta property=\"og:site_name\" content=\"P\u00e1gina10\" \/>\n<meta property=\"article:publisher\" content=\"https:\/\/www.facebook.com\/pag10com\" \/>\n<meta property=\"article:published_time\" content=\"2021-03-24T21:50:44+00:00\" \/>\n<meta property=\"og:image\" content=\"https:\/\/pagina10.com\/web\/wp-content\/uploads\/2021\/03\/5fc02e5d025c6.r_1616403403253.0-66-3000-1556.jpeg\" \/>\n\t<meta property=\"og:image:width\" content=\"950\" \/>\n\t<meta property=\"og:image:height\" content=\"534\" \/>\n\t<meta property=\"og:image:type\" content=\"image\/jpeg\" \/>\n<meta name=\"author\" content=\"P\u00e1gina 10\" \/>\n<meta name=\"twitter:card\" content=\"summary_large_image\" \/>\n<meta name=\"twitter:creator\" content=\"@Pag10com\" \/>\n<meta name=\"twitter:site\" content=\"@Pag10com\" \/>\n<meta name=\"twitter:label1\" content=\"Escrito por\" \/>\n\t<meta name=\"twitter:data1\" content=\"P\u00e1gina 10\" \/>\n\t<meta name=\"twitter:label2\" content=\"Tiempo de lectura\" \/>\n\t<meta name=\"twitter:data2\" content=\"2 minutos\" \/>\n<script type=\"application\/ld+json\" class=\"yoast-schema-graph\">{\"@context\":\"https:\/\/schema.org\",\"@graph\":[{\"@type\":\"Article\",\"@id\":\"https:\/\/pagina10.com\/web\/corte-idh-estado-colombiano-debera-implementar-medidas-de-proteccion-para-jineth-bedoya-y-su-madre\/#article\",\"isPartOf\":{\"@id\":\"https:\/\/pagina10.com\/web\/corte-idh-estado-colombiano-debera-implementar-medidas-de-proteccion-para-jineth-bedoya-y-su-madre\/\"},\"author\":{\"name\":\"P\u00e1gina 10\",\"@id\":\"https:\/\/pagina10.com\/web\/#\/schema\/person\/2efc4a090d25b667d3bc796798a3a81b\"},\"headline\":\"Corte IDH: Estado colombiano deber\u00e1 implementar medidas de protecci\u00f3n para Jineth Bedoya y su madre.\",\"datePublished\":\"2021-03-24T21:50:44+00:00\",\"mainEntityOfPage\":{\"@id\":\"https:\/\/pagina10.com\/web\/corte-idh-estado-colombiano-debera-implementar-medidas-de-proteccion-para-jineth-bedoya-y-su-madre\/\"},\"wordCount\":369,\"commentCount\":0,\"publisher\":{\"@id\":\"https:\/\/pagina10.com\/web\/#organization\"},\"image\":{\"@id\":\"https:\/\/pagina10.com\/web\/corte-idh-estado-colombiano-debera-implementar-medidas-de-proteccion-para-jineth-bedoya-y-su-madre\/#primaryimage\"},\"thumbnailUrl\":\"https:\/\/pagina10.com\/web\/wp-content\/uploads\/2021\/03\/5fc02e5d025c6.r_1616403403253.0-66-3000-1556.jpeg\",\"articleSection\":[\"Judicial\"],\"inLanguage\":\"es\",\"potentialAction\":[{\"@type\":\"CommentAction\",\"name\":\"Comment\",\"target\":[\"https:\/\/pagina10.com\/web\/corte-idh-estado-colombiano-debera-implementar-medidas-de-proteccion-para-jineth-bedoya-y-su-madre\/#respond\"]}]},{\"@type\":\"WebPage\",\"@id\":\"https:\/\/pagina10.com\/web\/corte-idh-estado-colombiano-debera-implementar-medidas-de-proteccion-para-jineth-bedoya-y-su-madre\/\",\"url\":\"https:\/\/pagina10.com\/web\/corte-idh-estado-colombiano-debera-implementar-medidas-de-proteccion-para-jineth-bedoya-y-su-madre\/\",\"name\":\"Corte IDH: Estado colombiano deber\u00e1 implementar medidas de protecci\u00f3n para Jineth Bedoya y su madre. | P\u00e1gina10\",\"isPartOf\":{\"@id\":\"https:\/\/pagina10.com\/web\/#website\"},\"primaryImageOfPage\":{\"@id\":\"https:\/\/pagina10.com\/web\/corte-idh-estado-colombiano-debera-implementar-medidas-de-proteccion-para-jineth-bedoya-y-su-madre\/#primaryimage\"},\"image\":{\"@id\":\"https:\/\/pagina10.com\/web\/corte-idh-estado-colombiano-debera-implementar-medidas-de-proteccion-para-jineth-bedoya-y-su-madre\/#primaryimage\"},\"thumbnailUrl\":\"https:\/\/pagina10.com\/web\/wp-content\/uploads\/2021\/03\/5fc02e5d025c6.r_1616403403253.0-66-3000-1556.jpeg\",\"datePublished\":\"2021-03-24T21:50:44+00:00\",\"breadcrumb\":{\"@id\":\"https:\/\/pagina10.com\/web\/corte-idh-estado-colombiano-debera-implementar-medidas-de-proteccion-para-jineth-bedoya-y-su-madre\/#breadcrumb\"},\"inLanguage\":\"es\",\"potentialAction\":[{\"@type\":\"ReadAction\",\"target\":[\"https:\/\/pagina10.com\/web\/corte-idh-estado-colombiano-debera-implementar-medidas-de-proteccion-para-jineth-bedoya-y-su-madre\/\"]}]},{\"@type\":\"ImageObject\",\"inLanguage\":\"es\",\"@id\":\"https:\/\/pagina10.com\/web\/corte-idh-estado-colombiano-debera-implementar-medidas-de-proteccion-para-jineth-bedoya-y-su-madre\/#primaryimage\",\"url\":\"https:\/\/pagina10.com\/web\/wp-content\/uploads\/2021\/03\/5fc02e5d025c6.r_1616403403253.0-66-3000-1556.jpeg\",\"contentUrl\":\"https:\/\/pagina10.com\/web\/wp-content\/uploads\/2021\/03\/5fc02e5d025c6.r_1616403403253.0-66-3000-1556.jpeg\",\"width\":950,\"height\":534},{\"@type\":\"BreadcrumbList\",\"@id\":\"https:\/\/pagina10.com\/web\/corte-idh-estado-colombiano-debera-implementar-medidas-de-proteccion-para-jineth-bedoya-y-su-madre\/#breadcrumb\",\"itemListElement\":[{\"@type\":\"ListItem\",\"position\":1,\"name\":\"Portada\",\"item\":\"https:\/\/pagina10.com\/web\/\"},{\"@type\":\"ListItem\",\"position\":2,\"name\":\"Corte IDH: Estado colombiano deber\u00e1 implementar medidas de protecci\u00f3n para Jineth Bedoya y su madre.\"}]},{\"@type\":\"WebSite\",\"@id\":\"https:\/\/pagina10.com\/web\/#website\",\"url\":\"https:\/\/pagina10.com\/web\/\",\"name\":\"P\u00e1gina10\",\"description\":\"Peri\u00f3dico Regional\",\"publisher\":{\"@id\":\"https:\/\/pagina10.com\/web\/#organization\"},\"alternateName\":\"P\u00e1gina10 Peri\u00f3dico Regional\",\"potentialAction\":[{\"@type\":\"SearchAction\",\"target\":{\"@type\":\"EntryPoint\",\"urlTemplate\":\"https:\/\/pagina10.com\/web\/?s={search_term_string}\"},\"query-input\":{\"@type\":\"PropertyValueSpecification\",\"valueRequired\":true,\"valueName\":\"search_term_string\"}}],\"inLanguage\":\"es\"},{\"@type\":\"Organization\",\"@id\":\"https:\/\/pagina10.com\/web\/#organization\",\"name\":\"P\u00e1gina10\",\"alternateName\":\"P\u00e1gina10 Peri\u00f3dico Regional\",\"url\":\"https:\/\/pagina10.com\/web\/\",\"logo\":{\"@type\":\"ImageObject\",\"inLanguage\":\"es\",\"@id\":\"https:\/\/pagina10.com\/web\/#\/schema\/logo\/image\/\",\"url\":\"https:\/\/pagina10.com\/web\/wp-content\/uploads\/2024\/01\/40-pagina-10-periodico-regional-pasto.jpg\",\"contentUrl\":\"https:\/\/pagina10.com\/web\/wp-content\/uploads\/2024\/01\/40-pagina-10-periodico-regional-pasto.jpg\",\"width\":1280,\"height\":720,\"caption\":\"P\u00e1gina10\"},\"image\":{\"@id\":\"https:\/\/pagina10.com\/web\/#\/schema\/logo\/image\/\"},\"sameAs\":[\"https:\/\/www.facebook.com\/pag10com\",\"https:\/\/x.com\/Pag10com\",\"https:\/\/www.instagram.com\/pagina10col\/\",\"https:\/\/youtube.com\/channel\/pag10\",\"https:\/\/www.tiktok.com\/@p10col\"]},{\"@type\":\"Person\",\"@id\":\"https:\/\/pagina10.com\/web\/#\/schema\/person\/2efc4a090d25b667d3bc796798a3a81b\",\"name\":\"P\u00e1gina 10\",\"description\":\"P\u00e1gina 10 es un peri\u00f3dico regional que nace en Colombia, en el departamento de Nari\u00f1o, con un enfoque global, fundamentado en cuatro pilares esenciales: la libertad, el pluralismo, la inclusi\u00f3n y la independencia. P\u00e1gina 10 hace referencia a Nari\u00f1o como el d\u00e9cimo departamento creado en Colombia, despu\u00e9s de un proceso pol\u00edtico liderado por actores y actrices regionales con el fin de obtener la independencia y autonom\u00eda de nuestros territorios. Con la creaci\u00f3n de P\u00e1gina 10 se pretende abrir un escenario para el dialogo, la reflexi\u00f3n y el debate que se extienda a otras geograf\u00edas de Am\u00e9rica Latina y del planeta, en una apuesta por transformar colectivamente los desaf\u00edos de un mundo contempor\u00e1neo, m\u00e1s all\u00e1 de las fronteras impuestas.\",\"url\":\"https:\/\/pagina10.com\/web\/author\/pdiezadmin\/\"}]}<\/script>\n<!-- \/ Yoast SEO plugin. -->","yoast_head_json":{"title":"Corte IDH: Estado colombiano deber\u00e1 implementar medidas de protecci\u00f3n para Jineth Bedoya y su madre. | P\u00e1gina10","robots":{"index":"index","follow":"follow","max-snippet":"max-snippet:-1","max-image-preview":"max-image-preview:large","max-video-preview":"max-video-preview:-1"},"canonical":"https:\/\/pagina10.com\/web\/corte-idh-estado-colombiano-debera-implementar-medidas-de-proteccion-para-jineth-bedoya-y-su-madre\/","og_locale":"es_ES","og_type":"article","og_title":"Corte IDH: Estado colombiano deber\u00e1 implementar medidas de protecci\u00f3n para Jineth Bedoya y su madre. | P\u00e1gina10","og_description":"Un d\u00eda despu\u00e9s del cierre de la audiencia p\u00fablica por el caso de violaci\u00f3n, tortura y secuestro de la periodista Jineth Bedoya en mayo del a\u00f1o 2000, la Corte Interamericana de Derechos Humanos orden\u00f3 que el Estado colombiano debe tomar las medidas necesarias para proteger la vida e integridad de la periodista y de su [&hellip;]","og_url":"https:\/\/pagina10.com\/web\/corte-idh-estado-colombiano-debera-implementar-medidas-de-proteccion-para-jineth-bedoya-y-su-madre\/","og_site_name":"P\u00e1gina10","article_publisher":"https:\/\/www.facebook.com\/pag10com","article_published_time":"2021-03-24T21:50:44+00:00","og_image":[{"width":950,"height":534,"url":"https:\/\/pagina10.com\/web\/wp-content\/uploads\/2021\/03\/5fc02e5d025c6.r_1616403403253.0-66-3000-1556.jpeg","type":"image\/jpeg"}],"author":"P\u00e1gina 10","twitter_card":"summary_large_image","twitter_creator":"@Pag10com","twitter_site":"@Pag10com","twitter_misc":{"Escrito por":"P\u00e1gina 10","Tiempo de lectura":"2 minutos"},"schema":{"@context":"https:\/\/schema.org","@graph":[{"@type":"Article","@id":"https:\/\/pagina10.com\/web\/corte-idh-estado-colombiano-debera-implementar-medidas-de-proteccion-para-jineth-bedoya-y-su-madre\/#article","isPartOf":{"@id":"https:\/\/pagina10.com\/web\/corte-idh-estado-colombiano-debera-implementar-medidas-de-proteccion-para-jineth-bedoya-y-su-madre\/"},"author":{"name":"P\u00e1gina 10","@id":"https:\/\/pagina10.com\/web\/#\/schema\/person\/2efc4a090d25b667d3bc796798a3a81b"},"headline":"Corte IDH: Estado colombiano deber\u00e1 implementar medidas de protecci\u00f3n para Jineth Bedoya y su madre.","datePublished":"2021-03-24T21:50:44+00:00","mainEntityOfPage":{"@id":"https:\/\/pagina10.com\/web\/corte-idh-estado-colombiano-debera-implementar-medidas-de-proteccion-para-jineth-bedoya-y-su-madre\/"},"wordCount":369,"commentCount":0,"publisher":{"@id":"https:\/\/pagina10.com\/web\/#organization"},"image":{"@id":"https:\/\/pagina10.com\/web\/corte-idh-estado-colombiano-debera-implementar-medidas-de-proteccion-para-jineth-bedoya-y-su-madre\/#primaryimage"},"thumbnailUrl":"https:\/\/pagina10.com\/web\/wp-content\/uploads\/2021\/03\/5fc02e5d025c6.r_1616403403253.0-66-3000-1556.jpeg","articleSection":["Judicial"],"inLanguage":"es","potentialAction":[{"@type":"CommentAction","name":"Comment","target":["https:\/\/pagina10.com\/web\/corte-idh-estado-colombiano-debera-implementar-medidas-de-proteccion-para-jineth-bedoya-y-su-madre\/#respond"]}]},{"@type":"WebPage","@id":"https:\/\/pagina10.com\/web\/corte-idh-estado-colombiano-debera-implementar-medidas-de-proteccion-para-jineth-bedoya-y-su-madre\/","url":"https:\/\/pagina10.com\/web\/corte-idh-estado-colombiano-debera-implementar-medidas-de-proteccion-para-jineth-bedoya-y-su-madre\/","name":"Corte IDH: Estado colombiano deber\u00e1 implementar medidas de protecci\u00f3n para Jineth Bedoya y su madre. | P\u00e1gina10","isPartOf":{"@id":"https:\/\/pagina10.com\/web\/#website"},"primaryImageOfPage":{"@id":"https:\/\/pagina10.com\/web\/corte-idh-estado-colombiano-debera-implementar-medidas-de-proteccion-para-jineth-bedoya-y-su-madre\/#primaryimage"},"image":{"@id":"https:\/\/pagina10.com\/web\/corte-idh-estado-colombiano-debera-implementar-medidas-de-proteccion-para-jineth-bedoya-y-su-madre\/#primaryimage"},"thumbnailUrl":"https:\/\/pagina10.com\/web\/wp-content\/uploads\/2021\/03\/5fc02e5d025c6.r_1616403403253.0-66-3000-1556.jpeg","datePublished":"2021-03-24T21:50:44+00:00","breadcrumb":{"@id":"https:\/\/pagina10.com\/web\/corte-idh-estado-colombiano-debera-implementar-medidas-de-proteccion-para-jineth-bedoya-y-su-madre\/#breadcrumb"},"inLanguage":"es","potentialAction":[{"@type":"ReadAction","target":["https:\/\/pagina10.com\/web\/corte-idh-estado-colombiano-debera-implementar-medidas-de-proteccion-para-jineth-bedoya-y-su-madre\/"]}]},{"@type":"ImageObject","inLanguage":"es","@id":"https:\/\/pagina10.com\/web\/corte-idh-estado-colombiano-debera-implementar-medidas-de-proteccion-para-jineth-bedoya-y-su-madre\/#primaryimage","url":"https:\/\/pagina10.com\/web\/wp-content\/uploads\/2021\/03\/5fc02e5d025c6.r_1616403403253.0-66-3000-1556.jpeg","contentUrl":"https:\/\/pagina10.com\/web\/wp-content\/uploads\/2021\/03\/5fc02e5d025c6.r_1616403403253.0-66-3000-1556.jpeg","width":950,"height":534},{"@type":"BreadcrumbList","@id":"https:\/\/pagina10.com\/web\/corte-idh-estado-colombiano-debera-implementar-medidas-de-proteccion-para-jineth-bedoya-y-su-madre\/#breadcrumb","itemListElement":[{"@type":"ListItem","position":1,"name":"Portada","item":"https:\/\/pagina10.com\/web\/"},{"@type":"ListItem","position":2,"name":"Corte IDH: Estado colombiano deber\u00e1 implementar medidas de protecci\u00f3n para Jineth Bedoya y su madre."}]},{"@type":"WebSite","@id":"https:\/\/pagina10.com\/web\/#website","url":"https:\/\/pagina10.com\/web\/","name":"P\u00e1gina10","description":"Peri\u00f3dico Regional","publisher":{"@id":"https:\/\/pagina10.com\/web\/#organization"},"alternateName":"P\u00e1gina10 Peri\u00f3dico Regional","potentialAction":[{"@type":"SearchAction","target":{"@type":"EntryPoint","urlTemplate":"https:\/\/pagina10.com\/web\/?s={search_term_string}"},"query-input":{"@type":"PropertyValueSpecification","valueRequired":true,"valueName":"search_term_string"}}],"inLanguage":"es"},{"@type":"Organization","@id":"https:\/\/pagina10.com\/web\/#organization","name":"P\u00e1gina10","alternateName":"P\u00e1gina10 Peri\u00f3dico Regional","url":"https:\/\/pagina10.com\/web\/","logo":{"@type":"ImageObject","inLanguage":"es","@id":"https:\/\/pagina10.com\/web\/#\/schema\/logo\/image\/","url":"https:\/\/pagina10.com\/web\/wp-content\/uploads\/2024\/01\/40-pagina-10-periodico-regional-pasto.jpg","contentUrl":"https:\/\/pagina10.com\/web\/wp-content\/uploads\/2024\/01\/40-pagina-10-periodico-regional-pasto.jpg","width":1280,"height":720,"caption":"P\u00e1gina10"},"image":{"@id":"https:\/\/pagina10.com\/web\/#\/schema\/logo\/image\/"},"sameAs":["https:\/\/www.facebook.com\/pag10com","https:\/\/x.com\/Pag10com","https:\/\/www.instagram.com\/pagina10col\/","https:\/\/youtube.com\/channel\/pag10","https:\/\/www.tiktok.com\/@p10col"]},{"@type":"Person","@id":"https:\/\/pagina10.com\/web\/#\/schema\/person\/2efc4a090d25b667d3bc796798a3a81b","name":"P\u00e1gina 10","description":"P\u00e1gina 10 es un peri\u00f3dico regional que nace en Colombia, en el departamento de Nari\u00f1o, con un enfoque global, fundamentado en cuatro pilares esenciales: la libertad, el pluralismo, la inclusi\u00f3n y la independencia. P\u00e1gina 10 hace referencia a Nari\u00f1o como el d\u00e9cimo departamento creado en Colombia, despu\u00e9s de un proceso pol\u00edtico liderado por actores y actrices regionales con el fin de obtener la independencia y autonom\u00eda de nuestros territorios. Con la creaci\u00f3n de P\u00e1gina 10 se pretende abrir un escenario para el dialogo, la reflexi\u00f3n y el debate que se extienda a otras geograf\u00edas de Am\u00e9rica Latina y del planeta, en una apuesta por transformar colectivamente los desaf\u00edos de un mundo contempor\u00e1neo, m\u00e1s all\u00e1 de las fronteras impuestas.","url":"https:\/\/pagina10.com\/web\/author\/pdiezadmin\/"}]}},"_links":{"self":[{"href":"https:\/\/pagina10.com\/web\/wp-json\/wp\/v2\/posts\/51355","targetHints":{"allow":["GET"]}}],"collection":[{"href":"https:\/\/pagina10.com\/web\/wp-json\/wp\/v2\/posts"}],"about":[{"href":"https:\/\/pagina10.com\/web\/wp-json\/wp\/v2\/types\/post"}],"author":[{"embeddable":true,"href":"https:\/\/pagina10.com\/web\/wp-json\/wp\/v2\/users\/1"}],"replies":[{"embeddable":true,"href":"https:\/\/pagina10.com\/web\/wp-json\/wp\/v2\/comments?post=51355"}],"version-history":[{"count":1,"href":"https:\/\/pagina10.com\/web\/wp-json\/wp\/v2\/posts\/51355\/revisions"}],"predecessor-version":[{"id":51357,"href":"https:\/\/pagina10.com\/web\/wp-json\/wp\/v2\/posts\/51355\/revisions\/51357"}],"wp:featuredmedia":[{"embeddable":true,"href":"https:\/\/pagina10.com\/web\/wp-json\/wp\/v2\/media\/51356"}],"wp:attachment":[{"href":"https:\/\/pagina10.com\/web\/wp-json\/wp\/v2\/media?parent=51355"}],"wp:term":[{"taxonomy":"category","embeddable":true,"href":"https:\/\/pagina10.com\/web\/wp-json\/wp\/v2\/categories?post=51355"},{"taxonomy":"post_tag","embeddable":true,"href":"https:\/\/pagina10.com\/web\/wp-json\/wp\/v2\/tags?post=51355"}],"curies":[{"name":"wp","href":"https:\/\/api.w.org\/{rel}","templated":true}]}}