{"id":51389,"date":"2021-03-26T11:14:35","date_gmt":"2021-03-26T16:14:35","guid":{"rendered":"https:\/\/pagina10.com\/web\/?p=51389"},"modified":"2021-03-26T11:14:35","modified_gmt":"2021-03-26T16:14:35","slug":"gracias-a-dialogos-promovidos-por-la-gobernacion-de-narino-se-levanto-minga-indigena-en-mallama","status":"publish","type":"post","link":"https:\/\/pagina10.com\/web\/gracias-a-dialogos-promovidos-por-la-gobernacion-de-narino-se-levanto-minga-indigena-en-mallama\/","title":{"rendered":"Gracias a di\u00e1logos promovidos por la Gobernaci\u00f3n de Nari\u00f1o se levant\u00f3 Minga Ind\u00edgena en Mallama."},"content":{"rendered":"<div class=\"et_pb_module et_pb_text et_pb_text_0  et_pb_text_align_left et_pb_bg_layout_light\">\n<div class=\"et_pb_text_inner\">\n<p style=\"text-align: justify;\">Despu\u00e9s de di\u00e1logos continuos entre los tres niveles de Gobierno y l\u00edderes y lideresas del resguardo El Gran Mallama, que iniciaron el martes 23 de marzo y culminaron el 25 de marzo a las 12:00 de la media noche se logr\u00f3 levantar la minga permanente y normalizar la movilidad vehicular en la v\u00eda Pasto-Tumaco.<\/p>\n<\/div>\n<\/div>\n<div class=\"et_pb_module et_pb_text et_pb_text_1  et_pb_text_align_left et_pb_bg_layout_light\">\n<div class=\"et_pb_text_inner\" style=\"text-align: justify;\">Para que estos di\u00e1logos se realicen en el territorio, la Gobernaci\u00f3n de Nari\u00f1o convoc\u00f3 y busc\u00f3 la concertaci\u00f3n para la resoluci\u00f3n de las problem\u00e1ticas expresadas por la comunidad, las cuales en su gran mayor\u00eda corresponden a las entidades del orden nacional. Durante la mesa de di\u00e1logo en la que hicieron presencia la comitiva delegada de la Gobernaci\u00f3n de Nari\u00f1o, instituciones de nivel Nacional, autoridades municipales y autoridades ind\u00edgenas se acordaron diferentes soluciones para las peticiones realizadas por el Resguardo Ind\u00edgena en temas de mejoramiento vial, fortalecimiento educativo, ampliaci\u00f3n de conectividad digital, seguridad e inversi\u00f3n socioambiental.<\/div>\n<div class=\"et_pb_text_inner\" style=\"text-align: justify;\">El secretario de Gobierno, Francisco Cer\u00f3n, destac\u00f3 que el papel del Gobierno Departamental se centr\u00f3 en convocar a las entidades y buscar la concertaci\u00f3n para la resoluci\u00f3n de las problem\u00e1ticas expresadas por la comunidad, en aspectos como red vial, conectividad digital y gesti\u00f3n de infraestructura de vivienda.<\/div>\n<div class=\"et_pb_text_inner\" style=\"text-align: justify;\">Las principales conclusiones fueron: \u2013 Invias realizar\u00e1 rehabilitaci\u00f3n y mantenimiento de 22 kil\u00f3metros de la v\u00eda. \u2013 Ministerio de las TIC realizar\u00e1 la instalaci\u00f3n de 11 Centros Digitales; realizar\u00e1 acompa\u00f1amiento a la estructuraci\u00f3n de proyectos de radio para su postulaci\u00f3n a convocatorias; adem\u00e1s, el compromiso de hacer vigilancia detallada del servicio de televisi\u00f3n para tener en cuenta al Municipio en la implementaci\u00f3n de la TDT. \u2013 Por parte de Fiduagraria se reactivar\u00e1 la construcci\u00f3n del proyecto de viviendas en el proyecto del Incoder Pastos, Quillasingas, T\u00faquerres que se encontraba suspendido.<\/div>\n<\/div>\n","protected":false},"excerpt":{"rendered":"<p>Despu\u00e9s de di\u00e1logos continuos entre los tres niveles de Gobierno y l\u00edderes y lideresas del resguardo El Gran Mallama, que iniciaron el martes 23 de marzo y culminaron el 25 de marzo a las 12:00 de la media noche se logr\u00f3 levantar la minga permanente y normalizar la movilidad vehicular en la v\u00eda Pasto-Tumaco. Para [&hellip;]<\/p>\n","protected":false},"author":1,"featured_media":51390,"comment_status":"open","ping_status":"open","sticky":false,"template":"","format":"standard","meta":{"footnotes":""},"categories":[53],"tags":[],"class_list":["post-51389","post","type-post","status-publish","format-standard","has-post-thumbnail","hentry","category-regiones"],"yoast_head":"<!-- This site is optimized with the Yoast SEO plugin v27.1.1 - https:\/\/yoast.com\/product\/yoast-seo-wordpress\/ -->\n<title>Gracias a di\u00e1logos promovidos por la Gobernaci\u00f3n de Nari\u00f1o se levant\u00f3 Minga Ind\u00edgena en Mallama. | P\u00e1gina10<\/title>\n<meta name=\"robots\" content=\"index, follow, max-snippet:-1, max-image-preview:large, max-video-preview:-1\" \/>\n<link rel=\"canonical\" href=\"https:\/\/pagina10.com\/web\/gracias-a-dialogos-promovidos-por-la-gobernacion-de-narino-se-levanto-minga-indigena-en-mallama\/\" \/>\n<meta property=\"og:locale\" content=\"es_ES\" \/>\n<meta property=\"og:type\" content=\"article\" \/>\n<meta property=\"og:title\" content=\"Gracias a di\u00e1logos promovidos por la Gobernaci\u00f3n de Nari\u00f1o se levant\u00f3 Minga Ind\u00edgena en Mallama. | P\u00e1gina10\" \/>\n<meta property=\"og:description\" content=\"Despu\u00e9s de di\u00e1logos continuos entre los tres niveles de Gobierno y l\u00edderes y lideresas del resguardo El Gran Mallama, que iniciaron el martes 23 de marzo y culminaron el 25 de marzo a las 12:00 de la media noche se logr\u00f3 levantar la minga permanente y normalizar la movilidad vehicular en la v\u00eda Pasto-Tumaco. Para [&hellip;]\" \/>\n<meta property=\"og:url\" content=\"https:\/\/pagina10.com\/web\/gracias-a-dialogos-promovidos-por-la-gobernacion-de-narino-se-levanto-minga-indigena-en-mallama\/\" \/>\n<meta property=\"og:site_name\" content=\"P\u00e1gina10\" \/>\n<meta property=\"article:publisher\" content=\"https:\/\/www.facebook.com\/pag10com\" \/>\n<meta property=\"article:published_time\" content=\"2021-03-26T16:14:35+00:00\" \/>\n<meta property=\"og:image\" content=\"https:\/\/pagina10.com\/web\/wp-content\/uploads\/2021\/03\/Captura-de-pantalla-122.png\" \/>\n\t<meta property=\"og:image:width\" content=\"786\" \/>\n\t<meta property=\"og:image:height\" content=\"434\" \/>\n\t<meta property=\"og:image:type\" content=\"image\/png\" \/>\n<meta name=\"author\" content=\"P\u00e1gina 10\" \/>\n<meta name=\"twitter:card\" content=\"summary_large_image\" \/>\n<meta name=\"twitter:creator\" content=\"@Pag10com\" \/>\n<meta name=\"twitter:site\" content=\"@Pag10com\" \/>\n<meta name=\"twitter:label1\" content=\"Escrito por\" \/>\n\t<meta name=\"twitter:data1\" content=\"P\u00e1gina 10\" \/>\n\t<meta name=\"twitter:label2\" content=\"Tiempo de lectura\" \/>\n\t<meta name=\"twitter:data2\" content=\"2 minutos\" \/>\n<script type=\"application\/ld+json\" class=\"yoast-schema-graph\">{\"@context\":\"https:\/\/schema.org\",\"@graph\":[{\"@type\":\"Article\",\"@id\":\"https:\/\/pagina10.com\/web\/gracias-a-dialogos-promovidos-por-la-gobernacion-de-narino-se-levanto-minga-indigena-en-mallama\/#article\",\"isPartOf\":{\"@id\":\"https:\/\/pagina10.com\/web\/gracias-a-dialogos-promovidos-por-la-gobernacion-de-narino-se-levanto-minga-indigena-en-mallama\/\"},\"author\":{\"name\":\"P\u00e1gina 10\",\"@id\":\"https:\/\/pagina10.com\/web\/#\/schema\/person\/2efc4a090d25b667d3bc796798a3a81b\"},\"headline\":\"Gracias a di\u00e1logos promovidos por la Gobernaci\u00f3n de Nari\u00f1o se levant\u00f3 Minga Ind\u00edgena en Mallama.\",\"datePublished\":\"2021-03-26T16:14:35+00:00\",\"mainEntityOfPage\":{\"@id\":\"https:\/\/pagina10.com\/web\/gracias-a-dialogos-promovidos-por-la-gobernacion-de-narino-se-levanto-minga-indigena-en-mallama\/\"},\"wordCount\":332,\"commentCount\":0,\"publisher\":{\"@id\":\"https:\/\/pagina10.com\/web\/#organization\"},\"image\":{\"@id\":\"https:\/\/pagina10.com\/web\/gracias-a-dialogos-promovidos-por-la-gobernacion-de-narino-se-levanto-minga-indigena-en-mallama\/#primaryimage\"},\"thumbnailUrl\":\"https:\/\/pagina10.com\/web\/wp-content\/uploads\/2021\/03\/Captura-de-pantalla-122.png\",\"articleSection\":[\"Regiones\"],\"inLanguage\":\"es\",\"potentialAction\":[{\"@type\":\"CommentAction\",\"name\":\"Comment\",\"target\":[\"https:\/\/pagina10.com\/web\/gracias-a-dialogos-promovidos-por-la-gobernacion-de-narino-se-levanto-minga-indigena-en-mallama\/#respond\"]}]},{\"@type\":\"WebPage\",\"@id\":\"https:\/\/pagina10.com\/web\/gracias-a-dialogos-promovidos-por-la-gobernacion-de-narino-se-levanto-minga-indigena-en-mallama\/\",\"url\":\"https:\/\/pagina10.com\/web\/gracias-a-dialogos-promovidos-por-la-gobernacion-de-narino-se-levanto-minga-indigena-en-mallama\/\",\"name\":\"Gracias a di\u00e1logos promovidos por la Gobernaci\u00f3n de Nari\u00f1o se levant\u00f3 Minga Ind\u00edgena en Mallama. | P\u00e1gina10\",\"isPartOf\":{\"@id\":\"https:\/\/pagina10.com\/web\/#website\"},\"primaryImageOfPage\":{\"@id\":\"https:\/\/pagina10.com\/web\/gracias-a-dialogos-promovidos-por-la-gobernacion-de-narino-se-levanto-minga-indigena-en-mallama\/#primaryimage\"},\"image\":{\"@id\":\"https:\/\/pagina10.com\/web\/gracias-a-dialogos-promovidos-por-la-gobernacion-de-narino-se-levanto-minga-indigena-en-mallama\/#primaryimage\"},\"thumbnailUrl\":\"https:\/\/pagina10.com\/web\/wp-content\/uploads\/2021\/03\/Captura-de-pantalla-122.png\",\"datePublished\":\"2021-03-26T16:14:35+00:00\",\"breadcrumb\":{\"@id\":\"https:\/\/pagina10.com\/web\/gracias-a-dialogos-promovidos-por-la-gobernacion-de-narino-se-levanto-minga-indigena-en-mallama\/#breadcrumb\"},\"inLanguage\":\"es\",\"potentialAction\":[{\"@type\":\"ReadAction\",\"target\":[\"https:\/\/pagina10.com\/web\/gracias-a-dialogos-promovidos-por-la-gobernacion-de-narino-se-levanto-minga-indigena-en-mallama\/\"]}]},{\"@type\":\"ImageObject\",\"inLanguage\":\"es\",\"@id\":\"https:\/\/pagina10.com\/web\/gracias-a-dialogos-promovidos-por-la-gobernacion-de-narino-se-levanto-minga-indigena-en-mallama\/#primaryimage\",\"url\":\"https:\/\/pagina10.com\/web\/wp-content\/uploads\/2021\/03\/Captura-de-pantalla-122.png\",\"contentUrl\":\"https:\/\/pagina10.com\/web\/wp-content\/uploads\/2021\/03\/Captura-de-pantalla-122.png\",\"width\":786,\"height\":434},{\"@type\":\"BreadcrumbList\",\"@id\":\"https:\/\/pagina10.com\/web\/gracias-a-dialogos-promovidos-por-la-gobernacion-de-narino-se-levanto-minga-indigena-en-mallama\/#breadcrumb\",\"itemListElement\":[{\"@type\":\"ListItem\",\"position\":1,\"name\":\"Portada\",\"item\":\"https:\/\/pagina10.com\/web\/\"},{\"@type\":\"ListItem\",\"position\":2,\"name\":\"Gracias a di\u00e1logos promovidos por la Gobernaci\u00f3n de Nari\u00f1o se levant\u00f3 Minga Ind\u00edgena en Mallama.\"}]},{\"@type\":\"WebSite\",\"@id\":\"https:\/\/pagina10.com\/web\/#website\",\"url\":\"https:\/\/pagina10.com\/web\/\",\"name\":\"P\u00e1gina10\",\"description\":\"Peri\u00f3dico Regional\",\"publisher\":{\"@id\":\"https:\/\/pagina10.com\/web\/#organization\"},\"alternateName\":\"P\u00e1gina10 Peri\u00f3dico Regional\",\"potentialAction\":[{\"@type\":\"SearchAction\",\"target\":{\"@type\":\"EntryPoint\",\"urlTemplate\":\"https:\/\/pagina10.com\/web\/?s={search_term_string}\"},\"query-input\":{\"@type\":\"PropertyValueSpecification\",\"valueRequired\":true,\"valueName\":\"search_term_string\"}}],\"inLanguage\":\"es\"},{\"@type\":\"Organization\",\"@id\":\"https:\/\/pagina10.com\/web\/#organization\",\"name\":\"P\u00e1gina10\",\"alternateName\":\"P\u00e1gina10 Peri\u00f3dico Regional\",\"url\":\"https:\/\/pagina10.com\/web\/\",\"logo\":{\"@type\":\"ImageObject\",\"inLanguage\":\"es\",\"@id\":\"https:\/\/pagina10.com\/web\/#\/schema\/logo\/image\/\",\"url\":\"https:\/\/pagina10.com\/web\/wp-content\/uploads\/2024\/01\/40-pagina-10-periodico-regional-pasto.jpg\",\"contentUrl\":\"https:\/\/pagina10.com\/web\/wp-content\/uploads\/2024\/01\/40-pagina-10-periodico-regional-pasto.jpg\",\"width\":1280,\"height\":720,\"caption\":\"P\u00e1gina10\"},\"image\":{\"@id\":\"https:\/\/pagina10.com\/web\/#\/schema\/logo\/image\/\"},\"sameAs\":[\"https:\/\/www.facebook.com\/pag10com\",\"https:\/\/x.com\/Pag10com\",\"https:\/\/www.instagram.com\/pagina10col\/\",\"https:\/\/youtube.com\/channel\/pag10\",\"https:\/\/www.tiktok.com\/@p10col\"]},{\"@type\":\"Person\",\"@id\":\"https:\/\/pagina10.com\/web\/#\/schema\/person\/2efc4a090d25b667d3bc796798a3a81b\",\"name\":\"P\u00e1gina 10\",\"description\":\"P\u00e1gina 10 es un peri\u00f3dico regional que nace en Colombia, en el departamento de Nari\u00f1o, con un enfoque global, fundamentado en cuatro pilares esenciales: la libertad, el pluralismo, la inclusi\u00f3n y la independencia. P\u00e1gina 10 hace referencia a Nari\u00f1o como el d\u00e9cimo departamento creado en Colombia, despu\u00e9s de un proceso pol\u00edtico liderado por actores y actrices regionales con el fin de obtener la independencia y autonom\u00eda de nuestros territorios. Con la creaci\u00f3n de P\u00e1gina 10 se pretende abrir un escenario para el dialogo, la reflexi\u00f3n y el debate que se extienda a otras geograf\u00edas de Am\u00e9rica Latina y del planeta, en una apuesta por transformar colectivamente los desaf\u00edos de un mundo contempor\u00e1neo, m\u00e1s all\u00e1 de las fronteras impuestas.\",\"url\":\"https:\/\/pagina10.com\/web\/author\/pdiezadmin\/\"}]}<\/script>\n<!-- \/ Yoast SEO plugin. -->","yoast_head_json":{"title":"Gracias a di\u00e1logos promovidos por la Gobernaci\u00f3n de Nari\u00f1o se levant\u00f3 Minga Ind\u00edgena en Mallama. | P\u00e1gina10","robots":{"index":"index","follow":"follow","max-snippet":"max-snippet:-1","max-image-preview":"max-image-preview:large","max-video-preview":"max-video-preview:-1"},"canonical":"https:\/\/pagina10.com\/web\/gracias-a-dialogos-promovidos-por-la-gobernacion-de-narino-se-levanto-minga-indigena-en-mallama\/","og_locale":"es_ES","og_type":"article","og_title":"Gracias a di\u00e1logos promovidos por la Gobernaci\u00f3n de Nari\u00f1o se levant\u00f3 Minga Ind\u00edgena en Mallama. | P\u00e1gina10","og_description":"Despu\u00e9s de di\u00e1logos continuos entre los tres niveles de Gobierno y l\u00edderes y lideresas del resguardo El Gran Mallama, que iniciaron el martes 23 de marzo y culminaron el 25 de marzo a las 12:00 de la media noche se logr\u00f3 levantar la minga permanente y normalizar la movilidad vehicular en la v\u00eda Pasto-Tumaco. Para [&hellip;]","og_url":"https:\/\/pagina10.com\/web\/gracias-a-dialogos-promovidos-por-la-gobernacion-de-narino-se-levanto-minga-indigena-en-mallama\/","og_site_name":"P\u00e1gina10","article_publisher":"https:\/\/www.facebook.com\/pag10com","article_published_time":"2021-03-26T16:14:35+00:00","og_image":[{"width":786,"height":434,"url":"https:\/\/pagina10.com\/web\/wp-content\/uploads\/2021\/03\/Captura-de-pantalla-122.png","type":"image\/png"}],"author":"P\u00e1gina 10","twitter_card":"summary_large_image","twitter_creator":"@Pag10com","twitter_site":"@Pag10com","twitter_misc":{"Escrito por":"P\u00e1gina 10","Tiempo de lectura":"2 minutos"},"schema":{"@context":"https:\/\/schema.org","@graph":[{"@type":"Article","@id":"https:\/\/pagina10.com\/web\/gracias-a-dialogos-promovidos-por-la-gobernacion-de-narino-se-levanto-minga-indigena-en-mallama\/#article","isPartOf":{"@id":"https:\/\/pagina10.com\/web\/gracias-a-dialogos-promovidos-por-la-gobernacion-de-narino-se-levanto-minga-indigena-en-mallama\/"},"author":{"name":"P\u00e1gina 10","@id":"https:\/\/pagina10.com\/web\/#\/schema\/person\/2efc4a090d25b667d3bc796798a3a81b"},"headline":"Gracias a di\u00e1logos promovidos por la Gobernaci\u00f3n de Nari\u00f1o se levant\u00f3 Minga Ind\u00edgena en Mallama.","datePublished":"2021-03-26T16:14:35+00:00","mainEntityOfPage":{"@id":"https:\/\/pagina10.com\/web\/gracias-a-dialogos-promovidos-por-la-gobernacion-de-narino-se-levanto-minga-indigena-en-mallama\/"},"wordCount":332,"commentCount":0,"publisher":{"@id":"https:\/\/pagina10.com\/web\/#organization"},"image":{"@id":"https:\/\/pagina10.com\/web\/gracias-a-dialogos-promovidos-por-la-gobernacion-de-narino-se-levanto-minga-indigena-en-mallama\/#primaryimage"},"thumbnailUrl":"https:\/\/pagina10.com\/web\/wp-content\/uploads\/2021\/03\/Captura-de-pantalla-122.png","articleSection":["Regiones"],"inLanguage":"es","potentialAction":[{"@type":"CommentAction","name":"Comment","target":["https:\/\/pagina10.com\/web\/gracias-a-dialogos-promovidos-por-la-gobernacion-de-narino-se-levanto-minga-indigena-en-mallama\/#respond"]}]},{"@type":"WebPage","@id":"https:\/\/pagina10.com\/web\/gracias-a-dialogos-promovidos-por-la-gobernacion-de-narino-se-levanto-minga-indigena-en-mallama\/","url":"https:\/\/pagina10.com\/web\/gracias-a-dialogos-promovidos-por-la-gobernacion-de-narino-se-levanto-minga-indigena-en-mallama\/","name":"Gracias a di\u00e1logos promovidos por la Gobernaci\u00f3n de Nari\u00f1o se levant\u00f3 Minga Ind\u00edgena en Mallama. | P\u00e1gina10","isPartOf":{"@id":"https:\/\/pagina10.com\/web\/#website"},"primaryImageOfPage":{"@id":"https:\/\/pagina10.com\/web\/gracias-a-dialogos-promovidos-por-la-gobernacion-de-narino-se-levanto-minga-indigena-en-mallama\/#primaryimage"},"image":{"@id":"https:\/\/pagina10.com\/web\/gracias-a-dialogos-promovidos-por-la-gobernacion-de-narino-se-levanto-minga-indigena-en-mallama\/#primaryimage"},"thumbnailUrl":"https:\/\/pagina10.com\/web\/wp-content\/uploads\/2021\/03\/Captura-de-pantalla-122.png","datePublished":"2021-03-26T16:14:35+00:00","breadcrumb":{"@id":"https:\/\/pagina10.com\/web\/gracias-a-dialogos-promovidos-por-la-gobernacion-de-narino-se-levanto-minga-indigena-en-mallama\/#breadcrumb"},"inLanguage":"es","potentialAction":[{"@type":"ReadAction","target":["https:\/\/pagina10.com\/web\/gracias-a-dialogos-promovidos-por-la-gobernacion-de-narino-se-levanto-minga-indigena-en-mallama\/"]}]},{"@type":"ImageObject","inLanguage":"es","@id":"https:\/\/pagina10.com\/web\/gracias-a-dialogos-promovidos-por-la-gobernacion-de-narino-se-levanto-minga-indigena-en-mallama\/#primaryimage","url":"https:\/\/pagina10.com\/web\/wp-content\/uploads\/2021\/03\/Captura-de-pantalla-122.png","contentUrl":"https:\/\/pagina10.com\/web\/wp-content\/uploads\/2021\/03\/Captura-de-pantalla-122.png","width":786,"height":434},{"@type":"BreadcrumbList","@id":"https:\/\/pagina10.com\/web\/gracias-a-dialogos-promovidos-por-la-gobernacion-de-narino-se-levanto-minga-indigena-en-mallama\/#breadcrumb","itemListElement":[{"@type":"ListItem","position":1,"name":"Portada","item":"https:\/\/pagina10.com\/web\/"},{"@type":"ListItem","position":2,"name":"Gracias a di\u00e1logos promovidos por la Gobernaci\u00f3n de Nari\u00f1o se levant\u00f3 Minga Ind\u00edgena en Mallama."}]},{"@type":"WebSite","@id":"https:\/\/pagina10.com\/web\/#website","url":"https:\/\/pagina10.com\/web\/","name":"P\u00e1gina10","description":"Peri\u00f3dico Regional","publisher":{"@id":"https:\/\/pagina10.com\/web\/#organization"},"alternateName":"P\u00e1gina10 Peri\u00f3dico Regional","potentialAction":[{"@type":"SearchAction","target":{"@type":"EntryPoint","urlTemplate":"https:\/\/pagina10.com\/web\/?s={search_term_string}"},"query-input":{"@type":"PropertyValueSpecification","valueRequired":true,"valueName":"search_term_string"}}],"inLanguage":"es"},{"@type":"Organization","@id":"https:\/\/pagina10.com\/web\/#organization","name":"P\u00e1gina10","alternateName":"P\u00e1gina10 Peri\u00f3dico Regional","url":"https:\/\/pagina10.com\/web\/","logo":{"@type":"ImageObject","inLanguage":"es","@id":"https:\/\/pagina10.com\/web\/#\/schema\/logo\/image\/","url":"https:\/\/pagina10.com\/web\/wp-content\/uploads\/2024\/01\/40-pagina-10-periodico-regional-pasto.jpg","contentUrl":"https:\/\/pagina10.com\/web\/wp-content\/uploads\/2024\/01\/40-pagina-10-periodico-regional-pasto.jpg","width":1280,"height":720,"caption":"P\u00e1gina10"},"image":{"@id":"https:\/\/pagina10.com\/web\/#\/schema\/logo\/image\/"},"sameAs":["https:\/\/www.facebook.com\/pag10com","https:\/\/x.com\/Pag10com","https:\/\/www.instagram.com\/pagina10col\/","https:\/\/youtube.com\/channel\/pag10","https:\/\/www.tiktok.com\/@p10col"]},{"@type":"Person","@id":"https:\/\/pagina10.com\/web\/#\/schema\/person\/2efc4a090d25b667d3bc796798a3a81b","name":"P\u00e1gina 10","description":"P\u00e1gina 10 es un peri\u00f3dico regional que nace en Colombia, en el departamento de Nari\u00f1o, con un enfoque global, fundamentado en cuatro pilares esenciales: la libertad, el pluralismo, la inclusi\u00f3n y la independencia. P\u00e1gina 10 hace referencia a Nari\u00f1o como el d\u00e9cimo departamento creado en Colombia, despu\u00e9s de un proceso pol\u00edtico liderado por actores y actrices regionales con el fin de obtener la independencia y autonom\u00eda de nuestros territorios. Con la creaci\u00f3n de P\u00e1gina 10 se pretende abrir un escenario para el dialogo, la reflexi\u00f3n y el debate que se extienda a otras geograf\u00edas de Am\u00e9rica Latina y del planeta, en una apuesta por transformar colectivamente los desaf\u00edos de un mundo contempor\u00e1neo, m\u00e1s all\u00e1 de las fronteras impuestas.","url":"https:\/\/pagina10.com\/web\/author\/pdiezadmin\/"}]}},"_links":{"self":[{"href":"https:\/\/pagina10.com\/web\/wp-json\/wp\/v2\/posts\/51389","targetHints":{"allow":["GET"]}}],"collection":[{"href":"https:\/\/pagina10.com\/web\/wp-json\/wp\/v2\/posts"}],"about":[{"href":"https:\/\/pagina10.com\/web\/wp-json\/wp\/v2\/types\/post"}],"author":[{"embeddable":true,"href":"https:\/\/pagina10.com\/web\/wp-json\/wp\/v2\/users\/1"}],"replies":[{"embeddable":true,"href":"https:\/\/pagina10.com\/web\/wp-json\/wp\/v2\/comments?post=51389"}],"version-history":[{"count":1,"href":"https:\/\/pagina10.com\/web\/wp-json\/wp\/v2\/posts\/51389\/revisions"}],"predecessor-version":[{"id":51391,"href":"https:\/\/pagina10.com\/web\/wp-json\/wp\/v2\/posts\/51389\/revisions\/51391"}],"wp:featuredmedia":[{"embeddable":true,"href":"https:\/\/pagina10.com\/web\/wp-json\/wp\/v2\/media\/51390"}],"wp:attachment":[{"href":"https:\/\/pagina10.com\/web\/wp-json\/wp\/v2\/media?parent=51389"}],"wp:term":[{"taxonomy":"category","embeddable":true,"href":"https:\/\/pagina10.com\/web\/wp-json\/wp\/v2\/categories?post=51389"},{"taxonomy":"post_tag","embeddable":true,"href":"https:\/\/pagina10.com\/web\/wp-json\/wp\/v2\/tags?post=51389"}],"curies":[{"name":"wp","href":"https:\/\/api.w.org\/{rel}","templated":true}]}}