{"id":51392,"date":"2021-03-26T14:16:02","date_gmt":"2021-03-26T19:16:02","guid":{"rendered":"https:\/\/pagina10.com\/web\/?p=51392"},"modified":"2021-03-26T14:16:02","modified_gmt":"2021-03-26T19:16:02","slug":"el-centro-tiene-que-tener-sentimiento-piel-contenido-voluntad-de-la-ciudadania-o-no-tiene-sentido-camilo-romero","status":"publish","type":"post","link":"https:\/\/pagina10.com\/web\/el-centro-tiene-que-tener-sentimiento-piel-contenido-voluntad-de-la-ciudadania-o-no-tiene-sentido-camilo-romero\/","title":{"rendered":"\u201cEl centro tiene que tener sentimiento, piel, contenido, voluntad de la ciudadan\u00eda, o no tiene sentido\u201d: Camilo Romero."},"content":{"rendered":"<p style=\"text-align: justify;\">Despu\u00e9s de su paso por la Gobernaci\u00f3n del Departamento de Nari\u00f1o, Camilo Romero, comenz\u00f3 de manera oficial su precandidatura a la Presidencia de la Rep\u00fablica. Siendo hoy uno de los precandidatos de la Alianza Verde, Romero en entrevista con el peri\u00f3dico El Espectador, manifest\u00f3 su deseo de romper con la pol\u00edtica tradicional que ha gobernado el pa\u00eds y de su anhelo de construir un gobierno con la gente. \u00a0<strong>\u00a0\u00a0\u00a0\u00a0\u00a0\u00a0\u00a0 <\/strong><\/p>\n<p style=\"text-align: justify;\">Se\u00f1al\u00f3 que las disputas y discusiones pol\u00edticas que se han dado al interior del Partido Verde, siendo \u00e9l el centro de discordia, no interesan hoy a las ciudadan\u00edas y que siguen esperando una decisi\u00f3n formal del partido sobre lo que se va a hacer en adelante y cu\u00e1les ser\u00e1n las reglas del juego.<\/p>\n<p style=\"text-align: justify;\">Afirm\u00f3 que las seis precandidaturas que hasta hoy existen dentro de la colectividad constituyen una dispersi\u00f3n total, situaci\u00f3n que ha provocado diferencias con los otros precandidatos del partido. \u201cLa estrategia sea ir con seis candidatos en una dispersi\u00f3n, a enfrentar a otras personalidades democr\u00e1ticas me parece que es una falta de vocaci\u00f3n de poder del partido\u201d expres\u00f3 el exgobernador.<\/p>\n<p style=\"text-align: justify;\">A pesar de lo anteriormente expuesto, manifest\u00f3 \u201cno estamos para quedarnos en ese momento. Hemos tomado la decisi\u00f3n de arrancar y recorrer el pa\u00eds\u201d, por lo cual esta semana inici\u00f3 su recorrido en el Eje Cafetero y desde all\u00ed est\u00e1 dialogando con los y las ciudadanas que buscan un cambio en el pa\u00eds. \u201cLes proponemos que lleg\u00f3 la hora, despu\u00e9s de 200 a\u00f1os, de un nuevo poder, a repensarnos cada territorio, a reconocernos. Vamos a tener el apoyo de la Red de Innovaci\u00f3n Pol\u00edtica de Am\u00e9rica Latina para una plataforma que nos permita construir el primer programa de gobierno participativo de este pa\u00eds. Lo nuestro es una candidatura independiente y ciudadana dentro del partido verde, esperando que el partido tome decisiones\u201d aclar\u00f3 Romero.<\/p>\n<p style=\"text-align: justify;\">Se\u00f1al\u00f3 finalmente que el momento de Sergio Fajardo ya pas\u00f3 y que ellos no representaban un centro vac\u00edo como el que Fajardo represent\u00f3 en un plato. \u201cEl centro tiene que tener sentimiento, piel, contenido, voluntad de la ciudadan\u00eda, o no tiene sentido\u201d dijo Romero. A lo cual a\u00f1adi\u00f3 \u201chemos hecho una acci\u00f3n pol\u00edtica desde la irreverencia, la claridad y desde ser frenteros. No estamos para para ser un adorno de la democracia. No se puede ser un plato en la mesa. Nosotros estamos para que los colombianos y colombianas tengan tres platos diarios en la mesa y para eso se necesita car\u00e1cter, criterio. Nos encontraremos tal vez en la Coalici\u00f3n de la Esperanza, pero cuando digo que hoy no es el tiempo de Sergio Fajardo, es decirle que hoy el verde no est\u00e1 dispuesto a regalarle el aval, tendr\u00e1 que competir y ah\u00ed estaremos\u201d.<\/p>\n<p>Fuente: El Espectador.<\/p>\n","protected":false},"excerpt":{"rendered":"<p>Despu\u00e9s de su paso por la Gobernaci\u00f3n del Departamento de Nari\u00f1o, Camilo Romero, comenz\u00f3 de manera oficial su precandidatura a la Presidencia de la Rep\u00fablica. Siendo hoy uno de los precandidatos de la Alianza Verde, Romero en entrevista con el peri\u00f3dico El Espectador, manifest\u00f3 su deseo de romper con la pol\u00edtica tradicional que ha gobernado [&hellip;]<\/p>\n","protected":false},"author":1,"featured_media":51393,"comment_status":"open","ping_status":"open","sticky":false,"template":"","format":"standard","meta":{"footnotes":""},"categories":[94],"tags":[],"class_list":["post-51392","post","type-post","status-publish","format-standard","has-post-thumbnail","hentry","category-nacional-global-2"],"yoast_head":"<!-- This site is optimized with the Yoast SEO plugin v27.1.1 - https:\/\/yoast.com\/product\/yoast-seo-wordpress\/ -->\n<title>\u201cEl centro tiene que tener sentimiento, piel, contenido, voluntad de la ciudadan\u00eda, o no tiene sentido\u201d: Camilo Romero. | P\u00e1gina10<\/title>\n<meta name=\"robots\" content=\"index, follow, max-snippet:-1, max-image-preview:large, max-video-preview:-1\" \/>\n<link rel=\"canonical\" href=\"https:\/\/pagina10.com\/web\/el-centro-tiene-que-tener-sentimiento-piel-contenido-voluntad-de-la-ciudadania-o-no-tiene-sentido-camilo-romero\/\" \/>\n<meta property=\"og:locale\" content=\"es_ES\" \/>\n<meta property=\"og:type\" content=\"article\" \/>\n<meta property=\"og:title\" content=\"\u201cEl centro tiene que tener sentimiento, piel, contenido, voluntad de la ciudadan\u00eda, o no tiene sentido\u201d: Camilo Romero. | P\u00e1gina10\" \/>\n<meta property=\"og:description\" content=\"Despu\u00e9s de su paso por la Gobernaci\u00f3n del Departamento de Nari\u00f1o, Camilo Romero, comenz\u00f3 de manera oficial su precandidatura a la Presidencia de la Rep\u00fablica. Siendo hoy uno de los precandidatos de la Alianza Verde, Romero en entrevista con el peri\u00f3dico El Espectador, manifest\u00f3 su deseo de romper con la pol\u00edtica tradicional que ha gobernado [&hellip;]\" \/>\n<meta property=\"og:url\" content=\"https:\/\/pagina10.com\/web\/el-centro-tiene-que-tener-sentimiento-piel-contenido-voluntad-de-la-ciudadania-o-no-tiene-sentido-camilo-romero\/\" \/>\n<meta property=\"og:site_name\" content=\"P\u00e1gina10\" \/>\n<meta property=\"article:publisher\" content=\"https:\/\/www.facebook.com\/pag10com\" \/>\n<meta property=\"article:published_time\" content=\"2021-03-26T19:16:02+00:00\" \/>\n<meta property=\"og:image\" content=\"https:\/\/pagina10.com\/web\/wp-content\/uploads\/2021\/03\/5c1fa1bb720d4.jpeg\" \/>\n\t<meta property=\"og:image:width\" content=\"640\" \/>\n\t<meta property=\"og:image:height\" content=\"428\" \/>\n\t<meta property=\"og:image:type\" content=\"image\/jpeg\" \/>\n<meta name=\"author\" content=\"P\u00e1gina 10\" \/>\n<meta name=\"twitter:card\" content=\"summary_large_image\" \/>\n<meta name=\"twitter:creator\" content=\"@Pag10com\" \/>\n<meta name=\"twitter:site\" content=\"@Pag10com\" \/>\n<meta name=\"twitter:label1\" content=\"Escrito por\" \/>\n\t<meta name=\"twitter:data1\" content=\"P\u00e1gina 10\" \/>\n\t<meta name=\"twitter:label2\" content=\"Tiempo de lectura\" \/>\n\t<meta name=\"twitter:data2\" content=\"2 minutos\" \/>\n<script type=\"application\/ld+json\" class=\"yoast-schema-graph\">{\"@context\":\"https:\/\/schema.org\",\"@graph\":[{\"@type\":\"Article\",\"@id\":\"https:\/\/pagina10.com\/web\/el-centro-tiene-que-tener-sentimiento-piel-contenido-voluntad-de-la-ciudadania-o-no-tiene-sentido-camilo-romero\/#article\",\"isPartOf\":{\"@id\":\"https:\/\/pagina10.com\/web\/el-centro-tiene-que-tener-sentimiento-piel-contenido-voluntad-de-la-ciudadania-o-no-tiene-sentido-camilo-romero\/\"},\"author\":{\"name\":\"P\u00e1gina 10\",\"@id\":\"https:\/\/pagina10.com\/web\/#\/schema\/person\/2efc4a090d25b667d3bc796798a3a81b\"},\"headline\":\"\u201cEl centro tiene que tener sentimiento, piel, contenido, voluntad de la ciudadan\u00eda, o no tiene sentido\u201d: Camilo Romero.\",\"datePublished\":\"2021-03-26T19:16:02+00:00\",\"mainEntityOfPage\":{\"@id\":\"https:\/\/pagina10.com\/web\/el-centro-tiene-que-tener-sentimiento-piel-contenido-voluntad-de-la-ciudadania-o-no-tiene-sentido-camilo-romero\/\"},\"wordCount\":503,\"commentCount\":0,\"publisher\":{\"@id\":\"https:\/\/pagina10.com\/web\/#organization\"},\"image\":{\"@id\":\"https:\/\/pagina10.com\/web\/el-centro-tiene-que-tener-sentimiento-piel-contenido-voluntad-de-la-ciudadania-o-no-tiene-sentido-camilo-romero\/#primaryimage\"},\"thumbnailUrl\":\"https:\/\/pagina10.com\/web\/wp-content\/uploads\/2021\/03\/5c1fa1bb720d4.jpeg\",\"articleSection\":[\"Nacional\"],\"inLanguage\":\"es\",\"potentialAction\":[{\"@type\":\"CommentAction\",\"name\":\"Comment\",\"target\":[\"https:\/\/pagina10.com\/web\/el-centro-tiene-que-tener-sentimiento-piel-contenido-voluntad-de-la-ciudadania-o-no-tiene-sentido-camilo-romero\/#respond\"]}]},{\"@type\":\"WebPage\",\"@id\":\"https:\/\/pagina10.com\/web\/el-centro-tiene-que-tener-sentimiento-piel-contenido-voluntad-de-la-ciudadania-o-no-tiene-sentido-camilo-romero\/\",\"url\":\"https:\/\/pagina10.com\/web\/el-centro-tiene-que-tener-sentimiento-piel-contenido-voluntad-de-la-ciudadania-o-no-tiene-sentido-camilo-romero\/\",\"name\":\"\u201cEl centro tiene que tener sentimiento, piel, contenido, voluntad de la ciudadan\u00eda, o no tiene sentido\u201d: Camilo Romero. | P\u00e1gina10\",\"isPartOf\":{\"@id\":\"https:\/\/pagina10.com\/web\/#website\"},\"primaryImageOfPage\":{\"@id\":\"https:\/\/pagina10.com\/web\/el-centro-tiene-que-tener-sentimiento-piel-contenido-voluntad-de-la-ciudadania-o-no-tiene-sentido-camilo-romero\/#primaryimage\"},\"image\":{\"@id\":\"https:\/\/pagina10.com\/web\/el-centro-tiene-que-tener-sentimiento-piel-contenido-voluntad-de-la-ciudadania-o-no-tiene-sentido-camilo-romero\/#primaryimage\"},\"thumbnailUrl\":\"https:\/\/pagina10.com\/web\/wp-content\/uploads\/2021\/03\/5c1fa1bb720d4.jpeg\",\"datePublished\":\"2021-03-26T19:16:02+00:00\",\"breadcrumb\":{\"@id\":\"https:\/\/pagina10.com\/web\/el-centro-tiene-que-tener-sentimiento-piel-contenido-voluntad-de-la-ciudadania-o-no-tiene-sentido-camilo-romero\/#breadcrumb\"},\"inLanguage\":\"es\",\"potentialAction\":[{\"@type\":\"ReadAction\",\"target\":[\"https:\/\/pagina10.com\/web\/el-centro-tiene-que-tener-sentimiento-piel-contenido-voluntad-de-la-ciudadania-o-no-tiene-sentido-camilo-romero\/\"]}]},{\"@type\":\"ImageObject\",\"inLanguage\":\"es\",\"@id\":\"https:\/\/pagina10.com\/web\/el-centro-tiene-que-tener-sentimiento-piel-contenido-voluntad-de-la-ciudadania-o-no-tiene-sentido-camilo-romero\/#primaryimage\",\"url\":\"https:\/\/pagina10.com\/web\/wp-content\/uploads\/2021\/03\/5c1fa1bb720d4.jpeg\",\"contentUrl\":\"https:\/\/pagina10.com\/web\/wp-content\/uploads\/2021\/03\/5c1fa1bb720d4.jpeg\",\"width\":640,\"height\":428},{\"@type\":\"BreadcrumbList\",\"@id\":\"https:\/\/pagina10.com\/web\/el-centro-tiene-que-tener-sentimiento-piel-contenido-voluntad-de-la-ciudadania-o-no-tiene-sentido-camilo-romero\/#breadcrumb\",\"itemListElement\":[{\"@type\":\"ListItem\",\"position\":1,\"name\":\"Portada\",\"item\":\"https:\/\/pagina10.com\/web\/\"},{\"@type\":\"ListItem\",\"position\":2,\"name\":\"\u201cEl centro tiene que tener sentimiento, piel, contenido, voluntad de la ciudadan\u00eda, o no tiene sentido\u201d: Camilo Romero.\"}]},{\"@type\":\"WebSite\",\"@id\":\"https:\/\/pagina10.com\/web\/#website\",\"url\":\"https:\/\/pagina10.com\/web\/\",\"name\":\"P\u00e1gina10\",\"description\":\"Peri\u00f3dico Regional\",\"publisher\":{\"@id\":\"https:\/\/pagina10.com\/web\/#organization\"},\"alternateName\":\"P\u00e1gina10 Peri\u00f3dico Regional\",\"potentialAction\":[{\"@type\":\"SearchAction\",\"target\":{\"@type\":\"EntryPoint\",\"urlTemplate\":\"https:\/\/pagina10.com\/web\/?s={search_term_string}\"},\"query-input\":{\"@type\":\"PropertyValueSpecification\",\"valueRequired\":true,\"valueName\":\"search_term_string\"}}],\"inLanguage\":\"es\"},{\"@type\":\"Organization\",\"@id\":\"https:\/\/pagina10.com\/web\/#organization\",\"name\":\"P\u00e1gina10\",\"alternateName\":\"P\u00e1gina10 Peri\u00f3dico Regional\",\"url\":\"https:\/\/pagina10.com\/web\/\",\"logo\":{\"@type\":\"ImageObject\",\"inLanguage\":\"es\",\"@id\":\"https:\/\/pagina10.com\/web\/#\/schema\/logo\/image\/\",\"url\":\"https:\/\/pagina10.com\/web\/wp-content\/uploads\/2024\/01\/40-pagina-10-periodico-regional-pasto.jpg\",\"contentUrl\":\"https:\/\/pagina10.com\/web\/wp-content\/uploads\/2024\/01\/40-pagina-10-periodico-regional-pasto.jpg\",\"width\":1280,\"height\":720,\"caption\":\"P\u00e1gina10\"},\"image\":{\"@id\":\"https:\/\/pagina10.com\/web\/#\/schema\/logo\/image\/\"},\"sameAs\":[\"https:\/\/www.facebook.com\/pag10com\",\"https:\/\/x.com\/Pag10com\",\"https:\/\/www.instagram.com\/pagina10col\/\",\"https:\/\/youtube.com\/channel\/pag10\",\"https:\/\/www.tiktok.com\/@p10col\"]},{\"@type\":\"Person\",\"@id\":\"https:\/\/pagina10.com\/web\/#\/schema\/person\/2efc4a090d25b667d3bc796798a3a81b\",\"name\":\"P\u00e1gina 10\",\"description\":\"P\u00e1gina 10 es un peri\u00f3dico regional que nace en Colombia, en el departamento de Nari\u00f1o, con un enfoque global, fundamentado en cuatro pilares esenciales: la libertad, el pluralismo, la inclusi\u00f3n y la independencia. P\u00e1gina 10 hace referencia a Nari\u00f1o como el d\u00e9cimo departamento creado en Colombia, despu\u00e9s de un proceso pol\u00edtico liderado por actores y actrices regionales con el fin de obtener la independencia y autonom\u00eda de nuestros territorios. Con la creaci\u00f3n de P\u00e1gina 10 se pretende abrir un escenario para el dialogo, la reflexi\u00f3n y el debate que se extienda a otras geograf\u00edas de Am\u00e9rica Latina y del planeta, en una apuesta por transformar colectivamente los desaf\u00edos de un mundo contempor\u00e1neo, m\u00e1s all\u00e1 de las fronteras impuestas.\",\"url\":\"https:\/\/pagina10.com\/web\/author\/pdiezadmin\/\"}]}<\/script>\n<!-- \/ Yoast SEO plugin. -->","yoast_head_json":{"title":"\u201cEl centro tiene que tener sentimiento, piel, contenido, voluntad de la ciudadan\u00eda, o no tiene sentido\u201d: Camilo Romero. | P\u00e1gina10","robots":{"index":"index","follow":"follow","max-snippet":"max-snippet:-1","max-image-preview":"max-image-preview:large","max-video-preview":"max-video-preview:-1"},"canonical":"https:\/\/pagina10.com\/web\/el-centro-tiene-que-tener-sentimiento-piel-contenido-voluntad-de-la-ciudadania-o-no-tiene-sentido-camilo-romero\/","og_locale":"es_ES","og_type":"article","og_title":"\u201cEl centro tiene que tener sentimiento, piel, contenido, voluntad de la ciudadan\u00eda, o no tiene sentido\u201d: Camilo Romero. | P\u00e1gina10","og_description":"Despu\u00e9s de su paso por la Gobernaci\u00f3n del Departamento de Nari\u00f1o, Camilo Romero, comenz\u00f3 de manera oficial su precandidatura a la Presidencia de la Rep\u00fablica. Siendo hoy uno de los precandidatos de la Alianza Verde, Romero en entrevista con el peri\u00f3dico El Espectador, manifest\u00f3 su deseo de romper con la pol\u00edtica tradicional que ha gobernado [&hellip;]","og_url":"https:\/\/pagina10.com\/web\/el-centro-tiene-que-tener-sentimiento-piel-contenido-voluntad-de-la-ciudadania-o-no-tiene-sentido-camilo-romero\/","og_site_name":"P\u00e1gina10","article_publisher":"https:\/\/www.facebook.com\/pag10com","article_published_time":"2021-03-26T19:16:02+00:00","og_image":[{"width":640,"height":428,"url":"https:\/\/pagina10.com\/web\/wp-content\/uploads\/2021\/03\/5c1fa1bb720d4.jpeg","type":"image\/jpeg"}],"author":"P\u00e1gina 10","twitter_card":"summary_large_image","twitter_creator":"@Pag10com","twitter_site":"@Pag10com","twitter_misc":{"Escrito por":"P\u00e1gina 10","Tiempo de lectura":"2 minutos"},"schema":{"@context":"https:\/\/schema.org","@graph":[{"@type":"Article","@id":"https:\/\/pagina10.com\/web\/el-centro-tiene-que-tener-sentimiento-piel-contenido-voluntad-de-la-ciudadania-o-no-tiene-sentido-camilo-romero\/#article","isPartOf":{"@id":"https:\/\/pagina10.com\/web\/el-centro-tiene-que-tener-sentimiento-piel-contenido-voluntad-de-la-ciudadania-o-no-tiene-sentido-camilo-romero\/"},"author":{"name":"P\u00e1gina 10","@id":"https:\/\/pagina10.com\/web\/#\/schema\/person\/2efc4a090d25b667d3bc796798a3a81b"},"headline":"\u201cEl centro tiene que tener sentimiento, piel, contenido, voluntad de la ciudadan\u00eda, o no tiene sentido\u201d: Camilo Romero.","datePublished":"2021-03-26T19:16:02+00:00","mainEntityOfPage":{"@id":"https:\/\/pagina10.com\/web\/el-centro-tiene-que-tener-sentimiento-piel-contenido-voluntad-de-la-ciudadania-o-no-tiene-sentido-camilo-romero\/"},"wordCount":503,"commentCount":0,"publisher":{"@id":"https:\/\/pagina10.com\/web\/#organization"},"image":{"@id":"https:\/\/pagina10.com\/web\/el-centro-tiene-que-tener-sentimiento-piel-contenido-voluntad-de-la-ciudadania-o-no-tiene-sentido-camilo-romero\/#primaryimage"},"thumbnailUrl":"https:\/\/pagina10.com\/web\/wp-content\/uploads\/2021\/03\/5c1fa1bb720d4.jpeg","articleSection":["Nacional"],"inLanguage":"es","potentialAction":[{"@type":"CommentAction","name":"Comment","target":["https:\/\/pagina10.com\/web\/el-centro-tiene-que-tener-sentimiento-piel-contenido-voluntad-de-la-ciudadania-o-no-tiene-sentido-camilo-romero\/#respond"]}]},{"@type":"WebPage","@id":"https:\/\/pagina10.com\/web\/el-centro-tiene-que-tener-sentimiento-piel-contenido-voluntad-de-la-ciudadania-o-no-tiene-sentido-camilo-romero\/","url":"https:\/\/pagina10.com\/web\/el-centro-tiene-que-tener-sentimiento-piel-contenido-voluntad-de-la-ciudadania-o-no-tiene-sentido-camilo-romero\/","name":"\u201cEl centro tiene que tener sentimiento, piel, contenido, voluntad de la ciudadan\u00eda, o no tiene sentido\u201d: Camilo Romero. | P\u00e1gina10","isPartOf":{"@id":"https:\/\/pagina10.com\/web\/#website"},"primaryImageOfPage":{"@id":"https:\/\/pagina10.com\/web\/el-centro-tiene-que-tener-sentimiento-piel-contenido-voluntad-de-la-ciudadania-o-no-tiene-sentido-camilo-romero\/#primaryimage"},"image":{"@id":"https:\/\/pagina10.com\/web\/el-centro-tiene-que-tener-sentimiento-piel-contenido-voluntad-de-la-ciudadania-o-no-tiene-sentido-camilo-romero\/#primaryimage"},"thumbnailUrl":"https:\/\/pagina10.com\/web\/wp-content\/uploads\/2021\/03\/5c1fa1bb720d4.jpeg","datePublished":"2021-03-26T19:16:02+00:00","breadcrumb":{"@id":"https:\/\/pagina10.com\/web\/el-centro-tiene-que-tener-sentimiento-piel-contenido-voluntad-de-la-ciudadania-o-no-tiene-sentido-camilo-romero\/#breadcrumb"},"inLanguage":"es","potentialAction":[{"@type":"ReadAction","target":["https:\/\/pagina10.com\/web\/el-centro-tiene-que-tener-sentimiento-piel-contenido-voluntad-de-la-ciudadania-o-no-tiene-sentido-camilo-romero\/"]}]},{"@type":"ImageObject","inLanguage":"es","@id":"https:\/\/pagina10.com\/web\/el-centro-tiene-que-tener-sentimiento-piel-contenido-voluntad-de-la-ciudadania-o-no-tiene-sentido-camilo-romero\/#primaryimage","url":"https:\/\/pagina10.com\/web\/wp-content\/uploads\/2021\/03\/5c1fa1bb720d4.jpeg","contentUrl":"https:\/\/pagina10.com\/web\/wp-content\/uploads\/2021\/03\/5c1fa1bb720d4.jpeg","width":640,"height":428},{"@type":"BreadcrumbList","@id":"https:\/\/pagina10.com\/web\/el-centro-tiene-que-tener-sentimiento-piel-contenido-voluntad-de-la-ciudadania-o-no-tiene-sentido-camilo-romero\/#breadcrumb","itemListElement":[{"@type":"ListItem","position":1,"name":"Portada","item":"https:\/\/pagina10.com\/web\/"},{"@type":"ListItem","position":2,"name":"\u201cEl centro tiene que tener sentimiento, piel, contenido, voluntad de la ciudadan\u00eda, o no tiene sentido\u201d: Camilo Romero."}]},{"@type":"WebSite","@id":"https:\/\/pagina10.com\/web\/#website","url":"https:\/\/pagina10.com\/web\/","name":"P\u00e1gina10","description":"Peri\u00f3dico Regional","publisher":{"@id":"https:\/\/pagina10.com\/web\/#organization"},"alternateName":"P\u00e1gina10 Peri\u00f3dico Regional","potentialAction":[{"@type":"SearchAction","target":{"@type":"EntryPoint","urlTemplate":"https:\/\/pagina10.com\/web\/?s={search_term_string}"},"query-input":{"@type":"PropertyValueSpecification","valueRequired":true,"valueName":"search_term_string"}}],"inLanguage":"es"},{"@type":"Organization","@id":"https:\/\/pagina10.com\/web\/#organization","name":"P\u00e1gina10","alternateName":"P\u00e1gina10 Peri\u00f3dico Regional","url":"https:\/\/pagina10.com\/web\/","logo":{"@type":"ImageObject","inLanguage":"es","@id":"https:\/\/pagina10.com\/web\/#\/schema\/logo\/image\/","url":"https:\/\/pagina10.com\/web\/wp-content\/uploads\/2024\/01\/40-pagina-10-periodico-regional-pasto.jpg","contentUrl":"https:\/\/pagina10.com\/web\/wp-content\/uploads\/2024\/01\/40-pagina-10-periodico-regional-pasto.jpg","width":1280,"height":720,"caption":"P\u00e1gina10"},"image":{"@id":"https:\/\/pagina10.com\/web\/#\/schema\/logo\/image\/"},"sameAs":["https:\/\/www.facebook.com\/pag10com","https:\/\/x.com\/Pag10com","https:\/\/www.instagram.com\/pagina10col\/","https:\/\/youtube.com\/channel\/pag10","https:\/\/www.tiktok.com\/@p10col"]},{"@type":"Person","@id":"https:\/\/pagina10.com\/web\/#\/schema\/person\/2efc4a090d25b667d3bc796798a3a81b","name":"P\u00e1gina 10","description":"P\u00e1gina 10 es un peri\u00f3dico regional que nace en Colombia, en el departamento de Nari\u00f1o, con un enfoque global, fundamentado en cuatro pilares esenciales: la libertad, el pluralismo, la inclusi\u00f3n y la independencia. P\u00e1gina 10 hace referencia a Nari\u00f1o como el d\u00e9cimo departamento creado en Colombia, despu\u00e9s de un proceso pol\u00edtico liderado por actores y actrices regionales con el fin de obtener la independencia y autonom\u00eda de nuestros territorios. Con la creaci\u00f3n de P\u00e1gina 10 se pretende abrir un escenario para el dialogo, la reflexi\u00f3n y el debate que se extienda a otras geograf\u00edas de Am\u00e9rica Latina y del planeta, en una apuesta por transformar colectivamente los desaf\u00edos de un mundo contempor\u00e1neo, m\u00e1s all\u00e1 de las fronteras impuestas.","url":"https:\/\/pagina10.com\/web\/author\/pdiezadmin\/"}]}},"_links":{"self":[{"href":"https:\/\/pagina10.com\/web\/wp-json\/wp\/v2\/posts\/51392","targetHints":{"allow":["GET"]}}],"collection":[{"href":"https:\/\/pagina10.com\/web\/wp-json\/wp\/v2\/posts"}],"about":[{"href":"https:\/\/pagina10.com\/web\/wp-json\/wp\/v2\/types\/post"}],"author":[{"embeddable":true,"href":"https:\/\/pagina10.com\/web\/wp-json\/wp\/v2\/users\/1"}],"replies":[{"embeddable":true,"href":"https:\/\/pagina10.com\/web\/wp-json\/wp\/v2\/comments?post=51392"}],"version-history":[{"count":1,"href":"https:\/\/pagina10.com\/web\/wp-json\/wp\/v2\/posts\/51392\/revisions"}],"predecessor-version":[{"id":51394,"href":"https:\/\/pagina10.com\/web\/wp-json\/wp\/v2\/posts\/51392\/revisions\/51394"}],"wp:featuredmedia":[{"embeddable":true,"href":"https:\/\/pagina10.com\/web\/wp-json\/wp\/v2\/media\/51393"}],"wp:attachment":[{"href":"https:\/\/pagina10.com\/web\/wp-json\/wp\/v2\/media?parent=51392"}],"wp:term":[{"taxonomy":"category","embeddable":true,"href":"https:\/\/pagina10.com\/web\/wp-json\/wp\/v2\/categories?post=51392"},{"taxonomy":"post_tag","embeddable":true,"href":"https:\/\/pagina10.com\/web\/wp-json\/wp\/v2\/tags?post=51392"}],"curies":[{"name":"wp","href":"https:\/\/api.w.org\/{rel}","templated":true}]}}