{"id":51399,"date":"2021-03-26T20:58:25","date_gmt":"2021-03-27T01:58:25","guid":{"rendered":"https:\/\/pagina10.com\/web\/?p=51399"},"modified":"2021-03-26T20:58:25","modified_gmt":"2021-03-27T01:58:25","slug":"explosion-de-carro-bomba-en-corintio-cauca-dejo-un-saldo-de-19-heridos","status":"publish","type":"post","link":"https:\/\/pagina10.com\/web\/explosion-de-carro-bomba-en-corintio-cauca-dejo-un-saldo-de-19-heridos\/","title":{"rendered":"Explosi\u00f3n de carro bomba en Corintio, Cauca, dej\u00f3 un saldo de 19 heridos."},"content":{"rendered":"<p style=\"text-align: justify;\">Sobre las 3:30 de la tarde de este viernes, frente a la sede de la alcald\u00eda de Corintio, Cauca, un carro bomba explot\u00f3 dejando un saldo de por lo menos 19 personas. De acuerdo al informe de la Secretar\u00eda de Gobierno del municipio, 13 de los afectados ser\u00edan funcionarios p\u00fablicos y los otros 6 ser\u00edan civiles.<\/p>\n<p style=\"text-align: justify;\">Acorde a lo informado por El Pa\u00eds de Cali, el hecho fue atribuido a la columna m\u00f3vil Dagoberto Ramos ya que hoy est\u00e1n conmemorando un a\u00f1o de la muerte del fundador de las Farc, Manuel Marulanda V\u00e9lez. Adem\u00e1s cerca al lugar de la explosi\u00f3n se encuentra la Estaci\u00f3n de Polic\u00eda, punto que se cree ser\u00eda el blanco del ataque terrorista.<\/p>\n<p style=\"text-align: justify;\">Al respecto, el presidente Iv\u00e1n Duque indic\u00f3 en su cuenta de Twitter: \u201cAnte los hechos ocurridos en Corintio, Cauca, he dado instrucciones muy claras a la c\u00fapula militar y al ministerio de defensa para ir tras los culpables de inmediato\u201d<\/p>\n<p style=\"text-align: justify;\">Por su parte el Ministro de Defensa, Diego Molano, afirm\u00f3 que se desplazar\u00e1 hasta Popay\u00e1n para conformar un Consejo de Seguridad por los hechos ocurridos.<\/p>\n<p style=\"text-align: justify;\">\u201cSin tregua contra la delincuencia, narcocriminales no seguir\u00e1n sembrando terror en la poblaci\u00f3n. Di instrucci\u00f3n a la Polic\u00eda Nacional y a las Fuerzas Militares de no descansar hasta encontrar responsables\u201d, se\u00f1al\u00f3 el Ministro.<\/p>\n","protected":false},"excerpt":{"rendered":"<p>Sobre las 3:30 de la tarde de este viernes, frente a la sede de la alcald\u00eda de Corintio, Cauca, un carro bomba explot\u00f3 dejando un saldo de por lo menos 19 personas. De acuerdo al informe de la Secretar\u00eda de Gobierno del municipio, 13 de los afectados ser\u00edan funcionarios p\u00fablicos y los otros 6 ser\u00edan [&hellip;]<\/p>\n","protected":false},"author":1,"featured_media":51400,"comment_status":"open","ping_status":"open","sticky":false,"template":"","format":"standard","meta":{"footnotes":""},"categories":[53],"tags":[],"class_list":["post-51399","post","type-post","status-publish","format-standard","has-post-thumbnail","hentry","category-regiones"],"yoast_head":"<!-- This site is optimized with the Yoast SEO plugin v27.1.1 - https:\/\/yoast.com\/product\/yoast-seo-wordpress\/ -->\n<title>Explosi\u00f3n de carro bomba en Corintio, Cauca, dej\u00f3 un saldo de 19 heridos. | P\u00e1gina10<\/title>\n<meta name=\"robots\" content=\"index, follow, max-snippet:-1, max-image-preview:large, max-video-preview:-1\" \/>\n<link rel=\"canonical\" href=\"https:\/\/pagina10.com\/web\/explosion-de-carro-bomba-en-corintio-cauca-dejo-un-saldo-de-19-heridos\/\" \/>\n<meta property=\"og:locale\" content=\"es_ES\" \/>\n<meta property=\"og:type\" content=\"article\" \/>\n<meta property=\"og:title\" content=\"Explosi\u00f3n de carro bomba en Corintio, Cauca, dej\u00f3 un saldo de 19 heridos. | P\u00e1gina10\" \/>\n<meta property=\"og:description\" content=\"Sobre las 3:30 de la tarde de este viernes, frente a la sede de la alcald\u00eda de Corintio, Cauca, un carro bomba explot\u00f3 dejando un saldo de por lo menos 19 personas. De acuerdo al informe de la Secretar\u00eda de Gobierno del municipio, 13 de los afectados ser\u00edan funcionarios p\u00fablicos y los otros 6 ser\u00edan [&hellip;]\" \/>\n<meta property=\"og:url\" content=\"https:\/\/pagina10.com\/web\/explosion-de-carro-bomba-en-corintio-cauca-dejo-un-saldo-de-19-heridos\/\" \/>\n<meta property=\"og:site_name\" content=\"P\u00e1gina10\" \/>\n<meta property=\"article:publisher\" content=\"https:\/\/www.facebook.com\/pag10com\" \/>\n<meta property=\"article:published_time\" content=\"2021-03-27T01:58:25+00:00\" \/>\n<meta property=\"og:image\" content=\"https:\/\/pagina10.com\/web\/wp-content\/uploads\/2021\/03\/Captura-de-pantalla-124.png\" \/>\n\t<meta property=\"og:image:width\" content=\"563\" \/>\n\t<meta property=\"og:image:height\" content=\"368\" \/>\n\t<meta property=\"og:image:type\" content=\"image\/png\" \/>\n<meta name=\"author\" content=\"P\u00e1gina 10\" \/>\n<meta name=\"twitter:card\" content=\"summary_large_image\" \/>\n<meta name=\"twitter:creator\" content=\"@Pag10com\" \/>\n<meta name=\"twitter:site\" content=\"@Pag10com\" \/>\n<meta name=\"twitter:label1\" content=\"Escrito por\" \/>\n\t<meta name=\"twitter:data1\" content=\"P\u00e1gina 10\" \/>\n\t<meta name=\"twitter:label2\" content=\"Tiempo de lectura\" \/>\n\t<meta name=\"twitter:data2\" content=\"1 minuto\" \/>\n<script type=\"application\/ld+json\" class=\"yoast-schema-graph\">{\"@context\":\"https:\/\/schema.org\",\"@graph\":[{\"@type\":\"Article\",\"@id\":\"https:\/\/pagina10.com\/web\/explosion-de-carro-bomba-en-corintio-cauca-dejo-un-saldo-de-19-heridos\/#article\",\"isPartOf\":{\"@id\":\"https:\/\/pagina10.com\/web\/explosion-de-carro-bomba-en-corintio-cauca-dejo-un-saldo-de-19-heridos\/\"},\"author\":{\"name\":\"P\u00e1gina 10\",\"@id\":\"https:\/\/pagina10.com\/web\/#\/schema\/person\/2efc4a090d25b667d3bc796798a3a81b\"},\"headline\":\"Explosi\u00f3n de carro bomba en Corintio, Cauca, dej\u00f3 un saldo de 19 heridos.\",\"datePublished\":\"2021-03-27T01:58:25+00:00\",\"mainEntityOfPage\":{\"@id\":\"https:\/\/pagina10.com\/web\/explosion-de-carro-bomba-en-corintio-cauca-dejo-un-saldo-de-19-heridos\/\"},\"wordCount\":246,\"commentCount\":0,\"publisher\":{\"@id\":\"https:\/\/pagina10.com\/web\/#organization\"},\"image\":{\"@id\":\"https:\/\/pagina10.com\/web\/explosion-de-carro-bomba-en-corintio-cauca-dejo-un-saldo-de-19-heridos\/#primaryimage\"},\"thumbnailUrl\":\"https:\/\/pagina10.com\/web\/wp-content\/uploads\/2021\/03\/Captura-de-pantalla-124.png\",\"articleSection\":[\"Regiones\"],\"inLanguage\":\"es\",\"potentialAction\":[{\"@type\":\"CommentAction\",\"name\":\"Comment\",\"target\":[\"https:\/\/pagina10.com\/web\/explosion-de-carro-bomba-en-corintio-cauca-dejo-un-saldo-de-19-heridos\/#respond\"]}]},{\"@type\":\"WebPage\",\"@id\":\"https:\/\/pagina10.com\/web\/explosion-de-carro-bomba-en-corintio-cauca-dejo-un-saldo-de-19-heridos\/\",\"url\":\"https:\/\/pagina10.com\/web\/explosion-de-carro-bomba-en-corintio-cauca-dejo-un-saldo-de-19-heridos\/\",\"name\":\"Explosi\u00f3n de carro bomba en Corintio, Cauca, dej\u00f3 un saldo de 19 heridos. | P\u00e1gina10\",\"isPartOf\":{\"@id\":\"https:\/\/pagina10.com\/web\/#website\"},\"primaryImageOfPage\":{\"@id\":\"https:\/\/pagina10.com\/web\/explosion-de-carro-bomba-en-corintio-cauca-dejo-un-saldo-de-19-heridos\/#primaryimage\"},\"image\":{\"@id\":\"https:\/\/pagina10.com\/web\/explosion-de-carro-bomba-en-corintio-cauca-dejo-un-saldo-de-19-heridos\/#primaryimage\"},\"thumbnailUrl\":\"https:\/\/pagina10.com\/web\/wp-content\/uploads\/2021\/03\/Captura-de-pantalla-124.png\",\"datePublished\":\"2021-03-27T01:58:25+00:00\",\"breadcrumb\":{\"@id\":\"https:\/\/pagina10.com\/web\/explosion-de-carro-bomba-en-corintio-cauca-dejo-un-saldo-de-19-heridos\/#breadcrumb\"},\"inLanguage\":\"es\",\"potentialAction\":[{\"@type\":\"ReadAction\",\"target\":[\"https:\/\/pagina10.com\/web\/explosion-de-carro-bomba-en-corintio-cauca-dejo-un-saldo-de-19-heridos\/\"]}]},{\"@type\":\"ImageObject\",\"inLanguage\":\"es\",\"@id\":\"https:\/\/pagina10.com\/web\/explosion-de-carro-bomba-en-corintio-cauca-dejo-un-saldo-de-19-heridos\/#primaryimage\",\"url\":\"https:\/\/pagina10.com\/web\/wp-content\/uploads\/2021\/03\/Captura-de-pantalla-124.png\",\"contentUrl\":\"https:\/\/pagina10.com\/web\/wp-content\/uploads\/2021\/03\/Captura-de-pantalla-124.png\",\"width\":563,\"height\":368},{\"@type\":\"BreadcrumbList\",\"@id\":\"https:\/\/pagina10.com\/web\/explosion-de-carro-bomba-en-corintio-cauca-dejo-un-saldo-de-19-heridos\/#breadcrumb\",\"itemListElement\":[{\"@type\":\"ListItem\",\"position\":1,\"name\":\"Portada\",\"item\":\"https:\/\/pagina10.com\/web\/\"},{\"@type\":\"ListItem\",\"position\":2,\"name\":\"Explosi\u00f3n de carro bomba en Corintio, Cauca, dej\u00f3 un saldo de 19 heridos.\"}]},{\"@type\":\"WebSite\",\"@id\":\"https:\/\/pagina10.com\/web\/#website\",\"url\":\"https:\/\/pagina10.com\/web\/\",\"name\":\"P\u00e1gina10\",\"description\":\"Peri\u00f3dico Regional\",\"publisher\":{\"@id\":\"https:\/\/pagina10.com\/web\/#organization\"},\"alternateName\":\"P\u00e1gina10 Peri\u00f3dico Regional\",\"potentialAction\":[{\"@type\":\"SearchAction\",\"target\":{\"@type\":\"EntryPoint\",\"urlTemplate\":\"https:\/\/pagina10.com\/web\/?s={search_term_string}\"},\"query-input\":{\"@type\":\"PropertyValueSpecification\",\"valueRequired\":true,\"valueName\":\"search_term_string\"}}],\"inLanguage\":\"es\"},{\"@type\":\"Organization\",\"@id\":\"https:\/\/pagina10.com\/web\/#organization\",\"name\":\"P\u00e1gina10\",\"alternateName\":\"P\u00e1gina10 Peri\u00f3dico Regional\",\"url\":\"https:\/\/pagina10.com\/web\/\",\"logo\":{\"@type\":\"ImageObject\",\"inLanguage\":\"es\",\"@id\":\"https:\/\/pagina10.com\/web\/#\/schema\/logo\/image\/\",\"url\":\"https:\/\/pagina10.com\/web\/wp-content\/uploads\/2024\/01\/40-pagina-10-periodico-regional-pasto.jpg\",\"contentUrl\":\"https:\/\/pagina10.com\/web\/wp-content\/uploads\/2024\/01\/40-pagina-10-periodico-regional-pasto.jpg\",\"width\":1280,\"height\":720,\"caption\":\"P\u00e1gina10\"},\"image\":{\"@id\":\"https:\/\/pagina10.com\/web\/#\/schema\/logo\/image\/\"},\"sameAs\":[\"https:\/\/www.facebook.com\/pag10com\",\"https:\/\/x.com\/Pag10com\",\"https:\/\/www.instagram.com\/pagina10col\/\",\"https:\/\/youtube.com\/channel\/pag10\",\"https:\/\/www.tiktok.com\/@p10col\"]},{\"@type\":\"Person\",\"@id\":\"https:\/\/pagina10.com\/web\/#\/schema\/person\/2efc4a090d25b667d3bc796798a3a81b\",\"name\":\"P\u00e1gina 10\",\"description\":\"P\u00e1gina 10 es un peri\u00f3dico regional que nace en Colombia, en el departamento de Nari\u00f1o, con un enfoque global, fundamentado en cuatro pilares esenciales: la libertad, el pluralismo, la inclusi\u00f3n y la independencia. P\u00e1gina 10 hace referencia a Nari\u00f1o como el d\u00e9cimo departamento creado en Colombia, despu\u00e9s de un proceso pol\u00edtico liderado por actores y actrices regionales con el fin de obtener la independencia y autonom\u00eda de nuestros territorios. Con la creaci\u00f3n de P\u00e1gina 10 se pretende abrir un escenario para el dialogo, la reflexi\u00f3n y el debate que se extienda a otras geograf\u00edas de Am\u00e9rica Latina y del planeta, en una apuesta por transformar colectivamente los desaf\u00edos de un mundo contempor\u00e1neo, m\u00e1s all\u00e1 de las fronteras impuestas.\",\"url\":\"https:\/\/pagina10.com\/web\/author\/pdiezadmin\/\"}]}<\/script>\n<!-- \/ Yoast SEO plugin. -->","yoast_head_json":{"title":"Explosi\u00f3n de carro bomba en Corintio, Cauca, dej\u00f3 un saldo de 19 heridos. | P\u00e1gina10","robots":{"index":"index","follow":"follow","max-snippet":"max-snippet:-1","max-image-preview":"max-image-preview:large","max-video-preview":"max-video-preview:-1"},"canonical":"https:\/\/pagina10.com\/web\/explosion-de-carro-bomba-en-corintio-cauca-dejo-un-saldo-de-19-heridos\/","og_locale":"es_ES","og_type":"article","og_title":"Explosi\u00f3n de carro bomba en Corintio, Cauca, dej\u00f3 un saldo de 19 heridos. | P\u00e1gina10","og_description":"Sobre las 3:30 de la tarde de este viernes, frente a la sede de la alcald\u00eda de Corintio, Cauca, un carro bomba explot\u00f3 dejando un saldo de por lo menos 19 personas. De acuerdo al informe de la Secretar\u00eda de Gobierno del municipio, 13 de los afectados ser\u00edan funcionarios p\u00fablicos y los otros 6 ser\u00edan [&hellip;]","og_url":"https:\/\/pagina10.com\/web\/explosion-de-carro-bomba-en-corintio-cauca-dejo-un-saldo-de-19-heridos\/","og_site_name":"P\u00e1gina10","article_publisher":"https:\/\/www.facebook.com\/pag10com","article_published_time":"2021-03-27T01:58:25+00:00","og_image":[{"width":563,"height":368,"url":"https:\/\/pagina10.com\/web\/wp-content\/uploads\/2021\/03\/Captura-de-pantalla-124.png","type":"image\/png"}],"author":"P\u00e1gina 10","twitter_card":"summary_large_image","twitter_creator":"@Pag10com","twitter_site":"@Pag10com","twitter_misc":{"Escrito por":"P\u00e1gina 10","Tiempo de lectura":"1 minuto"},"schema":{"@context":"https:\/\/schema.org","@graph":[{"@type":"Article","@id":"https:\/\/pagina10.com\/web\/explosion-de-carro-bomba-en-corintio-cauca-dejo-un-saldo-de-19-heridos\/#article","isPartOf":{"@id":"https:\/\/pagina10.com\/web\/explosion-de-carro-bomba-en-corintio-cauca-dejo-un-saldo-de-19-heridos\/"},"author":{"name":"P\u00e1gina 10","@id":"https:\/\/pagina10.com\/web\/#\/schema\/person\/2efc4a090d25b667d3bc796798a3a81b"},"headline":"Explosi\u00f3n de carro bomba en Corintio, Cauca, dej\u00f3 un saldo de 19 heridos.","datePublished":"2021-03-27T01:58:25+00:00","mainEntityOfPage":{"@id":"https:\/\/pagina10.com\/web\/explosion-de-carro-bomba-en-corintio-cauca-dejo-un-saldo-de-19-heridos\/"},"wordCount":246,"commentCount":0,"publisher":{"@id":"https:\/\/pagina10.com\/web\/#organization"},"image":{"@id":"https:\/\/pagina10.com\/web\/explosion-de-carro-bomba-en-corintio-cauca-dejo-un-saldo-de-19-heridos\/#primaryimage"},"thumbnailUrl":"https:\/\/pagina10.com\/web\/wp-content\/uploads\/2021\/03\/Captura-de-pantalla-124.png","articleSection":["Regiones"],"inLanguage":"es","potentialAction":[{"@type":"CommentAction","name":"Comment","target":["https:\/\/pagina10.com\/web\/explosion-de-carro-bomba-en-corintio-cauca-dejo-un-saldo-de-19-heridos\/#respond"]}]},{"@type":"WebPage","@id":"https:\/\/pagina10.com\/web\/explosion-de-carro-bomba-en-corintio-cauca-dejo-un-saldo-de-19-heridos\/","url":"https:\/\/pagina10.com\/web\/explosion-de-carro-bomba-en-corintio-cauca-dejo-un-saldo-de-19-heridos\/","name":"Explosi\u00f3n de carro bomba en Corintio, Cauca, dej\u00f3 un saldo de 19 heridos. | P\u00e1gina10","isPartOf":{"@id":"https:\/\/pagina10.com\/web\/#website"},"primaryImageOfPage":{"@id":"https:\/\/pagina10.com\/web\/explosion-de-carro-bomba-en-corintio-cauca-dejo-un-saldo-de-19-heridos\/#primaryimage"},"image":{"@id":"https:\/\/pagina10.com\/web\/explosion-de-carro-bomba-en-corintio-cauca-dejo-un-saldo-de-19-heridos\/#primaryimage"},"thumbnailUrl":"https:\/\/pagina10.com\/web\/wp-content\/uploads\/2021\/03\/Captura-de-pantalla-124.png","datePublished":"2021-03-27T01:58:25+00:00","breadcrumb":{"@id":"https:\/\/pagina10.com\/web\/explosion-de-carro-bomba-en-corintio-cauca-dejo-un-saldo-de-19-heridos\/#breadcrumb"},"inLanguage":"es","potentialAction":[{"@type":"ReadAction","target":["https:\/\/pagina10.com\/web\/explosion-de-carro-bomba-en-corintio-cauca-dejo-un-saldo-de-19-heridos\/"]}]},{"@type":"ImageObject","inLanguage":"es","@id":"https:\/\/pagina10.com\/web\/explosion-de-carro-bomba-en-corintio-cauca-dejo-un-saldo-de-19-heridos\/#primaryimage","url":"https:\/\/pagina10.com\/web\/wp-content\/uploads\/2021\/03\/Captura-de-pantalla-124.png","contentUrl":"https:\/\/pagina10.com\/web\/wp-content\/uploads\/2021\/03\/Captura-de-pantalla-124.png","width":563,"height":368},{"@type":"BreadcrumbList","@id":"https:\/\/pagina10.com\/web\/explosion-de-carro-bomba-en-corintio-cauca-dejo-un-saldo-de-19-heridos\/#breadcrumb","itemListElement":[{"@type":"ListItem","position":1,"name":"Portada","item":"https:\/\/pagina10.com\/web\/"},{"@type":"ListItem","position":2,"name":"Explosi\u00f3n de carro bomba en Corintio, Cauca, dej\u00f3 un saldo de 19 heridos."}]},{"@type":"WebSite","@id":"https:\/\/pagina10.com\/web\/#website","url":"https:\/\/pagina10.com\/web\/","name":"P\u00e1gina10","description":"Peri\u00f3dico Regional","publisher":{"@id":"https:\/\/pagina10.com\/web\/#organization"},"alternateName":"P\u00e1gina10 Peri\u00f3dico Regional","potentialAction":[{"@type":"SearchAction","target":{"@type":"EntryPoint","urlTemplate":"https:\/\/pagina10.com\/web\/?s={search_term_string}"},"query-input":{"@type":"PropertyValueSpecification","valueRequired":true,"valueName":"search_term_string"}}],"inLanguage":"es"},{"@type":"Organization","@id":"https:\/\/pagina10.com\/web\/#organization","name":"P\u00e1gina10","alternateName":"P\u00e1gina10 Peri\u00f3dico Regional","url":"https:\/\/pagina10.com\/web\/","logo":{"@type":"ImageObject","inLanguage":"es","@id":"https:\/\/pagina10.com\/web\/#\/schema\/logo\/image\/","url":"https:\/\/pagina10.com\/web\/wp-content\/uploads\/2024\/01\/40-pagina-10-periodico-regional-pasto.jpg","contentUrl":"https:\/\/pagina10.com\/web\/wp-content\/uploads\/2024\/01\/40-pagina-10-periodico-regional-pasto.jpg","width":1280,"height":720,"caption":"P\u00e1gina10"},"image":{"@id":"https:\/\/pagina10.com\/web\/#\/schema\/logo\/image\/"},"sameAs":["https:\/\/www.facebook.com\/pag10com","https:\/\/x.com\/Pag10com","https:\/\/www.instagram.com\/pagina10col\/","https:\/\/youtube.com\/channel\/pag10","https:\/\/www.tiktok.com\/@p10col"]},{"@type":"Person","@id":"https:\/\/pagina10.com\/web\/#\/schema\/person\/2efc4a090d25b667d3bc796798a3a81b","name":"P\u00e1gina 10","description":"P\u00e1gina 10 es un peri\u00f3dico regional que nace en Colombia, en el departamento de Nari\u00f1o, con un enfoque global, fundamentado en cuatro pilares esenciales: la libertad, el pluralismo, la inclusi\u00f3n y la independencia. P\u00e1gina 10 hace referencia a Nari\u00f1o como el d\u00e9cimo departamento creado en Colombia, despu\u00e9s de un proceso pol\u00edtico liderado por actores y actrices regionales con el fin de obtener la independencia y autonom\u00eda de nuestros territorios. Con la creaci\u00f3n de P\u00e1gina 10 se pretende abrir un escenario para el dialogo, la reflexi\u00f3n y el debate que se extienda a otras geograf\u00edas de Am\u00e9rica Latina y del planeta, en una apuesta por transformar colectivamente los desaf\u00edos de un mundo contempor\u00e1neo, m\u00e1s all\u00e1 de las fronteras impuestas.","url":"https:\/\/pagina10.com\/web\/author\/pdiezadmin\/"}]}},"_links":{"self":[{"href":"https:\/\/pagina10.com\/web\/wp-json\/wp\/v2\/posts\/51399","targetHints":{"allow":["GET"]}}],"collection":[{"href":"https:\/\/pagina10.com\/web\/wp-json\/wp\/v2\/posts"}],"about":[{"href":"https:\/\/pagina10.com\/web\/wp-json\/wp\/v2\/types\/post"}],"author":[{"embeddable":true,"href":"https:\/\/pagina10.com\/web\/wp-json\/wp\/v2\/users\/1"}],"replies":[{"embeddable":true,"href":"https:\/\/pagina10.com\/web\/wp-json\/wp\/v2\/comments?post=51399"}],"version-history":[{"count":1,"href":"https:\/\/pagina10.com\/web\/wp-json\/wp\/v2\/posts\/51399\/revisions"}],"predecessor-version":[{"id":51401,"href":"https:\/\/pagina10.com\/web\/wp-json\/wp\/v2\/posts\/51399\/revisions\/51401"}],"wp:featuredmedia":[{"embeddable":true,"href":"https:\/\/pagina10.com\/web\/wp-json\/wp\/v2\/media\/51400"}],"wp:attachment":[{"href":"https:\/\/pagina10.com\/web\/wp-json\/wp\/v2\/media?parent=51399"}],"wp:term":[{"taxonomy":"category","embeddable":true,"href":"https:\/\/pagina10.com\/web\/wp-json\/wp\/v2\/categories?post=51399"},{"taxonomy":"post_tag","embeddable":true,"href":"https:\/\/pagina10.com\/web\/wp-json\/wp\/v2\/tags?post=51399"}],"curies":[{"name":"wp","href":"https:\/\/api.w.org\/{rel}","templated":true}]}}