{"id":51402,"date":"2021-03-27T09:33:32","date_gmt":"2021-03-27T14:33:32","guid":{"rendered":"https:\/\/pagina10.com\/web\/?p=51402"},"modified":"2021-03-27T11:01:01","modified_gmt":"2021-03-27T16:01:01","slug":"partido-alianza-verde-definio-su-ruta-politica-para-el-2022","status":"publish","type":"post","link":"https:\/\/pagina10.com\/web\/partido-alianza-verde-definio-su-ruta-politica-para-el-2022\/","title":{"rendered":"Partido Alianza Verde defini\u00f3 su ruta pol\u00edtica para el 2022."},"content":{"rendered":"<p style=\"text-align: justify;\">En la reuni\u00f3n virtual que se celebr\u00f3 ayer, la Direcci\u00f3n Nacional del Partido Alianza Verde, defini\u00f3 su ruta pol\u00edtica para comicios electorales del pr\u00f3ximo a\u00f1o, con el objetivo de mantenerse como una de las fuerzas pol\u00edticas m\u00e1s importantes del 2022.<\/p>\n<p style=\"text-align: justify;\">En la revisi\u00f3n de los avances de la construcci\u00f3n de la Coalici\u00f3n de la Esperanza, la dirigencia del partido a nivel nacional ratific\u00f3 su compromiso y participaci\u00f3n activa en la construcci\u00f3n y consolidaci\u00f3n de dicha coalici\u00f3n y acord\u00f3 por unanimidad, fortalecer las precandidaturas presidenciales de: Carlos, Amaya, Jorge Eduardo Londo\u00f1o, Iv\u00e1n Marulanda, Sandra Ortiz, Camilo Romero y Antonio Sanguino, todos precandidatos hasta el momento del Partido Verde.<\/p>\n<p style=\"text-align: justify;\">Se\u00f1alaron que impulsar\u00e1n listas \u00a0\u201crobustas e inspiradoras al Senado y a C\u00e1mara de Representantes para lograr tener mayor\u00eda en el Congreso de la Rep\u00fablica\u201d y que para la posible segunda vuelta en las elecciones presidenciales promover\u00e1n el respaldo de todos los sectores alternativos y dem\u00f3cratas a una sola candidatura de unidad.<\/p>\n<p style=\"text-align: justify;\">Finalmente, invitaron a la ciudadan\u00eda y a militancia del Verde a participar de manera activa en la consolidaci\u00f3n y promoci\u00f3n de la Coalici\u00f3n de la Esperanza y de las \u00a0diferentes candidaturas de la colectividad\u00a0 en las diferentes regiones del pa\u00eds.<\/p>\n","protected":false},"excerpt":{"rendered":"<p>En la reuni\u00f3n virtual que se celebr\u00f3 ayer, la Direcci\u00f3n Nacional del Partido Alianza Verde, defini\u00f3 su ruta pol\u00edtica para comicios electorales del pr\u00f3ximo a\u00f1o, con el objetivo de mantenerse como una de las fuerzas pol\u00edticas m\u00e1s importantes del 2022. En la revisi\u00f3n de los avances de la construcci\u00f3n de la Coalici\u00f3n de la Esperanza, [&hellip;]<\/p>\n","protected":false},"author":1,"featured_media":51408,"comment_status":"open","ping_status":"open","sticky":false,"template":"","format":"standard","meta":{"footnotes":""},"categories":[94],"tags":[],"class_list":["post-51402","post","type-post","status-publish","format-standard","has-post-thumbnail","hentry","category-nacional-global-2"],"yoast_head":"<!-- This site is optimized with the Yoast SEO plugin v27.1.1 - https:\/\/yoast.com\/product\/yoast-seo-wordpress\/ -->\n<title>Partido Alianza Verde defini\u00f3 su ruta pol\u00edtica para el 2022. | P\u00e1gina10<\/title>\n<meta name=\"robots\" content=\"index, follow, max-snippet:-1, max-image-preview:large, max-video-preview:-1\" \/>\n<link rel=\"canonical\" href=\"https:\/\/pagina10.com\/web\/partido-alianza-verde-definio-su-ruta-politica-para-el-2022\/\" \/>\n<meta property=\"og:locale\" content=\"es_ES\" \/>\n<meta property=\"og:type\" content=\"article\" \/>\n<meta property=\"og:title\" content=\"Partido Alianza Verde defini\u00f3 su ruta pol\u00edtica para el 2022. | P\u00e1gina10\" \/>\n<meta property=\"og:description\" content=\"En la reuni\u00f3n virtual que se celebr\u00f3 ayer, la Direcci\u00f3n Nacional del Partido Alianza Verde, defini\u00f3 su ruta pol\u00edtica para comicios electorales del pr\u00f3ximo a\u00f1o, con el objetivo de mantenerse como una de las fuerzas pol\u00edticas m\u00e1s importantes del 2022. En la revisi\u00f3n de los avances de la construcci\u00f3n de la Coalici\u00f3n de la Esperanza, [&hellip;]\" \/>\n<meta property=\"og:url\" content=\"https:\/\/pagina10.com\/web\/partido-alianza-verde-definio-su-ruta-politica-para-el-2022\/\" \/>\n<meta property=\"og:site_name\" content=\"P\u00e1gina10\" \/>\n<meta property=\"article:publisher\" content=\"https:\/\/www.facebook.com\/pag10com\" \/>\n<meta property=\"article:published_time\" content=\"2021-03-27T14:33:32+00:00\" \/>\n<meta property=\"article:modified_time\" content=\"2021-03-27T16:01:01+00:00\" \/>\n<meta property=\"og:image\" content=\"https:\/\/pagina10.com\/web\/wp-content\/uploads\/2021\/03\/IMG-20210327-WA0000.jpg\" \/>\n\t<meta property=\"og:image:width\" content=\"1024\" \/>\n\t<meta property=\"og:image:height\" content=\"452\" \/>\n\t<meta property=\"og:image:type\" content=\"image\/jpeg\" \/>\n<meta name=\"author\" content=\"P\u00e1gina 10\" \/>\n<meta name=\"twitter:card\" content=\"summary_large_image\" \/>\n<meta name=\"twitter:creator\" content=\"@Pag10com\" \/>\n<meta name=\"twitter:site\" content=\"@Pag10com\" \/>\n<meta name=\"twitter:label1\" content=\"Escrito por\" \/>\n\t<meta name=\"twitter:data1\" content=\"P\u00e1gina 10\" \/>\n\t<meta name=\"twitter:label2\" content=\"Tiempo de lectura\" \/>\n\t<meta name=\"twitter:data2\" content=\"1 minuto\" \/>\n<script type=\"application\/ld+json\" class=\"yoast-schema-graph\">{\"@context\":\"https:\/\/schema.org\",\"@graph\":[{\"@type\":\"Article\",\"@id\":\"https:\/\/pagina10.com\/web\/partido-alianza-verde-definio-su-ruta-politica-para-el-2022\/#article\",\"isPartOf\":{\"@id\":\"https:\/\/pagina10.com\/web\/partido-alianza-verde-definio-su-ruta-politica-para-el-2022\/\"},\"author\":{\"name\":\"P\u00e1gina 10\",\"@id\":\"https:\/\/pagina10.com\/web\/#\/schema\/person\/2efc4a090d25b667d3bc796798a3a81b\"},\"headline\":\"Partido Alianza Verde defini\u00f3 su ruta pol\u00edtica para el 2022.\",\"datePublished\":\"2021-03-27T14:33:32+00:00\",\"dateModified\":\"2021-03-27T16:01:01+00:00\",\"mainEntityOfPage\":{\"@id\":\"https:\/\/pagina10.com\/web\/partido-alianza-verde-definio-su-ruta-politica-para-el-2022\/\"},\"wordCount\":235,\"commentCount\":0,\"publisher\":{\"@id\":\"https:\/\/pagina10.com\/web\/#organization\"},\"image\":{\"@id\":\"https:\/\/pagina10.com\/web\/partido-alianza-verde-definio-su-ruta-politica-para-el-2022\/#primaryimage\"},\"thumbnailUrl\":\"https:\/\/pagina10.com\/web\/wp-content\/uploads\/2021\/03\/IMG-20210327-WA0000.jpg\",\"articleSection\":[\"Nacional\"],\"inLanguage\":\"es\",\"potentialAction\":[{\"@type\":\"CommentAction\",\"name\":\"Comment\",\"target\":[\"https:\/\/pagina10.com\/web\/partido-alianza-verde-definio-su-ruta-politica-para-el-2022\/#respond\"]}]},{\"@type\":\"WebPage\",\"@id\":\"https:\/\/pagina10.com\/web\/partido-alianza-verde-definio-su-ruta-politica-para-el-2022\/\",\"url\":\"https:\/\/pagina10.com\/web\/partido-alianza-verde-definio-su-ruta-politica-para-el-2022\/\",\"name\":\"Partido Alianza Verde defini\u00f3 su ruta pol\u00edtica para el 2022. | P\u00e1gina10\",\"isPartOf\":{\"@id\":\"https:\/\/pagina10.com\/web\/#website\"},\"primaryImageOfPage\":{\"@id\":\"https:\/\/pagina10.com\/web\/partido-alianza-verde-definio-su-ruta-politica-para-el-2022\/#primaryimage\"},\"image\":{\"@id\":\"https:\/\/pagina10.com\/web\/partido-alianza-verde-definio-su-ruta-politica-para-el-2022\/#primaryimage\"},\"thumbnailUrl\":\"https:\/\/pagina10.com\/web\/wp-content\/uploads\/2021\/03\/IMG-20210327-WA0000.jpg\",\"datePublished\":\"2021-03-27T14:33:32+00:00\",\"dateModified\":\"2021-03-27T16:01:01+00:00\",\"breadcrumb\":{\"@id\":\"https:\/\/pagina10.com\/web\/partido-alianza-verde-definio-su-ruta-politica-para-el-2022\/#breadcrumb\"},\"inLanguage\":\"es\",\"potentialAction\":[{\"@type\":\"ReadAction\",\"target\":[\"https:\/\/pagina10.com\/web\/partido-alianza-verde-definio-su-ruta-politica-para-el-2022\/\"]}]},{\"@type\":\"ImageObject\",\"inLanguage\":\"es\",\"@id\":\"https:\/\/pagina10.com\/web\/partido-alianza-verde-definio-su-ruta-politica-para-el-2022\/#primaryimage\",\"url\":\"https:\/\/pagina10.com\/web\/wp-content\/uploads\/2021\/03\/IMG-20210327-WA0000.jpg\",\"contentUrl\":\"https:\/\/pagina10.com\/web\/wp-content\/uploads\/2021\/03\/IMG-20210327-WA0000.jpg\",\"width\":1024,\"height\":452},{\"@type\":\"BreadcrumbList\",\"@id\":\"https:\/\/pagina10.com\/web\/partido-alianza-verde-definio-su-ruta-politica-para-el-2022\/#breadcrumb\",\"itemListElement\":[{\"@type\":\"ListItem\",\"position\":1,\"name\":\"Portada\",\"item\":\"https:\/\/pagina10.com\/web\/\"},{\"@type\":\"ListItem\",\"position\":2,\"name\":\"Partido Alianza Verde defini\u00f3 su ruta pol\u00edtica para el 2022.\"}]},{\"@type\":\"WebSite\",\"@id\":\"https:\/\/pagina10.com\/web\/#website\",\"url\":\"https:\/\/pagina10.com\/web\/\",\"name\":\"P\u00e1gina10\",\"description\":\"Peri\u00f3dico Regional\",\"publisher\":{\"@id\":\"https:\/\/pagina10.com\/web\/#organization\"},\"alternateName\":\"P\u00e1gina10 Peri\u00f3dico Regional\",\"potentialAction\":[{\"@type\":\"SearchAction\",\"target\":{\"@type\":\"EntryPoint\",\"urlTemplate\":\"https:\/\/pagina10.com\/web\/?s={search_term_string}\"},\"query-input\":{\"@type\":\"PropertyValueSpecification\",\"valueRequired\":true,\"valueName\":\"search_term_string\"}}],\"inLanguage\":\"es\"},{\"@type\":\"Organization\",\"@id\":\"https:\/\/pagina10.com\/web\/#organization\",\"name\":\"P\u00e1gina10\",\"alternateName\":\"P\u00e1gina10 Peri\u00f3dico Regional\",\"url\":\"https:\/\/pagina10.com\/web\/\",\"logo\":{\"@type\":\"ImageObject\",\"inLanguage\":\"es\",\"@id\":\"https:\/\/pagina10.com\/web\/#\/schema\/logo\/image\/\",\"url\":\"https:\/\/pagina10.com\/web\/wp-content\/uploads\/2024\/01\/40-pagina-10-periodico-regional-pasto.jpg\",\"contentUrl\":\"https:\/\/pagina10.com\/web\/wp-content\/uploads\/2024\/01\/40-pagina-10-periodico-regional-pasto.jpg\",\"width\":1280,\"height\":720,\"caption\":\"P\u00e1gina10\"},\"image\":{\"@id\":\"https:\/\/pagina10.com\/web\/#\/schema\/logo\/image\/\"},\"sameAs\":[\"https:\/\/www.facebook.com\/pag10com\",\"https:\/\/x.com\/Pag10com\",\"https:\/\/www.instagram.com\/pagina10col\/\",\"https:\/\/youtube.com\/channel\/pag10\",\"https:\/\/www.tiktok.com\/@p10col\"]},{\"@type\":\"Person\",\"@id\":\"https:\/\/pagina10.com\/web\/#\/schema\/person\/2efc4a090d25b667d3bc796798a3a81b\",\"name\":\"P\u00e1gina 10\",\"description\":\"P\u00e1gina 10 es un peri\u00f3dico regional que nace en Colombia, en el departamento de Nari\u00f1o, con un enfoque global, fundamentado en cuatro pilares esenciales: la libertad, el pluralismo, la inclusi\u00f3n y la independencia. P\u00e1gina 10 hace referencia a Nari\u00f1o como el d\u00e9cimo departamento creado en Colombia, despu\u00e9s de un proceso pol\u00edtico liderado por actores y actrices regionales con el fin de obtener la independencia y autonom\u00eda de nuestros territorios. Con la creaci\u00f3n de P\u00e1gina 10 se pretende abrir un escenario para el dialogo, la reflexi\u00f3n y el debate que se extienda a otras geograf\u00edas de Am\u00e9rica Latina y del planeta, en una apuesta por transformar colectivamente los desaf\u00edos de un mundo contempor\u00e1neo, m\u00e1s all\u00e1 de las fronteras impuestas.\",\"url\":\"https:\/\/pagina10.com\/web\/author\/pdiezadmin\/\"}]}<\/script>\n<!-- \/ Yoast SEO plugin. -->","yoast_head_json":{"title":"Partido Alianza Verde defini\u00f3 su ruta pol\u00edtica para el 2022. | P\u00e1gina10","robots":{"index":"index","follow":"follow","max-snippet":"max-snippet:-1","max-image-preview":"max-image-preview:large","max-video-preview":"max-video-preview:-1"},"canonical":"https:\/\/pagina10.com\/web\/partido-alianza-verde-definio-su-ruta-politica-para-el-2022\/","og_locale":"es_ES","og_type":"article","og_title":"Partido Alianza Verde defini\u00f3 su ruta pol\u00edtica para el 2022. | P\u00e1gina10","og_description":"En la reuni\u00f3n virtual que se celebr\u00f3 ayer, la Direcci\u00f3n Nacional del Partido Alianza Verde, defini\u00f3 su ruta pol\u00edtica para comicios electorales del pr\u00f3ximo a\u00f1o, con el objetivo de mantenerse como una de las fuerzas pol\u00edticas m\u00e1s importantes del 2022. En la revisi\u00f3n de los avances de la construcci\u00f3n de la Coalici\u00f3n de la Esperanza, [&hellip;]","og_url":"https:\/\/pagina10.com\/web\/partido-alianza-verde-definio-su-ruta-politica-para-el-2022\/","og_site_name":"P\u00e1gina10","article_publisher":"https:\/\/www.facebook.com\/pag10com","article_published_time":"2021-03-27T14:33:32+00:00","article_modified_time":"2021-03-27T16:01:01+00:00","og_image":[{"width":1024,"height":452,"url":"https:\/\/pagina10.com\/web\/wp-content\/uploads\/2021\/03\/IMG-20210327-WA0000.jpg","type":"image\/jpeg"}],"author":"P\u00e1gina 10","twitter_card":"summary_large_image","twitter_creator":"@Pag10com","twitter_site":"@Pag10com","twitter_misc":{"Escrito por":"P\u00e1gina 10","Tiempo de lectura":"1 minuto"},"schema":{"@context":"https:\/\/schema.org","@graph":[{"@type":"Article","@id":"https:\/\/pagina10.com\/web\/partido-alianza-verde-definio-su-ruta-politica-para-el-2022\/#article","isPartOf":{"@id":"https:\/\/pagina10.com\/web\/partido-alianza-verde-definio-su-ruta-politica-para-el-2022\/"},"author":{"name":"P\u00e1gina 10","@id":"https:\/\/pagina10.com\/web\/#\/schema\/person\/2efc4a090d25b667d3bc796798a3a81b"},"headline":"Partido Alianza Verde defini\u00f3 su ruta pol\u00edtica para el 2022.","datePublished":"2021-03-27T14:33:32+00:00","dateModified":"2021-03-27T16:01:01+00:00","mainEntityOfPage":{"@id":"https:\/\/pagina10.com\/web\/partido-alianza-verde-definio-su-ruta-politica-para-el-2022\/"},"wordCount":235,"commentCount":0,"publisher":{"@id":"https:\/\/pagina10.com\/web\/#organization"},"image":{"@id":"https:\/\/pagina10.com\/web\/partido-alianza-verde-definio-su-ruta-politica-para-el-2022\/#primaryimage"},"thumbnailUrl":"https:\/\/pagina10.com\/web\/wp-content\/uploads\/2021\/03\/IMG-20210327-WA0000.jpg","articleSection":["Nacional"],"inLanguage":"es","potentialAction":[{"@type":"CommentAction","name":"Comment","target":["https:\/\/pagina10.com\/web\/partido-alianza-verde-definio-su-ruta-politica-para-el-2022\/#respond"]}]},{"@type":"WebPage","@id":"https:\/\/pagina10.com\/web\/partido-alianza-verde-definio-su-ruta-politica-para-el-2022\/","url":"https:\/\/pagina10.com\/web\/partido-alianza-verde-definio-su-ruta-politica-para-el-2022\/","name":"Partido Alianza Verde defini\u00f3 su ruta pol\u00edtica para el 2022. | P\u00e1gina10","isPartOf":{"@id":"https:\/\/pagina10.com\/web\/#website"},"primaryImageOfPage":{"@id":"https:\/\/pagina10.com\/web\/partido-alianza-verde-definio-su-ruta-politica-para-el-2022\/#primaryimage"},"image":{"@id":"https:\/\/pagina10.com\/web\/partido-alianza-verde-definio-su-ruta-politica-para-el-2022\/#primaryimage"},"thumbnailUrl":"https:\/\/pagina10.com\/web\/wp-content\/uploads\/2021\/03\/IMG-20210327-WA0000.jpg","datePublished":"2021-03-27T14:33:32+00:00","dateModified":"2021-03-27T16:01:01+00:00","breadcrumb":{"@id":"https:\/\/pagina10.com\/web\/partido-alianza-verde-definio-su-ruta-politica-para-el-2022\/#breadcrumb"},"inLanguage":"es","potentialAction":[{"@type":"ReadAction","target":["https:\/\/pagina10.com\/web\/partido-alianza-verde-definio-su-ruta-politica-para-el-2022\/"]}]},{"@type":"ImageObject","inLanguage":"es","@id":"https:\/\/pagina10.com\/web\/partido-alianza-verde-definio-su-ruta-politica-para-el-2022\/#primaryimage","url":"https:\/\/pagina10.com\/web\/wp-content\/uploads\/2021\/03\/IMG-20210327-WA0000.jpg","contentUrl":"https:\/\/pagina10.com\/web\/wp-content\/uploads\/2021\/03\/IMG-20210327-WA0000.jpg","width":1024,"height":452},{"@type":"BreadcrumbList","@id":"https:\/\/pagina10.com\/web\/partido-alianza-verde-definio-su-ruta-politica-para-el-2022\/#breadcrumb","itemListElement":[{"@type":"ListItem","position":1,"name":"Portada","item":"https:\/\/pagina10.com\/web\/"},{"@type":"ListItem","position":2,"name":"Partido Alianza Verde defini\u00f3 su ruta pol\u00edtica para el 2022."}]},{"@type":"WebSite","@id":"https:\/\/pagina10.com\/web\/#website","url":"https:\/\/pagina10.com\/web\/","name":"P\u00e1gina10","description":"Peri\u00f3dico Regional","publisher":{"@id":"https:\/\/pagina10.com\/web\/#organization"},"alternateName":"P\u00e1gina10 Peri\u00f3dico Regional","potentialAction":[{"@type":"SearchAction","target":{"@type":"EntryPoint","urlTemplate":"https:\/\/pagina10.com\/web\/?s={search_term_string}"},"query-input":{"@type":"PropertyValueSpecification","valueRequired":true,"valueName":"search_term_string"}}],"inLanguage":"es"},{"@type":"Organization","@id":"https:\/\/pagina10.com\/web\/#organization","name":"P\u00e1gina10","alternateName":"P\u00e1gina10 Peri\u00f3dico Regional","url":"https:\/\/pagina10.com\/web\/","logo":{"@type":"ImageObject","inLanguage":"es","@id":"https:\/\/pagina10.com\/web\/#\/schema\/logo\/image\/","url":"https:\/\/pagina10.com\/web\/wp-content\/uploads\/2024\/01\/40-pagina-10-periodico-regional-pasto.jpg","contentUrl":"https:\/\/pagina10.com\/web\/wp-content\/uploads\/2024\/01\/40-pagina-10-periodico-regional-pasto.jpg","width":1280,"height":720,"caption":"P\u00e1gina10"},"image":{"@id":"https:\/\/pagina10.com\/web\/#\/schema\/logo\/image\/"},"sameAs":["https:\/\/www.facebook.com\/pag10com","https:\/\/x.com\/Pag10com","https:\/\/www.instagram.com\/pagina10col\/","https:\/\/youtube.com\/channel\/pag10","https:\/\/www.tiktok.com\/@p10col"]},{"@type":"Person","@id":"https:\/\/pagina10.com\/web\/#\/schema\/person\/2efc4a090d25b667d3bc796798a3a81b","name":"P\u00e1gina 10","description":"P\u00e1gina 10 es un peri\u00f3dico regional que nace en Colombia, en el departamento de Nari\u00f1o, con un enfoque global, fundamentado en cuatro pilares esenciales: la libertad, el pluralismo, la inclusi\u00f3n y la independencia. P\u00e1gina 10 hace referencia a Nari\u00f1o como el d\u00e9cimo departamento creado en Colombia, despu\u00e9s de un proceso pol\u00edtico liderado por actores y actrices regionales con el fin de obtener la independencia y autonom\u00eda de nuestros territorios. Con la creaci\u00f3n de P\u00e1gina 10 se pretende abrir un escenario para el dialogo, la reflexi\u00f3n y el debate que se extienda a otras geograf\u00edas de Am\u00e9rica Latina y del planeta, en una apuesta por transformar colectivamente los desaf\u00edos de un mundo contempor\u00e1neo, m\u00e1s all\u00e1 de las fronteras impuestas.","url":"https:\/\/pagina10.com\/web\/author\/pdiezadmin\/"}]}},"_links":{"self":[{"href":"https:\/\/pagina10.com\/web\/wp-json\/wp\/v2\/posts\/51402","targetHints":{"allow":["GET"]}}],"collection":[{"href":"https:\/\/pagina10.com\/web\/wp-json\/wp\/v2\/posts"}],"about":[{"href":"https:\/\/pagina10.com\/web\/wp-json\/wp\/v2\/types\/post"}],"author":[{"embeddable":true,"href":"https:\/\/pagina10.com\/web\/wp-json\/wp\/v2\/users\/1"}],"replies":[{"embeddable":true,"href":"https:\/\/pagina10.com\/web\/wp-json\/wp\/v2\/comments?post=51402"}],"version-history":[{"count":1,"href":"https:\/\/pagina10.com\/web\/wp-json\/wp\/v2\/posts\/51402\/revisions"}],"predecessor-version":[{"id":51404,"href":"https:\/\/pagina10.com\/web\/wp-json\/wp\/v2\/posts\/51402\/revisions\/51404"}],"wp:featuredmedia":[{"embeddable":true,"href":"https:\/\/pagina10.com\/web\/wp-json\/wp\/v2\/media\/51408"}],"wp:attachment":[{"href":"https:\/\/pagina10.com\/web\/wp-json\/wp\/v2\/media?parent=51402"}],"wp:term":[{"taxonomy":"category","embeddable":true,"href":"https:\/\/pagina10.com\/web\/wp-json\/wp\/v2\/categories?post=51402"},{"taxonomy":"post_tag","embeddable":true,"href":"https:\/\/pagina10.com\/web\/wp-json\/wp\/v2\/tags?post=51402"}],"curies":[{"name":"wp","href":"https:\/\/api.w.org\/{rel}","templated":true}]}}