{"id":51411,"date":"2021-03-27T15:12:58","date_gmt":"2021-03-27T20:12:58","guid":{"rendered":"https:\/\/pagina10.com\/web\/?p=51411"},"modified":"2021-03-27T15:12:58","modified_gmt":"2021-03-27T20:12:58","slug":"representante-del-centro-democratico-plantea-que-recursos-congelados-de-venezuela-sean-destinados-a-afrontar-la-crisis-migratoria","status":"publish","type":"post","link":"https:\/\/pagina10.com\/web\/representante-del-centro-democratico-plantea-que-recursos-congelados-de-venezuela-sean-destinados-a-afrontar-la-crisis-migratoria\/","title":{"rendered":"Representante del Centro Democr\u00e1tico plantea que recursos congelados de Venezuela sean destinados a afrontar la crisis migratoria."},"content":{"rendered":"<p style=\"text-align: justify;\">El Representante a la C\u00e1mara del Centro Democr\u00e1tico, Jos\u00e9 Jaime Usc\u00e1tegui por medio de una carta dirigida al presidente Iv\u00e1n Duque plante\u00f3 una serie de solicitudes que coadyuven al gobierno Colombiano a mitigar el impacto socioecon\u00f3mico generado por la migraci\u00f3n de ciudadanos venezolanos. \u201cEstas solicitudes se encuentran soportadas en acciones directas que han realizado varios pa\u00edses a nivel global y que han sido de gran ayuda, tanto para sus nacionales como tambi\u00e9n para la poblaci\u00f3n migrante\u201d, expres\u00f3 el representante.<\/p>\n<p style=\"text-align: justify;\">En un aparte de la carta enviada, el representante menciona que seg\u00fan un reporte preliminar de la OEA, \u201cColombia ha sido reconocida internacionalmente como uno de los pa\u00edses que ha liderado y respaldado todo lo concerniente a las pol\u00edticas de protecci\u00f3n migratoria, pues ha albergado aproximadamente a 1.3 millones de migrantes venezolanos\u201d, es por esta raz\u00f3n que, acorde a lo manifestado por el representante, estas medias est\u00e1n orientadas a aliviar a los pa\u00edses que acogen a los ciudadanos venezolanos, en este caso ayudar\u00eda al pa\u00eds a mitigar los costos que trae consigo el afrontar la crisis migratoria, y as\u00ed mismo, buscar\u00edan sancionar a Venezuela por obligar a sus connacionales a migrar.<\/p>\n<p style=\"text-align: justify;\">Por lo anterior, el representante plante\u00f3 que el Estado Colombiano deber\u00eda solicitar al Departamento del Tesoro de Estados Unidos destinar los fondos que han sido decomisados y congelados al R\u00e9gimen de Nicol\u00e1s Maduro, \u201cproducto de la corrupci\u00f3n, narcotr\u00e1fico y lavado de activos de ese pa\u00eds\u201d,\u00a0 a reducir los gastos de salud, educaci\u00f3n y redes de seguridad para la poblaci\u00f3n migrante, que han sido atendidos por el Estado colombiano.<\/p>\n<p style=\"text-align: justify;\">De otra parte, plante\u00f3 que el Estado tambi\u00e9n \u201cpodr\u00eda optar por promover la creaci\u00f3n de un fondo fiduciario financiado con los activos que le han sido congelados al r\u00e9gimen de Nicol\u00e1s Maduro en todo el mundo, para que de esta forma se pueda reforzar, proteger y ayudar a todas las personas migrantes, las cuales han buscado refugio en pa\u00edses vecinos. Frente a esta medida, se tiene como precedente el que ha sentado la Comisi\u00f3n Europea, pues cre\u00f3 y de esta misma forma dispuso de recursos (2.000 millones de euros) para nuevos programas relacionados con la migraci\u00f3n que se ha dado en el norte de \u00c1frica, esto les ha dado la posibilidad de \u2018dar una respuesta r\u00e1pida, flexible, y colectiva a las distintas dimensiones de una situaci\u00f3n de emergencia\u2019\u201d, enfatiz\u00f3 el representante.<\/p>\n<p style=\"text-align: justify;\">Concluy\u00f3 manifestando que \u201cexiste la oportunidad para que el Estado colombiano solicite los dineros que le han sido decomisados y confiscados al r\u00e9gimen venezolano, no solo a los Estados Unidos, sino a todos los pa\u00edses que hayan ejecutado estas acciones. Esto con el fin de sobrellevar todo el tema correspondiente a la crisis migratoria de Venezuela\u201d.<\/p>\n","protected":false},"excerpt":{"rendered":"<p>El Representante a la C\u00e1mara del Centro Democr\u00e1tico, Jos\u00e9 Jaime Usc\u00e1tegui por medio de una carta dirigida al presidente Iv\u00e1n Duque plante\u00f3 una serie de solicitudes que coadyuven al gobierno Colombiano a mitigar el impacto socioecon\u00f3mico generado por la migraci\u00f3n de ciudadanos venezolanos. \u201cEstas solicitudes se encuentran soportadas en acciones directas que han realizado varios [&hellip;]<\/p>\n","protected":false},"author":1,"featured_media":51412,"comment_status":"open","ping_status":"open","sticky":false,"template":"","format":"standard","meta":{"footnotes":""},"categories":[94],"tags":[],"class_list":["post-51411","post","type-post","status-publish","format-standard","has-post-thumbnail","hentry","category-nacional-global-2"],"yoast_head":"<!-- This site is optimized with the Yoast SEO plugin v27.1.1 - https:\/\/yoast.com\/product\/yoast-seo-wordpress\/ -->\n<title>Representante del Centro Democr\u00e1tico plantea que recursos congelados de Venezuela sean destinados a afrontar la crisis migratoria. | P\u00e1gina10<\/title>\n<meta name=\"robots\" content=\"index, follow, max-snippet:-1, max-image-preview:large, max-video-preview:-1\" \/>\n<link rel=\"canonical\" href=\"https:\/\/pagina10.com\/web\/representante-del-centro-democratico-plantea-que-recursos-congelados-de-venezuela-sean-destinados-a-afrontar-la-crisis-migratoria\/\" \/>\n<meta property=\"og:locale\" content=\"es_ES\" \/>\n<meta property=\"og:type\" content=\"article\" \/>\n<meta property=\"og:title\" content=\"Representante del Centro Democr\u00e1tico plantea que recursos congelados de Venezuela sean destinados a afrontar la crisis migratoria. | P\u00e1gina10\" \/>\n<meta property=\"og:description\" content=\"El Representante a la C\u00e1mara del Centro Democr\u00e1tico, Jos\u00e9 Jaime Usc\u00e1tegui por medio de una carta dirigida al presidente Iv\u00e1n Duque plante\u00f3 una serie de solicitudes que coadyuven al gobierno Colombiano a mitigar el impacto socioecon\u00f3mico generado por la migraci\u00f3n de ciudadanos venezolanos. \u201cEstas solicitudes se encuentran soportadas en acciones directas que han realizado varios [&hellip;]\" \/>\n<meta property=\"og:url\" content=\"https:\/\/pagina10.com\/web\/representante-del-centro-democratico-plantea-que-recursos-congelados-de-venezuela-sean-destinados-a-afrontar-la-crisis-migratoria\/\" \/>\n<meta property=\"og:site_name\" content=\"P\u00e1gina10\" \/>\n<meta property=\"article:publisher\" content=\"https:\/\/www.facebook.com\/pag10com\" \/>\n<meta property=\"article:published_time\" content=\"2021-03-27T20:12:58+00:00\" \/>\n<meta property=\"og:image\" content=\"https:\/\/pagina10.com\/web\/wp-content\/uploads\/2021\/03\/1_eL8D-8Pb-CKUK6-TwNKMIg.jpeg\" \/>\n\t<meta property=\"og:image:width\" content=\"1600\" \/>\n\t<meta property=\"og:image:height\" content=\"897\" \/>\n\t<meta property=\"og:image:type\" content=\"image\/jpeg\" \/>\n<meta name=\"author\" content=\"P\u00e1gina 10\" \/>\n<meta name=\"twitter:card\" content=\"summary_large_image\" \/>\n<meta name=\"twitter:creator\" content=\"@Pag10com\" \/>\n<meta name=\"twitter:site\" content=\"@Pag10com\" \/>\n<meta name=\"twitter:label1\" content=\"Escrito por\" \/>\n\t<meta name=\"twitter:data1\" content=\"P\u00e1gina 10\" \/>\n\t<meta name=\"twitter:label2\" content=\"Tiempo de lectura\" \/>\n\t<meta name=\"twitter:data2\" content=\"2 minutos\" \/>\n<script type=\"application\/ld+json\" class=\"yoast-schema-graph\">{\"@context\":\"https:\/\/schema.org\",\"@graph\":[{\"@type\":\"Article\",\"@id\":\"https:\/\/pagina10.com\/web\/representante-del-centro-democratico-plantea-que-recursos-congelados-de-venezuela-sean-destinados-a-afrontar-la-crisis-migratoria\/#article\",\"isPartOf\":{\"@id\":\"https:\/\/pagina10.com\/web\/representante-del-centro-democratico-plantea-que-recursos-congelados-de-venezuela-sean-destinados-a-afrontar-la-crisis-migratoria\/\"},\"author\":{\"name\":\"P\u00e1gina 10\",\"@id\":\"https:\/\/pagina10.com\/web\/#\/schema\/person\/2efc4a090d25b667d3bc796798a3a81b\"},\"headline\":\"Representante del Centro Democr\u00e1tico plantea que recursos congelados de Venezuela sean destinados a afrontar la crisis migratoria.\",\"datePublished\":\"2021-03-27T20:12:58+00:00\",\"mainEntityOfPage\":{\"@id\":\"https:\/\/pagina10.com\/web\/representante-del-centro-democratico-plantea-que-recursos-congelados-de-venezuela-sean-destinados-a-afrontar-la-crisis-migratoria\/\"},\"wordCount\":500,\"commentCount\":0,\"publisher\":{\"@id\":\"https:\/\/pagina10.com\/web\/#organization\"},\"image\":{\"@id\":\"https:\/\/pagina10.com\/web\/representante-del-centro-democratico-plantea-que-recursos-congelados-de-venezuela-sean-destinados-a-afrontar-la-crisis-migratoria\/#primaryimage\"},\"thumbnailUrl\":\"https:\/\/pagina10.com\/web\/wp-content\/uploads\/2021\/03\/1_eL8D-8Pb-CKUK6-TwNKMIg.jpeg\",\"articleSection\":[\"Nacional\"],\"inLanguage\":\"es\",\"potentialAction\":[{\"@type\":\"CommentAction\",\"name\":\"Comment\",\"target\":[\"https:\/\/pagina10.com\/web\/representante-del-centro-democratico-plantea-que-recursos-congelados-de-venezuela-sean-destinados-a-afrontar-la-crisis-migratoria\/#respond\"]}]},{\"@type\":\"WebPage\",\"@id\":\"https:\/\/pagina10.com\/web\/representante-del-centro-democratico-plantea-que-recursos-congelados-de-venezuela-sean-destinados-a-afrontar-la-crisis-migratoria\/\",\"url\":\"https:\/\/pagina10.com\/web\/representante-del-centro-democratico-plantea-que-recursos-congelados-de-venezuela-sean-destinados-a-afrontar-la-crisis-migratoria\/\",\"name\":\"Representante del Centro Democr\u00e1tico plantea que recursos congelados de Venezuela sean destinados a afrontar la crisis migratoria. | P\u00e1gina10\",\"isPartOf\":{\"@id\":\"https:\/\/pagina10.com\/web\/#website\"},\"primaryImageOfPage\":{\"@id\":\"https:\/\/pagina10.com\/web\/representante-del-centro-democratico-plantea-que-recursos-congelados-de-venezuela-sean-destinados-a-afrontar-la-crisis-migratoria\/#primaryimage\"},\"image\":{\"@id\":\"https:\/\/pagina10.com\/web\/representante-del-centro-democratico-plantea-que-recursos-congelados-de-venezuela-sean-destinados-a-afrontar-la-crisis-migratoria\/#primaryimage\"},\"thumbnailUrl\":\"https:\/\/pagina10.com\/web\/wp-content\/uploads\/2021\/03\/1_eL8D-8Pb-CKUK6-TwNKMIg.jpeg\",\"datePublished\":\"2021-03-27T20:12:58+00:00\",\"breadcrumb\":{\"@id\":\"https:\/\/pagina10.com\/web\/representante-del-centro-democratico-plantea-que-recursos-congelados-de-venezuela-sean-destinados-a-afrontar-la-crisis-migratoria\/#breadcrumb\"},\"inLanguage\":\"es\",\"potentialAction\":[{\"@type\":\"ReadAction\",\"target\":[\"https:\/\/pagina10.com\/web\/representante-del-centro-democratico-plantea-que-recursos-congelados-de-venezuela-sean-destinados-a-afrontar-la-crisis-migratoria\/\"]}]},{\"@type\":\"ImageObject\",\"inLanguage\":\"es\",\"@id\":\"https:\/\/pagina10.com\/web\/representante-del-centro-democratico-plantea-que-recursos-congelados-de-venezuela-sean-destinados-a-afrontar-la-crisis-migratoria\/#primaryimage\",\"url\":\"https:\/\/pagina10.com\/web\/wp-content\/uploads\/2021\/03\/1_eL8D-8Pb-CKUK6-TwNKMIg.jpeg\",\"contentUrl\":\"https:\/\/pagina10.com\/web\/wp-content\/uploads\/2021\/03\/1_eL8D-8Pb-CKUK6-TwNKMIg.jpeg\",\"width\":1600,\"height\":897},{\"@type\":\"BreadcrumbList\",\"@id\":\"https:\/\/pagina10.com\/web\/representante-del-centro-democratico-plantea-que-recursos-congelados-de-venezuela-sean-destinados-a-afrontar-la-crisis-migratoria\/#breadcrumb\",\"itemListElement\":[{\"@type\":\"ListItem\",\"position\":1,\"name\":\"Portada\",\"item\":\"https:\/\/pagina10.com\/web\/\"},{\"@type\":\"ListItem\",\"position\":2,\"name\":\"Representante del Centro Democr\u00e1tico plantea que recursos congelados de Venezuela sean destinados a afrontar la crisis migratoria.\"}]},{\"@type\":\"WebSite\",\"@id\":\"https:\/\/pagina10.com\/web\/#website\",\"url\":\"https:\/\/pagina10.com\/web\/\",\"name\":\"P\u00e1gina10\",\"description\":\"Peri\u00f3dico Regional\",\"publisher\":{\"@id\":\"https:\/\/pagina10.com\/web\/#organization\"},\"alternateName\":\"P\u00e1gina10 Peri\u00f3dico Regional\",\"potentialAction\":[{\"@type\":\"SearchAction\",\"target\":{\"@type\":\"EntryPoint\",\"urlTemplate\":\"https:\/\/pagina10.com\/web\/?s={search_term_string}\"},\"query-input\":{\"@type\":\"PropertyValueSpecification\",\"valueRequired\":true,\"valueName\":\"search_term_string\"}}],\"inLanguage\":\"es\"},{\"@type\":\"Organization\",\"@id\":\"https:\/\/pagina10.com\/web\/#organization\",\"name\":\"P\u00e1gina10\",\"alternateName\":\"P\u00e1gina10 Peri\u00f3dico Regional\",\"url\":\"https:\/\/pagina10.com\/web\/\",\"logo\":{\"@type\":\"ImageObject\",\"inLanguage\":\"es\",\"@id\":\"https:\/\/pagina10.com\/web\/#\/schema\/logo\/image\/\",\"url\":\"https:\/\/pagina10.com\/web\/wp-content\/uploads\/2024\/01\/40-pagina-10-periodico-regional-pasto.jpg\",\"contentUrl\":\"https:\/\/pagina10.com\/web\/wp-content\/uploads\/2024\/01\/40-pagina-10-periodico-regional-pasto.jpg\",\"width\":1280,\"height\":720,\"caption\":\"P\u00e1gina10\"},\"image\":{\"@id\":\"https:\/\/pagina10.com\/web\/#\/schema\/logo\/image\/\"},\"sameAs\":[\"https:\/\/www.facebook.com\/pag10com\",\"https:\/\/x.com\/Pag10com\",\"https:\/\/www.instagram.com\/pagina10col\/\",\"https:\/\/youtube.com\/channel\/pag10\",\"https:\/\/www.tiktok.com\/@p10col\"]},{\"@type\":\"Person\",\"@id\":\"https:\/\/pagina10.com\/web\/#\/schema\/person\/2efc4a090d25b667d3bc796798a3a81b\",\"name\":\"P\u00e1gina 10\",\"description\":\"P\u00e1gina 10 es un peri\u00f3dico regional que nace en Colombia, en el departamento de Nari\u00f1o, con un enfoque global, fundamentado en cuatro pilares esenciales: la libertad, el pluralismo, la inclusi\u00f3n y la independencia. P\u00e1gina 10 hace referencia a Nari\u00f1o como el d\u00e9cimo departamento creado en Colombia, despu\u00e9s de un proceso pol\u00edtico liderado por actores y actrices regionales con el fin de obtener la independencia y autonom\u00eda de nuestros territorios. Con la creaci\u00f3n de P\u00e1gina 10 se pretende abrir un escenario para el dialogo, la reflexi\u00f3n y el debate que se extienda a otras geograf\u00edas de Am\u00e9rica Latina y del planeta, en una apuesta por transformar colectivamente los desaf\u00edos de un mundo contempor\u00e1neo, m\u00e1s all\u00e1 de las fronteras impuestas.\",\"url\":\"https:\/\/pagina10.com\/web\/author\/pdiezadmin\/\"}]}<\/script>\n<!-- \/ Yoast SEO plugin. -->","yoast_head_json":{"title":"Representante del Centro Democr\u00e1tico plantea que recursos congelados de Venezuela sean destinados a afrontar la crisis migratoria. | P\u00e1gina10","robots":{"index":"index","follow":"follow","max-snippet":"max-snippet:-1","max-image-preview":"max-image-preview:large","max-video-preview":"max-video-preview:-1"},"canonical":"https:\/\/pagina10.com\/web\/representante-del-centro-democratico-plantea-que-recursos-congelados-de-venezuela-sean-destinados-a-afrontar-la-crisis-migratoria\/","og_locale":"es_ES","og_type":"article","og_title":"Representante del Centro Democr\u00e1tico plantea que recursos congelados de Venezuela sean destinados a afrontar la crisis migratoria. | P\u00e1gina10","og_description":"El Representante a la C\u00e1mara del Centro Democr\u00e1tico, Jos\u00e9 Jaime Usc\u00e1tegui por medio de una carta dirigida al presidente Iv\u00e1n Duque plante\u00f3 una serie de solicitudes que coadyuven al gobierno Colombiano a mitigar el impacto socioecon\u00f3mico generado por la migraci\u00f3n de ciudadanos venezolanos. \u201cEstas solicitudes se encuentran soportadas en acciones directas que han realizado varios [&hellip;]","og_url":"https:\/\/pagina10.com\/web\/representante-del-centro-democratico-plantea-que-recursos-congelados-de-venezuela-sean-destinados-a-afrontar-la-crisis-migratoria\/","og_site_name":"P\u00e1gina10","article_publisher":"https:\/\/www.facebook.com\/pag10com","article_published_time":"2021-03-27T20:12:58+00:00","og_image":[{"width":1600,"height":897,"url":"https:\/\/pagina10.com\/web\/wp-content\/uploads\/2021\/03\/1_eL8D-8Pb-CKUK6-TwNKMIg.jpeg","type":"image\/jpeg"}],"author":"P\u00e1gina 10","twitter_card":"summary_large_image","twitter_creator":"@Pag10com","twitter_site":"@Pag10com","twitter_misc":{"Escrito por":"P\u00e1gina 10","Tiempo de lectura":"2 minutos"},"schema":{"@context":"https:\/\/schema.org","@graph":[{"@type":"Article","@id":"https:\/\/pagina10.com\/web\/representante-del-centro-democratico-plantea-que-recursos-congelados-de-venezuela-sean-destinados-a-afrontar-la-crisis-migratoria\/#article","isPartOf":{"@id":"https:\/\/pagina10.com\/web\/representante-del-centro-democratico-plantea-que-recursos-congelados-de-venezuela-sean-destinados-a-afrontar-la-crisis-migratoria\/"},"author":{"name":"P\u00e1gina 10","@id":"https:\/\/pagina10.com\/web\/#\/schema\/person\/2efc4a090d25b667d3bc796798a3a81b"},"headline":"Representante del Centro Democr\u00e1tico plantea que recursos congelados de Venezuela sean destinados a afrontar la crisis migratoria.","datePublished":"2021-03-27T20:12:58+00:00","mainEntityOfPage":{"@id":"https:\/\/pagina10.com\/web\/representante-del-centro-democratico-plantea-que-recursos-congelados-de-venezuela-sean-destinados-a-afrontar-la-crisis-migratoria\/"},"wordCount":500,"commentCount":0,"publisher":{"@id":"https:\/\/pagina10.com\/web\/#organization"},"image":{"@id":"https:\/\/pagina10.com\/web\/representante-del-centro-democratico-plantea-que-recursos-congelados-de-venezuela-sean-destinados-a-afrontar-la-crisis-migratoria\/#primaryimage"},"thumbnailUrl":"https:\/\/pagina10.com\/web\/wp-content\/uploads\/2021\/03\/1_eL8D-8Pb-CKUK6-TwNKMIg.jpeg","articleSection":["Nacional"],"inLanguage":"es","potentialAction":[{"@type":"CommentAction","name":"Comment","target":["https:\/\/pagina10.com\/web\/representante-del-centro-democratico-plantea-que-recursos-congelados-de-venezuela-sean-destinados-a-afrontar-la-crisis-migratoria\/#respond"]}]},{"@type":"WebPage","@id":"https:\/\/pagina10.com\/web\/representante-del-centro-democratico-plantea-que-recursos-congelados-de-venezuela-sean-destinados-a-afrontar-la-crisis-migratoria\/","url":"https:\/\/pagina10.com\/web\/representante-del-centro-democratico-plantea-que-recursos-congelados-de-venezuela-sean-destinados-a-afrontar-la-crisis-migratoria\/","name":"Representante del Centro Democr\u00e1tico plantea que recursos congelados de Venezuela sean destinados a afrontar la crisis migratoria. | P\u00e1gina10","isPartOf":{"@id":"https:\/\/pagina10.com\/web\/#website"},"primaryImageOfPage":{"@id":"https:\/\/pagina10.com\/web\/representante-del-centro-democratico-plantea-que-recursos-congelados-de-venezuela-sean-destinados-a-afrontar-la-crisis-migratoria\/#primaryimage"},"image":{"@id":"https:\/\/pagina10.com\/web\/representante-del-centro-democratico-plantea-que-recursos-congelados-de-venezuela-sean-destinados-a-afrontar-la-crisis-migratoria\/#primaryimage"},"thumbnailUrl":"https:\/\/pagina10.com\/web\/wp-content\/uploads\/2021\/03\/1_eL8D-8Pb-CKUK6-TwNKMIg.jpeg","datePublished":"2021-03-27T20:12:58+00:00","breadcrumb":{"@id":"https:\/\/pagina10.com\/web\/representante-del-centro-democratico-plantea-que-recursos-congelados-de-venezuela-sean-destinados-a-afrontar-la-crisis-migratoria\/#breadcrumb"},"inLanguage":"es","potentialAction":[{"@type":"ReadAction","target":["https:\/\/pagina10.com\/web\/representante-del-centro-democratico-plantea-que-recursos-congelados-de-venezuela-sean-destinados-a-afrontar-la-crisis-migratoria\/"]}]},{"@type":"ImageObject","inLanguage":"es","@id":"https:\/\/pagina10.com\/web\/representante-del-centro-democratico-plantea-que-recursos-congelados-de-venezuela-sean-destinados-a-afrontar-la-crisis-migratoria\/#primaryimage","url":"https:\/\/pagina10.com\/web\/wp-content\/uploads\/2021\/03\/1_eL8D-8Pb-CKUK6-TwNKMIg.jpeg","contentUrl":"https:\/\/pagina10.com\/web\/wp-content\/uploads\/2021\/03\/1_eL8D-8Pb-CKUK6-TwNKMIg.jpeg","width":1600,"height":897},{"@type":"BreadcrumbList","@id":"https:\/\/pagina10.com\/web\/representante-del-centro-democratico-plantea-que-recursos-congelados-de-venezuela-sean-destinados-a-afrontar-la-crisis-migratoria\/#breadcrumb","itemListElement":[{"@type":"ListItem","position":1,"name":"Portada","item":"https:\/\/pagina10.com\/web\/"},{"@type":"ListItem","position":2,"name":"Representante del Centro Democr\u00e1tico plantea que recursos congelados de Venezuela sean destinados a afrontar la crisis migratoria."}]},{"@type":"WebSite","@id":"https:\/\/pagina10.com\/web\/#website","url":"https:\/\/pagina10.com\/web\/","name":"P\u00e1gina10","description":"Peri\u00f3dico Regional","publisher":{"@id":"https:\/\/pagina10.com\/web\/#organization"},"alternateName":"P\u00e1gina10 Peri\u00f3dico Regional","potentialAction":[{"@type":"SearchAction","target":{"@type":"EntryPoint","urlTemplate":"https:\/\/pagina10.com\/web\/?s={search_term_string}"},"query-input":{"@type":"PropertyValueSpecification","valueRequired":true,"valueName":"search_term_string"}}],"inLanguage":"es"},{"@type":"Organization","@id":"https:\/\/pagina10.com\/web\/#organization","name":"P\u00e1gina10","alternateName":"P\u00e1gina10 Peri\u00f3dico Regional","url":"https:\/\/pagina10.com\/web\/","logo":{"@type":"ImageObject","inLanguage":"es","@id":"https:\/\/pagina10.com\/web\/#\/schema\/logo\/image\/","url":"https:\/\/pagina10.com\/web\/wp-content\/uploads\/2024\/01\/40-pagina-10-periodico-regional-pasto.jpg","contentUrl":"https:\/\/pagina10.com\/web\/wp-content\/uploads\/2024\/01\/40-pagina-10-periodico-regional-pasto.jpg","width":1280,"height":720,"caption":"P\u00e1gina10"},"image":{"@id":"https:\/\/pagina10.com\/web\/#\/schema\/logo\/image\/"},"sameAs":["https:\/\/www.facebook.com\/pag10com","https:\/\/x.com\/Pag10com","https:\/\/www.instagram.com\/pagina10col\/","https:\/\/youtube.com\/channel\/pag10","https:\/\/www.tiktok.com\/@p10col"]},{"@type":"Person","@id":"https:\/\/pagina10.com\/web\/#\/schema\/person\/2efc4a090d25b667d3bc796798a3a81b","name":"P\u00e1gina 10","description":"P\u00e1gina 10 es un peri\u00f3dico regional que nace en Colombia, en el departamento de Nari\u00f1o, con un enfoque global, fundamentado en cuatro pilares esenciales: la libertad, el pluralismo, la inclusi\u00f3n y la independencia. P\u00e1gina 10 hace referencia a Nari\u00f1o como el d\u00e9cimo departamento creado en Colombia, despu\u00e9s de un proceso pol\u00edtico liderado por actores y actrices regionales con el fin de obtener la independencia y autonom\u00eda de nuestros territorios. Con la creaci\u00f3n de P\u00e1gina 10 se pretende abrir un escenario para el dialogo, la reflexi\u00f3n y el debate que se extienda a otras geograf\u00edas de Am\u00e9rica Latina y del planeta, en una apuesta por transformar colectivamente los desaf\u00edos de un mundo contempor\u00e1neo, m\u00e1s all\u00e1 de las fronteras impuestas.","url":"https:\/\/pagina10.com\/web\/author\/pdiezadmin\/"}]}},"_links":{"self":[{"href":"https:\/\/pagina10.com\/web\/wp-json\/wp\/v2\/posts\/51411","targetHints":{"allow":["GET"]}}],"collection":[{"href":"https:\/\/pagina10.com\/web\/wp-json\/wp\/v2\/posts"}],"about":[{"href":"https:\/\/pagina10.com\/web\/wp-json\/wp\/v2\/types\/post"}],"author":[{"embeddable":true,"href":"https:\/\/pagina10.com\/web\/wp-json\/wp\/v2\/users\/1"}],"replies":[{"embeddable":true,"href":"https:\/\/pagina10.com\/web\/wp-json\/wp\/v2\/comments?post=51411"}],"version-history":[{"count":1,"href":"https:\/\/pagina10.com\/web\/wp-json\/wp\/v2\/posts\/51411\/revisions"}],"predecessor-version":[{"id":51413,"href":"https:\/\/pagina10.com\/web\/wp-json\/wp\/v2\/posts\/51411\/revisions\/51413"}],"wp:featuredmedia":[{"embeddable":true,"href":"https:\/\/pagina10.com\/web\/wp-json\/wp\/v2\/media\/51412"}],"wp:attachment":[{"href":"https:\/\/pagina10.com\/web\/wp-json\/wp\/v2\/media?parent=51411"}],"wp:term":[{"taxonomy":"category","embeddable":true,"href":"https:\/\/pagina10.com\/web\/wp-json\/wp\/v2\/categories?post=51411"},{"taxonomy":"post_tag","embeddable":true,"href":"https:\/\/pagina10.com\/web\/wp-json\/wp\/v2\/tags?post=51411"}],"curies":[{"name":"wp","href":"https:\/\/api.w.org\/{rel}","templated":true}]}}