{"id":51415,"date":"2021-03-27T19:44:02","date_gmt":"2021-03-28T00:44:02","guid":{"rendered":"https:\/\/pagina10.com\/web\/?p=51415"},"modified":"2021-03-27T19:44:02","modified_gmt":"2021-03-28T00:44:02","slug":"jorge-enrique-robledo-sera-el-candidato-presidencial-del-partido-dignidad","status":"publish","type":"post","link":"https:\/\/pagina10.com\/web\/jorge-enrique-robledo-sera-el-candidato-presidencial-del-partido-dignidad\/","title":{"rendered":"Jorge Enrique Robledo ser\u00e1 el candidato presidencial del Partido Dignidad."},"content":{"rendered":"<p style=\"text-align: justify;\">Este s\u00e1bado se desarroll\u00f3 el primer Congreso del Partido Dignidad en donde se ratific\u00f3 oficialmente al senadorJorge Enrique Robledo como el candidato presidencial para las elecciones presidenciales del 2022.\u00a0 El hoy senador entrar\u00e1 a competir con los dem\u00e1s aspirantes de la coalici\u00f3n de la Esperanza.<\/p>\n<p style=\"text-align: justify;\">Frente a la determinaci\u00f3n de la colectividad Robledo escribi\u00f3 en su cuenta de Twitter: \u201cHar\u00e9 todos mis esfuerzos para que ganemos la consulta de la Coalici\u00f3n de la Esperanza, pasemos en la primera vuelta\u00a0y ganemos en la segunda la jefatura del Estado\u201d.<\/p>\n<p style=\"text-align: justify;\">Por otra parte, tambi\u00e9n se defini\u00f3 que el exsenador, Juan Manuel Ospina, ser\u00e1 el nuevo presidente nacional del Partido Dignidad, quien reemplazar\u00e1 al excongresista, Leonidas G\u00f3mez.<\/p>\n<p style=\"text-align: justify;\"><strong>\u00a0<\/strong><\/p>\n","protected":false},"excerpt":{"rendered":"<p>Este s\u00e1bado se desarroll\u00f3 el primer Congreso del Partido Dignidad en donde se ratific\u00f3 oficialmente al senadorJorge Enrique Robledo como el candidato presidencial para las elecciones presidenciales del 2022.\u00a0 El hoy senador entrar\u00e1 a competir con los dem\u00e1s aspirantes de la coalici\u00f3n de la Esperanza. Frente a la determinaci\u00f3n de la colectividad Robledo escribi\u00f3 en [&hellip;]<\/p>\n","protected":false},"author":1,"featured_media":51416,"comment_status":"open","ping_status":"open","sticky":false,"template":"","format":"standard","meta":{"footnotes":""},"categories":[94],"tags":[],"class_list":["post-51415","post","type-post","status-publish","format-standard","has-post-thumbnail","hentry","category-nacional-global-2"],"yoast_head":"<!-- This site is optimized with the Yoast SEO plugin v27.1.1 - https:\/\/yoast.com\/product\/yoast-seo-wordpress\/ -->\n<title>Jorge Enrique Robledo ser\u00e1 el candidato presidencial del Partido Dignidad. | P\u00e1gina10<\/title>\n<meta name=\"robots\" content=\"index, follow, max-snippet:-1, max-image-preview:large, max-video-preview:-1\" \/>\n<link rel=\"canonical\" href=\"https:\/\/pagina10.com\/web\/jorge-enrique-robledo-sera-el-candidato-presidencial-del-partido-dignidad\/\" \/>\n<meta property=\"og:locale\" content=\"es_ES\" \/>\n<meta property=\"og:type\" content=\"article\" \/>\n<meta property=\"og:title\" content=\"Jorge Enrique Robledo ser\u00e1 el candidato presidencial del Partido Dignidad. | P\u00e1gina10\" \/>\n<meta property=\"og:description\" content=\"Este s\u00e1bado se desarroll\u00f3 el primer Congreso del Partido Dignidad en donde se ratific\u00f3 oficialmente al senadorJorge Enrique Robledo como el candidato presidencial para las elecciones presidenciales del 2022. El hoy senador entrar\u00e1 a competir con los dem\u00e1s aspirantes de la coalici\u00f3n de la Esperanza. Frente a la determinaci\u00f3n de la colectividad Robledo escribi\u00f3 en [&hellip;]\" \/>\n<meta property=\"og:url\" content=\"https:\/\/pagina10.com\/web\/jorge-enrique-robledo-sera-el-candidato-presidencial-del-partido-dignidad\/\" \/>\n<meta property=\"og:site_name\" content=\"P\u00e1gina10\" \/>\n<meta property=\"article:publisher\" content=\"https:\/\/www.facebook.com\/pag10com\" \/>\n<meta property=\"article:published_time\" content=\"2021-03-28T00:44:02+00:00\" \/>\n<meta property=\"og:image\" content=\"https:\/\/pagina10.com\/web\/wp-content\/uploads\/2021\/03\/58a0cee292415.r_1579575075947.0-95-1000-592.jpeg\" \/>\n\t<meta property=\"og:image:width\" content=\"640\" \/>\n\t<meta property=\"og:image:height\" content=\"428\" \/>\n\t<meta property=\"og:image:type\" content=\"image\/jpeg\" \/>\n<meta name=\"author\" content=\"P\u00e1gina 10\" \/>\n<meta name=\"twitter:card\" content=\"summary_large_image\" \/>\n<meta name=\"twitter:creator\" content=\"@Pag10com\" \/>\n<meta name=\"twitter:site\" content=\"@Pag10com\" \/>\n<meta name=\"twitter:label1\" content=\"Escrito por\" \/>\n\t<meta name=\"twitter:data1\" content=\"P\u00e1gina 10\" \/>\n\t<meta name=\"twitter:label2\" content=\"Tiempo de lectura\" \/>\n\t<meta name=\"twitter:data2\" content=\"1 minuto\" \/>\n<script type=\"application\/ld+json\" class=\"yoast-schema-graph\">{\"@context\":\"https:\/\/schema.org\",\"@graph\":[{\"@type\":\"Article\",\"@id\":\"https:\/\/pagina10.com\/web\/jorge-enrique-robledo-sera-el-candidato-presidencial-del-partido-dignidad\/#article\",\"isPartOf\":{\"@id\":\"https:\/\/pagina10.com\/web\/jorge-enrique-robledo-sera-el-candidato-presidencial-del-partido-dignidad\/\"},\"author\":{\"name\":\"P\u00e1gina 10\",\"@id\":\"https:\/\/pagina10.com\/web\/#\/schema\/person\/2efc4a090d25b667d3bc796798a3a81b\"},\"headline\":\"Jorge Enrique Robledo ser\u00e1 el candidato presidencial del Partido Dignidad.\",\"datePublished\":\"2021-03-28T00:44:02+00:00\",\"mainEntityOfPage\":{\"@id\":\"https:\/\/pagina10.com\/web\/jorge-enrique-robledo-sera-el-candidato-presidencial-del-partido-dignidad\/\"},\"wordCount\":130,\"commentCount\":0,\"publisher\":{\"@id\":\"https:\/\/pagina10.com\/web\/#organization\"},\"image\":{\"@id\":\"https:\/\/pagina10.com\/web\/jorge-enrique-robledo-sera-el-candidato-presidencial-del-partido-dignidad\/#primaryimage\"},\"thumbnailUrl\":\"https:\/\/pagina10.com\/web\/wp-content\/uploads\/2021\/03\/58a0cee292415.r_1579575075947.0-95-1000-592.jpeg\",\"articleSection\":[\"Nacional\"],\"inLanguage\":\"es\",\"potentialAction\":[{\"@type\":\"CommentAction\",\"name\":\"Comment\",\"target\":[\"https:\/\/pagina10.com\/web\/jorge-enrique-robledo-sera-el-candidato-presidencial-del-partido-dignidad\/#respond\"]}]},{\"@type\":\"WebPage\",\"@id\":\"https:\/\/pagina10.com\/web\/jorge-enrique-robledo-sera-el-candidato-presidencial-del-partido-dignidad\/\",\"url\":\"https:\/\/pagina10.com\/web\/jorge-enrique-robledo-sera-el-candidato-presidencial-del-partido-dignidad\/\",\"name\":\"Jorge Enrique Robledo ser\u00e1 el candidato presidencial del Partido Dignidad. | P\u00e1gina10\",\"isPartOf\":{\"@id\":\"https:\/\/pagina10.com\/web\/#website\"},\"primaryImageOfPage\":{\"@id\":\"https:\/\/pagina10.com\/web\/jorge-enrique-robledo-sera-el-candidato-presidencial-del-partido-dignidad\/#primaryimage\"},\"image\":{\"@id\":\"https:\/\/pagina10.com\/web\/jorge-enrique-robledo-sera-el-candidato-presidencial-del-partido-dignidad\/#primaryimage\"},\"thumbnailUrl\":\"https:\/\/pagina10.com\/web\/wp-content\/uploads\/2021\/03\/58a0cee292415.r_1579575075947.0-95-1000-592.jpeg\",\"datePublished\":\"2021-03-28T00:44:02+00:00\",\"breadcrumb\":{\"@id\":\"https:\/\/pagina10.com\/web\/jorge-enrique-robledo-sera-el-candidato-presidencial-del-partido-dignidad\/#breadcrumb\"},\"inLanguage\":\"es\",\"potentialAction\":[{\"@type\":\"ReadAction\",\"target\":[\"https:\/\/pagina10.com\/web\/jorge-enrique-robledo-sera-el-candidato-presidencial-del-partido-dignidad\/\"]}]},{\"@type\":\"ImageObject\",\"inLanguage\":\"es\",\"@id\":\"https:\/\/pagina10.com\/web\/jorge-enrique-robledo-sera-el-candidato-presidencial-del-partido-dignidad\/#primaryimage\",\"url\":\"https:\/\/pagina10.com\/web\/wp-content\/uploads\/2021\/03\/58a0cee292415.r_1579575075947.0-95-1000-592.jpeg\",\"contentUrl\":\"https:\/\/pagina10.com\/web\/wp-content\/uploads\/2021\/03\/58a0cee292415.r_1579575075947.0-95-1000-592.jpeg\",\"width\":640,\"height\":428},{\"@type\":\"BreadcrumbList\",\"@id\":\"https:\/\/pagina10.com\/web\/jorge-enrique-robledo-sera-el-candidato-presidencial-del-partido-dignidad\/#breadcrumb\",\"itemListElement\":[{\"@type\":\"ListItem\",\"position\":1,\"name\":\"Portada\",\"item\":\"https:\/\/pagina10.com\/web\/\"},{\"@type\":\"ListItem\",\"position\":2,\"name\":\"Jorge Enrique Robledo ser\u00e1 el candidato presidencial del Partido Dignidad.\"}]},{\"@type\":\"WebSite\",\"@id\":\"https:\/\/pagina10.com\/web\/#website\",\"url\":\"https:\/\/pagina10.com\/web\/\",\"name\":\"P\u00e1gina10\",\"description\":\"Peri\u00f3dico Regional\",\"publisher\":{\"@id\":\"https:\/\/pagina10.com\/web\/#organization\"},\"alternateName\":\"P\u00e1gina10 Peri\u00f3dico Regional\",\"potentialAction\":[{\"@type\":\"SearchAction\",\"target\":{\"@type\":\"EntryPoint\",\"urlTemplate\":\"https:\/\/pagina10.com\/web\/?s={search_term_string}\"},\"query-input\":{\"@type\":\"PropertyValueSpecification\",\"valueRequired\":true,\"valueName\":\"search_term_string\"}}],\"inLanguage\":\"es\"},{\"@type\":\"Organization\",\"@id\":\"https:\/\/pagina10.com\/web\/#organization\",\"name\":\"P\u00e1gina10\",\"alternateName\":\"P\u00e1gina10 Peri\u00f3dico Regional\",\"url\":\"https:\/\/pagina10.com\/web\/\",\"logo\":{\"@type\":\"ImageObject\",\"inLanguage\":\"es\",\"@id\":\"https:\/\/pagina10.com\/web\/#\/schema\/logo\/image\/\",\"url\":\"https:\/\/pagina10.com\/web\/wp-content\/uploads\/2024\/01\/40-pagina-10-periodico-regional-pasto.jpg\",\"contentUrl\":\"https:\/\/pagina10.com\/web\/wp-content\/uploads\/2024\/01\/40-pagina-10-periodico-regional-pasto.jpg\",\"width\":1280,\"height\":720,\"caption\":\"P\u00e1gina10\"},\"image\":{\"@id\":\"https:\/\/pagina10.com\/web\/#\/schema\/logo\/image\/\"},\"sameAs\":[\"https:\/\/www.facebook.com\/pag10com\",\"https:\/\/x.com\/Pag10com\",\"https:\/\/www.instagram.com\/pagina10col\/\",\"https:\/\/youtube.com\/channel\/pag10\",\"https:\/\/www.tiktok.com\/@p10col\"]},{\"@type\":\"Person\",\"@id\":\"https:\/\/pagina10.com\/web\/#\/schema\/person\/2efc4a090d25b667d3bc796798a3a81b\",\"name\":\"P\u00e1gina 10\",\"description\":\"P\u00e1gina 10 es un peri\u00f3dico regional que nace en Colombia, en el departamento de Nari\u00f1o, con un enfoque global, fundamentado en cuatro pilares esenciales: la libertad, el pluralismo, la inclusi\u00f3n y la independencia. P\u00e1gina 10 hace referencia a Nari\u00f1o como el d\u00e9cimo departamento creado en Colombia, despu\u00e9s de un proceso pol\u00edtico liderado por actores y actrices regionales con el fin de obtener la independencia y autonom\u00eda de nuestros territorios. Con la creaci\u00f3n de P\u00e1gina 10 se pretende abrir un escenario para el dialogo, la reflexi\u00f3n y el debate que se extienda a otras geograf\u00edas de Am\u00e9rica Latina y del planeta, en una apuesta por transformar colectivamente los desaf\u00edos de un mundo contempor\u00e1neo, m\u00e1s all\u00e1 de las fronteras impuestas.\",\"url\":\"https:\/\/pagina10.com\/web\/author\/pdiezadmin\/\"}]}<\/script>\n<!-- \/ Yoast SEO plugin. -->","yoast_head_json":{"title":"Jorge Enrique Robledo ser\u00e1 el candidato presidencial del Partido Dignidad. | P\u00e1gina10","robots":{"index":"index","follow":"follow","max-snippet":"max-snippet:-1","max-image-preview":"max-image-preview:large","max-video-preview":"max-video-preview:-1"},"canonical":"https:\/\/pagina10.com\/web\/jorge-enrique-robledo-sera-el-candidato-presidencial-del-partido-dignidad\/","og_locale":"es_ES","og_type":"article","og_title":"Jorge Enrique Robledo ser\u00e1 el candidato presidencial del Partido Dignidad. | P\u00e1gina10","og_description":"Este s\u00e1bado se desarroll\u00f3 el primer Congreso del Partido Dignidad en donde se ratific\u00f3 oficialmente al senadorJorge Enrique Robledo como el candidato presidencial para las elecciones presidenciales del 2022. El hoy senador entrar\u00e1 a competir con los dem\u00e1s aspirantes de la coalici\u00f3n de la Esperanza. Frente a la determinaci\u00f3n de la colectividad Robledo escribi\u00f3 en [&hellip;]","og_url":"https:\/\/pagina10.com\/web\/jorge-enrique-robledo-sera-el-candidato-presidencial-del-partido-dignidad\/","og_site_name":"P\u00e1gina10","article_publisher":"https:\/\/www.facebook.com\/pag10com","article_published_time":"2021-03-28T00:44:02+00:00","og_image":[{"width":640,"height":428,"url":"https:\/\/pagina10.com\/web\/wp-content\/uploads\/2021\/03\/58a0cee292415.r_1579575075947.0-95-1000-592.jpeg","type":"image\/jpeg"}],"author":"P\u00e1gina 10","twitter_card":"summary_large_image","twitter_creator":"@Pag10com","twitter_site":"@Pag10com","twitter_misc":{"Escrito por":"P\u00e1gina 10","Tiempo de lectura":"1 minuto"},"schema":{"@context":"https:\/\/schema.org","@graph":[{"@type":"Article","@id":"https:\/\/pagina10.com\/web\/jorge-enrique-robledo-sera-el-candidato-presidencial-del-partido-dignidad\/#article","isPartOf":{"@id":"https:\/\/pagina10.com\/web\/jorge-enrique-robledo-sera-el-candidato-presidencial-del-partido-dignidad\/"},"author":{"name":"P\u00e1gina 10","@id":"https:\/\/pagina10.com\/web\/#\/schema\/person\/2efc4a090d25b667d3bc796798a3a81b"},"headline":"Jorge Enrique Robledo ser\u00e1 el candidato presidencial del Partido Dignidad.","datePublished":"2021-03-28T00:44:02+00:00","mainEntityOfPage":{"@id":"https:\/\/pagina10.com\/web\/jorge-enrique-robledo-sera-el-candidato-presidencial-del-partido-dignidad\/"},"wordCount":130,"commentCount":0,"publisher":{"@id":"https:\/\/pagina10.com\/web\/#organization"},"image":{"@id":"https:\/\/pagina10.com\/web\/jorge-enrique-robledo-sera-el-candidato-presidencial-del-partido-dignidad\/#primaryimage"},"thumbnailUrl":"https:\/\/pagina10.com\/web\/wp-content\/uploads\/2021\/03\/58a0cee292415.r_1579575075947.0-95-1000-592.jpeg","articleSection":["Nacional"],"inLanguage":"es","potentialAction":[{"@type":"CommentAction","name":"Comment","target":["https:\/\/pagina10.com\/web\/jorge-enrique-robledo-sera-el-candidato-presidencial-del-partido-dignidad\/#respond"]}]},{"@type":"WebPage","@id":"https:\/\/pagina10.com\/web\/jorge-enrique-robledo-sera-el-candidato-presidencial-del-partido-dignidad\/","url":"https:\/\/pagina10.com\/web\/jorge-enrique-robledo-sera-el-candidato-presidencial-del-partido-dignidad\/","name":"Jorge Enrique Robledo ser\u00e1 el candidato presidencial del Partido Dignidad. | P\u00e1gina10","isPartOf":{"@id":"https:\/\/pagina10.com\/web\/#website"},"primaryImageOfPage":{"@id":"https:\/\/pagina10.com\/web\/jorge-enrique-robledo-sera-el-candidato-presidencial-del-partido-dignidad\/#primaryimage"},"image":{"@id":"https:\/\/pagina10.com\/web\/jorge-enrique-robledo-sera-el-candidato-presidencial-del-partido-dignidad\/#primaryimage"},"thumbnailUrl":"https:\/\/pagina10.com\/web\/wp-content\/uploads\/2021\/03\/58a0cee292415.r_1579575075947.0-95-1000-592.jpeg","datePublished":"2021-03-28T00:44:02+00:00","breadcrumb":{"@id":"https:\/\/pagina10.com\/web\/jorge-enrique-robledo-sera-el-candidato-presidencial-del-partido-dignidad\/#breadcrumb"},"inLanguage":"es","potentialAction":[{"@type":"ReadAction","target":["https:\/\/pagina10.com\/web\/jorge-enrique-robledo-sera-el-candidato-presidencial-del-partido-dignidad\/"]}]},{"@type":"ImageObject","inLanguage":"es","@id":"https:\/\/pagina10.com\/web\/jorge-enrique-robledo-sera-el-candidato-presidencial-del-partido-dignidad\/#primaryimage","url":"https:\/\/pagina10.com\/web\/wp-content\/uploads\/2021\/03\/58a0cee292415.r_1579575075947.0-95-1000-592.jpeg","contentUrl":"https:\/\/pagina10.com\/web\/wp-content\/uploads\/2021\/03\/58a0cee292415.r_1579575075947.0-95-1000-592.jpeg","width":640,"height":428},{"@type":"BreadcrumbList","@id":"https:\/\/pagina10.com\/web\/jorge-enrique-robledo-sera-el-candidato-presidencial-del-partido-dignidad\/#breadcrumb","itemListElement":[{"@type":"ListItem","position":1,"name":"Portada","item":"https:\/\/pagina10.com\/web\/"},{"@type":"ListItem","position":2,"name":"Jorge Enrique Robledo ser\u00e1 el candidato presidencial del Partido Dignidad."}]},{"@type":"WebSite","@id":"https:\/\/pagina10.com\/web\/#website","url":"https:\/\/pagina10.com\/web\/","name":"P\u00e1gina10","description":"Peri\u00f3dico Regional","publisher":{"@id":"https:\/\/pagina10.com\/web\/#organization"},"alternateName":"P\u00e1gina10 Peri\u00f3dico Regional","potentialAction":[{"@type":"SearchAction","target":{"@type":"EntryPoint","urlTemplate":"https:\/\/pagina10.com\/web\/?s={search_term_string}"},"query-input":{"@type":"PropertyValueSpecification","valueRequired":true,"valueName":"search_term_string"}}],"inLanguage":"es"},{"@type":"Organization","@id":"https:\/\/pagina10.com\/web\/#organization","name":"P\u00e1gina10","alternateName":"P\u00e1gina10 Peri\u00f3dico Regional","url":"https:\/\/pagina10.com\/web\/","logo":{"@type":"ImageObject","inLanguage":"es","@id":"https:\/\/pagina10.com\/web\/#\/schema\/logo\/image\/","url":"https:\/\/pagina10.com\/web\/wp-content\/uploads\/2024\/01\/40-pagina-10-periodico-regional-pasto.jpg","contentUrl":"https:\/\/pagina10.com\/web\/wp-content\/uploads\/2024\/01\/40-pagina-10-periodico-regional-pasto.jpg","width":1280,"height":720,"caption":"P\u00e1gina10"},"image":{"@id":"https:\/\/pagina10.com\/web\/#\/schema\/logo\/image\/"},"sameAs":["https:\/\/www.facebook.com\/pag10com","https:\/\/x.com\/Pag10com","https:\/\/www.instagram.com\/pagina10col\/","https:\/\/youtube.com\/channel\/pag10","https:\/\/www.tiktok.com\/@p10col"]},{"@type":"Person","@id":"https:\/\/pagina10.com\/web\/#\/schema\/person\/2efc4a090d25b667d3bc796798a3a81b","name":"P\u00e1gina 10","description":"P\u00e1gina 10 es un peri\u00f3dico regional que nace en Colombia, en el departamento de Nari\u00f1o, con un enfoque global, fundamentado en cuatro pilares esenciales: la libertad, el pluralismo, la inclusi\u00f3n y la independencia. P\u00e1gina 10 hace referencia a Nari\u00f1o como el d\u00e9cimo departamento creado en Colombia, despu\u00e9s de un proceso pol\u00edtico liderado por actores y actrices regionales con el fin de obtener la independencia y autonom\u00eda de nuestros territorios. Con la creaci\u00f3n de P\u00e1gina 10 se pretende abrir un escenario para el dialogo, la reflexi\u00f3n y el debate que se extienda a otras geograf\u00edas de Am\u00e9rica Latina y del planeta, en una apuesta por transformar colectivamente los desaf\u00edos de un mundo contempor\u00e1neo, m\u00e1s all\u00e1 de las fronteras impuestas.","url":"https:\/\/pagina10.com\/web\/author\/pdiezadmin\/"}]}},"_links":{"self":[{"href":"https:\/\/pagina10.com\/web\/wp-json\/wp\/v2\/posts\/51415","targetHints":{"allow":["GET"]}}],"collection":[{"href":"https:\/\/pagina10.com\/web\/wp-json\/wp\/v2\/posts"}],"about":[{"href":"https:\/\/pagina10.com\/web\/wp-json\/wp\/v2\/types\/post"}],"author":[{"embeddable":true,"href":"https:\/\/pagina10.com\/web\/wp-json\/wp\/v2\/users\/1"}],"replies":[{"embeddable":true,"href":"https:\/\/pagina10.com\/web\/wp-json\/wp\/v2\/comments?post=51415"}],"version-history":[{"count":2,"href":"https:\/\/pagina10.com\/web\/wp-json\/wp\/v2\/posts\/51415\/revisions"}],"predecessor-version":[{"id":51418,"href":"https:\/\/pagina10.com\/web\/wp-json\/wp\/v2\/posts\/51415\/revisions\/51418"}],"wp:featuredmedia":[{"embeddable":true,"href":"https:\/\/pagina10.com\/web\/wp-json\/wp\/v2\/media\/51416"}],"wp:attachment":[{"href":"https:\/\/pagina10.com\/web\/wp-json\/wp\/v2\/media?parent=51415"}],"wp:term":[{"taxonomy":"category","embeddable":true,"href":"https:\/\/pagina10.com\/web\/wp-json\/wp\/v2\/categories?post=51415"},{"taxonomy":"post_tag","embeddable":true,"href":"https:\/\/pagina10.com\/web\/wp-json\/wp\/v2\/tags?post=51415"}],"curies":[{"name":"wp","href":"https:\/\/api.w.org\/{rel}","templated":true}]}}