{"id":51422,"date":"2021-03-28T08:41:00","date_gmt":"2021-03-28T13:41:00","guid":{"rendered":"https:\/\/pagina10.com\/web\/?p=51422"},"modified":"2021-03-28T10:15:13","modified_gmt":"2021-03-28T15:15:13","slug":"lider-social-nevis-cadena-es-el-personaje-10","status":"publish","type":"post","link":"https:\/\/pagina10.com\/web\/lider-social-nevis-cadena-es-el-personaje-10\/","title":{"rendered":"L\u00edder social, Nevis Cadena, es El Personaje 10."},"content":{"rendered":"<p style=\"text-align: center;\">Nevis Cadena es etnoeducador, l\u00edder y emprendedor social. Amante de las causas socioambientales, enamorado y respetuoso de los territorios. En el a\u00f1o 2020 fue\u00a0 reconocido con el distintivo \u2018Paloma de la Paz\u00b4, lo que lo acredita como guardi\u00e1n de paz.<\/p>\n<p style=\"text-align: justify;\">Nevis creci\u00f3 entre la inmensidad del mar, la luminosidad del sol y la sorprendente biodiversidad del pacifico nari\u00f1ense. Comparte con todos y todas aquellas de El Charco y del Pac\u00edfico nari\u00f1ense, esa historia de exclusi\u00f3n, pobreza, violencia, inseguridad, explotaci\u00f3n y abandono; de esa regi\u00f3n pobre y olvidada, emerge la voz afrocolombiana que habla en favor de la paz y en defensa de las y los suyos.<\/p>\n<p style=\"text-align: justify;\">\u00a0\u201cLa paz sigue desde casa\u201d, es la consigna del tambi\u00e9n poeta que dedica sus letras a su territorio y a su cultura. Su labor ha impulsado tambi\u00e9n proyectos como Frutichar, proyecto por medio del cual, desde el a\u00f1o 2013, ha venido adelantando alternativas licitas y sostenibles. Como constructor de paz y generador de empleo rural e industrial, Fritichar se ha convertido en una nueva oportunidad para las y los j\u00f3venes v\u00edctimas y para las madres cabeza de hogar, en esta zona marcada por la violencia y los cultivos il\u00edcitos. La rentabilidad de la comercializaci\u00f3n de estos productos con ciudades como Buenaventura, Cali y Pasto, busca contribuir a la soberan\u00eda alimentaria regional y disminuir los\u00a0 \u00edndices de desnutrici\u00f3n en la costa pac\u00edfica nari\u00f1ense.<\/p>\n<p style=\"text-align: justify;\">Este importante l\u00edder social del Pacifico nari\u00f1ense, actualmente lidera el proyecto productivo Pervivencia de Cultivos Frutales Nativos con 700 familias afro e ind\u00edgenas de El Charco. Ha impulsado la constituci\u00f3n de la Asociaci\u00f3n de Productores Petricor, la fundaci\u00f3n Mayibuye y ha fortalecido la incidencia organizativa de colectivos de mujeres y j\u00f3venes en el territorio.<\/p>\n<p style=\"text-align: justify;\">Hace parte de uno de los 60 l\u00edderes becados por el Fondo de Educaci\u00f3n Potencia Pac\u00edfico, en donde cursar\u00e1 la maestr\u00eda en Gerencia y Pr\u00e1ctica del Desarrollo en la Universidad de los Andes.<\/p>\n<p style=\"text-align: left;\"><em>\u201cComo hijo de la di\u00e1spora,<\/em><\/p>\n<p style=\"text-align: left;\"><em>Esparcidos por el mundo,<\/em><\/p>\n<p style=\"text-align: left;\"><em>A m\u00ed me toc\u00f3 el Pacifico,<\/em><\/p>\n<p style=\"text-align: left;\"><em>Un para\u00edso profundo.<\/em><\/p>\n<p style=\"text-align: left;\"><em>Se junt\u00f3 tanta riqueza,<\/em><\/p>\n<p style=\"text-align: left;\"><em>En este solo lugar,<\/em><\/p>\n<p style=\"text-align: left;\"><em>Y como joven me toca<\/em><\/p>\n<p style=\"text-align: left;\"><em>Conservar todito esto,<\/em><\/p>\n<p style=\"text-align: left;\"><em>Consciente de lo que soy,<\/em><\/p>\n<p style=\"text-align: left;\"><em>Me compromet\u00ed con esto.\u201d<\/em><\/p>\n<p style=\"text-align: justify;\">Fragmento del poema \u201cEl legado de mis ancestros\u201d de Nevis Cadena. Poema ganador del Concurso de Poes\u00eda de El Charco, a\u00f1o 2020.<\/p>\n","protected":false},"excerpt":{"rendered":"<p>Nevis Cadena es etnoeducador, l\u00edder y emprendedor social. Amante de las causas socioambientales, enamorado y respetuoso de los territorios. En el a\u00f1o 2020 fue\u00a0 reconocido con el distintivo \u2018Paloma de la Paz\u00b4, lo que lo acredita como guardi\u00e1n de paz. Nevis creci\u00f3 entre la inmensidad del mar, la luminosidad del sol y la sorprendente biodiversidad [&hellip;]<\/p>\n","protected":false},"author":1,"featured_media":51423,"comment_status":"open","ping_status":"open","sticky":false,"template":"","format":"standard","meta":{"footnotes":""},"categories":[53,1528],"tags":[],"class_list":["post-51422","post","type-post","status-publish","format-standard","has-post-thumbnail","hentry","category-regiones","category-titulares"],"yoast_head":"<!-- This site is optimized with the Yoast SEO plugin v27.1.1 - https:\/\/yoast.com\/product\/yoast-seo-wordpress\/ -->\n<title>L\u00edder social, Nevis Cadena, es El Personaje 10. | P\u00e1gina10<\/title>\n<meta name=\"robots\" content=\"index, follow, max-snippet:-1, max-image-preview:large, max-video-preview:-1\" \/>\n<link rel=\"canonical\" href=\"https:\/\/pagina10.com\/web\/lider-social-nevis-cadena-es-el-personaje-10\/\" \/>\n<meta property=\"og:locale\" content=\"es_ES\" \/>\n<meta property=\"og:type\" content=\"article\" \/>\n<meta property=\"og:title\" content=\"L\u00edder social, Nevis Cadena, es El Personaje 10. | P\u00e1gina10\" \/>\n<meta property=\"og:description\" content=\"Nevis Cadena es etnoeducador, l\u00edder y emprendedor social. Amante de las causas socioambientales, enamorado y respetuoso de los territorios. En el a\u00f1o 2020 fue reconocido con el distintivo \u2018Paloma de la Paz\u00b4, lo que lo acredita como guardi\u00e1n de paz. Nevis creci\u00f3 entre la inmensidad del mar, la luminosidad del sol y la sorprendente biodiversidad [&hellip;]\" \/>\n<meta property=\"og:url\" content=\"https:\/\/pagina10.com\/web\/lider-social-nevis-cadena-es-el-personaje-10\/\" \/>\n<meta property=\"og:site_name\" content=\"P\u00e1gina10\" \/>\n<meta property=\"article:publisher\" content=\"https:\/\/www.facebook.com\/pag10com\" \/>\n<meta property=\"article:published_time\" content=\"2021-03-28T13:41:00+00:00\" \/>\n<meta property=\"article:modified_time\" content=\"2021-03-28T15:15:13+00:00\" \/>\n<meta property=\"og:image\" content=\"https:\/\/pagina10.com\/web\/wp-content\/uploads\/2021\/03\/WhatsApp-Image-2021-03-28-at-8.36.44-AM-2.jpeg\" \/>\n\t<meta property=\"og:image:width\" content=\"716\" \/>\n\t<meta property=\"og:image:height\" content=\"712\" \/>\n\t<meta property=\"og:image:type\" content=\"image\/jpeg\" \/>\n<meta name=\"author\" content=\"P\u00e1gina 10\" \/>\n<meta name=\"twitter:card\" content=\"summary_large_image\" \/>\n<meta name=\"twitter:creator\" content=\"@Pag10com\" \/>\n<meta name=\"twitter:site\" content=\"@Pag10com\" \/>\n<meta name=\"twitter:label1\" content=\"Escrito por\" \/>\n\t<meta name=\"twitter:data1\" content=\"P\u00e1gina 10\" \/>\n\t<meta name=\"twitter:label2\" content=\"Tiempo de lectura\" \/>\n\t<meta name=\"twitter:data2\" content=\"2 minutos\" \/>\n<script type=\"application\/ld+json\" class=\"yoast-schema-graph\">{\"@context\":\"https:\/\/schema.org\",\"@graph\":[{\"@type\":\"Article\",\"@id\":\"https:\/\/pagina10.com\/web\/lider-social-nevis-cadena-es-el-personaje-10\/#article\",\"isPartOf\":{\"@id\":\"https:\/\/pagina10.com\/web\/lider-social-nevis-cadena-es-el-personaje-10\/\"},\"author\":{\"name\":\"P\u00e1gina 10\",\"@id\":\"https:\/\/pagina10.com\/web\/#\/schema\/person\/2efc4a090d25b667d3bc796798a3a81b\"},\"headline\":\"L\u00edder social, Nevis Cadena, es El Personaje 10.\",\"datePublished\":\"2021-03-28T13:41:00+00:00\",\"dateModified\":\"2021-03-28T15:15:13+00:00\",\"mainEntityOfPage\":{\"@id\":\"https:\/\/pagina10.com\/web\/lider-social-nevis-cadena-es-el-personaje-10\/\"},\"wordCount\":419,\"commentCount\":0,\"publisher\":{\"@id\":\"https:\/\/pagina10.com\/web\/#organization\"},\"image\":{\"@id\":\"https:\/\/pagina10.com\/web\/lider-social-nevis-cadena-es-el-personaje-10\/#primaryimage\"},\"thumbnailUrl\":\"https:\/\/pagina10.com\/web\/wp-content\/uploads\/2021\/03\/WhatsApp-Image-2021-03-28-at-8.36.44-AM-2.jpeg\",\"articleSection\":[\"Regiones\",\"Titulares\"],\"inLanguage\":\"es\",\"potentialAction\":[{\"@type\":\"CommentAction\",\"name\":\"Comment\",\"target\":[\"https:\/\/pagina10.com\/web\/lider-social-nevis-cadena-es-el-personaje-10\/#respond\"]}]},{\"@type\":\"WebPage\",\"@id\":\"https:\/\/pagina10.com\/web\/lider-social-nevis-cadena-es-el-personaje-10\/\",\"url\":\"https:\/\/pagina10.com\/web\/lider-social-nevis-cadena-es-el-personaje-10\/\",\"name\":\"L\u00edder social, Nevis Cadena, es El Personaje 10. | P\u00e1gina10\",\"isPartOf\":{\"@id\":\"https:\/\/pagina10.com\/web\/#website\"},\"primaryImageOfPage\":{\"@id\":\"https:\/\/pagina10.com\/web\/lider-social-nevis-cadena-es-el-personaje-10\/#primaryimage\"},\"image\":{\"@id\":\"https:\/\/pagina10.com\/web\/lider-social-nevis-cadena-es-el-personaje-10\/#primaryimage\"},\"thumbnailUrl\":\"https:\/\/pagina10.com\/web\/wp-content\/uploads\/2021\/03\/WhatsApp-Image-2021-03-28-at-8.36.44-AM-2.jpeg\",\"datePublished\":\"2021-03-28T13:41:00+00:00\",\"dateModified\":\"2021-03-28T15:15:13+00:00\",\"breadcrumb\":{\"@id\":\"https:\/\/pagina10.com\/web\/lider-social-nevis-cadena-es-el-personaje-10\/#breadcrumb\"},\"inLanguage\":\"es\",\"potentialAction\":[{\"@type\":\"ReadAction\",\"target\":[\"https:\/\/pagina10.com\/web\/lider-social-nevis-cadena-es-el-personaje-10\/\"]}]},{\"@type\":\"ImageObject\",\"inLanguage\":\"es\",\"@id\":\"https:\/\/pagina10.com\/web\/lider-social-nevis-cadena-es-el-personaje-10\/#primaryimage\",\"url\":\"https:\/\/pagina10.com\/web\/wp-content\/uploads\/2021\/03\/WhatsApp-Image-2021-03-28-at-8.36.44-AM-2.jpeg\",\"contentUrl\":\"https:\/\/pagina10.com\/web\/wp-content\/uploads\/2021\/03\/WhatsApp-Image-2021-03-28-at-8.36.44-AM-2.jpeg\",\"width\":716,\"height\":712},{\"@type\":\"BreadcrumbList\",\"@id\":\"https:\/\/pagina10.com\/web\/lider-social-nevis-cadena-es-el-personaje-10\/#breadcrumb\",\"itemListElement\":[{\"@type\":\"ListItem\",\"position\":1,\"name\":\"Portada\",\"item\":\"https:\/\/pagina10.com\/web\/\"},{\"@type\":\"ListItem\",\"position\":2,\"name\":\"L\u00edder social, Nevis Cadena, es El Personaje 10.\"}]},{\"@type\":\"WebSite\",\"@id\":\"https:\/\/pagina10.com\/web\/#website\",\"url\":\"https:\/\/pagina10.com\/web\/\",\"name\":\"P\u00e1gina10\",\"description\":\"Peri\u00f3dico Regional\",\"publisher\":{\"@id\":\"https:\/\/pagina10.com\/web\/#organization\"},\"alternateName\":\"P\u00e1gina10 Peri\u00f3dico Regional\",\"potentialAction\":[{\"@type\":\"SearchAction\",\"target\":{\"@type\":\"EntryPoint\",\"urlTemplate\":\"https:\/\/pagina10.com\/web\/?s={search_term_string}\"},\"query-input\":{\"@type\":\"PropertyValueSpecification\",\"valueRequired\":true,\"valueName\":\"search_term_string\"}}],\"inLanguage\":\"es\"},{\"@type\":\"Organization\",\"@id\":\"https:\/\/pagina10.com\/web\/#organization\",\"name\":\"P\u00e1gina10\",\"alternateName\":\"P\u00e1gina10 Peri\u00f3dico Regional\",\"url\":\"https:\/\/pagina10.com\/web\/\",\"logo\":{\"@type\":\"ImageObject\",\"inLanguage\":\"es\",\"@id\":\"https:\/\/pagina10.com\/web\/#\/schema\/logo\/image\/\",\"url\":\"https:\/\/pagina10.com\/web\/wp-content\/uploads\/2024\/01\/40-pagina-10-periodico-regional-pasto.jpg\",\"contentUrl\":\"https:\/\/pagina10.com\/web\/wp-content\/uploads\/2024\/01\/40-pagina-10-periodico-regional-pasto.jpg\",\"width\":1280,\"height\":720,\"caption\":\"P\u00e1gina10\"},\"image\":{\"@id\":\"https:\/\/pagina10.com\/web\/#\/schema\/logo\/image\/\"},\"sameAs\":[\"https:\/\/www.facebook.com\/pag10com\",\"https:\/\/x.com\/Pag10com\",\"https:\/\/www.instagram.com\/pagina10col\/\",\"https:\/\/youtube.com\/channel\/pag10\",\"https:\/\/www.tiktok.com\/@p10col\"]},{\"@type\":\"Person\",\"@id\":\"https:\/\/pagina10.com\/web\/#\/schema\/person\/2efc4a090d25b667d3bc796798a3a81b\",\"name\":\"P\u00e1gina 10\",\"description\":\"P\u00e1gina 10 es un peri\u00f3dico regional que nace en Colombia, en el departamento de Nari\u00f1o, con un enfoque global, fundamentado en cuatro pilares esenciales: la libertad, el pluralismo, la inclusi\u00f3n y la independencia. P\u00e1gina 10 hace referencia a Nari\u00f1o como el d\u00e9cimo departamento creado en Colombia, despu\u00e9s de un proceso pol\u00edtico liderado por actores y actrices regionales con el fin de obtener la independencia y autonom\u00eda de nuestros territorios. Con la creaci\u00f3n de P\u00e1gina 10 se pretende abrir un escenario para el dialogo, la reflexi\u00f3n y el debate que se extienda a otras geograf\u00edas de Am\u00e9rica Latina y del planeta, en una apuesta por transformar colectivamente los desaf\u00edos de un mundo contempor\u00e1neo, m\u00e1s all\u00e1 de las fronteras impuestas.\",\"url\":\"https:\/\/pagina10.com\/web\/author\/pdiezadmin\/\"}]}<\/script>\n<!-- \/ Yoast SEO plugin. -->","yoast_head_json":{"title":"L\u00edder social, Nevis Cadena, es El Personaje 10. | P\u00e1gina10","robots":{"index":"index","follow":"follow","max-snippet":"max-snippet:-1","max-image-preview":"max-image-preview:large","max-video-preview":"max-video-preview:-1"},"canonical":"https:\/\/pagina10.com\/web\/lider-social-nevis-cadena-es-el-personaje-10\/","og_locale":"es_ES","og_type":"article","og_title":"L\u00edder social, Nevis Cadena, es El Personaje 10. | P\u00e1gina10","og_description":"Nevis Cadena es etnoeducador, l\u00edder y emprendedor social. Amante de las causas socioambientales, enamorado y respetuoso de los territorios. En el a\u00f1o 2020 fue reconocido con el distintivo \u2018Paloma de la Paz\u00b4, lo que lo acredita como guardi\u00e1n de paz. Nevis creci\u00f3 entre la inmensidad del mar, la luminosidad del sol y la sorprendente biodiversidad [&hellip;]","og_url":"https:\/\/pagina10.com\/web\/lider-social-nevis-cadena-es-el-personaje-10\/","og_site_name":"P\u00e1gina10","article_publisher":"https:\/\/www.facebook.com\/pag10com","article_published_time":"2021-03-28T13:41:00+00:00","article_modified_time":"2021-03-28T15:15:13+00:00","og_image":[{"width":716,"height":712,"url":"https:\/\/pagina10.com\/web\/wp-content\/uploads\/2021\/03\/WhatsApp-Image-2021-03-28-at-8.36.44-AM-2.jpeg","type":"image\/jpeg"}],"author":"P\u00e1gina 10","twitter_card":"summary_large_image","twitter_creator":"@Pag10com","twitter_site":"@Pag10com","twitter_misc":{"Escrito por":"P\u00e1gina 10","Tiempo de lectura":"2 minutos"},"schema":{"@context":"https:\/\/schema.org","@graph":[{"@type":"Article","@id":"https:\/\/pagina10.com\/web\/lider-social-nevis-cadena-es-el-personaje-10\/#article","isPartOf":{"@id":"https:\/\/pagina10.com\/web\/lider-social-nevis-cadena-es-el-personaje-10\/"},"author":{"name":"P\u00e1gina 10","@id":"https:\/\/pagina10.com\/web\/#\/schema\/person\/2efc4a090d25b667d3bc796798a3a81b"},"headline":"L\u00edder social, Nevis Cadena, es El Personaje 10.","datePublished":"2021-03-28T13:41:00+00:00","dateModified":"2021-03-28T15:15:13+00:00","mainEntityOfPage":{"@id":"https:\/\/pagina10.com\/web\/lider-social-nevis-cadena-es-el-personaje-10\/"},"wordCount":419,"commentCount":0,"publisher":{"@id":"https:\/\/pagina10.com\/web\/#organization"},"image":{"@id":"https:\/\/pagina10.com\/web\/lider-social-nevis-cadena-es-el-personaje-10\/#primaryimage"},"thumbnailUrl":"https:\/\/pagina10.com\/web\/wp-content\/uploads\/2021\/03\/WhatsApp-Image-2021-03-28-at-8.36.44-AM-2.jpeg","articleSection":["Regiones","Titulares"],"inLanguage":"es","potentialAction":[{"@type":"CommentAction","name":"Comment","target":["https:\/\/pagina10.com\/web\/lider-social-nevis-cadena-es-el-personaje-10\/#respond"]}]},{"@type":"WebPage","@id":"https:\/\/pagina10.com\/web\/lider-social-nevis-cadena-es-el-personaje-10\/","url":"https:\/\/pagina10.com\/web\/lider-social-nevis-cadena-es-el-personaje-10\/","name":"L\u00edder social, Nevis Cadena, es El Personaje 10. | P\u00e1gina10","isPartOf":{"@id":"https:\/\/pagina10.com\/web\/#website"},"primaryImageOfPage":{"@id":"https:\/\/pagina10.com\/web\/lider-social-nevis-cadena-es-el-personaje-10\/#primaryimage"},"image":{"@id":"https:\/\/pagina10.com\/web\/lider-social-nevis-cadena-es-el-personaje-10\/#primaryimage"},"thumbnailUrl":"https:\/\/pagina10.com\/web\/wp-content\/uploads\/2021\/03\/WhatsApp-Image-2021-03-28-at-8.36.44-AM-2.jpeg","datePublished":"2021-03-28T13:41:00+00:00","dateModified":"2021-03-28T15:15:13+00:00","breadcrumb":{"@id":"https:\/\/pagina10.com\/web\/lider-social-nevis-cadena-es-el-personaje-10\/#breadcrumb"},"inLanguage":"es","potentialAction":[{"@type":"ReadAction","target":["https:\/\/pagina10.com\/web\/lider-social-nevis-cadena-es-el-personaje-10\/"]}]},{"@type":"ImageObject","inLanguage":"es","@id":"https:\/\/pagina10.com\/web\/lider-social-nevis-cadena-es-el-personaje-10\/#primaryimage","url":"https:\/\/pagina10.com\/web\/wp-content\/uploads\/2021\/03\/WhatsApp-Image-2021-03-28-at-8.36.44-AM-2.jpeg","contentUrl":"https:\/\/pagina10.com\/web\/wp-content\/uploads\/2021\/03\/WhatsApp-Image-2021-03-28-at-8.36.44-AM-2.jpeg","width":716,"height":712},{"@type":"BreadcrumbList","@id":"https:\/\/pagina10.com\/web\/lider-social-nevis-cadena-es-el-personaje-10\/#breadcrumb","itemListElement":[{"@type":"ListItem","position":1,"name":"Portada","item":"https:\/\/pagina10.com\/web\/"},{"@type":"ListItem","position":2,"name":"L\u00edder social, Nevis Cadena, es El Personaje 10."}]},{"@type":"WebSite","@id":"https:\/\/pagina10.com\/web\/#website","url":"https:\/\/pagina10.com\/web\/","name":"P\u00e1gina10","description":"Peri\u00f3dico Regional","publisher":{"@id":"https:\/\/pagina10.com\/web\/#organization"},"alternateName":"P\u00e1gina10 Peri\u00f3dico Regional","potentialAction":[{"@type":"SearchAction","target":{"@type":"EntryPoint","urlTemplate":"https:\/\/pagina10.com\/web\/?s={search_term_string}"},"query-input":{"@type":"PropertyValueSpecification","valueRequired":true,"valueName":"search_term_string"}}],"inLanguage":"es"},{"@type":"Organization","@id":"https:\/\/pagina10.com\/web\/#organization","name":"P\u00e1gina10","alternateName":"P\u00e1gina10 Peri\u00f3dico Regional","url":"https:\/\/pagina10.com\/web\/","logo":{"@type":"ImageObject","inLanguage":"es","@id":"https:\/\/pagina10.com\/web\/#\/schema\/logo\/image\/","url":"https:\/\/pagina10.com\/web\/wp-content\/uploads\/2024\/01\/40-pagina-10-periodico-regional-pasto.jpg","contentUrl":"https:\/\/pagina10.com\/web\/wp-content\/uploads\/2024\/01\/40-pagina-10-periodico-regional-pasto.jpg","width":1280,"height":720,"caption":"P\u00e1gina10"},"image":{"@id":"https:\/\/pagina10.com\/web\/#\/schema\/logo\/image\/"},"sameAs":["https:\/\/www.facebook.com\/pag10com","https:\/\/x.com\/Pag10com","https:\/\/www.instagram.com\/pagina10col\/","https:\/\/youtube.com\/channel\/pag10","https:\/\/www.tiktok.com\/@p10col"]},{"@type":"Person","@id":"https:\/\/pagina10.com\/web\/#\/schema\/person\/2efc4a090d25b667d3bc796798a3a81b","name":"P\u00e1gina 10","description":"P\u00e1gina 10 es un peri\u00f3dico regional que nace en Colombia, en el departamento de Nari\u00f1o, con un enfoque global, fundamentado en cuatro pilares esenciales: la libertad, el pluralismo, la inclusi\u00f3n y la independencia. P\u00e1gina 10 hace referencia a Nari\u00f1o como el d\u00e9cimo departamento creado en Colombia, despu\u00e9s de un proceso pol\u00edtico liderado por actores y actrices regionales con el fin de obtener la independencia y autonom\u00eda de nuestros territorios. Con la creaci\u00f3n de P\u00e1gina 10 se pretende abrir un escenario para el dialogo, la reflexi\u00f3n y el debate que se extienda a otras geograf\u00edas de Am\u00e9rica Latina y del planeta, en una apuesta por transformar colectivamente los desaf\u00edos de un mundo contempor\u00e1neo, m\u00e1s all\u00e1 de las fronteras impuestas.","url":"https:\/\/pagina10.com\/web\/author\/pdiezadmin\/"}]}},"_links":{"self":[{"href":"https:\/\/pagina10.com\/web\/wp-json\/wp\/v2\/posts\/51422","targetHints":{"allow":["GET"]}}],"collection":[{"href":"https:\/\/pagina10.com\/web\/wp-json\/wp\/v2\/posts"}],"about":[{"href":"https:\/\/pagina10.com\/web\/wp-json\/wp\/v2\/types\/post"}],"author":[{"embeddable":true,"href":"https:\/\/pagina10.com\/web\/wp-json\/wp\/v2\/users\/1"}],"replies":[{"embeddable":true,"href":"https:\/\/pagina10.com\/web\/wp-json\/wp\/v2\/comments?post=51422"}],"version-history":[{"count":2,"href":"https:\/\/pagina10.com\/web\/wp-json\/wp\/v2\/posts\/51422\/revisions"}],"predecessor-version":[{"id":51433,"href":"https:\/\/pagina10.com\/web\/wp-json\/wp\/v2\/posts\/51422\/revisions\/51433"}],"wp:featuredmedia":[{"embeddable":true,"href":"https:\/\/pagina10.com\/web\/wp-json\/wp\/v2\/media\/51423"}],"wp:attachment":[{"href":"https:\/\/pagina10.com\/web\/wp-json\/wp\/v2\/media?parent=51422"}],"wp:term":[{"taxonomy":"category","embeddable":true,"href":"https:\/\/pagina10.com\/web\/wp-json\/wp\/v2\/categories?post=51422"},{"taxonomy":"post_tag","embeddable":true,"href":"https:\/\/pagina10.com\/web\/wp-json\/wp\/v2\/tags?post=51422"}],"curies":[{"name":"wp","href":"https:\/\/api.w.org\/{rel}","templated":true}]}}