{"id":51444,"date":"2021-03-29T12:39:46","date_gmt":"2021-03-29T17:39:46","guid":{"rendered":"https:\/\/pagina10.com\/web\/?p=51444"},"modified":"2021-03-29T14:09:24","modified_gmt":"2021-03-29T19:09:24","slug":"secretario-de-hacienda-de-romero-reconoce-imprecisiones-del-exgobernador-frente-a-la-ley-550","status":"publish","type":"post","link":"https:\/\/pagina10.com\/web\/secretario-de-hacienda-de-romero-reconoce-imprecisiones-del-exgobernador-frente-a-la-ley-550\/","title":{"rendered":"Secretario de Hacienda de Romero reconoce imprecisiones del exgobernador frente a la Ley 550."},"content":{"rendered":"<p style=\"text-align: justify;\">El exgobernador de Nari\u00f1o y hoy precandidato presidencial, Camilo Romero, en entrevista con Caracol Noticias, expres\u00f3 que en su administraci\u00f3n aparte de lograr pasar al departamento de segunda categor\u00eda a primera, de pasar del puesto 23 del \u00edndice de desempe\u00f1o fiscal al tercero y de duplicar la inversi\u00f3n social, un importante logro alcanzado fue sacar al departamento de Nari\u00f1o de la Ley 550. \u201cNosotros sacamos al departamento de Nari\u00f1o de la Ley 550, era menor de edad frente al gobierno nacional y en nuestro gobierno logramos pagar incluso todas las deudas que ten\u00eda el gobierno de Nari\u00f1o\u201d manifest\u00f3 el exgobernador.<\/p>\n<p style=\"text-align: justify;\">Frente a esta aseveraci\u00f3n, el periodista Paulo Cesar Paz se\u00f1al\u00f3 que \u201cRa\u00fal Delgado con su gobierno adelant\u00f3 en su gran mayor\u00eda la salida del Departamento de la Ley 550\u201d. Frente a lo cual el hoy diputado de Nari\u00f1o, Andr\u00e9s Zu\u00f1iga, aclar\u00f3 que \u201cla salida del Departamento de la Ley 550, no fue &#8220;en su gran mayor\u00eda&#8221;, acci\u00f3n de Ra\u00fal Delgado, ni una exclusividad de Romero, lo hicieron los 5 Gobernadores llamados alternativos. Mal por Romero que quiera mostrarse como el salvador, \u00bfimprecisi\u00f3n o mentira?\u201d dijo.<\/p>\n<p style=\"text-align: justify;\">Por otra parte, el exsecretario de Hacienda en la administraci\u00f3n de Romero, Ernesto Fernando Narv\u00e1ez, en su cuenta de Twitter aclar\u00f3 lo dicho por su anterior jefe: \u201cDesde el mismo momento en que el departamento entr\u00f3 en Acuerdo de Reestructuraci\u00f3n (Ley 550), empez\u00f3 el pago del mismo. Personalmente siempre reconoc\u00ed el apoyo y cumplimiento a los t\u00e9rminos del acuerdo, c\u00f3mo ten\u00eda que ser, de Cuellar, Z\u00fa\u00f1iga, Navarro, Delgado y Romero\u201d.<\/p>\n<p style=\"text-align: justify;\">En conclusi\u00f3n, existe una imprecisi\u00f3n o desconocimiento del exmandatario Romero al se\u00f1alar que \u00e9l sac\u00f3 al departamento de la ley 550, por cuanto este es un proceso que tard\u00f3 20 a\u00f1os y se concluy\u00f3 gracias al concurso de los anteriores mandatarios.<\/p>\n","protected":false},"excerpt":{"rendered":"<p>El exgobernador de Nari\u00f1o y hoy precandidato presidencial, Camilo Romero, en entrevista con Caracol Noticias, expres\u00f3 que en su administraci\u00f3n aparte de lograr pasar al departamento de segunda categor\u00eda a primera, de pasar del puesto 23 del \u00edndice de desempe\u00f1o fiscal al tercero y de duplicar la inversi\u00f3n social, un importante logro alcanzado fue sacar [&hellip;]<\/p>\n","protected":false},"author":1,"featured_media":51454,"comment_status":"open","ping_status":"open","sticky":false,"template":"","format":"standard","meta":{"footnotes":""},"categories":[53],"tags":[],"class_list":["post-51444","post","type-post","status-publish","format-standard","has-post-thumbnail","hentry","category-regiones"],"yoast_head":"<!-- This site is optimized with the Yoast SEO plugin v27.1.1 - https:\/\/yoast.com\/product\/yoast-seo-wordpress\/ -->\n<title>Secretario de Hacienda de Romero reconoce imprecisiones del exgobernador frente a la Ley 550. | P\u00e1gina10<\/title>\n<meta name=\"robots\" content=\"index, follow, max-snippet:-1, max-image-preview:large, max-video-preview:-1\" \/>\n<link rel=\"canonical\" href=\"https:\/\/pagina10.com\/web\/secretario-de-hacienda-de-romero-reconoce-imprecisiones-del-exgobernador-frente-a-la-ley-550\/\" \/>\n<meta property=\"og:locale\" content=\"es_ES\" \/>\n<meta property=\"og:type\" content=\"article\" \/>\n<meta property=\"og:title\" content=\"Secretario de Hacienda de Romero reconoce imprecisiones del exgobernador frente a la Ley 550. | P\u00e1gina10\" \/>\n<meta property=\"og:description\" content=\"El exgobernador de Nari\u00f1o y hoy precandidato presidencial, Camilo Romero, en entrevista con Caracol Noticias, expres\u00f3 que en su administraci\u00f3n aparte de lograr pasar al departamento de segunda categor\u00eda a primera, de pasar del puesto 23 del \u00edndice de desempe\u00f1o fiscal al tercero y de duplicar la inversi\u00f3n social, un importante logro alcanzado fue sacar [&hellip;]\" \/>\n<meta property=\"og:url\" content=\"https:\/\/pagina10.com\/web\/secretario-de-hacienda-de-romero-reconoce-imprecisiones-del-exgobernador-frente-a-la-ley-550\/\" \/>\n<meta property=\"og:site_name\" content=\"P\u00e1gina10\" \/>\n<meta property=\"article:publisher\" content=\"https:\/\/www.facebook.com\/pag10com\" \/>\n<meta property=\"article:published_time\" content=\"2021-03-29T17:39:46+00:00\" \/>\n<meta property=\"article:modified_time\" content=\"2021-03-29T19:09:24+00:00\" \/>\n<meta property=\"og:image\" content=\"https:\/\/pagina10.com\/web\/wp-content\/uploads\/2021\/03\/Captura-de-pantalla-130.png\" \/>\n\t<meta property=\"og:image:width\" content=\"657\" \/>\n\t<meta property=\"og:image:height\" content=\"351\" \/>\n\t<meta property=\"og:image:type\" content=\"image\/png\" \/>\n<meta name=\"author\" content=\"P\u00e1gina 10\" \/>\n<meta name=\"twitter:card\" content=\"summary_large_image\" \/>\n<meta name=\"twitter:creator\" content=\"@Pag10com\" \/>\n<meta name=\"twitter:site\" content=\"@Pag10com\" \/>\n<meta name=\"twitter:label1\" content=\"Escrito por\" \/>\n\t<meta name=\"twitter:data1\" content=\"P\u00e1gina 10\" \/>\n\t<meta name=\"twitter:label2\" content=\"Tiempo de lectura\" \/>\n\t<meta name=\"twitter:data2\" content=\"2 minutos\" \/>\n<script type=\"application\/ld+json\" class=\"yoast-schema-graph\">{\"@context\":\"https:\/\/schema.org\",\"@graph\":[{\"@type\":\"Article\",\"@id\":\"https:\/\/pagina10.com\/web\/secretario-de-hacienda-de-romero-reconoce-imprecisiones-del-exgobernador-frente-a-la-ley-550\/#article\",\"isPartOf\":{\"@id\":\"https:\/\/pagina10.com\/web\/secretario-de-hacienda-de-romero-reconoce-imprecisiones-del-exgobernador-frente-a-la-ley-550\/\"},\"author\":{\"name\":\"P\u00e1gina 10\",\"@id\":\"https:\/\/pagina10.com\/web\/#\/schema\/person\/2efc4a090d25b667d3bc796798a3a81b\"},\"headline\":\"Secretario de Hacienda de Romero reconoce imprecisiones del exgobernador frente a la Ley 550.\",\"datePublished\":\"2021-03-29T17:39:46+00:00\",\"dateModified\":\"2021-03-29T19:09:24+00:00\",\"mainEntityOfPage\":{\"@id\":\"https:\/\/pagina10.com\/web\/secretario-de-hacienda-de-romero-reconoce-imprecisiones-del-exgobernador-frente-a-la-ley-550\/\"},\"wordCount\":331,\"commentCount\":0,\"publisher\":{\"@id\":\"https:\/\/pagina10.com\/web\/#organization\"},\"image\":{\"@id\":\"https:\/\/pagina10.com\/web\/secretario-de-hacienda-de-romero-reconoce-imprecisiones-del-exgobernador-frente-a-la-ley-550\/#primaryimage\"},\"thumbnailUrl\":\"https:\/\/pagina10.com\/web\/wp-content\/uploads\/2021\/03\/Captura-de-pantalla-130.png\",\"articleSection\":[\"Regiones\"],\"inLanguage\":\"es\",\"potentialAction\":[{\"@type\":\"CommentAction\",\"name\":\"Comment\",\"target\":[\"https:\/\/pagina10.com\/web\/secretario-de-hacienda-de-romero-reconoce-imprecisiones-del-exgobernador-frente-a-la-ley-550\/#respond\"]}]},{\"@type\":\"WebPage\",\"@id\":\"https:\/\/pagina10.com\/web\/secretario-de-hacienda-de-romero-reconoce-imprecisiones-del-exgobernador-frente-a-la-ley-550\/\",\"url\":\"https:\/\/pagina10.com\/web\/secretario-de-hacienda-de-romero-reconoce-imprecisiones-del-exgobernador-frente-a-la-ley-550\/\",\"name\":\"Secretario de Hacienda de Romero reconoce imprecisiones del exgobernador frente a la Ley 550. | P\u00e1gina10\",\"isPartOf\":{\"@id\":\"https:\/\/pagina10.com\/web\/#website\"},\"primaryImageOfPage\":{\"@id\":\"https:\/\/pagina10.com\/web\/secretario-de-hacienda-de-romero-reconoce-imprecisiones-del-exgobernador-frente-a-la-ley-550\/#primaryimage\"},\"image\":{\"@id\":\"https:\/\/pagina10.com\/web\/secretario-de-hacienda-de-romero-reconoce-imprecisiones-del-exgobernador-frente-a-la-ley-550\/#primaryimage\"},\"thumbnailUrl\":\"https:\/\/pagina10.com\/web\/wp-content\/uploads\/2021\/03\/Captura-de-pantalla-130.png\",\"datePublished\":\"2021-03-29T17:39:46+00:00\",\"dateModified\":\"2021-03-29T19:09:24+00:00\",\"breadcrumb\":{\"@id\":\"https:\/\/pagina10.com\/web\/secretario-de-hacienda-de-romero-reconoce-imprecisiones-del-exgobernador-frente-a-la-ley-550\/#breadcrumb\"},\"inLanguage\":\"es\",\"potentialAction\":[{\"@type\":\"ReadAction\",\"target\":[\"https:\/\/pagina10.com\/web\/secretario-de-hacienda-de-romero-reconoce-imprecisiones-del-exgobernador-frente-a-la-ley-550\/\"]}]},{\"@type\":\"ImageObject\",\"inLanguage\":\"es\",\"@id\":\"https:\/\/pagina10.com\/web\/secretario-de-hacienda-de-romero-reconoce-imprecisiones-del-exgobernador-frente-a-la-ley-550\/#primaryimage\",\"url\":\"https:\/\/pagina10.com\/web\/wp-content\/uploads\/2021\/03\/Captura-de-pantalla-130.png\",\"contentUrl\":\"https:\/\/pagina10.com\/web\/wp-content\/uploads\/2021\/03\/Captura-de-pantalla-130.png\",\"width\":657,\"height\":351},{\"@type\":\"BreadcrumbList\",\"@id\":\"https:\/\/pagina10.com\/web\/secretario-de-hacienda-de-romero-reconoce-imprecisiones-del-exgobernador-frente-a-la-ley-550\/#breadcrumb\",\"itemListElement\":[{\"@type\":\"ListItem\",\"position\":1,\"name\":\"Portada\",\"item\":\"https:\/\/pagina10.com\/web\/\"},{\"@type\":\"ListItem\",\"position\":2,\"name\":\"Secretario de Hacienda de Romero reconoce imprecisiones del exgobernador frente a la Ley 550.\"}]},{\"@type\":\"WebSite\",\"@id\":\"https:\/\/pagina10.com\/web\/#website\",\"url\":\"https:\/\/pagina10.com\/web\/\",\"name\":\"P\u00e1gina10\",\"description\":\"Peri\u00f3dico Regional\",\"publisher\":{\"@id\":\"https:\/\/pagina10.com\/web\/#organization\"},\"alternateName\":\"P\u00e1gina10 Peri\u00f3dico Regional\",\"potentialAction\":[{\"@type\":\"SearchAction\",\"target\":{\"@type\":\"EntryPoint\",\"urlTemplate\":\"https:\/\/pagina10.com\/web\/?s={search_term_string}\"},\"query-input\":{\"@type\":\"PropertyValueSpecification\",\"valueRequired\":true,\"valueName\":\"search_term_string\"}}],\"inLanguage\":\"es\"},{\"@type\":\"Organization\",\"@id\":\"https:\/\/pagina10.com\/web\/#organization\",\"name\":\"P\u00e1gina10\",\"alternateName\":\"P\u00e1gina10 Peri\u00f3dico Regional\",\"url\":\"https:\/\/pagina10.com\/web\/\",\"logo\":{\"@type\":\"ImageObject\",\"inLanguage\":\"es\",\"@id\":\"https:\/\/pagina10.com\/web\/#\/schema\/logo\/image\/\",\"url\":\"https:\/\/pagina10.com\/web\/wp-content\/uploads\/2024\/01\/40-pagina-10-periodico-regional-pasto.jpg\",\"contentUrl\":\"https:\/\/pagina10.com\/web\/wp-content\/uploads\/2024\/01\/40-pagina-10-periodico-regional-pasto.jpg\",\"width\":1280,\"height\":720,\"caption\":\"P\u00e1gina10\"},\"image\":{\"@id\":\"https:\/\/pagina10.com\/web\/#\/schema\/logo\/image\/\"},\"sameAs\":[\"https:\/\/www.facebook.com\/pag10com\",\"https:\/\/x.com\/Pag10com\",\"https:\/\/www.instagram.com\/pagina10col\/\",\"https:\/\/youtube.com\/channel\/pag10\",\"https:\/\/www.tiktok.com\/@p10col\"]},{\"@type\":\"Person\",\"@id\":\"https:\/\/pagina10.com\/web\/#\/schema\/person\/2efc4a090d25b667d3bc796798a3a81b\",\"name\":\"P\u00e1gina 10\",\"description\":\"P\u00e1gina 10 es un peri\u00f3dico regional que nace en Colombia, en el departamento de Nari\u00f1o, con un enfoque global, fundamentado en cuatro pilares esenciales: la libertad, el pluralismo, la inclusi\u00f3n y la independencia. P\u00e1gina 10 hace referencia a Nari\u00f1o como el d\u00e9cimo departamento creado en Colombia, despu\u00e9s de un proceso pol\u00edtico liderado por actores y actrices regionales con el fin de obtener la independencia y autonom\u00eda de nuestros territorios. Con la creaci\u00f3n de P\u00e1gina 10 se pretende abrir un escenario para el dialogo, la reflexi\u00f3n y el debate que se extienda a otras geograf\u00edas de Am\u00e9rica Latina y del planeta, en una apuesta por transformar colectivamente los desaf\u00edos de un mundo contempor\u00e1neo, m\u00e1s all\u00e1 de las fronteras impuestas.\",\"url\":\"https:\/\/pagina10.com\/web\/author\/pdiezadmin\/\"}]}<\/script>\n<!-- \/ Yoast SEO plugin. -->","yoast_head_json":{"title":"Secretario de Hacienda de Romero reconoce imprecisiones del exgobernador frente a la Ley 550. | P\u00e1gina10","robots":{"index":"index","follow":"follow","max-snippet":"max-snippet:-1","max-image-preview":"max-image-preview:large","max-video-preview":"max-video-preview:-1"},"canonical":"https:\/\/pagina10.com\/web\/secretario-de-hacienda-de-romero-reconoce-imprecisiones-del-exgobernador-frente-a-la-ley-550\/","og_locale":"es_ES","og_type":"article","og_title":"Secretario de Hacienda de Romero reconoce imprecisiones del exgobernador frente a la Ley 550. | P\u00e1gina10","og_description":"El exgobernador de Nari\u00f1o y hoy precandidato presidencial, Camilo Romero, en entrevista con Caracol Noticias, expres\u00f3 que en su administraci\u00f3n aparte de lograr pasar al departamento de segunda categor\u00eda a primera, de pasar del puesto 23 del \u00edndice de desempe\u00f1o fiscal al tercero y de duplicar la inversi\u00f3n social, un importante logro alcanzado fue sacar [&hellip;]","og_url":"https:\/\/pagina10.com\/web\/secretario-de-hacienda-de-romero-reconoce-imprecisiones-del-exgobernador-frente-a-la-ley-550\/","og_site_name":"P\u00e1gina10","article_publisher":"https:\/\/www.facebook.com\/pag10com","article_published_time":"2021-03-29T17:39:46+00:00","article_modified_time":"2021-03-29T19:09:24+00:00","og_image":[{"width":657,"height":351,"url":"https:\/\/pagina10.com\/web\/wp-content\/uploads\/2021\/03\/Captura-de-pantalla-130.png","type":"image\/png"}],"author":"P\u00e1gina 10","twitter_card":"summary_large_image","twitter_creator":"@Pag10com","twitter_site":"@Pag10com","twitter_misc":{"Escrito por":"P\u00e1gina 10","Tiempo de lectura":"2 minutos"},"schema":{"@context":"https:\/\/schema.org","@graph":[{"@type":"Article","@id":"https:\/\/pagina10.com\/web\/secretario-de-hacienda-de-romero-reconoce-imprecisiones-del-exgobernador-frente-a-la-ley-550\/#article","isPartOf":{"@id":"https:\/\/pagina10.com\/web\/secretario-de-hacienda-de-romero-reconoce-imprecisiones-del-exgobernador-frente-a-la-ley-550\/"},"author":{"name":"P\u00e1gina 10","@id":"https:\/\/pagina10.com\/web\/#\/schema\/person\/2efc4a090d25b667d3bc796798a3a81b"},"headline":"Secretario de Hacienda de Romero reconoce imprecisiones del exgobernador frente a la Ley 550.","datePublished":"2021-03-29T17:39:46+00:00","dateModified":"2021-03-29T19:09:24+00:00","mainEntityOfPage":{"@id":"https:\/\/pagina10.com\/web\/secretario-de-hacienda-de-romero-reconoce-imprecisiones-del-exgobernador-frente-a-la-ley-550\/"},"wordCount":331,"commentCount":0,"publisher":{"@id":"https:\/\/pagina10.com\/web\/#organization"},"image":{"@id":"https:\/\/pagina10.com\/web\/secretario-de-hacienda-de-romero-reconoce-imprecisiones-del-exgobernador-frente-a-la-ley-550\/#primaryimage"},"thumbnailUrl":"https:\/\/pagina10.com\/web\/wp-content\/uploads\/2021\/03\/Captura-de-pantalla-130.png","articleSection":["Regiones"],"inLanguage":"es","potentialAction":[{"@type":"CommentAction","name":"Comment","target":["https:\/\/pagina10.com\/web\/secretario-de-hacienda-de-romero-reconoce-imprecisiones-del-exgobernador-frente-a-la-ley-550\/#respond"]}]},{"@type":"WebPage","@id":"https:\/\/pagina10.com\/web\/secretario-de-hacienda-de-romero-reconoce-imprecisiones-del-exgobernador-frente-a-la-ley-550\/","url":"https:\/\/pagina10.com\/web\/secretario-de-hacienda-de-romero-reconoce-imprecisiones-del-exgobernador-frente-a-la-ley-550\/","name":"Secretario de Hacienda de Romero reconoce imprecisiones del exgobernador frente a la Ley 550. | P\u00e1gina10","isPartOf":{"@id":"https:\/\/pagina10.com\/web\/#website"},"primaryImageOfPage":{"@id":"https:\/\/pagina10.com\/web\/secretario-de-hacienda-de-romero-reconoce-imprecisiones-del-exgobernador-frente-a-la-ley-550\/#primaryimage"},"image":{"@id":"https:\/\/pagina10.com\/web\/secretario-de-hacienda-de-romero-reconoce-imprecisiones-del-exgobernador-frente-a-la-ley-550\/#primaryimage"},"thumbnailUrl":"https:\/\/pagina10.com\/web\/wp-content\/uploads\/2021\/03\/Captura-de-pantalla-130.png","datePublished":"2021-03-29T17:39:46+00:00","dateModified":"2021-03-29T19:09:24+00:00","breadcrumb":{"@id":"https:\/\/pagina10.com\/web\/secretario-de-hacienda-de-romero-reconoce-imprecisiones-del-exgobernador-frente-a-la-ley-550\/#breadcrumb"},"inLanguage":"es","potentialAction":[{"@type":"ReadAction","target":["https:\/\/pagina10.com\/web\/secretario-de-hacienda-de-romero-reconoce-imprecisiones-del-exgobernador-frente-a-la-ley-550\/"]}]},{"@type":"ImageObject","inLanguage":"es","@id":"https:\/\/pagina10.com\/web\/secretario-de-hacienda-de-romero-reconoce-imprecisiones-del-exgobernador-frente-a-la-ley-550\/#primaryimage","url":"https:\/\/pagina10.com\/web\/wp-content\/uploads\/2021\/03\/Captura-de-pantalla-130.png","contentUrl":"https:\/\/pagina10.com\/web\/wp-content\/uploads\/2021\/03\/Captura-de-pantalla-130.png","width":657,"height":351},{"@type":"BreadcrumbList","@id":"https:\/\/pagina10.com\/web\/secretario-de-hacienda-de-romero-reconoce-imprecisiones-del-exgobernador-frente-a-la-ley-550\/#breadcrumb","itemListElement":[{"@type":"ListItem","position":1,"name":"Portada","item":"https:\/\/pagina10.com\/web\/"},{"@type":"ListItem","position":2,"name":"Secretario de Hacienda de Romero reconoce imprecisiones del exgobernador frente a la Ley 550."}]},{"@type":"WebSite","@id":"https:\/\/pagina10.com\/web\/#website","url":"https:\/\/pagina10.com\/web\/","name":"P\u00e1gina10","description":"Peri\u00f3dico Regional","publisher":{"@id":"https:\/\/pagina10.com\/web\/#organization"},"alternateName":"P\u00e1gina10 Peri\u00f3dico Regional","potentialAction":[{"@type":"SearchAction","target":{"@type":"EntryPoint","urlTemplate":"https:\/\/pagina10.com\/web\/?s={search_term_string}"},"query-input":{"@type":"PropertyValueSpecification","valueRequired":true,"valueName":"search_term_string"}}],"inLanguage":"es"},{"@type":"Organization","@id":"https:\/\/pagina10.com\/web\/#organization","name":"P\u00e1gina10","alternateName":"P\u00e1gina10 Peri\u00f3dico Regional","url":"https:\/\/pagina10.com\/web\/","logo":{"@type":"ImageObject","inLanguage":"es","@id":"https:\/\/pagina10.com\/web\/#\/schema\/logo\/image\/","url":"https:\/\/pagina10.com\/web\/wp-content\/uploads\/2024\/01\/40-pagina-10-periodico-regional-pasto.jpg","contentUrl":"https:\/\/pagina10.com\/web\/wp-content\/uploads\/2024\/01\/40-pagina-10-periodico-regional-pasto.jpg","width":1280,"height":720,"caption":"P\u00e1gina10"},"image":{"@id":"https:\/\/pagina10.com\/web\/#\/schema\/logo\/image\/"},"sameAs":["https:\/\/www.facebook.com\/pag10com","https:\/\/x.com\/Pag10com","https:\/\/www.instagram.com\/pagina10col\/","https:\/\/youtube.com\/channel\/pag10","https:\/\/www.tiktok.com\/@p10col"]},{"@type":"Person","@id":"https:\/\/pagina10.com\/web\/#\/schema\/person\/2efc4a090d25b667d3bc796798a3a81b","name":"P\u00e1gina 10","description":"P\u00e1gina 10 es un peri\u00f3dico regional que nace en Colombia, en el departamento de Nari\u00f1o, con un enfoque global, fundamentado en cuatro pilares esenciales: la libertad, el pluralismo, la inclusi\u00f3n y la independencia. P\u00e1gina 10 hace referencia a Nari\u00f1o como el d\u00e9cimo departamento creado en Colombia, despu\u00e9s de un proceso pol\u00edtico liderado por actores y actrices regionales con el fin de obtener la independencia y autonom\u00eda de nuestros territorios. Con la creaci\u00f3n de P\u00e1gina 10 se pretende abrir un escenario para el dialogo, la reflexi\u00f3n y el debate que se extienda a otras geograf\u00edas de Am\u00e9rica Latina y del planeta, en una apuesta por transformar colectivamente los desaf\u00edos de un mundo contempor\u00e1neo, m\u00e1s all\u00e1 de las fronteras impuestas.","url":"https:\/\/pagina10.com\/web\/author\/pdiezadmin\/"}]}},"_links":{"self":[{"href":"https:\/\/pagina10.com\/web\/wp-json\/wp\/v2\/posts\/51444","targetHints":{"allow":["GET"]}}],"collection":[{"href":"https:\/\/pagina10.com\/web\/wp-json\/wp\/v2\/posts"}],"about":[{"href":"https:\/\/pagina10.com\/web\/wp-json\/wp\/v2\/types\/post"}],"author":[{"embeddable":true,"href":"https:\/\/pagina10.com\/web\/wp-json\/wp\/v2\/users\/1"}],"replies":[{"embeddable":true,"href":"https:\/\/pagina10.com\/web\/wp-json\/wp\/v2\/comments?post=51444"}],"version-history":[{"count":3,"href":"https:\/\/pagina10.com\/web\/wp-json\/wp\/v2\/posts\/51444\/revisions"}],"predecessor-version":[{"id":51460,"href":"https:\/\/pagina10.com\/web\/wp-json\/wp\/v2\/posts\/51444\/revisions\/51460"}],"wp:featuredmedia":[{"embeddable":true,"href":"https:\/\/pagina10.com\/web\/wp-json\/wp\/v2\/media\/51454"}],"wp:attachment":[{"href":"https:\/\/pagina10.com\/web\/wp-json\/wp\/v2\/media?parent=51444"}],"wp:term":[{"taxonomy":"category","embeddable":true,"href":"https:\/\/pagina10.com\/web\/wp-json\/wp\/v2\/categories?post=51444"},{"taxonomy":"post_tag","embeddable":true,"href":"https:\/\/pagina10.com\/web\/wp-json\/wp\/v2\/tags?post=51444"}],"curies":[{"name":"wp","href":"https:\/\/api.w.org\/{rel}","templated":true}]}}