{"id":51447,"date":"2021-03-29T12:47:38","date_gmt":"2021-03-29T17:47:38","guid":{"rendered":"https:\/\/pagina10.com\/web\/?p=51447"},"modified":"2021-03-29T12:47:38","modified_gmt":"2021-03-29T17:47:38","slug":"se-pone-en-funcionamiento-6-estaciones-de-alertamiento-para-las-comunidades-ubicadas-en-zona-de-amenaza-alta-por-erupcion-del-volcan-galeras","status":"publish","type":"post","link":"https:\/\/pagina10.com\/web\/se-pone-en-funcionamiento-6-estaciones-de-alertamiento-para-las-comunidades-ubicadas-en-zona-de-amenaza-alta-por-erupcion-del-volcan-galeras\/","title":{"rendered":"Se pone en funcionamiento 6 estaciones de alertamiento para las comunidades ubicadas en zona de amenaza alta por erupci\u00f3n del volc\u00e1n Galeras."},"content":{"rendered":"<p style=\"text-align: justify;\">La Gobernaci\u00f3n de Nari\u00f1o, a trav\u00e9s de la Direcci\u00f3n Administrativa de Gesti\u00f3n del Riesgo de Desastres, puso en funcionamiento 6 estaciones de un sistema de alertamiento masivo para las comunidades ubicadas en zona de amenaza alta por erupci\u00f3n del volc\u00e1n Galeras.<\/p>\n<p>\u201cLa Gobernaci\u00f3n de Nari\u00f1o ha realizado una inversi\u00f3n para poder ubicar 5 torres y desde la Alcald\u00eda del Municipio de Nari\u00f1o se han dispuesto recursos para una m\u00e1s. Estas torres son de \u00faltima tecnolog\u00eda,funcionan con paneles solares y se pueden activar desde la Oficina de Gesti\u00f3n del Riesgo Departamental y Municipal, en articulaci\u00f3n con el Sistema Geol\u00f3gico Colombiano, para alertar a la comunidad cuando el volc\u00e1n Galeras cambie de alerta\u201d, se\u00f1al\u00f3 el Director de Gesti\u00f3n del Riesgo de Desastres, Jader Gaviria.<\/p>\n<p>Estas 6 estaciones fueron ubicadas en el Municipio de Nari\u00f1o, corregimientos\u00a0 de Corrillo y Yunguillo y tienen un valor de $63.650.000. Este sistema novedoso se complementar\u00e1 con la elaboraci\u00f3n e implementaci\u00f3n de los planes comunitarios de emergencia, donde la comunidad establecer\u00e1 las acciones de respuesta inmediata en caso de presentarse un cambio en el nivel de actividad o erupci\u00f3n del volc\u00e1n Galeras.<\/p>\n","protected":false},"excerpt":{"rendered":"<p>La Gobernaci\u00f3n de Nari\u00f1o, a trav\u00e9s de la Direcci\u00f3n Administrativa de Gesti\u00f3n del Riesgo de Desastres, puso en funcionamiento 6 estaciones de un sistema de alertamiento masivo para las comunidades ubicadas en zona de amenaza alta por erupci\u00f3n del volc\u00e1n Galeras. \u201cLa Gobernaci\u00f3n de Nari\u00f1o ha realizado una inversi\u00f3n para poder ubicar 5 torres y [&hellip;]<\/p>\n","protected":false},"author":1,"featured_media":51448,"comment_status":"open","ping_status":"open","sticky":false,"template":"","format":"standard","meta":{"footnotes":""},"categories":[53],"tags":[],"class_list":["post-51447","post","type-post","status-publish","format-standard","has-post-thumbnail","hentry","category-regiones"],"yoast_head":"<!-- This site is optimized with the Yoast SEO plugin v27.1.1 - https:\/\/yoast.com\/product\/yoast-seo-wordpress\/ -->\n<title>Se pone en funcionamiento 6 estaciones de alertamiento para las comunidades ubicadas en zona de amenaza alta por erupci\u00f3n del volc\u00e1n Galeras. | P\u00e1gina10<\/title>\n<meta name=\"robots\" content=\"index, follow, max-snippet:-1, max-image-preview:large, max-video-preview:-1\" \/>\n<link rel=\"canonical\" href=\"https:\/\/pagina10.com\/web\/se-pone-en-funcionamiento-6-estaciones-de-alertamiento-para-las-comunidades-ubicadas-en-zona-de-amenaza-alta-por-erupcion-del-volcan-galeras\/\" \/>\n<meta property=\"og:locale\" content=\"es_ES\" \/>\n<meta property=\"og:type\" content=\"article\" \/>\n<meta property=\"og:title\" content=\"Se pone en funcionamiento 6 estaciones de alertamiento para las comunidades ubicadas en zona de amenaza alta por erupci\u00f3n del volc\u00e1n Galeras. | P\u00e1gina10\" \/>\n<meta property=\"og:description\" content=\"La Gobernaci\u00f3n de Nari\u00f1o, a trav\u00e9s de la Direcci\u00f3n Administrativa de Gesti\u00f3n del Riesgo de Desastres, puso en funcionamiento 6 estaciones de un sistema de alertamiento masivo para las comunidades ubicadas en zona de amenaza alta por erupci\u00f3n del volc\u00e1n Galeras. \u201cLa Gobernaci\u00f3n de Nari\u00f1o ha realizado una inversi\u00f3n para poder ubicar 5 torres y [&hellip;]\" \/>\n<meta property=\"og:url\" content=\"https:\/\/pagina10.com\/web\/se-pone-en-funcionamiento-6-estaciones-de-alertamiento-para-las-comunidades-ubicadas-en-zona-de-amenaza-alta-por-erupcion-del-volcan-galeras\/\" \/>\n<meta property=\"og:site_name\" content=\"P\u00e1gina10\" \/>\n<meta property=\"article:publisher\" content=\"https:\/\/www.facebook.com\/pag10com\" \/>\n<meta property=\"article:published_time\" content=\"2021-03-29T17:47:38+00:00\" \/>\n<meta property=\"og:image\" content=\"https:\/\/pagina10.com\/web\/wp-content\/uploads\/2021\/03\/Captura-de-pantalla-128.png\" \/>\n\t<meta property=\"og:image:width\" content=\"786\" \/>\n\t<meta property=\"og:image:height\" content=\"467\" \/>\n\t<meta property=\"og:image:type\" content=\"image\/png\" \/>\n<meta name=\"author\" content=\"P\u00e1gina 10\" \/>\n<meta name=\"twitter:card\" content=\"summary_large_image\" \/>\n<meta name=\"twitter:creator\" content=\"@Pag10com\" \/>\n<meta name=\"twitter:site\" content=\"@Pag10com\" \/>\n<meta name=\"twitter:label1\" content=\"Escrito por\" \/>\n\t<meta name=\"twitter:data1\" content=\"P\u00e1gina 10\" \/>\n\t<meta name=\"twitter:label2\" content=\"Tiempo de lectura\" \/>\n\t<meta name=\"twitter:data2\" content=\"1 minuto\" \/>\n<script type=\"application\/ld+json\" class=\"yoast-schema-graph\">{\"@context\":\"https:\/\/schema.org\",\"@graph\":[{\"@type\":\"Article\",\"@id\":\"https:\/\/pagina10.com\/web\/se-pone-en-funcionamiento-6-estaciones-de-alertamiento-para-las-comunidades-ubicadas-en-zona-de-amenaza-alta-por-erupcion-del-volcan-galeras\/#article\",\"isPartOf\":{\"@id\":\"https:\/\/pagina10.com\/web\/se-pone-en-funcionamiento-6-estaciones-de-alertamiento-para-las-comunidades-ubicadas-en-zona-de-amenaza-alta-por-erupcion-del-volcan-galeras\/\"},\"author\":{\"name\":\"P\u00e1gina 10\",\"@id\":\"https:\/\/pagina10.com\/web\/#\/schema\/person\/2efc4a090d25b667d3bc796798a3a81b\"},\"headline\":\"Se pone en funcionamiento 6 estaciones de alertamiento para las comunidades ubicadas en zona de amenaza alta por erupci\u00f3n del volc\u00e1n Galeras.\",\"datePublished\":\"2021-03-29T17:47:38+00:00\",\"mainEntityOfPage\":{\"@id\":\"https:\/\/pagina10.com\/web\/se-pone-en-funcionamiento-6-estaciones-de-alertamiento-para-las-comunidades-ubicadas-en-zona-de-amenaza-alta-por-erupcion-del-volcan-galeras\/\"},\"wordCount\":229,\"commentCount\":0,\"publisher\":{\"@id\":\"https:\/\/pagina10.com\/web\/#organization\"},\"image\":{\"@id\":\"https:\/\/pagina10.com\/web\/se-pone-en-funcionamiento-6-estaciones-de-alertamiento-para-las-comunidades-ubicadas-en-zona-de-amenaza-alta-por-erupcion-del-volcan-galeras\/#primaryimage\"},\"thumbnailUrl\":\"https:\/\/pagina10.com\/web\/wp-content\/uploads\/2021\/03\/Captura-de-pantalla-128.png\",\"articleSection\":[\"Regiones\"],\"inLanguage\":\"es\",\"potentialAction\":[{\"@type\":\"CommentAction\",\"name\":\"Comment\",\"target\":[\"https:\/\/pagina10.com\/web\/se-pone-en-funcionamiento-6-estaciones-de-alertamiento-para-las-comunidades-ubicadas-en-zona-de-amenaza-alta-por-erupcion-del-volcan-galeras\/#respond\"]}]},{\"@type\":\"WebPage\",\"@id\":\"https:\/\/pagina10.com\/web\/se-pone-en-funcionamiento-6-estaciones-de-alertamiento-para-las-comunidades-ubicadas-en-zona-de-amenaza-alta-por-erupcion-del-volcan-galeras\/\",\"url\":\"https:\/\/pagina10.com\/web\/se-pone-en-funcionamiento-6-estaciones-de-alertamiento-para-las-comunidades-ubicadas-en-zona-de-amenaza-alta-por-erupcion-del-volcan-galeras\/\",\"name\":\"Se pone en funcionamiento 6 estaciones de alertamiento para las comunidades ubicadas en zona de amenaza alta por erupci\u00f3n del volc\u00e1n Galeras. | P\u00e1gina10\",\"isPartOf\":{\"@id\":\"https:\/\/pagina10.com\/web\/#website\"},\"primaryImageOfPage\":{\"@id\":\"https:\/\/pagina10.com\/web\/se-pone-en-funcionamiento-6-estaciones-de-alertamiento-para-las-comunidades-ubicadas-en-zona-de-amenaza-alta-por-erupcion-del-volcan-galeras\/#primaryimage\"},\"image\":{\"@id\":\"https:\/\/pagina10.com\/web\/se-pone-en-funcionamiento-6-estaciones-de-alertamiento-para-las-comunidades-ubicadas-en-zona-de-amenaza-alta-por-erupcion-del-volcan-galeras\/#primaryimage\"},\"thumbnailUrl\":\"https:\/\/pagina10.com\/web\/wp-content\/uploads\/2021\/03\/Captura-de-pantalla-128.png\",\"datePublished\":\"2021-03-29T17:47:38+00:00\",\"breadcrumb\":{\"@id\":\"https:\/\/pagina10.com\/web\/se-pone-en-funcionamiento-6-estaciones-de-alertamiento-para-las-comunidades-ubicadas-en-zona-de-amenaza-alta-por-erupcion-del-volcan-galeras\/#breadcrumb\"},\"inLanguage\":\"es\",\"potentialAction\":[{\"@type\":\"ReadAction\",\"target\":[\"https:\/\/pagina10.com\/web\/se-pone-en-funcionamiento-6-estaciones-de-alertamiento-para-las-comunidades-ubicadas-en-zona-de-amenaza-alta-por-erupcion-del-volcan-galeras\/\"]}]},{\"@type\":\"ImageObject\",\"inLanguage\":\"es\",\"@id\":\"https:\/\/pagina10.com\/web\/se-pone-en-funcionamiento-6-estaciones-de-alertamiento-para-las-comunidades-ubicadas-en-zona-de-amenaza-alta-por-erupcion-del-volcan-galeras\/#primaryimage\",\"url\":\"https:\/\/pagina10.com\/web\/wp-content\/uploads\/2021\/03\/Captura-de-pantalla-128.png\",\"contentUrl\":\"https:\/\/pagina10.com\/web\/wp-content\/uploads\/2021\/03\/Captura-de-pantalla-128.png\",\"width\":786,\"height\":467},{\"@type\":\"BreadcrumbList\",\"@id\":\"https:\/\/pagina10.com\/web\/se-pone-en-funcionamiento-6-estaciones-de-alertamiento-para-las-comunidades-ubicadas-en-zona-de-amenaza-alta-por-erupcion-del-volcan-galeras\/#breadcrumb\",\"itemListElement\":[{\"@type\":\"ListItem\",\"position\":1,\"name\":\"Portada\",\"item\":\"https:\/\/pagina10.com\/web\/\"},{\"@type\":\"ListItem\",\"position\":2,\"name\":\"Se pone en funcionamiento 6 estaciones de alertamiento para las comunidades ubicadas en zona de amenaza alta por erupci\u00f3n del volc\u00e1n Galeras.\"}]},{\"@type\":\"WebSite\",\"@id\":\"https:\/\/pagina10.com\/web\/#website\",\"url\":\"https:\/\/pagina10.com\/web\/\",\"name\":\"P\u00e1gina10\",\"description\":\"Peri\u00f3dico Regional\",\"publisher\":{\"@id\":\"https:\/\/pagina10.com\/web\/#organization\"},\"alternateName\":\"P\u00e1gina10 Peri\u00f3dico Regional\",\"potentialAction\":[{\"@type\":\"SearchAction\",\"target\":{\"@type\":\"EntryPoint\",\"urlTemplate\":\"https:\/\/pagina10.com\/web\/?s={search_term_string}\"},\"query-input\":{\"@type\":\"PropertyValueSpecification\",\"valueRequired\":true,\"valueName\":\"search_term_string\"}}],\"inLanguage\":\"es\"},{\"@type\":\"Organization\",\"@id\":\"https:\/\/pagina10.com\/web\/#organization\",\"name\":\"P\u00e1gina10\",\"alternateName\":\"P\u00e1gina10 Peri\u00f3dico Regional\",\"url\":\"https:\/\/pagina10.com\/web\/\",\"logo\":{\"@type\":\"ImageObject\",\"inLanguage\":\"es\",\"@id\":\"https:\/\/pagina10.com\/web\/#\/schema\/logo\/image\/\",\"url\":\"https:\/\/pagina10.com\/web\/wp-content\/uploads\/2024\/01\/40-pagina-10-periodico-regional-pasto.jpg\",\"contentUrl\":\"https:\/\/pagina10.com\/web\/wp-content\/uploads\/2024\/01\/40-pagina-10-periodico-regional-pasto.jpg\",\"width\":1280,\"height\":720,\"caption\":\"P\u00e1gina10\"},\"image\":{\"@id\":\"https:\/\/pagina10.com\/web\/#\/schema\/logo\/image\/\"},\"sameAs\":[\"https:\/\/www.facebook.com\/pag10com\",\"https:\/\/x.com\/Pag10com\",\"https:\/\/www.instagram.com\/pagina10col\/\",\"https:\/\/youtube.com\/channel\/pag10\",\"https:\/\/www.tiktok.com\/@p10col\"]},{\"@type\":\"Person\",\"@id\":\"https:\/\/pagina10.com\/web\/#\/schema\/person\/2efc4a090d25b667d3bc796798a3a81b\",\"name\":\"P\u00e1gina 10\",\"description\":\"P\u00e1gina 10 es un peri\u00f3dico regional que nace en Colombia, en el departamento de Nari\u00f1o, con un enfoque global, fundamentado en cuatro pilares esenciales: la libertad, el pluralismo, la inclusi\u00f3n y la independencia. P\u00e1gina 10 hace referencia a Nari\u00f1o como el d\u00e9cimo departamento creado en Colombia, despu\u00e9s de un proceso pol\u00edtico liderado por actores y actrices regionales con el fin de obtener la independencia y autonom\u00eda de nuestros territorios. Con la creaci\u00f3n de P\u00e1gina 10 se pretende abrir un escenario para el dialogo, la reflexi\u00f3n y el debate que se extienda a otras geograf\u00edas de Am\u00e9rica Latina y del planeta, en una apuesta por transformar colectivamente los desaf\u00edos de un mundo contempor\u00e1neo, m\u00e1s all\u00e1 de las fronteras impuestas.\",\"url\":\"https:\/\/pagina10.com\/web\/author\/pdiezadmin\/\"}]}<\/script>\n<!-- \/ Yoast SEO plugin. -->","yoast_head_json":{"title":"Se pone en funcionamiento 6 estaciones de alertamiento para las comunidades ubicadas en zona de amenaza alta por erupci\u00f3n del volc\u00e1n Galeras. | P\u00e1gina10","robots":{"index":"index","follow":"follow","max-snippet":"max-snippet:-1","max-image-preview":"max-image-preview:large","max-video-preview":"max-video-preview:-1"},"canonical":"https:\/\/pagina10.com\/web\/se-pone-en-funcionamiento-6-estaciones-de-alertamiento-para-las-comunidades-ubicadas-en-zona-de-amenaza-alta-por-erupcion-del-volcan-galeras\/","og_locale":"es_ES","og_type":"article","og_title":"Se pone en funcionamiento 6 estaciones de alertamiento para las comunidades ubicadas en zona de amenaza alta por erupci\u00f3n del volc\u00e1n Galeras. | P\u00e1gina10","og_description":"La Gobernaci\u00f3n de Nari\u00f1o, a trav\u00e9s de la Direcci\u00f3n Administrativa de Gesti\u00f3n del Riesgo de Desastres, puso en funcionamiento 6 estaciones de un sistema de alertamiento masivo para las comunidades ubicadas en zona de amenaza alta por erupci\u00f3n del volc\u00e1n Galeras. \u201cLa Gobernaci\u00f3n de Nari\u00f1o ha realizado una inversi\u00f3n para poder ubicar 5 torres y [&hellip;]","og_url":"https:\/\/pagina10.com\/web\/se-pone-en-funcionamiento-6-estaciones-de-alertamiento-para-las-comunidades-ubicadas-en-zona-de-amenaza-alta-por-erupcion-del-volcan-galeras\/","og_site_name":"P\u00e1gina10","article_publisher":"https:\/\/www.facebook.com\/pag10com","article_published_time":"2021-03-29T17:47:38+00:00","og_image":[{"width":786,"height":467,"url":"https:\/\/pagina10.com\/web\/wp-content\/uploads\/2021\/03\/Captura-de-pantalla-128.png","type":"image\/png"}],"author":"P\u00e1gina 10","twitter_card":"summary_large_image","twitter_creator":"@Pag10com","twitter_site":"@Pag10com","twitter_misc":{"Escrito por":"P\u00e1gina 10","Tiempo de lectura":"1 minuto"},"schema":{"@context":"https:\/\/schema.org","@graph":[{"@type":"Article","@id":"https:\/\/pagina10.com\/web\/se-pone-en-funcionamiento-6-estaciones-de-alertamiento-para-las-comunidades-ubicadas-en-zona-de-amenaza-alta-por-erupcion-del-volcan-galeras\/#article","isPartOf":{"@id":"https:\/\/pagina10.com\/web\/se-pone-en-funcionamiento-6-estaciones-de-alertamiento-para-las-comunidades-ubicadas-en-zona-de-amenaza-alta-por-erupcion-del-volcan-galeras\/"},"author":{"name":"P\u00e1gina 10","@id":"https:\/\/pagina10.com\/web\/#\/schema\/person\/2efc4a090d25b667d3bc796798a3a81b"},"headline":"Se pone en funcionamiento 6 estaciones de alertamiento para las comunidades ubicadas en zona de amenaza alta por erupci\u00f3n del volc\u00e1n Galeras.","datePublished":"2021-03-29T17:47:38+00:00","mainEntityOfPage":{"@id":"https:\/\/pagina10.com\/web\/se-pone-en-funcionamiento-6-estaciones-de-alertamiento-para-las-comunidades-ubicadas-en-zona-de-amenaza-alta-por-erupcion-del-volcan-galeras\/"},"wordCount":229,"commentCount":0,"publisher":{"@id":"https:\/\/pagina10.com\/web\/#organization"},"image":{"@id":"https:\/\/pagina10.com\/web\/se-pone-en-funcionamiento-6-estaciones-de-alertamiento-para-las-comunidades-ubicadas-en-zona-de-amenaza-alta-por-erupcion-del-volcan-galeras\/#primaryimage"},"thumbnailUrl":"https:\/\/pagina10.com\/web\/wp-content\/uploads\/2021\/03\/Captura-de-pantalla-128.png","articleSection":["Regiones"],"inLanguage":"es","potentialAction":[{"@type":"CommentAction","name":"Comment","target":["https:\/\/pagina10.com\/web\/se-pone-en-funcionamiento-6-estaciones-de-alertamiento-para-las-comunidades-ubicadas-en-zona-de-amenaza-alta-por-erupcion-del-volcan-galeras\/#respond"]}]},{"@type":"WebPage","@id":"https:\/\/pagina10.com\/web\/se-pone-en-funcionamiento-6-estaciones-de-alertamiento-para-las-comunidades-ubicadas-en-zona-de-amenaza-alta-por-erupcion-del-volcan-galeras\/","url":"https:\/\/pagina10.com\/web\/se-pone-en-funcionamiento-6-estaciones-de-alertamiento-para-las-comunidades-ubicadas-en-zona-de-amenaza-alta-por-erupcion-del-volcan-galeras\/","name":"Se pone en funcionamiento 6 estaciones de alertamiento para las comunidades ubicadas en zona de amenaza alta por erupci\u00f3n del volc\u00e1n Galeras. | P\u00e1gina10","isPartOf":{"@id":"https:\/\/pagina10.com\/web\/#website"},"primaryImageOfPage":{"@id":"https:\/\/pagina10.com\/web\/se-pone-en-funcionamiento-6-estaciones-de-alertamiento-para-las-comunidades-ubicadas-en-zona-de-amenaza-alta-por-erupcion-del-volcan-galeras\/#primaryimage"},"image":{"@id":"https:\/\/pagina10.com\/web\/se-pone-en-funcionamiento-6-estaciones-de-alertamiento-para-las-comunidades-ubicadas-en-zona-de-amenaza-alta-por-erupcion-del-volcan-galeras\/#primaryimage"},"thumbnailUrl":"https:\/\/pagina10.com\/web\/wp-content\/uploads\/2021\/03\/Captura-de-pantalla-128.png","datePublished":"2021-03-29T17:47:38+00:00","breadcrumb":{"@id":"https:\/\/pagina10.com\/web\/se-pone-en-funcionamiento-6-estaciones-de-alertamiento-para-las-comunidades-ubicadas-en-zona-de-amenaza-alta-por-erupcion-del-volcan-galeras\/#breadcrumb"},"inLanguage":"es","potentialAction":[{"@type":"ReadAction","target":["https:\/\/pagina10.com\/web\/se-pone-en-funcionamiento-6-estaciones-de-alertamiento-para-las-comunidades-ubicadas-en-zona-de-amenaza-alta-por-erupcion-del-volcan-galeras\/"]}]},{"@type":"ImageObject","inLanguage":"es","@id":"https:\/\/pagina10.com\/web\/se-pone-en-funcionamiento-6-estaciones-de-alertamiento-para-las-comunidades-ubicadas-en-zona-de-amenaza-alta-por-erupcion-del-volcan-galeras\/#primaryimage","url":"https:\/\/pagina10.com\/web\/wp-content\/uploads\/2021\/03\/Captura-de-pantalla-128.png","contentUrl":"https:\/\/pagina10.com\/web\/wp-content\/uploads\/2021\/03\/Captura-de-pantalla-128.png","width":786,"height":467},{"@type":"BreadcrumbList","@id":"https:\/\/pagina10.com\/web\/se-pone-en-funcionamiento-6-estaciones-de-alertamiento-para-las-comunidades-ubicadas-en-zona-de-amenaza-alta-por-erupcion-del-volcan-galeras\/#breadcrumb","itemListElement":[{"@type":"ListItem","position":1,"name":"Portada","item":"https:\/\/pagina10.com\/web\/"},{"@type":"ListItem","position":2,"name":"Se pone en funcionamiento 6 estaciones de alertamiento para las comunidades ubicadas en zona de amenaza alta por erupci\u00f3n del volc\u00e1n Galeras."}]},{"@type":"WebSite","@id":"https:\/\/pagina10.com\/web\/#website","url":"https:\/\/pagina10.com\/web\/","name":"P\u00e1gina10","description":"Peri\u00f3dico Regional","publisher":{"@id":"https:\/\/pagina10.com\/web\/#organization"},"alternateName":"P\u00e1gina10 Peri\u00f3dico Regional","potentialAction":[{"@type":"SearchAction","target":{"@type":"EntryPoint","urlTemplate":"https:\/\/pagina10.com\/web\/?s={search_term_string}"},"query-input":{"@type":"PropertyValueSpecification","valueRequired":true,"valueName":"search_term_string"}}],"inLanguage":"es"},{"@type":"Organization","@id":"https:\/\/pagina10.com\/web\/#organization","name":"P\u00e1gina10","alternateName":"P\u00e1gina10 Peri\u00f3dico Regional","url":"https:\/\/pagina10.com\/web\/","logo":{"@type":"ImageObject","inLanguage":"es","@id":"https:\/\/pagina10.com\/web\/#\/schema\/logo\/image\/","url":"https:\/\/pagina10.com\/web\/wp-content\/uploads\/2024\/01\/40-pagina-10-periodico-regional-pasto.jpg","contentUrl":"https:\/\/pagina10.com\/web\/wp-content\/uploads\/2024\/01\/40-pagina-10-periodico-regional-pasto.jpg","width":1280,"height":720,"caption":"P\u00e1gina10"},"image":{"@id":"https:\/\/pagina10.com\/web\/#\/schema\/logo\/image\/"},"sameAs":["https:\/\/www.facebook.com\/pag10com","https:\/\/x.com\/Pag10com","https:\/\/www.instagram.com\/pagina10col\/","https:\/\/youtube.com\/channel\/pag10","https:\/\/www.tiktok.com\/@p10col"]},{"@type":"Person","@id":"https:\/\/pagina10.com\/web\/#\/schema\/person\/2efc4a090d25b667d3bc796798a3a81b","name":"P\u00e1gina 10","description":"P\u00e1gina 10 es un peri\u00f3dico regional que nace en Colombia, en el departamento de Nari\u00f1o, con un enfoque global, fundamentado en cuatro pilares esenciales: la libertad, el pluralismo, la inclusi\u00f3n y la independencia. P\u00e1gina 10 hace referencia a Nari\u00f1o como el d\u00e9cimo departamento creado en Colombia, despu\u00e9s de un proceso pol\u00edtico liderado por actores y actrices regionales con el fin de obtener la independencia y autonom\u00eda de nuestros territorios. Con la creaci\u00f3n de P\u00e1gina 10 se pretende abrir un escenario para el dialogo, la reflexi\u00f3n y el debate que se extienda a otras geograf\u00edas de Am\u00e9rica Latina y del planeta, en una apuesta por transformar colectivamente los desaf\u00edos de un mundo contempor\u00e1neo, m\u00e1s all\u00e1 de las fronteras impuestas.","url":"https:\/\/pagina10.com\/web\/author\/pdiezadmin\/"}]}},"_links":{"self":[{"href":"https:\/\/pagina10.com\/web\/wp-json\/wp\/v2\/posts\/51447","targetHints":{"allow":["GET"]}}],"collection":[{"href":"https:\/\/pagina10.com\/web\/wp-json\/wp\/v2\/posts"}],"about":[{"href":"https:\/\/pagina10.com\/web\/wp-json\/wp\/v2\/types\/post"}],"author":[{"embeddable":true,"href":"https:\/\/pagina10.com\/web\/wp-json\/wp\/v2\/users\/1"}],"replies":[{"embeddable":true,"href":"https:\/\/pagina10.com\/web\/wp-json\/wp\/v2\/comments?post=51447"}],"version-history":[{"count":1,"href":"https:\/\/pagina10.com\/web\/wp-json\/wp\/v2\/posts\/51447\/revisions"}],"predecessor-version":[{"id":51449,"href":"https:\/\/pagina10.com\/web\/wp-json\/wp\/v2\/posts\/51447\/revisions\/51449"}],"wp:featuredmedia":[{"embeddable":true,"href":"https:\/\/pagina10.com\/web\/wp-json\/wp\/v2\/media\/51448"}],"wp:attachment":[{"href":"https:\/\/pagina10.com\/web\/wp-json\/wp\/v2\/media?parent=51447"}],"wp:term":[{"taxonomy":"category","embeddable":true,"href":"https:\/\/pagina10.com\/web\/wp-json\/wp\/v2\/categories?post=51447"},{"taxonomy":"post_tag","embeddable":true,"href":"https:\/\/pagina10.com\/web\/wp-json\/wp\/v2\/tags?post=51447"}],"curies":[{"name":"wp","href":"https:\/\/api.w.org\/{rel}","templated":true}]}}