{"id":51463,"date":"2021-03-30T09:09:37","date_gmt":"2021-03-30T14:09:37","guid":{"rendered":"https:\/\/pagina10.com\/web\/?p=51463"},"modified":"2021-03-30T09:09:37","modified_gmt":"2021-03-30T14:09:37","slug":"departamento-y-municipios-trabajan-para-habilitacion-de-vias-afectadas-por-lluvias-en-narino","status":"publish","type":"post","link":"https:\/\/pagina10.com\/web\/departamento-y-municipios-trabajan-para-habilitacion-de-vias-afectadas-por-lluvias-en-narino\/","title":{"rendered":"Departamento y municipios trabajan para habilitaci\u00f3n de v\u00edas afectadas por lluvias en Nari\u00f1o."},"content":{"rendered":"<div class=\"gs\">\n<div class=\"\">\n<div id=\":n4\" class=\"ii gt\">\n<div id=\":n5\" class=\"a3s aiL \">\n<div class=\"gmail_quote\">\n<div dir=\"ltr\">M\u00e1s de 45 municipios del Departamento afectados en su infraestructura y transitabilidad por ola invernal en Nari\u00f1o. Gobernaci\u00f3n prepara convocatoria por 10 mil millones para que alcaldes puedan presentar proyectos de infraestructura vial.<\/p>\n<p>El Secretario de Infraestructura de Nari\u00f1o, Mario Enr\u00edquez Chenas, indic\u00f3 que algunas acciones requieren trabajo a mediano plazo como las afectaciones por p\u00e9rdida de la banca en algunas v\u00edas estrat\u00e9gicas; es por esto, que la Administraci\u00f3n Departamental est\u00e1 organizando una convocatoria para que los municipios participen y presenten sus proyectos para acceder a recursos del Sistema General de Regal\u00edas que superan los 10 mil millones de pesos que permitir\u00e1n atender estas emergencias viales.<\/p>\n<p>Dentro de las v\u00edas de Nari\u00f1o con mayores afectaciones a la fecha se encuentran:<\/p>\n<p>\u2022 En el norte:<\/p>\n<div style=\"text-align: justify;\">\n&#8211; El tramo que inicia desde El Empate hacia San Jos\u00e9 presenta riesgo de p\u00e9rdida de banca. Se han realizado inversiones en una consultor\u00eda, con una inversi\u00f3n de m\u00e1s de 90 millones de pesos.<br \/>\n&#8211; San Bernardo &#8211; La Cruz. Se reporta riesgo de p\u00e9rdida de banca. Se espera que las alcald\u00edas se presenten a esta convocatoria para incluir los puntos afectados.<br \/>\n&#8211; El Tabl\u00f3n y Las Mesas. Se presentan varios puntos con p\u00e9rdida parcial de la banca.<br \/>\n\u2022 En el Occidente:<br \/>\n\uf0fc El Tambo y Los Andes Sotomayor. Afectaciones en v\u00edas terciarias con intervenci\u00f3n de maquinaria de la Gobernaci\u00f3n.<br \/>\n&#8211; V\u00eda Sandon\u00e1 \u2013 Puente M\u00e9xico. P\u00e9rdida parcial de banca. Se est\u00e1 trabajando en la realizaci\u00f3n de estudios para construir un muro de contenci\u00f3n de aproximadamente 20 metros.<br \/>\n\u2022 En el Sur:<br \/>\n&#8211; V\u00eda Funes \u2013 conexi\u00f3n con Panamericana. Afectaciones en 3 puntos que requieren obras de contenci\u00f3n.<br \/>\nPotos\u00ed. En v\u00edas secundarias y terciarias reporta la necesidad de dos obras de contenci\u00f3n.<\/p>\n<p>La maquinaria \u00a0del Departamento de Nari\u00f1o en coordinaci\u00f3n con \u00a0los municipios, se encuentra trabajando en distintos frentes para habilitar las v\u00edas afectadas.<\/p><\/div>\n<\/div>\n<\/div>\n<\/div>\n<\/div>\n<\/div>\n<\/div>\n","protected":false},"excerpt":{"rendered":"<p>M\u00e1s de 45 municipios del Departamento afectados en su infraestructura y transitabilidad por ola invernal en Nari\u00f1o. Gobernaci\u00f3n prepara convocatoria por 10 mil millones para que alcaldes puedan presentar proyectos de infraestructura vial. El Secretario de Infraestructura de Nari\u00f1o, Mario Enr\u00edquez Chenas, indic\u00f3 que algunas acciones requieren trabajo a mediano plazo como las afectaciones por [&hellip;]<\/p>\n","protected":false},"author":1,"featured_media":51464,"comment_status":"open","ping_status":"open","sticky":false,"template":"","format":"standard","meta":{"footnotes":""},"categories":[53],"tags":[],"class_list":["post-51463","post","type-post","status-publish","format-standard","has-post-thumbnail","hentry","category-regiones"],"yoast_head":"<!-- This site is optimized with the Yoast SEO plugin v27.1.1 - https:\/\/yoast.com\/product\/yoast-seo-wordpress\/ -->\n<title>Departamento y municipios trabajan para habilitaci\u00f3n de v\u00edas afectadas por lluvias en Nari\u00f1o. | P\u00e1gina10<\/title>\n<meta name=\"robots\" content=\"index, follow, max-snippet:-1, max-image-preview:large, max-video-preview:-1\" \/>\n<link rel=\"canonical\" href=\"https:\/\/pagina10.com\/web\/departamento-y-municipios-trabajan-para-habilitacion-de-vias-afectadas-por-lluvias-en-narino\/\" \/>\n<meta property=\"og:locale\" content=\"es_ES\" \/>\n<meta property=\"og:type\" content=\"article\" \/>\n<meta property=\"og:title\" content=\"Departamento y municipios trabajan para habilitaci\u00f3n de v\u00edas afectadas por lluvias en Nari\u00f1o. | P\u00e1gina10\" \/>\n<meta property=\"og:description\" content=\"M\u00e1s de 45 municipios del Departamento afectados en su infraestructura y transitabilidad por ola invernal en Nari\u00f1o. Gobernaci\u00f3n prepara convocatoria por 10 mil millones para que alcaldes puedan presentar proyectos de infraestructura vial. El Secretario de Infraestructura de Nari\u00f1o, Mario Enr\u00edquez Chenas, indic\u00f3 que algunas acciones requieren trabajo a mediano plazo como las afectaciones por [&hellip;]\" \/>\n<meta property=\"og:url\" content=\"https:\/\/pagina10.com\/web\/departamento-y-municipios-trabajan-para-habilitacion-de-vias-afectadas-por-lluvias-en-narino\/\" \/>\n<meta property=\"og:site_name\" content=\"P\u00e1gina10\" \/>\n<meta property=\"article:publisher\" content=\"https:\/\/www.facebook.com\/pag10com\" \/>\n<meta property=\"article:published_time\" content=\"2021-03-30T14:09:37+00:00\" \/>\n<meta property=\"og:image\" content=\"https:\/\/pagina10.com\/web\/wp-content\/uploads\/2021\/03\/road-5089188_1920-980x657-1.jpg\" \/>\n\t<meta property=\"og:image:width\" content=\"980\" \/>\n\t<meta property=\"og:image:height\" content=\"657\" \/>\n\t<meta property=\"og:image:type\" content=\"image\/jpeg\" \/>\n<meta name=\"author\" content=\"P\u00e1gina 10\" \/>\n<meta name=\"twitter:card\" content=\"summary_large_image\" \/>\n<meta name=\"twitter:creator\" content=\"@Pag10com\" \/>\n<meta name=\"twitter:site\" content=\"@Pag10com\" \/>\n<meta name=\"twitter:label1\" content=\"Escrito por\" \/>\n\t<meta name=\"twitter:data1\" content=\"P\u00e1gina 10\" \/>\n\t<meta name=\"twitter:label2\" content=\"Tiempo de lectura\" \/>\n\t<meta name=\"twitter:data2\" content=\"2 minutos\" \/>\n<script type=\"application\/ld+json\" class=\"yoast-schema-graph\">{\"@context\":\"https:\/\/schema.org\",\"@graph\":[{\"@type\":\"Article\",\"@id\":\"https:\/\/pagina10.com\/web\/departamento-y-municipios-trabajan-para-habilitacion-de-vias-afectadas-por-lluvias-en-narino\/#article\",\"isPartOf\":{\"@id\":\"https:\/\/pagina10.com\/web\/departamento-y-municipios-trabajan-para-habilitacion-de-vias-afectadas-por-lluvias-en-narino\/\"},\"author\":{\"name\":\"P\u00e1gina 10\",\"@id\":\"https:\/\/pagina10.com\/web\/#\/schema\/person\/2efc4a090d25b667d3bc796798a3a81b\"},\"headline\":\"Departamento y municipios trabajan para habilitaci\u00f3n de v\u00edas afectadas por lluvias en Nari\u00f1o.\",\"datePublished\":\"2021-03-30T14:09:37+00:00\",\"mainEntityOfPage\":{\"@id\":\"https:\/\/pagina10.com\/web\/departamento-y-municipios-trabajan-para-habilitacion-de-vias-afectadas-por-lluvias-en-narino\/\"},\"wordCount\":349,\"commentCount\":0,\"publisher\":{\"@id\":\"https:\/\/pagina10.com\/web\/#organization\"},\"image\":{\"@id\":\"https:\/\/pagina10.com\/web\/departamento-y-municipios-trabajan-para-habilitacion-de-vias-afectadas-por-lluvias-en-narino\/#primaryimage\"},\"thumbnailUrl\":\"https:\/\/pagina10.com\/web\/wp-content\/uploads\/2021\/03\/road-5089188_1920-980x657-1.jpg\",\"articleSection\":[\"Regiones\"],\"inLanguage\":\"es\",\"potentialAction\":[{\"@type\":\"CommentAction\",\"name\":\"Comment\",\"target\":[\"https:\/\/pagina10.com\/web\/departamento-y-municipios-trabajan-para-habilitacion-de-vias-afectadas-por-lluvias-en-narino\/#respond\"]}]},{\"@type\":\"WebPage\",\"@id\":\"https:\/\/pagina10.com\/web\/departamento-y-municipios-trabajan-para-habilitacion-de-vias-afectadas-por-lluvias-en-narino\/\",\"url\":\"https:\/\/pagina10.com\/web\/departamento-y-municipios-trabajan-para-habilitacion-de-vias-afectadas-por-lluvias-en-narino\/\",\"name\":\"Departamento y municipios trabajan para habilitaci\u00f3n de v\u00edas afectadas por lluvias en Nari\u00f1o. | P\u00e1gina10\",\"isPartOf\":{\"@id\":\"https:\/\/pagina10.com\/web\/#website\"},\"primaryImageOfPage\":{\"@id\":\"https:\/\/pagina10.com\/web\/departamento-y-municipios-trabajan-para-habilitacion-de-vias-afectadas-por-lluvias-en-narino\/#primaryimage\"},\"image\":{\"@id\":\"https:\/\/pagina10.com\/web\/departamento-y-municipios-trabajan-para-habilitacion-de-vias-afectadas-por-lluvias-en-narino\/#primaryimage\"},\"thumbnailUrl\":\"https:\/\/pagina10.com\/web\/wp-content\/uploads\/2021\/03\/road-5089188_1920-980x657-1.jpg\",\"datePublished\":\"2021-03-30T14:09:37+00:00\",\"breadcrumb\":{\"@id\":\"https:\/\/pagina10.com\/web\/departamento-y-municipios-trabajan-para-habilitacion-de-vias-afectadas-por-lluvias-en-narino\/#breadcrumb\"},\"inLanguage\":\"es\",\"potentialAction\":[{\"@type\":\"ReadAction\",\"target\":[\"https:\/\/pagina10.com\/web\/departamento-y-municipios-trabajan-para-habilitacion-de-vias-afectadas-por-lluvias-en-narino\/\"]}]},{\"@type\":\"ImageObject\",\"inLanguage\":\"es\",\"@id\":\"https:\/\/pagina10.com\/web\/departamento-y-municipios-trabajan-para-habilitacion-de-vias-afectadas-por-lluvias-en-narino\/#primaryimage\",\"url\":\"https:\/\/pagina10.com\/web\/wp-content\/uploads\/2021\/03\/road-5089188_1920-980x657-1.jpg\",\"contentUrl\":\"https:\/\/pagina10.com\/web\/wp-content\/uploads\/2021\/03\/road-5089188_1920-980x657-1.jpg\",\"width\":980,\"height\":657},{\"@type\":\"BreadcrumbList\",\"@id\":\"https:\/\/pagina10.com\/web\/departamento-y-municipios-trabajan-para-habilitacion-de-vias-afectadas-por-lluvias-en-narino\/#breadcrumb\",\"itemListElement\":[{\"@type\":\"ListItem\",\"position\":1,\"name\":\"Portada\",\"item\":\"https:\/\/pagina10.com\/web\/\"},{\"@type\":\"ListItem\",\"position\":2,\"name\":\"Departamento y municipios trabajan para habilitaci\u00f3n de v\u00edas afectadas por lluvias en Nari\u00f1o.\"}]},{\"@type\":\"WebSite\",\"@id\":\"https:\/\/pagina10.com\/web\/#website\",\"url\":\"https:\/\/pagina10.com\/web\/\",\"name\":\"P\u00e1gina10\",\"description\":\"Peri\u00f3dico Regional\",\"publisher\":{\"@id\":\"https:\/\/pagina10.com\/web\/#organization\"},\"alternateName\":\"P\u00e1gina10 Peri\u00f3dico Regional\",\"potentialAction\":[{\"@type\":\"SearchAction\",\"target\":{\"@type\":\"EntryPoint\",\"urlTemplate\":\"https:\/\/pagina10.com\/web\/?s={search_term_string}\"},\"query-input\":{\"@type\":\"PropertyValueSpecification\",\"valueRequired\":true,\"valueName\":\"search_term_string\"}}],\"inLanguage\":\"es\"},{\"@type\":\"Organization\",\"@id\":\"https:\/\/pagina10.com\/web\/#organization\",\"name\":\"P\u00e1gina10\",\"alternateName\":\"P\u00e1gina10 Peri\u00f3dico Regional\",\"url\":\"https:\/\/pagina10.com\/web\/\",\"logo\":{\"@type\":\"ImageObject\",\"inLanguage\":\"es\",\"@id\":\"https:\/\/pagina10.com\/web\/#\/schema\/logo\/image\/\",\"url\":\"https:\/\/pagina10.com\/web\/wp-content\/uploads\/2024\/01\/40-pagina-10-periodico-regional-pasto.jpg\",\"contentUrl\":\"https:\/\/pagina10.com\/web\/wp-content\/uploads\/2024\/01\/40-pagina-10-periodico-regional-pasto.jpg\",\"width\":1280,\"height\":720,\"caption\":\"P\u00e1gina10\"},\"image\":{\"@id\":\"https:\/\/pagina10.com\/web\/#\/schema\/logo\/image\/\"},\"sameAs\":[\"https:\/\/www.facebook.com\/pag10com\",\"https:\/\/x.com\/Pag10com\",\"https:\/\/www.instagram.com\/pagina10col\/\",\"https:\/\/youtube.com\/channel\/pag10\",\"https:\/\/www.tiktok.com\/@p10col\"]},{\"@type\":\"Person\",\"@id\":\"https:\/\/pagina10.com\/web\/#\/schema\/person\/2efc4a090d25b667d3bc796798a3a81b\",\"name\":\"P\u00e1gina 10\",\"description\":\"P\u00e1gina 10 es un peri\u00f3dico regional que nace en Colombia, en el departamento de Nari\u00f1o, con un enfoque global, fundamentado en cuatro pilares esenciales: la libertad, el pluralismo, la inclusi\u00f3n y la independencia. P\u00e1gina 10 hace referencia a Nari\u00f1o como el d\u00e9cimo departamento creado en Colombia, despu\u00e9s de un proceso pol\u00edtico liderado por actores y actrices regionales con el fin de obtener la independencia y autonom\u00eda de nuestros territorios. Con la creaci\u00f3n de P\u00e1gina 10 se pretende abrir un escenario para el dialogo, la reflexi\u00f3n y el debate que se extienda a otras geograf\u00edas de Am\u00e9rica Latina y del planeta, en una apuesta por transformar colectivamente los desaf\u00edos de un mundo contempor\u00e1neo, m\u00e1s all\u00e1 de las fronteras impuestas.\",\"url\":\"https:\/\/pagina10.com\/web\/author\/pdiezadmin\/\"}]}<\/script>\n<!-- \/ Yoast SEO plugin. -->","yoast_head_json":{"title":"Departamento y municipios trabajan para habilitaci\u00f3n de v\u00edas afectadas por lluvias en Nari\u00f1o. | P\u00e1gina10","robots":{"index":"index","follow":"follow","max-snippet":"max-snippet:-1","max-image-preview":"max-image-preview:large","max-video-preview":"max-video-preview:-1"},"canonical":"https:\/\/pagina10.com\/web\/departamento-y-municipios-trabajan-para-habilitacion-de-vias-afectadas-por-lluvias-en-narino\/","og_locale":"es_ES","og_type":"article","og_title":"Departamento y municipios trabajan para habilitaci\u00f3n de v\u00edas afectadas por lluvias en Nari\u00f1o. | P\u00e1gina10","og_description":"M\u00e1s de 45 municipios del Departamento afectados en su infraestructura y transitabilidad por ola invernal en Nari\u00f1o. Gobernaci\u00f3n prepara convocatoria por 10 mil millones para que alcaldes puedan presentar proyectos de infraestructura vial. El Secretario de Infraestructura de Nari\u00f1o, Mario Enr\u00edquez Chenas, indic\u00f3 que algunas acciones requieren trabajo a mediano plazo como las afectaciones por [&hellip;]","og_url":"https:\/\/pagina10.com\/web\/departamento-y-municipios-trabajan-para-habilitacion-de-vias-afectadas-por-lluvias-en-narino\/","og_site_name":"P\u00e1gina10","article_publisher":"https:\/\/www.facebook.com\/pag10com","article_published_time":"2021-03-30T14:09:37+00:00","og_image":[{"width":980,"height":657,"url":"https:\/\/pagina10.com\/web\/wp-content\/uploads\/2021\/03\/road-5089188_1920-980x657-1.jpg","type":"image\/jpeg"}],"author":"P\u00e1gina 10","twitter_card":"summary_large_image","twitter_creator":"@Pag10com","twitter_site":"@Pag10com","twitter_misc":{"Escrito por":"P\u00e1gina 10","Tiempo de lectura":"2 minutos"},"schema":{"@context":"https:\/\/schema.org","@graph":[{"@type":"Article","@id":"https:\/\/pagina10.com\/web\/departamento-y-municipios-trabajan-para-habilitacion-de-vias-afectadas-por-lluvias-en-narino\/#article","isPartOf":{"@id":"https:\/\/pagina10.com\/web\/departamento-y-municipios-trabajan-para-habilitacion-de-vias-afectadas-por-lluvias-en-narino\/"},"author":{"name":"P\u00e1gina 10","@id":"https:\/\/pagina10.com\/web\/#\/schema\/person\/2efc4a090d25b667d3bc796798a3a81b"},"headline":"Departamento y municipios trabajan para habilitaci\u00f3n de v\u00edas afectadas por lluvias en Nari\u00f1o.","datePublished":"2021-03-30T14:09:37+00:00","mainEntityOfPage":{"@id":"https:\/\/pagina10.com\/web\/departamento-y-municipios-trabajan-para-habilitacion-de-vias-afectadas-por-lluvias-en-narino\/"},"wordCount":349,"commentCount":0,"publisher":{"@id":"https:\/\/pagina10.com\/web\/#organization"},"image":{"@id":"https:\/\/pagina10.com\/web\/departamento-y-municipios-trabajan-para-habilitacion-de-vias-afectadas-por-lluvias-en-narino\/#primaryimage"},"thumbnailUrl":"https:\/\/pagina10.com\/web\/wp-content\/uploads\/2021\/03\/road-5089188_1920-980x657-1.jpg","articleSection":["Regiones"],"inLanguage":"es","potentialAction":[{"@type":"CommentAction","name":"Comment","target":["https:\/\/pagina10.com\/web\/departamento-y-municipios-trabajan-para-habilitacion-de-vias-afectadas-por-lluvias-en-narino\/#respond"]}]},{"@type":"WebPage","@id":"https:\/\/pagina10.com\/web\/departamento-y-municipios-trabajan-para-habilitacion-de-vias-afectadas-por-lluvias-en-narino\/","url":"https:\/\/pagina10.com\/web\/departamento-y-municipios-trabajan-para-habilitacion-de-vias-afectadas-por-lluvias-en-narino\/","name":"Departamento y municipios trabajan para habilitaci\u00f3n de v\u00edas afectadas por lluvias en Nari\u00f1o. | P\u00e1gina10","isPartOf":{"@id":"https:\/\/pagina10.com\/web\/#website"},"primaryImageOfPage":{"@id":"https:\/\/pagina10.com\/web\/departamento-y-municipios-trabajan-para-habilitacion-de-vias-afectadas-por-lluvias-en-narino\/#primaryimage"},"image":{"@id":"https:\/\/pagina10.com\/web\/departamento-y-municipios-trabajan-para-habilitacion-de-vias-afectadas-por-lluvias-en-narino\/#primaryimage"},"thumbnailUrl":"https:\/\/pagina10.com\/web\/wp-content\/uploads\/2021\/03\/road-5089188_1920-980x657-1.jpg","datePublished":"2021-03-30T14:09:37+00:00","breadcrumb":{"@id":"https:\/\/pagina10.com\/web\/departamento-y-municipios-trabajan-para-habilitacion-de-vias-afectadas-por-lluvias-en-narino\/#breadcrumb"},"inLanguage":"es","potentialAction":[{"@type":"ReadAction","target":["https:\/\/pagina10.com\/web\/departamento-y-municipios-trabajan-para-habilitacion-de-vias-afectadas-por-lluvias-en-narino\/"]}]},{"@type":"ImageObject","inLanguage":"es","@id":"https:\/\/pagina10.com\/web\/departamento-y-municipios-trabajan-para-habilitacion-de-vias-afectadas-por-lluvias-en-narino\/#primaryimage","url":"https:\/\/pagina10.com\/web\/wp-content\/uploads\/2021\/03\/road-5089188_1920-980x657-1.jpg","contentUrl":"https:\/\/pagina10.com\/web\/wp-content\/uploads\/2021\/03\/road-5089188_1920-980x657-1.jpg","width":980,"height":657},{"@type":"BreadcrumbList","@id":"https:\/\/pagina10.com\/web\/departamento-y-municipios-trabajan-para-habilitacion-de-vias-afectadas-por-lluvias-en-narino\/#breadcrumb","itemListElement":[{"@type":"ListItem","position":1,"name":"Portada","item":"https:\/\/pagina10.com\/web\/"},{"@type":"ListItem","position":2,"name":"Departamento y municipios trabajan para habilitaci\u00f3n de v\u00edas afectadas por lluvias en Nari\u00f1o."}]},{"@type":"WebSite","@id":"https:\/\/pagina10.com\/web\/#website","url":"https:\/\/pagina10.com\/web\/","name":"P\u00e1gina10","description":"Peri\u00f3dico Regional","publisher":{"@id":"https:\/\/pagina10.com\/web\/#organization"},"alternateName":"P\u00e1gina10 Peri\u00f3dico Regional","potentialAction":[{"@type":"SearchAction","target":{"@type":"EntryPoint","urlTemplate":"https:\/\/pagina10.com\/web\/?s={search_term_string}"},"query-input":{"@type":"PropertyValueSpecification","valueRequired":true,"valueName":"search_term_string"}}],"inLanguage":"es"},{"@type":"Organization","@id":"https:\/\/pagina10.com\/web\/#organization","name":"P\u00e1gina10","alternateName":"P\u00e1gina10 Peri\u00f3dico Regional","url":"https:\/\/pagina10.com\/web\/","logo":{"@type":"ImageObject","inLanguage":"es","@id":"https:\/\/pagina10.com\/web\/#\/schema\/logo\/image\/","url":"https:\/\/pagina10.com\/web\/wp-content\/uploads\/2024\/01\/40-pagina-10-periodico-regional-pasto.jpg","contentUrl":"https:\/\/pagina10.com\/web\/wp-content\/uploads\/2024\/01\/40-pagina-10-periodico-regional-pasto.jpg","width":1280,"height":720,"caption":"P\u00e1gina10"},"image":{"@id":"https:\/\/pagina10.com\/web\/#\/schema\/logo\/image\/"},"sameAs":["https:\/\/www.facebook.com\/pag10com","https:\/\/x.com\/Pag10com","https:\/\/www.instagram.com\/pagina10col\/","https:\/\/youtube.com\/channel\/pag10","https:\/\/www.tiktok.com\/@p10col"]},{"@type":"Person","@id":"https:\/\/pagina10.com\/web\/#\/schema\/person\/2efc4a090d25b667d3bc796798a3a81b","name":"P\u00e1gina 10","description":"P\u00e1gina 10 es un peri\u00f3dico regional que nace en Colombia, en el departamento de Nari\u00f1o, con un enfoque global, fundamentado en cuatro pilares esenciales: la libertad, el pluralismo, la inclusi\u00f3n y la independencia. P\u00e1gina 10 hace referencia a Nari\u00f1o como el d\u00e9cimo departamento creado en Colombia, despu\u00e9s de un proceso pol\u00edtico liderado por actores y actrices regionales con el fin de obtener la independencia y autonom\u00eda de nuestros territorios. Con la creaci\u00f3n de P\u00e1gina 10 se pretende abrir un escenario para el dialogo, la reflexi\u00f3n y el debate que se extienda a otras geograf\u00edas de Am\u00e9rica Latina y del planeta, en una apuesta por transformar colectivamente los desaf\u00edos de un mundo contempor\u00e1neo, m\u00e1s all\u00e1 de las fronteras impuestas.","url":"https:\/\/pagina10.com\/web\/author\/pdiezadmin\/"}]}},"_links":{"self":[{"href":"https:\/\/pagina10.com\/web\/wp-json\/wp\/v2\/posts\/51463","targetHints":{"allow":["GET"]}}],"collection":[{"href":"https:\/\/pagina10.com\/web\/wp-json\/wp\/v2\/posts"}],"about":[{"href":"https:\/\/pagina10.com\/web\/wp-json\/wp\/v2\/types\/post"}],"author":[{"embeddable":true,"href":"https:\/\/pagina10.com\/web\/wp-json\/wp\/v2\/users\/1"}],"replies":[{"embeddable":true,"href":"https:\/\/pagina10.com\/web\/wp-json\/wp\/v2\/comments?post=51463"}],"version-history":[{"count":1,"href":"https:\/\/pagina10.com\/web\/wp-json\/wp\/v2\/posts\/51463\/revisions"}],"predecessor-version":[{"id":51465,"href":"https:\/\/pagina10.com\/web\/wp-json\/wp\/v2\/posts\/51463\/revisions\/51465"}],"wp:featuredmedia":[{"embeddable":true,"href":"https:\/\/pagina10.com\/web\/wp-json\/wp\/v2\/media\/51464"}],"wp:attachment":[{"href":"https:\/\/pagina10.com\/web\/wp-json\/wp\/v2\/media?parent=51463"}],"wp:term":[{"taxonomy":"category","embeddable":true,"href":"https:\/\/pagina10.com\/web\/wp-json\/wp\/v2\/categories?post=51463"},{"taxonomy":"post_tag","embeddable":true,"href":"https:\/\/pagina10.com\/web\/wp-json\/wp\/v2\/tags?post=51463"}],"curies":[{"name":"wp","href":"https:\/\/api.w.org\/{rel}","templated":true}]}}