{"id":51483,"date":"2021-03-31T18:44:48","date_gmt":"2021-03-31T23:44:48","guid":{"rendered":"https:\/\/pagina10.com\/web\/?p=51483"},"modified":"2021-03-31T18:44:48","modified_gmt":"2021-03-31T23:44:48","slug":"gobernacion-de-narino-invita-a-la-comunidad-a-acatar-las-medidas-de-restriccion-y-proteccion-para-semana-santa","status":"publish","type":"post","link":"https:\/\/pagina10.com\/web\/gobernacion-de-narino-invita-a-la-comunidad-a-acatar-las-medidas-de-restriccion-y-proteccion-para-semana-santa\/","title":{"rendered":"Gobernaci\u00f3n de Nari\u00f1o invita a la comunidad a acatar las medidas de restricci\u00f3n y protecci\u00f3n para Semana Santa"},"content":{"rendered":"<p style=\"text-align: justify;\">El Ministerio de Transporte, de acuerdo con la solicitud realizada por parte de la Gobernaci\u00f3n de Nari\u00f1o, incluy\u00f3 los tramos Popayan- Pasto &#8211; Ipiales, que inicialmente no se ten\u00edan previstos, dentro de la restricci\u00f3n para veh\u00edculos de carga con peso igual o superior a 3.4 toneladas para la temporada de Semana Santa.<\/p>\n<p>Seg\u00fan la comunicaci\u00f3n emitida por el Ministerio los d\u00edas y horarios de restricci\u00f3n para los veh\u00edculos de carga en este corredor son:<\/p>\n<p>MI\u00c9RCOLES<br \/>\n31 marzo 2021<br \/>\n12:00 a 24:00 horas<br \/>\nAplica en ambos sentidos .<\/p>\n<p>JUEVES<br \/>\n01 abril 2021<br \/>\n00:00 a 20:00 horas<br \/>\nAplica en ambos sentidos .<\/p>\n<p>VIERNES<br \/>\n02 abril 2021<br \/>\nNo aplica.<\/p>\n<p>S\u00c1BADO<br \/>\n03 abril 2021<br \/>\n12:00 a 22:00 horas<br \/>\nAplica en ambos sentidos<\/p>\n<p>DOMINGO<br \/>\n04 abril 2021<br \/>\n09:00 a 24:00 horas<br \/>\nAplica en ambos sentidos.<\/p>\n<div style=\"text-align: justify;\">\nPara m\u00e1s informaci\u00f3n consulte el Bolet\u00edn estrat\u00e9gico de seguridad y movilidad del Ministerio de Transporte en el siguiente enlace.\u00a0<a href=\"https:\/\/bit.ly\/3fq2bLw\" target=\"_blank\" rel=\"noopener\" data-saferedirecturl=\"https:\/\/www.google.com\/url?q=https:\/\/bit.ly\/3fq2bLw&amp;source=gmail&amp;ust=1617319801362000&amp;usg=AFQjCNHnMYq2g2wzeIqjA5HyPxtUyxE5lA\">https:\/\/bit.ly\/3fq2bLw<\/a><wbr \/><\/p>\n<p>As\u00ed mismo, desde la Gobernaci\u00f3n de Nari\u00f1o se solicita a la comunidad en general acatar las recomendaciones y medidas necesarias para salvaguardar la salud, la integridad y la vida durante la conmemoraci\u00f3n del la Semana Mayor.<\/p>\n<p>-Est\u00e9\u00a0atento a la informaci\u00f3n acerca del clima local, alertas por incremento de lluvias y otros fen\u00f3menos clim\u00e1ticos y a la probabilidad de ocurrencia de eventos asociados al clima en especial a las lluvias, tales como deslizamientos.<\/p>\n<p>-Tome precauciones para evitar \u00a0el contagio del Covid 19; mantenga las medidas de prevenci\u00f3n como distanciamiento social, lavado y desinfecci\u00f3n de manos, evite las aglomeraciones.<\/p>\n<p>&#8211; Evite conducir en la noche, especialmente en zonas identificadas por riesgo de deslizamiento o cuando est\u00e9\u00a0lloviendo, se disminuye la visibilidad y se incrementa el riesgo de accidentes.<\/p>\n<p>&#8211; Tenga precauci\u00f3n durante sus paseos o salidas a r\u00edos y quebradas, si empieza a llover u observa cambio en el cauce o sonidos fuertes, al\u00e9jese, pueden presentarse crecientes s\u00fabitas.<\/p>\n<p>&#8211; Inf\u00f3rmese con las entidades de socorro (Comit\u00e9s de Gesti\u00f3n del Riesgo, Cruz Roja, Bomberos, Defensa Civil o Polic\u00eda), sobre\u00a0cu\u00e1l es la preparaci\u00f3n del municipio y de la comunidad frente a los posibles eventos que puedan presentarse.<\/p><\/div>\n","protected":false},"excerpt":{"rendered":"<p>El Ministerio de Transporte, de acuerdo con la solicitud realizada por parte de la Gobernaci\u00f3n de Nari\u00f1o, incluy\u00f3 los tramos Popayan- Pasto &#8211; Ipiales, que inicialmente no se ten\u00edan previstos, dentro de la restricci\u00f3n para veh\u00edculos de carga con peso igual o superior a 3.4 toneladas para la temporada de Semana Santa. Seg\u00fan la comunicaci\u00f3n [&hellip;]<\/p>\n","protected":false},"author":1,"featured_media":51484,"comment_status":"open","ping_status":"open","sticky":false,"template":"","format":"standard","meta":{"footnotes":""},"categories":[53],"tags":[],"class_list":["post-51483","post","type-post","status-publish","format-standard","has-post-thumbnail","hentry","category-regiones"],"yoast_head":"<!-- This site is optimized with the Yoast SEO plugin v27.1.1 - https:\/\/yoast.com\/product\/yoast-seo-wordpress\/ -->\n<title>Gobernaci\u00f3n de Nari\u00f1o invita a la comunidad a acatar las medidas de restricci\u00f3n y protecci\u00f3n para Semana Santa | P\u00e1gina10<\/title>\n<meta name=\"robots\" content=\"index, follow, max-snippet:-1, max-image-preview:large, max-video-preview:-1\" \/>\n<link rel=\"canonical\" href=\"https:\/\/pagina10.com\/web\/gobernacion-de-narino-invita-a-la-comunidad-a-acatar-las-medidas-de-restriccion-y-proteccion-para-semana-santa\/\" \/>\n<meta property=\"og:locale\" content=\"es_ES\" \/>\n<meta property=\"og:type\" content=\"article\" \/>\n<meta property=\"og:title\" content=\"Gobernaci\u00f3n de Nari\u00f1o invita a la comunidad a acatar las medidas de restricci\u00f3n y protecci\u00f3n para Semana Santa | P\u00e1gina10\" \/>\n<meta property=\"og:description\" content=\"El Ministerio de Transporte, de acuerdo con la solicitud realizada por parte de la Gobernaci\u00f3n de Nari\u00f1o, incluy\u00f3 los tramos Popayan- Pasto &#8211; Ipiales, que inicialmente no se ten\u00edan previstos, dentro de la restricci\u00f3n para veh\u00edculos de carga con peso igual o superior a 3.4 toneladas para la temporada de Semana Santa. Seg\u00fan la comunicaci\u00f3n [&hellip;]\" \/>\n<meta property=\"og:url\" content=\"https:\/\/pagina10.com\/web\/gobernacion-de-narino-invita-a-la-comunidad-a-acatar-las-medidas-de-restriccion-y-proteccion-para-semana-santa\/\" \/>\n<meta property=\"og:site_name\" content=\"P\u00e1gina10\" \/>\n<meta property=\"article:publisher\" content=\"https:\/\/www.facebook.com\/pag10com\" \/>\n<meta property=\"article:published_time\" content=\"2021-03-31T23:44:48+00:00\" \/>\n<meta property=\"og:image\" content=\"https:\/\/pagina10.com\/web\/wp-content\/uploads\/2021\/03\/Captura-de-Pantalla-2021-03-31-a-las-6.43.51-p.-m..png\" \/>\n\t<meta property=\"og:image:width\" content=\"856\" \/>\n\t<meta property=\"og:image:height\" content=\"447\" \/>\n\t<meta property=\"og:image:type\" content=\"image\/png\" \/>\n<meta name=\"author\" content=\"P\u00e1gina 10\" \/>\n<meta name=\"twitter:card\" content=\"summary_large_image\" \/>\n<meta name=\"twitter:creator\" content=\"@Pag10com\" \/>\n<meta name=\"twitter:site\" content=\"@Pag10com\" \/>\n<meta name=\"twitter:label1\" content=\"Escrito por\" \/>\n\t<meta name=\"twitter:data1\" content=\"P\u00e1gina 10\" \/>\n\t<meta name=\"twitter:label2\" content=\"Tiempo de lectura\" \/>\n\t<meta name=\"twitter:data2\" content=\"2 minutos\" \/>\n<script type=\"application\/ld+json\" class=\"yoast-schema-graph\">{\"@context\":\"https:\/\/schema.org\",\"@graph\":[{\"@type\":\"Article\",\"@id\":\"https:\/\/pagina10.com\/web\/gobernacion-de-narino-invita-a-la-comunidad-a-acatar-las-medidas-de-restriccion-y-proteccion-para-semana-santa\/#article\",\"isPartOf\":{\"@id\":\"https:\/\/pagina10.com\/web\/gobernacion-de-narino-invita-a-la-comunidad-a-acatar-las-medidas-de-restriccion-y-proteccion-para-semana-santa\/\"},\"author\":{\"name\":\"P\u00e1gina 10\",\"@id\":\"https:\/\/pagina10.com\/web\/#\/schema\/person\/2efc4a090d25b667d3bc796798a3a81b\"},\"headline\":\"Gobernaci\u00f3n de Nari\u00f1o invita a la comunidad a acatar las medidas de restricci\u00f3n y protecci\u00f3n para Semana Santa\",\"datePublished\":\"2021-03-31T23:44:48+00:00\",\"mainEntityOfPage\":{\"@id\":\"https:\/\/pagina10.com\/web\/gobernacion-de-narino-invita-a-la-comunidad-a-acatar-las-medidas-de-restriccion-y-proteccion-para-semana-santa\/\"},\"wordCount\":383,\"commentCount\":0,\"publisher\":{\"@id\":\"https:\/\/pagina10.com\/web\/#organization\"},\"image\":{\"@id\":\"https:\/\/pagina10.com\/web\/gobernacion-de-narino-invita-a-la-comunidad-a-acatar-las-medidas-de-restriccion-y-proteccion-para-semana-santa\/#primaryimage\"},\"thumbnailUrl\":\"https:\/\/pagina10.com\/web\/wp-content\/uploads\/2021\/03\/Captura-de-Pantalla-2021-03-31-a-las-6.43.51-p.-m..png\",\"articleSection\":[\"Regiones\"],\"inLanguage\":\"es\",\"potentialAction\":[{\"@type\":\"CommentAction\",\"name\":\"Comment\",\"target\":[\"https:\/\/pagina10.com\/web\/gobernacion-de-narino-invita-a-la-comunidad-a-acatar-las-medidas-de-restriccion-y-proteccion-para-semana-santa\/#respond\"]}]},{\"@type\":\"WebPage\",\"@id\":\"https:\/\/pagina10.com\/web\/gobernacion-de-narino-invita-a-la-comunidad-a-acatar-las-medidas-de-restriccion-y-proteccion-para-semana-santa\/\",\"url\":\"https:\/\/pagina10.com\/web\/gobernacion-de-narino-invita-a-la-comunidad-a-acatar-las-medidas-de-restriccion-y-proteccion-para-semana-santa\/\",\"name\":\"Gobernaci\u00f3n de Nari\u00f1o invita a la comunidad a acatar las medidas de restricci\u00f3n y protecci\u00f3n para Semana Santa | P\u00e1gina10\",\"isPartOf\":{\"@id\":\"https:\/\/pagina10.com\/web\/#website\"},\"primaryImageOfPage\":{\"@id\":\"https:\/\/pagina10.com\/web\/gobernacion-de-narino-invita-a-la-comunidad-a-acatar-las-medidas-de-restriccion-y-proteccion-para-semana-santa\/#primaryimage\"},\"image\":{\"@id\":\"https:\/\/pagina10.com\/web\/gobernacion-de-narino-invita-a-la-comunidad-a-acatar-las-medidas-de-restriccion-y-proteccion-para-semana-santa\/#primaryimage\"},\"thumbnailUrl\":\"https:\/\/pagina10.com\/web\/wp-content\/uploads\/2021\/03\/Captura-de-Pantalla-2021-03-31-a-las-6.43.51-p.-m..png\",\"datePublished\":\"2021-03-31T23:44:48+00:00\",\"breadcrumb\":{\"@id\":\"https:\/\/pagina10.com\/web\/gobernacion-de-narino-invita-a-la-comunidad-a-acatar-las-medidas-de-restriccion-y-proteccion-para-semana-santa\/#breadcrumb\"},\"inLanguage\":\"es\",\"potentialAction\":[{\"@type\":\"ReadAction\",\"target\":[\"https:\/\/pagina10.com\/web\/gobernacion-de-narino-invita-a-la-comunidad-a-acatar-las-medidas-de-restriccion-y-proteccion-para-semana-santa\/\"]}]},{\"@type\":\"ImageObject\",\"inLanguage\":\"es\",\"@id\":\"https:\/\/pagina10.com\/web\/gobernacion-de-narino-invita-a-la-comunidad-a-acatar-las-medidas-de-restriccion-y-proteccion-para-semana-santa\/#primaryimage\",\"url\":\"https:\/\/pagina10.com\/web\/wp-content\/uploads\/2021\/03\/Captura-de-Pantalla-2021-03-31-a-las-6.43.51-p.-m..png\",\"contentUrl\":\"https:\/\/pagina10.com\/web\/wp-content\/uploads\/2021\/03\/Captura-de-Pantalla-2021-03-31-a-las-6.43.51-p.-m..png\",\"width\":856,\"height\":447},{\"@type\":\"BreadcrumbList\",\"@id\":\"https:\/\/pagina10.com\/web\/gobernacion-de-narino-invita-a-la-comunidad-a-acatar-las-medidas-de-restriccion-y-proteccion-para-semana-santa\/#breadcrumb\",\"itemListElement\":[{\"@type\":\"ListItem\",\"position\":1,\"name\":\"Portada\",\"item\":\"https:\/\/pagina10.com\/web\/\"},{\"@type\":\"ListItem\",\"position\":2,\"name\":\"Gobernaci\u00f3n de Nari\u00f1o invita a la comunidad a acatar las medidas de restricci\u00f3n y protecci\u00f3n para Semana Santa\"}]},{\"@type\":\"WebSite\",\"@id\":\"https:\/\/pagina10.com\/web\/#website\",\"url\":\"https:\/\/pagina10.com\/web\/\",\"name\":\"P\u00e1gina10\",\"description\":\"Peri\u00f3dico Regional\",\"publisher\":{\"@id\":\"https:\/\/pagina10.com\/web\/#organization\"},\"alternateName\":\"P\u00e1gina10 Peri\u00f3dico Regional\",\"potentialAction\":[{\"@type\":\"SearchAction\",\"target\":{\"@type\":\"EntryPoint\",\"urlTemplate\":\"https:\/\/pagina10.com\/web\/?s={search_term_string}\"},\"query-input\":{\"@type\":\"PropertyValueSpecification\",\"valueRequired\":true,\"valueName\":\"search_term_string\"}}],\"inLanguage\":\"es\"},{\"@type\":\"Organization\",\"@id\":\"https:\/\/pagina10.com\/web\/#organization\",\"name\":\"P\u00e1gina10\",\"alternateName\":\"P\u00e1gina10 Peri\u00f3dico Regional\",\"url\":\"https:\/\/pagina10.com\/web\/\",\"logo\":{\"@type\":\"ImageObject\",\"inLanguage\":\"es\",\"@id\":\"https:\/\/pagina10.com\/web\/#\/schema\/logo\/image\/\",\"url\":\"https:\/\/pagina10.com\/web\/wp-content\/uploads\/2024\/01\/40-pagina-10-periodico-regional-pasto.jpg\",\"contentUrl\":\"https:\/\/pagina10.com\/web\/wp-content\/uploads\/2024\/01\/40-pagina-10-periodico-regional-pasto.jpg\",\"width\":1280,\"height\":720,\"caption\":\"P\u00e1gina10\"},\"image\":{\"@id\":\"https:\/\/pagina10.com\/web\/#\/schema\/logo\/image\/\"},\"sameAs\":[\"https:\/\/www.facebook.com\/pag10com\",\"https:\/\/x.com\/Pag10com\",\"https:\/\/www.instagram.com\/pagina10col\/\",\"https:\/\/youtube.com\/channel\/pag10\",\"https:\/\/www.tiktok.com\/@p10col\"]},{\"@type\":\"Person\",\"@id\":\"https:\/\/pagina10.com\/web\/#\/schema\/person\/2efc4a090d25b667d3bc796798a3a81b\",\"name\":\"P\u00e1gina 10\",\"description\":\"P\u00e1gina 10 es un peri\u00f3dico regional que nace en Colombia, en el departamento de Nari\u00f1o, con un enfoque global, fundamentado en cuatro pilares esenciales: la libertad, el pluralismo, la inclusi\u00f3n y la independencia. P\u00e1gina 10 hace referencia a Nari\u00f1o como el d\u00e9cimo departamento creado en Colombia, despu\u00e9s de un proceso pol\u00edtico liderado por actores y actrices regionales con el fin de obtener la independencia y autonom\u00eda de nuestros territorios. Con la creaci\u00f3n de P\u00e1gina 10 se pretende abrir un escenario para el dialogo, la reflexi\u00f3n y el debate que se extienda a otras geograf\u00edas de Am\u00e9rica Latina y del planeta, en una apuesta por transformar colectivamente los desaf\u00edos de un mundo contempor\u00e1neo, m\u00e1s all\u00e1 de las fronteras impuestas.\",\"url\":\"https:\/\/pagina10.com\/web\/author\/pdiezadmin\/\"}]}<\/script>\n<!-- \/ Yoast SEO plugin. -->","yoast_head_json":{"title":"Gobernaci\u00f3n de Nari\u00f1o invita a la comunidad a acatar las medidas de restricci\u00f3n y protecci\u00f3n para Semana Santa | P\u00e1gina10","robots":{"index":"index","follow":"follow","max-snippet":"max-snippet:-1","max-image-preview":"max-image-preview:large","max-video-preview":"max-video-preview:-1"},"canonical":"https:\/\/pagina10.com\/web\/gobernacion-de-narino-invita-a-la-comunidad-a-acatar-las-medidas-de-restriccion-y-proteccion-para-semana-santa\/","og_locale":"es_ES","og_type":"article","og_title":"Gobernaci\u00f3n de Nari\u00f1o invita a la comunidad a acatar las medidas de restricci\u00f3n y protecci\u00f3n para Semana Santa | P\u00e1gina10","og_description":"El Ministerio de Transporte, de acuerdo con la solicitud realizada por parte de la Gobernaci\u00f3n de Nari\u00f1o, incluy\u00f3 los tramos Popayan- Pasto &#8211; Ipiales, que inicialmente no se ten\u00edan previstos, dentro de la restricci\u00f3n para veh\u00edculos de carga con peso igual o superior a 3.4 toneladas para la temporada de Semana Santa. Seg\u00fan la comunicaci\u00f3n [&hellip;]","og_url":"https:\/\/pagina10.com\/web\/gobernacion-de-narino-invita-a-la-comunidad-a-acatar-las-medidas-de-restriccion-y-proteccion-para-semana-santa\/","og_site_name":"P\u00e1gina10","article_publisher":"https:\/\/www.facebook.com\/pag10com","article_published_time":"2021-03-31T23:44:48+00:00","og_image":[{"width":856,"height":447,"url":"https:\/\/pagina10.com\/web\/wp-content\/uploads\/2021\/03\/Captura-de-Pantalla-2021-03-31-a-las-6.43.51-p.-m..png","type":"image\/png"}],"author":"P\u00e1gina 10","twitter_card":"summary_large_image","twitter_creator":"@Pag10com","twitter_site":"@Pag10com","twitter_misc":{"Escrito por":"P\u00e1gina 10","Tiempo de lectura":"2 minutos"},"schema":{"@context":"https:\/\/schema.org","@graph":[{"@type":"Article","@id":"https:\/\/pagina10.com\/web\/gobernacion-de-narino-invita-a-la-comunidad-a-acatar-las-medidas-de-restriccion-y-proteccion-para-semana-santa\/#article","isPartOf":{"@id":"https:\/\/pagina10.com\/web\/gobernacion-de-narino-invita-a-la-comunidad-a-acatar-las-medidas-de-restriccion-y-proteccion-para-semana-santa\/"},"author":{"name":"P\u00e1gina 10","@id":"https:\/\/pagina10.com\/web\/#\/schema\/person\/2efc4a090d25b667d3bc796798a3a81b"},"headline":"Gobernaci\u00f3n de Nari\u00f1o invita a la comunidad a acatar las medidas de restricci\u00f3n y protecci\u00f3n para Semana Santa","datePublished":"2021-03-31T23:44:48+00:00","mainEntityOfPage":{"@id":"https:\/\/pagina10.com\/web\/gobernacion-de-narino-invita-a-la-comunidad-a-acatar-las-medidas-de-restriccion-y-proteccion-para-semana-santa\/"},"wordCount":383,"commentCount":0,"publisher":{"@id":"https:\/\/pagina10.com\/web\/#organization"},"image":{"@id":"https:\/\/pagina10.com\/web\/gobernacion-de-narino-invita-a-la-comunidad-a-acatar-las-medidas-de-restriccion-y-proteccion-para-semana-santa\/#primaryimage"},"thumbnailUrl":"https:\/\/pagina10.com\/web\/wp-content\/uploads\/2021\/03\/Captura-de-Pantalla-2021-03-31-a-las-6.43.51-p.-m..png","articleSection":["Regiones"],"inLanguage":"es","potentialAction":[{"@type":"CommentAction","name":"Comment","target":["https:\/\/pagina10.com\/web\/gobernacion-de-narino-invita-a-la-comunidad-a-acatar-las-medidas-de-restriccion-y-proteccion-para-semana-santa\/#respond"]}]},{"@type":"WebPage","@id":"https:\/\/pagina10.com\/web\/gobernacion-de-narino-invita-a-la-comunidad-a-acatar-las-medidas-de-restriccion-y-proteccion-para-semana-santa\/","url":"https:\/\/pagina10.com\/web\/gobernacion-de-narino-invita-a-la-comunidad-a-acatar-las-medidas-de-restriccion-y-proteccion-para-semana-santa\/","name":"Gobernaci\u00f3n de Nari\u00f1o invita a la comunidad a acatar las medidas de restricci\u00f3n y protecci\u00f3n para Semana Santa | P\u00e1gina10","isPartOf":{"@id":"https:\/\/pagina10.com\/web\/#website"},"primaryImageOfPage":{"@id":"https:\/\/pagina10.com\/web\/gobernacion-de-narino-invita-a-la-comunidad-a-acatar-las-medidas-de-restriccion-y-proteccion-para-semana-santa\/#primaryimage"},"image":{"@id":"https:\/\/pagina10.com\/web\/gobernacion-de-narino-invita-a-la-comunidad-a-acatar-las-medidas-de-restriccion-y-proteccion-para-semana-santa\/#primaryimage"},"thumbnailUrl":"https:\/\/pagina10.com\/web\/wp-content\/uploads\/2021\/03\/Captura-de-Pantalla-2021-03-31-a-las-6.43.51-p.-m..png","datePublished":"2021-03-31T23:44:48+00:00","breadcrumb":{"@id":"https:\/\/pagina10.com\/web\/gobernacion-de-narino-invita-a-la-comunidad-a-acatar-las-medidas-de-restriccion-y-proteccion-para-semana-santa\/#breadcrumb"},"inLanguage":"es","potentialAction":[{"@type":"ReadAction","target":["https:\/\/pagina10.com\/web\/gobernacion-de-narino-invita-a-la-comunidad-a-acatar-las-medidas-de-restriccion-y-proteccion-para-semana-santa\/"]}]},{"@type":"ImageObject","inLanguage":"es","@id":"https:\/\/pagina10.com\/web\/gobernacion-de-narino-invita-a-la-comunidad-a-acatar-las-medidas-de-restriccion-y-proteccion-para-semana-santa\/#primaryimage","url":"https:\/\/pagina10.com\/web\/wp-content\/uploads\/2021\/03\/Captura-de-Pantalla-2021-03-31-a-las-6.43.51-p.-m..png","contentUrl":"https:\/\/pagina10.com\/web\/wp-content\/uploads\/2021\/03\/Captura-de-Pantalla-2021-03-31-a-las-6.43.51-p.-m..png","width":856,"height":447},{"@type":"BreadcrumbList","@id":"https:\/\/pagina10.com\/web\/gobernacion-de-narino-invita-a-la-comunidad-a-acatar-las-medidas-de-restriccion-y-proteccion-para-semana-santa\/#breadcrumb","itemListElement":[{"@type":"ListItem","position":1,"name":"Portada","item":"https:\/\/pagina10.com\/web\/"},{"@type":"ListItem","position":2,"name":"Gobernaci\u00f3n de Nari\u00f1o invita a la comunidad a acatar las medidas de restricci\u00f3n y protecci\u00f3n para Semana Santa"}]},{"@type":"WebSite","@id":"https:\/\/pagina10.com\/web\/#website","url":"https:\/\/pagina10.com\/web\/","name":"P\u00e1gina10","description":"Peri\u00f3dico Regional","publisher":{"@id":"https:\/\/pagina10.com\/web\/#organization"},"alternateName":"P\u00e1gina10 Peri\u00f3dico Regional","potentialAction":[{"@type":"SearchAction","target":{"@type":"EntryPoint","urlTemplate":"https:\/\/pagina10.com\/web\/?s={search_term_string}"},"query-input":{"@type":"PropertyValueSpecification","valueRequired":true,"valueName":"search_term_string"}}],"inLanguage":"es"},{"@type":"Organization","@id":"https:\/\/pagina10.com\/web\/#organization","name":"P\u00e1gina10","alternateName":"P\u00e1gina10 Peri\u00f3dico Regional","url":"https:\/\/pagina10.com\/web\/","logo":{"@type":"ImageObject","inLanguage":"es","@id":"https:\/\/pagina10.com\/web\/#\/schema\/logo\/image\/","url":"https:\/\/pagina10.com\/web\/wp-content\/uploads\/2024\/01\/40-pagina-10-periodico-regional-pasto.jpg","contentUrl":"https:\/\/pagina10.com\/web\/wp-content\/uploads\/2024\/01\/40-pagina-10-periodico-regional-pasto.jpg","width":1280,"height":720,"caption":"P\u00e1gina10"},"image":{"@id":"https:\/\/pagina10.com\/web\/#\/schema\/logo\/image\/"},"sameAs":["https:\/\/www.facebook.com\/pag10com","https:\/\/x.com\/Pag10com","https:\/\/www.instagram.com\/pagina10col\/","https:\/\/youtube.com\/channel\/pag10","https:\/\/www.tiktok.com\/@p10col"]},{"@type":"Person","@id":"https:\/\/pagina10.com\/web\/#\/schema\/person\/2efc4a090d25b667d3bc796798a3a81b","name":"P\u00e1gina 10","description":"P\u00e1gina 10 es un peri\u00f3dico regional que nace en Colombia, en el departamento de Nari\u00f1o, con un enfoque global, fundamentado en cuatro pilares esenciales: la libertad, el pluralismo, la inclusi\u00f3n y la independencia. P\u00e1gina 10 hace referencia a Nari\u00f1o como el d\u00e9cimo departamento creado en Colombia, despu\u00e9s de un proceso pol\u00edtico liderado por actores y actrices regionales con el fin de obtener la independencia y autonom\u00eda de nuestros territorios. Con la creaci\u00f3n de P\u00e1gina 10 se pretende abrir un escenario para el dialogo, la reflexi\u00f3n y el debate que se extienda a otras geograf\u00edas de Am\u00e9rica Latina y del planeta, en una apuesta por transformar colectivamente los desaf\u00edos de un mundo contempor\u00e1neo, m\u00e1s all\u00e1 de las fronteras impuestas.","url":"https:\/\/pagina10.com\/web\/author\/pdiezadmin\/"}]}},"_links":{"self":[{"href":"https:\/\/pagina10.com\/web\/wp-json\/wp\/v2\/posts\/51483","targetHints":{"allow":["GET"]}}],"collection":[{"href":"https:\/\/pagina10.com\/web\/wp-json\/wp\/v2\/posts"}],"about":[{"href":"https:\/\/pagina10.com\/web\/wp-json\/wp\/v2\/types\/post"}],"author":[{"embeddable":true,"href":"https:\/\/pagina10.com\/web\/wp-json\/wp\/v2\/users\/1"}],"replies":[{"embeddable":true,"href":"https:\/\/pagina10.com\/web\/wp-json\/wp\/v2\/comments?post=51483"}],"version-history":[{"count":1,"href":"https:\/\/pagina10.com\/web\/wp-json\/wp\/v2\/posts\/51483\/revisions"}],"predecessor-version":[{"id":51485,"href":"https:\/\/pagina10.com\/web\/wp-json\/wp\/v2\/posts\/51483\/revisions\/51485"}],"wp:featuredmedia":[{"embeddable":true,"href":"https:\/\/pagina10.com\/web\/wp-json\/wp\/v2\/media\/51484"}],"wp:attachment":[{"href":"https:\/\/pagina10.com\/web\/wp-json\/wp\/v2\/media?parent=51483"}],"wp:term":[{"taxonomy":"category","embeddable":true,"href":"https:\/\/pagina10.com\/web\/wp-json\/wp\/v2\/categories?post=51483"},{"taxonomy":"post_tag","embeddable":true,"href":"https:\/\/pagina10.com\/web\/wp-json\/wp\/v2\/tags?post=51483"}],"curies":[{"name":"wp","href":"https:\/\/api.w.org\/{rel}","templated":true}]}}