{"id":51520,"date":"2021-04-02T18:15:57","date_gmt":"2021-04-02T23:15:57","guid":{"rendered":"https:\/\/pagina10.com\/web\/?p=51520"},"modified":"2021-04-02T18:18:18","modified_gmt":"2021-04-02T23:18:18","slug":"la-fundacion-barranquilla20-fue-seleccionada-en-la-convocatoria-mundial-de-generacion-igualdad","status":"publish","type":"post","link":"https:\/\/pagina10.com\/web\/la-fundacion-barranquilla20-fue-seleccionada-en-la-convocatoria-mundial-de-generacion-igualdad\/","title":{"rendered":"La Fundaci\u00f3n Barranquilla+20 fue seleccionada en la convocatoria mundial de Generaci\u00f3n Igualdad."},"content":{"rendered":"<p style=\"text-align: justify;\">El pasado 29 de marzo de manera p\u00fablica Anita Zaidi, presidenta de la divisi\u00f3n de Equidad de la Fundaci\u00f3n Bill &amp; Melinda Gates, anunci\u00f3 la selecci\u00f3n de 10 organizaciones de j\u00f3venes a nivel mundial en la convocatoria \u00a0Generation Iquality Youth Grantees. Estas organizaciones recibir\u00e1n apoyo econ\u00f3mico para implementar un proyecto que apoye la incidencia y la creaci\u00f3n de nuevas estrategias en favor de la equidad de g\u00e9nero y la agenda del Foro Generaci\u00f3n Igualdad. Entre las 10 organizaciones seleccionadas est\u00e1 la Fundaci\u00f3n Barranquilla+20.<\/p>\n<p style=\"text-align: justify;\">Despu\u00e9s de conocer la noticia, la directora de Barranquilla+20, Xiomara Acevedo, manifest\u00f3 que \u201cLa lucha por la equidad de g\u00e9nero y por asegurar los derechos humanos de las mujeres es necesaria para la efectividad de la mitigaci\u00f3n y la adaptaci\u00f3n al cambio clim\u00e1tico especialmente en pa\u00edses megadiversos como Colombia. Nuestra propuesta Mujeres por la Justicia Clim\u00e1tica aportar\u00e1 a la discusi\u00f3n pol\u00edtica nacional sobre las NDCs y la Plataforma de Acci\u00f3n de Beijing +25 y posicionara una ruta de acci\u00f3n con las voces de mujeres j\u00f3venes de 15 departamentos del pa\u00eds\u201d.<\/p>\n<p style=\"text-align: justify;\">\u201cEs imperativo amplificar y potencializar las demandas de las mujeres j\u00f3venes sin distinci\u00f3n de condici\u00f3n social, identidad de g\u00e9nero, diversidad sexual y \u00e9tnica. La mujeres luchamos contra la emergencia clim\u00e1tica, pero enfrentamos sus peores impactos y los del patriarcado\u201d manifest\u00f3 Xiomara Acevedo.<\/p>\n","protected":false},"excerpt":{"rendered":"<p>El pasado 29 de marzo de manera p\u00fablica Anita Zaidi, presidenta de la divisi\u00f3n de Equidad de la Fundaci\u00f3n Bill &amp; Melinda Gates, anunci\u00f3 la selecci\u00f3n de 10 organizaciones de j\u00f3venes a nivel mundial en la convocatoria \u00a0Generation Iquality Youth Grantees. Estas organizaciones recibir\u00e1n apoyo econ\u00f3mico para implementar un proyecto que apoye la incidencia y [&hellip;]<\/p>\n","protected":false},"author":1,"featured_media":51524,"comment_status":"open","ping_status":"open","sticky":false,"template":"","format":"standard","meta":{"footnotes":""},"categories":[94],"tags":[],"class_list":["post-51520","post","type-post","status-publish","format-standard","has-post-thumbnail","hentry","category-nacional-global-2"],"yoast_head":"<!-- This site is optimized with the Yoast SEO plugin v27.1.1 - https:\/\/yoast.com\/product\/yoast-seo-wordpress\/ -->\n<title>La Fundaci\u00f3n Barranquilla+20 fue seleccionada en la convocatoria mundial de Generaci\u00f3n Igualdad. | P\u00e1gina10<\/title>\n<meta name=\"robots\" content=\"index, follow, max-snippet:-1, max-image-preview:large, max-video-preview:-1\" \/>\n<link rel=\"canonical\" href=\"https:\/\/pagina10.com\/web\/la-fundacion-barranquilla20-fue-seleccionada-en-la-convocatoria-mundial-de-generacion-igualdad\/\" \/>\n<meta property=\"og:locale\" content=\"es_ES\" \/>\n<meta property=\"og:type\" content=\"article\" \/>\n<meta property=\"og:title\" content=\"La Fundaci\u00f3n Barranquilla+20 fue seleccionada en la convocatoria mundial de Generaci\u00f3n Igualdad. | P\u00e1gina10\" \/>\n<meta property=\"og:description\" content=\"El pasado 29 de marzo de manera p\u00fablica Anita Zaidi, presidenta de la divisi\u00f3n de Equidad de la Fundaci\u00f3n Bill &amp; Melinda Gates, anunci\u00f3 la selecci\u00f3n de 10 organizaciones de j\u00f3venes a nivel mundial en la convocatoria Generation Iquality Youth Grantees. Estas organizaciones recibir\u00e1n apoyo econ\u00f3mico para implementar un proyecto que apoye la incidencia y [&hellip;]\" \/>\n<meta property=\"og:url\" content=\"https:\/\/pagina10.com\/web\/la-fundacion-barranquilla20-fue-seleccionada-en-la-convocatoria-mundial-de-generacion-igualdad\/\" \/>\n<meta property=\"og:site_name\" content=\"P\u00e1gina10\" \/>\n<meta property=\"article:publisher\" content=\"https:\/\/www.facebook.com\/pag10com\" \/>\n<meta property=\"article:published_time\" content=\"2021-04-02T23:15:57+00:00\" \/>\n<meta property=\"article:modified_time\" content=\"2021-04-02T23:18:18+00:00\" \/>\n<meta property=\"og:image\" content=\"https:\/\/pagina10.com\/web\/wp-content\/uploads\/2021\/04\/cropped-banners2-03.png\" \/>\n\t<meta property=\"og:image:width\" content=\"1180\" \/>\n\t<meta property=\"og:image:height\" content=\"492\" \/>\n\t<meta property=\"og:image:type\" content=\"image\/png\" \/>\n<meta name=\"author\" content=\"P\u00e1gina 10\" \/>\n<meta name=\"twitter:card\" content=\"summary_large_image\" \/>\n<meta name=\"twitter:creator\" content=\"@Pag10com\" \/>\n<meta name=\"twitter:site\" content=\"@Pag10com\" \/>\n<meta name=\"twitter:label1\" content=\"Escrito por\" \/>\n\t<meta name=\"twitter:data1\" content=\"P\u00e1gina 10\" \/>\n\t<meta name=\"twitter:label2\" content=\"Tiempo de lectura\" \/>\n\t<meta name=\"twitter:data2\" content=\"1 minuto\" \/>\n<script type=\"application\/ld+json\" class=\"yoast-schema-graph\">{\"@context\":\"https:\/\/schema.org\",\"@graph\":[{\"@type\":\"Article\",\"@id\":\"https:\/\/pagina10.com\/web\/la-fundacion-barranquilla20-fue-seleccionada-en-la-convocatoria-mundial-de-generacion-igualdad\/#article\",\"isPartOf\":{\"@id\":\"https:\/\/pagina10.com\/web\/la-fundacion-barranquilla20-fue-seleccionada-en-la-convocatoria-mundial-de-generacion-igualdad\/\"},\"author\":{\"name\":\"P\u00e1gina 10\",\"@id\":\"https:\/\/pagina10.com\/web\/#\/schema\/person\/2efc4a090d25b667d3bc796798a3a81b\"},\"headline\":\"La Fundaci\u00f3n Barranquilla+20 fue seleccionada en la convocatoria mundial de Generaci\u00f3n Igualdad.\",\"datePublished\":\"2021-04-02T23:15:57+00:00\",\"dateModified\":\"2021-04-02T23:18:18+00:00\",\"mainEntityOfPage\":{\"@id\":\"https:\/\/pagina10.com\/web\/la-fundacion-barranquilla20-fue-seleccionada-en-la-convocatoria-mundial-de-generacion-igualdad\/\"},\"wordCount\":253,\"commentCount\":0,\"publisher\":{\"@id\":\"https:\/\/pagina10.com\/web\/#organization\"},\"image\":{\"@id\":\"https:\/\/pagina10.com\/web\/la-fundacion-barranquilla20-fue-seleccionada-en-la-convocatoria-mundial-de-generacion-igualdad\/#primaryimage\"},\"thumbnailUrl\":\"https:\/\/pagina10.com\/web\/wp-content\/uploads\/2021\/04\/cropped-banners2-03.png\",\"articleSection\":[\"Nacional\"],\"inLanguage\":\"es\",\"potentialAction\":[{\"@type\":\"CommentAction\",\"name\":\"Comment\",\"target\":[\"https:\/\/pagina10.com\/web\/la-fundacion-barranquilla20-fue-seleccionada-en-la-convocatoria-mundial-de-generacion-igualdad\/#respond\"]}]},{\"@type\":\"WebPage\",\"@id\":\"https:\/\/pagina10.com\/web\/la-fundacion-barranquilla20-fue-seleccionada-en-la-convocatoria-mundial-de-generacion-igualdad\/\",\"url\":\"https:\/\/pagina10.com\/web\/la-fundacion-barranquilla20-fue-seleccionada-en-la-convocatoria-mundial-de-generacion-igualdad\/\",\"name\":\"La Fundaci\u00f3n Barranquilla+20 fue seleccionada en la convocatoria mundial de Generaci\u00f3n Igualdad. | P\u00e1gina10\",\"isPartOf\":{\"@id\":\"https:\/\/pagina10.com\/web\/#website\"},\"primaryImageOfPage\":{\"@id\":\"https:\/\/pagina10.com\/web\/la-fundacion-barranquilla20-fue-seleccionada-en-la-convocatoria-mundial-de-generacion-igualdad\/#primaryimage\"},\"image\":{\"@id\":\"https:\/\/pagina10.com\/web\/la-fundacion-barranquilla20-fue-seleccionada-en-la-convocatoria-mundial-de-generacion-igualdad\/#primaryimage\"},\"thumbnailUrl\":\"https:\/\/pagina10.com\/web\/wp-content\/uploads\/2021\/04\/cropped-banners2-03.png\",\"datePublished\":\"2021-04-02T23:15:57+00:00\",\"dateModified\":\"2021-04-02T23:18:18+00:00\",\"breadcrumb\":{\"@id\":\"https:\/\/pagina10.com\/web\/la-fundacion-barranquilla20-fue-seleccionada-en-la-convocatoria-mundial-de-generacion-igualdad\/#breadcrumb\"},\"inLanguage\":\"es\",\"potentialAction\":[{\"@type\":\"ReadAction\",\"target\":[\"https:\/\/pagina10.com\/web\/la-fundacion-barranquilla20-fue-seleccionada-en-la-convocatoria-mundial-de-generacion-igualdad\/\"]}]},{\"@type\":\"ImageObject\",\"inLanguage\":\"es\",\"@id\":\"https:\/\/pagina10.com\/web\/la-fundacion-barranquilla20-fue-seleccionada-en-la-convocatoria-mundial-de-generacion-igualdad\/#primaryimage\",\"url\":\"https:\/\/pagina10.com\/web\/wp-content\/uploads\/2021\/04\/cropped-banners2-03.png\",\"contentUrl\":\"https:\/\/pagina10.com\/web\/wp-content\/uploads\/2021\/04\/cropped-banners2-03.png\",\"width\":1180,\"height\":492},{\"@type\":\"BreadcrumbList\",\"@id\":\"https:\/\/pagina10.com\/web\/la-fundacion-barranquilla20-fue-seleccionada-en-la-convocatoria-mundial-de-generacion-igualdad\/#breadcrumb\",\"itemListElement\":[{\"@type\":\"ListItem\",\"position\":1,\"name\":\"Portada\",\"item\":\"https:\/\/pagina10.com\/web\/\"},{\"@type\":\"ListItem\",\"position\":2,\"name\":\"La Fundaci\u00f3n Barranquilla+20 fue seleccionada en la convocatoria mundial de Generaci\u00f3n Igualdad.\"}]},{\"@type\":\"WebSite\",\"@id\":\"https:\/\/pagina10.com\/web\/#website\",\"url\":\"https:\/\/pagina10.com\/web\/\",\"name\":\"P\u00e1gina10\",\"description\":\"Peri\u00f3dico Regional\",\"publisher\":{\"@id\":\"https:\/\/pagina10.com\/web\/#organization\"},\"alternateName\":\"P\u00e1gina10 Peri\u00f3dico Regional\",\"potentialAction\":[{\"@type\":\"SearchAction\",\"target\":{\"@type\":\"EntryPoint\",\"urlTemplate\":\"https:\/\/pagina10.com\/web\/?s={search_term_string}\"},\"query-input\":{\"@type\":\"PropertyValueSpecification\",\"valueRequired\":true,\"valueName\":\"search_term_string\"}}],\"inLanguage\":\"es\"},{\"@type\":\"Organization\",\"@id\":\"https:\/\/pagina10.com\/web\/#organization\",\"name\":\"P\u00e1gina10\",\"alternateName\":\"P\u00e1gina10 Peri\u00f3dico Regional\",\"url\":\"https:\/\/pagina10.com\/web\/\",\"logo\":{\"@type\":\"ImageObject\",\"inLanguage\":\"es\",\"@id\":\"https:\/\/pagina10.com\/web\/#\/schema\/logo\/image\/\",\"url\":\"https:\/\/pagina10.com\/web\/wp-content\/uploads\/2024\/01\/40-pagina-10-periodico-regional-pasto.jpg\",\"contentUrl\":\"https:\/\/pagina10.com\/web\/wp-content\/uploads\/2024\/01\/40-pagina-10-periodico-regional-pasto.jpg\",\"width\":1280,\"height\":720,\"caption\":\"P\u00e1gina10\"},\"image\":{\"@id\":\"https:\/\/pagina10.com\/web\/#\/schema\/logo\/image\/\"},\"sameAs\":[\"https:\/\/www.facebook.com\/pag10com\",\"https:\/\/x.com\/Pag10com\",\"https:\/\/www.instagram.com\/pagina10col\/\",\"https:\/\/youtube.com\/channel\/pag10\",\"https:\/\/www.tiktok.com\/@p10col\"]},{\"@type\":\"Person\",\"@id\":\"https:\/\/pagina10.com\/web\/#\/schema\/person\/2efc4a090d25b667d3bc796798a3a81b\",\"name\":\"P\u00e1gina 10\",\"description\":\"P\u00e1gina 10 es un peri\u00f3dico regional que nace en Colombia, en el departamento de Nari\u00f1o, con un enfoque global, fundamentado en cuatro pilares esenciales: la libertad, el pluralismo, la inclusi\u00f3n y la independencia. P\u00e1gina 10 hace referencia a Nari\u00f1o como el d\u00e9cimo departamento creado en Colombia, despu\u00e9s de un proceso pol\u00edtico liderado por actores y actrices regionales con el fin de obtener la independencia y autonom\u00eda de nuestros territorios. Con la creaci\u00f3n de P\u00e1gina 10 se pretende abrir un escenario para el dialogo, la reflexi\u00f3n y el debate que se extienda a otras geograf\u00edas de Am\u00e9rica Latina y del planeta, en una apuesta por transformar colectivamente los desaf\u00edos de un mundo contempor\u00e1neo, m\u00e1s all\u00e1 de las fronteras impuestas.\",\"url\":\"https:\/\/pagina10.com\/web\/author\/pdiezadmin\/\"}]}<\/script>\n<!-- \/ Yoast SEO plugin. -->","yoast_head_json":{"title":"La Fundaci\u00f3n Barranquilla+20 fue seleccionada en la convocatoria mundial de Generaci\u00f3n Igualdad. | P\u00e1gina10","robots":{"index":"index","follow":"follow","max-snippet":"max-snippet:-1","max-image-preview":"max-image-preview:large","max-video-preview":"max-video-preview:-1"},"canonical":"https:\/\/pagina10.com\/web\/la-fundacion-barranquilla20-fue-seleccionada-en-la-convocatoria-mundial-de-generacion-igualdad\/","og_locale":"es_ES","og_type":"article","og_title":"La Fundaci\u00f3n Barranquilla+20 fue seleccionada en la convocatoria mundial de Generaci\u00f3n Igualdad. | P\u00e1gina10","og_description":"El pasado 29 de marzo de manera p\u00fablica Anita Zaidi, presidenta de la divisi\u00f3n de Equidad de la Fundaci\u00f3n Bill &amp; Melinda Gates, anunci\u00f3 la selecci\u00f3n de 10 organizaciones de j\u00f3venes a nivel mundial en la convocatoria Generation Iquality Youth Grantees. Estas organizaciones recibir\u00e1n apoyo econ\u00f3mico para implementar un proyecto que apoye la incidencia y [&hellip;]","og_url":"https:\/\/pagina10.com\/web\/la-fundacion-barranquilla20-fue-seleccionada-en-la-convocatoria-mundial-de-generacion-igualdad\/","og_site_name":"P\u00e1gina10","article_publisher":"https:\/\/www.facebook.com\/pag10com","article_published_time":"2021-04-02T23:15:57+00:00","article_modified_time":"2021-04-02T23:18:18+00:00","og_image":[{"width":1180,"height":492,"url":"https:\/\/pagina10.com\/web\/wp-content\/uploads\/2021\/04\/cropped-banners2-03.png","type":"image\/png"}],"author":"P\u00e1gina 10","twitter_card":"summary_large_image","twitter_creator":"@Pag10com","twitter_site":"@Pag10com","twitter_misc":{"Escrito por":"P\u00e1gina 10","Tiempo de lectura":"1 minuto"},"schema":{"@context":"https:\/\/schema.org","@graph":[{"@type":"Article","@id":"https:\/\/pagina10.com\/web\/la-fundacion-barranquilla20-fue-seleccionada-en-la-convocatoria-mundial-de-generacion-igualdad\/#article","isPartOf":{"@id":"https:\/\/pagina10.com\/web\/la-fundacion-barranquilla20-fue-seleccionada-en-la-convocatoria-mundial-de-generacion-igualdad\/"},"author":{"name":"P\u00e1gina 10","@id":"https:\/\/pagina10.com\/web\/#\/schema\/person\/2efc4a090d25b667d3bc796798a3a81b"},"headline":"La Fundaci\u00f3n Barranquilla+20 fue seleccionada en la convocatoria mundial de Generaci\u00f3n Igualdad.","datePublished":"2021-04-02T23:15:57+00:00","dateModified":"2021-04-02T23:18:18+00:00","mainEntityOfPage":{"@id":"https:\/\/pagina10.com\/web\/la-fundacion-barranquilla20-fue-seleccionada-en-la-convocatoria-mundial-de-generacion-igualdad\/"},"wordCount":253,"commentCount":0,"publisher":{"@id":"https:\/\/pagina10.com\/web\/#organization"},"image":{"@id":"https:\/\/pagina10.com\/web\/la-fundacion-barranquilla20-fue-seleccionada-en-la-convocatoria-mundial-de-generacion-igualdad\/#primaryimage"},"thumbnailUrl":"https:\/\/pagina10.com\/web\/wp-content\/uploads\/2021\/04\/cropped-banners2-03.png","articleSection":["Nacional"],"inLanguage":"es","potentialAction":[{"@type":"CommentAction","name":"Comment","target":["https:\/\/pagina10.com\/web\/la-fundacion-barranquilla20-fue-seleccionada-en-la-convocatoria-mundial-de-generacion-igualdad\/#respond"]}]},{"@type":"WebPage","@id":"https:\/\/pagina10.com\/web\/la-fundacion-barranquilla20-fue-seleccionada-en-la-convocatoria-mundial-de-generacion-igualdad\/","url":"https:\/\/pagina10.com\/web\/la-fundacion-barranquilla20-fue-seleccionada-en-la-convocatoria-mundial-de-generacion-igualdad\/","name":"La Fundaci\u00f3n Barranquilla+20 fue seleccionada en la convocatoria mundial de Generaci\u00f3n Igualdad. | P\u00e1gina10","isPartOf":{"@id":"https:\/\/pagina10.com\/web\/#website"},"primaryImageOfPage":{"@id":"https:\/\/pagina10.com\/web\/la-fundacion-barranquilla20-fue-seleccionada-en-la-convocatoria-mundial-de-generacion-igualdad\/#primaryimage"},"image":{"@id":"https:\/\/pagina10.com\/web\/la-fundacion-barranquilla20-fue-seleccionada-en-la-convocatoria-mundial-de-generacion-igualdad\/#primaryimage"},"thumbnailUrl":"https:\/\/pagina10.com\/web\/wp-content\/uploads\/2021\/04\/cropped-banners2-03.png","datePublished":"2021-04-02T23:15:57+00:00","dateModified":"2021-04-02T23:18:18+00:00","breadcrumb":{"@id":"https:\/\/pagina10.com\/web\/la-fundacion-barranquilla20-fue-seleccionada-en-la-convocatoria-mundial-de-generacion-igualdad\/#breadcrumb"},"inLanguage":"es","potentialAction":[{"@type":"ReadAction","target":["https:\/\/pagina10.com\/web\/la-fundacion-barranquilla20-fue-seleccionada-en-la-convocatoria-mundial-de-generacion-igualdad\/"]}]},{"@type":"ImageObject","inLanguage":"es","@id":"https:\/\/pagina10.com\/web\/la-fundacion-barranquilla20-fue-seleccionada-en-la-convocatoria-mundial-de-generacion-igualdad\/#primaryimage","url":"https:\/\/pagina10.com\/web\/wp-content\/uploads\/2021\/04\/cropped-banners2-03.png","contentUrl":"https:\/\/pagina10.com\/web\/wp-content\/uploads\/2021\/04\/cropped-banners2-03.png","width":1180,"height":492},{"@type":"BreadcrumbList","@id":"https:\/\/pagina10.com\/web\/la-fundacion-barranquilla20-fue-seleccionada-en-la-convocatoria-mundial-de-generacion-igualdad\/#breadcrumb","itemListElement":[{"@type":"ListItem","position":1,"name":"Portada","item":"https:\/\/pagina10.com\/web\/"},{"@type":"ListItem","position":2,"name":"La Fundaci\u00f3n Barranquilla+20 fue seleccionada en la convocatoria mundial de Generaci\u00f3n Igualdad."}]},{"@type":"WebSite","@id":"https:\/\/pagina10.com\/web\/#website","url":"https:\/\/pagina10.com\/web\/","name":"P\u00e1gina10","description":"Peri\u00f3dico Regional","publisher":{"@id":"https:\/\/pagina10.com\/web\/#organization"},"alternateName":"P\u00e1gina10 Peri\u00f3dico Regional","potentialAction":[{"@type":"SearchAction","target":{"@type":"EntryPoint","urlTemplate":"https:\/\/pagina10.com\/web\/?s={search_term_string}"},"query-input":{"@type":"PropertyValueSpecification","valueRequired":true,"valueName":"search_term_string"}}],"inLanguage":"es"},{"@type":"Organization","@id":"https:\/\/pagina10.com\/web\/#organization","name":"P\u00e1gina10","alternateName":"P\u00e1gina10 Peri\u00f3dico Regional","url":"https:\/\/pagina10.com\/web\/","logo":{"@type":"ImageObject","inLanguage":"es","@id":"https:\/\/pagina10.com\/web\/#\/schema\/logo\/image\/","url":"https:\/\/pagina10.com\/web\/wp-content\/uploads\/2024\/01\/40-pagina-10-periodico-regional-pasto.jpg","contentUrl":"https:\/\/pagina10.com\/web\/wp-content\/uploads\/2024\/01\/40-pagina-10-periodico-regional-pasto.jpg","width":1280,"height":720,"caption":"P\u00e1gina10"},"image":{"@id":"https:\/\/pagina10.com\/web\/#\/schema\/logo\/image\/"},"sameAs":["https:\/\/www.facebook.com\/pag10com","https:\/\/x.com\/Pag10com","https:\/\/www.instagram.com\/pagina10col\/","https:\/\/youtube.com\/channel\/pag10","https:\/\/www.tiktok.com\/@p10col"]},{"@type":"Person","@id":"https:\/\/pagina10.com\/web\/#\/schema\/person\/2efc4a090d25b667d3bc796798a3a81b","name":"P\u00e1gina 10","description":"P\u00e1gina 10 es un peri\u00f3dico regional que nace en Colombia, en el departamento de Nari\u00f1o, con un enfoque global, fundamentado en cuatro pilares esenciales: la libertad, el pluralismo, la inclusi\u00f3n y la independencia. P\u00e1gina 10 hace referencia a Nari\u00f1o como el d\u00e9cimo departamento creado en Colombia, despu\u00e9s de un proceso pol\u00edtico liderado por actores y actrices regionales con el fin de obtener la independencia y autonom\u00eda de nuestros territorios. Con la creaci\u00f3n de P\u00e1gina 10 se pretende abrir un escenario para el dialogo, la reflexi\u00f3n y el debate que se extienda a otras geograf\u00edas de Am\u00e9rica Latina y del planeta, en una apuesta por transformar colectivamente los desaf\u00edos de un mundo contempor\u00e1neo, m\u00e1s all\u00e1 de las fronteras impuestas.","url":"https:\/\/pagina10.com\/web\/author\/pdiezadmin\/"}]}},"_links":{"self":[{"href":"https:\/\/pagina10.com\/web\/wp-json\/wp\/v2\/posts\/51520","targetHints":{"allow":["GET"]}}],"collection":[{"href":"https:\/\/pagina10.com\/web\/wp-json\/wp\/v2\/posts"}],"about":[{"href":"https:\/\/pagina10.com\/web\/wp-json\/wp\/v2\/types\/post"}],"author":[{"embeddable":true,"href":"https:\/\/pagina10.com\/web\/wp-json\/wp\/v2\/users\/1"}],"replies":[{"embeddable":true,"href":"https:\/\/pagina10.com\/web\/wp-json\/wp\/v2\/comments?post=51520"}],"version-history":[{"count":1,"href":"https:\/\/pagina10.com\/web\/wp-json\/wp\/v2\/posts\/51520\/revisions"}],"predecessor-version":[{"id":51522,"href":"https:\/\/pagina10.com\/web\/wp-json\/wp\/v2\/posts\/51520\/revisions\/51522"}],"wp:featuredmedia":[{"embeddable":true,"href":"https:\/\/pagina10.com\/web\/wp-json\/wp\/v2\/media\/51524"}],"wp:attachment":[{"href":"https:\/\/pagina10.com\/web\/wp-json\/wp\/v2\/media?parent=51520"}],"wp:term":[{"taxonomy":"category","embeddable":true,"href":"https:\/\/pagina10.com\/web\/wp-json\/wp\/v2\/categories?post=51520"},{"taxonomy":"post_tag","embeddable":true,"href":"https:\/\/pagina10.com\/web\/wp-json\/wp\/v2\/tags?post=51520"}],"curies":[{"name":"wp","href":"https:\/\/api.w.org\/{rel}","templated":true}]}}