{"id":51529,"date":"2021-04-03T14:18:01","date_gmt":"2021-04-03T19:18:01","guid":{"rendered":"https:\/\/pagina10.com\/web\/?p=51529"},"modified":"2021-04-03T14:18:01","modified_gmt":"2021-04-03T19:18:01","slug":"magistrado-del-cne-denuncia-intervencion-del-gobierno-y-del-registrador-en-eleccion-del-presidente-de-la-entidad","status":"publish","type":"post","link":"https:\/\/pagina10.com\/web\/magistrado-del-cne-denuncia-intervencion-del-gobierno-y-del-registrador-en-eleccion-del-presidente-de-la-entidad\/","title":{"rendered":"Magistrado del CNE denuncia intervenci\u00f3n del gobierno y del registrador en elecci\u00f3n del presidente de la entidad."},"content":{"rendered":"<p style=\"text-align: justify;\">Jorge Enrique Rozo, magistrado del Consejo Nacional Electoral, denunci\u00f3 que el CNE est\u00e1 siendo v\u00edctima de intervenci\u00f3n a su autonom\u00eda por parte del gobierno nacional.<\/p>\n<p style=\"text-align: justify;\">En dialogo con Noticias Caracol manifest\u00f3 que \u00e9l ten\u00eda las pruebas para se\u00f1alar que \u201cel registrador Alexander Vega y el gobierno le est\u00e1n metiendo la mano a la elecci\u00f3n del nuevo presidente del Consejo Nacional Electoral\u201d. \u00a0\u201cEl instrumento del Gobierno nacional es el registrador para que pueda entorpecer como entorpeci\u00f3 la elecci\u00f3n del presidente del CNE y tener un presidente de bolsillo que ellos lo puedan manejar, que ellos puedan orientar\u201d expres\u00f3 el magistrado Rozo.<\/p>\n<p style=\"text-align: justify;\">De acuerdo al medio de comunicaci\u00f3n, Rozo revel\u00f3 que \u201cel registrador Vega supuestamente llam\u00f3 al Ministro del Interior, Daniel Palacios, para que este alineara a los dos magistrados del Centro Democr\u00e1tico con el fin de que no votaran por Rozo y que adem\u00e1s hizo lo propio con el magistrado del Partido Liberal\u201d.<\/p>\n<p style=\"text-align: justify;\">Varios magistrados del CNE consultados por el noticiero confirmaron la informaci\u00f3n del magistrado Rozo, pues p\u00fablicamente la ventil\u00f3 el magistrado Almanza y otros funcionarios ratificaron que presenciaron la llamada de Vega al Ministro Palacios. Es m\u00e1s aunque no quisieron hablar en c\u00e1mara eso magistrados se\u00f1alaron que hubo varias reuniones con el Registrador sobre el asunto y que en una de ellas Vega les dijo que ni \u00e9l ni el gobierno quer\u00edan a Rozo como presidente del Tribunal Electoral.<\/p>\n<p style=\"text-align: justify;\">Por otra parte, tambi\u00e9n fue entrevistada la directora de la Misi\u00f3n de Observaci\u00f3n Electoral, Alejandra Barrios, quien al respecto de las denuncias del magistrado se\u00f1al\u00f3 que \u201cera absolutamente lamentable que cualquier tipo de intervenci\u00f3n, donde rumores de intervenci\u00f3n, terminen generando el efecto que ya hay en Consejo Nacional Electoral y es que no se ha podido elegir un nuevo presidente o presidenta y ser\u00eda una tristeza que por estar definiendo intereses pol\u00edticos con miras a las pr\u00f3ximas elecciones tengamos una autoridad electoral que quede debilitada, con falta de credibilidad pero sobre todo rota por dentro\u201d<\/p>\n<p style=\"text-align: justify;\">Agreg\u00f3 finalmente que es grave que el Consejo Nacional Electoral sea sujeto de esas presiones, y que ese tema se debe poner sobre la mesa \u201cpara que el Consejo Nacional Electoral pueda resistir cualquier tipo de interferencia externa y que pueda mantener como autoridad electoral su independencia y neutralidad en las pr\u00f3ximas elecciones\u201d.<\/p>\n","protected":false},"excerpt":{"rendered":"<p>Jorge Enrique Rozo, magistrado del Consejo Nacional Electoral, denunci\u00f3 que el CNE est\u00e1 siendo v\u00edctima de intervenci\u00f3n a su autonom\u00eda por parte del gobierno nacional. En dialogo con Noticias Caracol manifest\u00f3 que \u00e9l ten\u00eda las pruebas para se\u00f1alar que \u201cel registrador Alexander Vega y el gobierno le est\u00e1n metiendo la mano a la elecci\u00f3n del [&hellip;]<\/p>\n","protected":false},"author":1,"featured_media":51530,"comment_status":"open","ping_status":"open","sticky":false,"template":"","format":"standard","meta":{"footnotes":""},"categories":[94],"tags":[],"class_list":["post-51529","post","type-post","status-publish","format-standard","has-post-thumbnail","hentry","category-nacional-global-2"],"yoast_head":"<!-- This site is optimized with the Yoast SEO plugin v27.1.1 - https:\/\/yoast.com\/product\/yoast-seo-wordpress\/ -->\n<title>Magistrado del CNE denuncia intervenci\u00f3n del gobierno y del registrador en elecci\u00f3n del presidente de la entidad. | P\u00e1gina10<\/title>\n<meta name=\"robots\" content=\"index, follow, max-snippet:-1, max-image-preview:large, max-video-preview:-1\" \/>\n<link rel=\"canonical\" href=\"https:\/\/pagina10.com\/web\/magistrado-del-cne-denuncia-intervencion-del-gobierno-y-del-registrador-en-eleccion-del-presidente-de-la-entidad\/\" \/>\n<meta property=\"og:locale\" content=\"es_ES\" \/>\n<meta property=\"og:type\" content=\"article\" \/>\n<meta property=\"og:title\" content=\"Magistrado del CNE denuncia intervenci\u00f3n del gobierno y del registrador en elecci\u00f3n del presidente de la entidad. | P\u00e1gina10\" \/>\n<meta property=\"og:description\" content=\"Jorge Enrique Rozo, magistrado del Consejo Nacional Electoral, denunci\u00f3 que el CNE est\u00e1 siendo v\u00edctima de intervenci\u00f3n a su autonom\u00eda por parte del gobierno nacional. En dialogo con Noticias Caracol manifest\u00f3 que \u00e9l ten\u00eda las pruebas para se\u00f1alar que \u201cel registrador Alexander Vega y el gobierno le est\u00e1n metiendo la mano a la elecci\u00f3n del [&hellip;]\" \/>\n<meta property=\"og:url\" content=\"https:\/\/pagina10.com\/web\/magistrado-del-cne-denuncia-intervencion-del-gobierno-y-del-registrador-en-eleccion-del-presidente-de-la-entidad\/\" \/>\n<meta property=\"og:site_name\" content=\"P\u00e1gina10\" \/>\n<meta property=\"article:publisher\" content=\"https:\/\/www.facebook.com\/pag10com\" \/>\n<meta property=\"article:published_time\" content=\"2021-04-03T19:18:01+00:00\" \/>\n<meta property=\"og:image\" content=\"https:\/\/pagina10.com\/web\/wp-content\/uploads\/2021\/04\/WSIZ33CSEBD6HJOE3GDKVJZ3JM.jpg\" \/>\n\t<meta property=\"og:image:width\" content=\"960\" \/>\n\t<meta property=\"og:image:height\" content=\"450\" \/>\n\t<meta property=\"og:image:type\" content=\"image\/jpeg\" \/>\n<meta name=\"author\" content=\"P\u00e1gina 10\" \/>\n<meta name=\"twitter:card\" content=\"summary_large_image\" \/>\n<meta name=\"twitter:creator\" content=\"@Pag10com\" \/>\n<meta name=\"twitter:site\" content=\"@Pag10com\" \/>\n<meta name=\"twitter:label1\" content=\"Escrito por\" \/>\n\t<meta name=\"twitter:data1\" content=\"P\u00e1gina 10\" \/>\n\t<meta name=\"twitter:label2\" content=\"Tiempo de lectura\" \/>\n\t<meta name=\"twitter:data2\" content=\"2 minutos\" \/>\n<script type=\"application\/ld+json\" class=\"yoast-schema-graph\">{\"@context\":\"https:\/\/schema.org\",\"@graph\":[{\"@type\":\"Article\",\"@id\":\"https:\/\/pagina10.com\/web\/magistrado-del-cne-denuncia-intervencion-del-gobierno-y-del-registrador-en-eleccion-del-presidente-de-la-entidad\/#article\",\"isPartOf\":{\"@id\":\"https:\/\/pagina10.com\/web\/magistrado-del-cne-denuncia-intervencion-del-gobierno-y-del-registrador-en-eleccion-del-presidente-de-la-entidad\/\"},\"author\":{\"name\":\"P\u00e1gina 10\",\"@id\":\"https:\/\/pagina10.com\/web\/#\/schema\/person\/2efc4a090d25b667d3bc796798a3a81b\"},\"headline\":\"Magistrado del CNE denuncia intervenci\u00f3n del gobierno y del registrador en elecci\u00f3n del presidente de la entidad.\",\"datePublished\":\"2021-04-03T19:18:01+00:00\",\"mainEntityOfPage\":{\"@id\":\"https:\/\/pagina10.com\/web\/magistrado-del-cne-denuncia-intervencion-del-gobierno-y-del-registrador-en-eleccion-del-presidente-de-la-entidad\/\"},\"wordCount\":424,\"commentCount\":0,\"publisher\":{\"@id\":\"https:\/\/pagina10.com\/web\/#organization\"},\"image\":{\"@id\":\"https:\/\/pagina10.com\/web\/magistrado-del-cne-denuncia-intervencion-del-gobierno-y-del-registrador-en-eleccion-del-presidente-de-la-entidad\/#primaryimage\"},\"thumbnailUrl\":\"https:\/\/pagina10.com\/web\/wp-content\/uploads\/2021\/04\/WSIZ33CSEBD6HJOE3GDKVJZ3JM.jpg\",\"articleSection\":[\"Nacional\"],\"inLanguage\":\"es\",\"potentialAction\":[{\"@type\":\"CommentAction\",\"name\":\"Comment\",\"target\":[\"https:\/\/pagina10.com\/web\/magistrado-del-cne-denuncia-intervencion-del-gobierno-y-del-registrador-en-eleccion-del-presidente-de-la-entidad\/#respond\"]}]},{\"@type\":\"WebPage\",\"@id\":\"https:\/\/pagina10.com\/web\/magistrado-del-cne-denuncia-intervencion-del-gobierno-y-del-registrador-en-eleccion-del-presidente-de-la-entidad\/\",\"url\":\"https:\/\/pagina10.com\/web\/magistrado-del-cne-denuncia-intervencion-del-gobierno-y-del-registrador-en-eleccion-del-presidente-de-la-entidad\/\",\"name\":\"Magistrado del CNE denuncia intervenci\u00f3n del gobierno y del registrador en elecci\u00f3n del presidente de la entidad. | P\u00e1gina10\",\"isPartOf\":{\"@id\":\"https:\/\/pagina10.com\/web\/#website\"},\"primaryImageOfPage\":{\"@id\":\"https:\/\/pagina10.com\/web\/magistrado-del-cne-denuncia-intervencion-del-gobierno-y-del-registrador-en-eleccion-del-presidente-de-la-entidad\/#primaryimage\"},\"image\":{\"@id\":\"https:\/\/pagina10.com\/web\/magistrado-del-cne-denuncia-intervencion-del-gobierno-y-del-registrador-en-eleccion-del-presidente-de-la-entidad\/#primaryimage\"},\"thumbnailUrl\":\"https:\/\/pagina10.com\/web\/wp-content\/uploads\/2021\/04\/WSIZ33CSEBD6HJOE3GDKVJZ3JM.jpg\",\"datePublished\":\"2021-04-03T19:18:01+00:00\",\"breadcrumb\":{\"@id\":\"https:\/\/pagina10.com\/web\/magistrado-del-cne-denuncia-intervencion-del-gobierno-y-del-registrador-en-eleccion-del-presidente-de-la-entidad\/#breadcrumb\"},\"inLanguage\":\"es\",\"potentialAction\":[{\"@type\":\"ReadAction\",\"target\":[\"https:\/\/pagina10.com\/web\/magistrado-del-cne-denuncia-intervencion-del-gobierno-y-del-registrador-en-eleccion-del-presidente-de-la-entidad\/\"]}]},{\"@type\":\"ImageObject\",\"inLanguage\":\"es\",\"@id\":\"https:\/\/pagina10.com\/web\/magistrado-del-cne-denuncia-intervencion-del-gobierno-y-del-registrador-en-eleccion-del-presidente-de-la-entidad\/#primaryimage\",\"url\":\"https:\/\/pagina10.com\/web\/wp-content\/uploads\/2021\/04\/WSIZ33CSEBD6HJOE3GDKVJZ3JM.jpg\",\"contentUrl\":\"https:\/\/pagina10.com\/web\/wp-content\/uploads\/2021\/04\/WSIZ33CSEBD6HJOE3GDKVJZ3JM.jpg\",\"width\":960,\"height\":450},{\"@type\":\"BreadcrumbList\",\"@id\":\"https:\/\/pagina10.com\/web\/magistrado-del-cne-denuncia-intervencion-del-gobierno-y-del-registrador-en-eleccion-del-presidente-de-la-entidad\/#breadcrumb\",\"itemListElement\":[{\"@type\":\"ListItem\",\"position\":1,\"name\":\"Portada\",\"item\":\"https:\/\/pagina10.com\/web\/\"},{\"@type\":\"ListItem\",\"position\":2,\"name\":\"Magistrado del CNE denuncia intervenci\u00f3n del gobierno y del registrador en elecci\u00f3n del presidente de la entidad.\"}]},{\"@type\":\"WebSite\",\"@id\":\"https:\/\/pagina10.com\/web\/#website\",\"url\":\"https:\/\/pagina10.com\/web\/\",\"name\":\"P\u00e1gina10\",\"description\":\"Peri\u00f3dico Regional\",\"publisher\":{\"@id\":\"https:\/\/pagina10.com\/web\/#organization\"},\"alternateName\":\"P\u00e1gina10 Peri\u00f3dico Regional\",\"potentialAction\":[{\"@type\":\"SearchAction\",\"target\":{\"@type\":\"EntryPoint\",\"urlTemplate\":\"https:\/\/pagina10.com\/web\/?s={search_term_string}\"},\"query-input\":{\"@type\":\"PropertyValueSpecification\",\"valueRequired\":true,\"valueName\":\"search_term_string\"}}],\"inLanguage\":\"es\"},{\"@type\":\"Organization\",\"@id\":\"https:\/\/pagina10.com\/web\/#organization\",\"name\":\"P\u00e1gina10\",\"alternateName\":\"P\u00e1gina10 Peri\u00f3dico Regional\",\"url\":\"https:\/\/pagina10.com\/web\/\",\"logo\":{\"@type\":\"ImageObject\",\"inLanguage\":\"es\",\"@id\":\"https:\/\/pagina10.com\/web\/#\/schema\/logo\/image\/\",\"url\":\"https:\/\/pagina10.com\/web\/wp-content\/uploads\/2024\/01\/40-pagina-10-periodico-regional-pasto.jpg\",\"contentUrl\":\"https:\/\/pagina10.com\/web\/wp-content\/uploads\/2024\/01\/40-pagina-10-periodico-regional-pasto.jpg\",\"width\":1280,\"height\":720,\"caption\":\"P\u00e1gina10\"},\"image\":{\"@id\":\"https:\/\/pagina10.com\/web\/#\/schema\/logo\/image\/\"},\"sameAs\":[\"https:\/\/www.facebook.com\/pag10com\",\"https:\/\/x.com\/Pag10com\",\"https:\/\/www.instagram.com\/pagina10col\/\",\"https:\/\/youtube.com\/channel\/pag10\",\"https:\/\/www.tiktok.com\/@p10col\"]},{\"@type\":\"Person\",\"@id\":\"https:\/\/pagina10.com\/web\/#\/schema\/person\/2efc4a090d25b667d3bc796798a3a81b\",\"name\":\"P\u00e1gina 10\",\"description\":\"P\u00e1gina 10 es un peri\u00f3dico regional que nace en Colombia, en el departamento de Nari\u00f1o, con un enfoque global, fundamentado en cuatro pilares esenciales: la libertad, el pluralismo, la inclusi\u00f3n y la independencia. P\u00e1gina 10 hace referencia a Nari\u00f1o como el d\u00e9cimo departamento creado en Colombia, despu\u00e9s de un proceso pol\u00edtico liderado por actores y actrices regionales con el fin de obtener la independencia y autonom\u00eda de nuestros territorios. Con la creaci\u00f3n de P\u00e1gina 10 se pretende abrir un escenario para el dialogo, la reflexi\u00f3n y el debate que se extienda a otras geograf\u00edas de Am\u00e9rica Latina y del planeta, en una apuesta por transformar colectivamente los desaf\u00edos de un mundo contempor\u00e1neo, m\u00e1s all\u00e1 de las fronteras impuestas.\",\"url\":\"https:\/\/pagina10.com\/web\/author\/pdiezadmin\/\"}]}<\/script>\n<!-- \/ Yoast SEO plugin. -->","yoast_head_json":{"title":"Magistrado del CNE denuncia intervenci\u00f3n del gobierno y del registrador en elecci\u00f3n del presidente de la entidad. | P\u00e1gina10","robots":{"index":"index","follow":"follow","max-snippet":"max-snippet:-1","max-image-preview":"max-image-preview:large","max-video-preview":"max-video-preview:-1"},"canonical":"https:\/\/pagina10.com\/web\/magistrado-del-cne-denuncia-intervencion-del-gobierno-y-del-registrador-en-eleccion-del-presidente-de-la-entidad\/","og_locale":"es_ES","og_type":"article","og_title":"Magistrado del CNE denuncia intervenci\u00f3n del gobierno y del registrador en elecci\u00f3n del presidente de la entidad. | P\u00e1gina10","og_description":"Jorge Enrique Rozo, magistrado del Consejo Nacional Electoral, denunci\u00f3 que el CNE est\u00e1 siendo v\u00edctima de intervenci\u00f3n a su autonom\u00eda por parte del gobierno nacional. En dialogo con Noticias Caracol manifest\u00f3 que \u00e9l ten\u00eda las pruebas para se\u00f1alar que \u201cel registrador Alexander Vega y el gobierno le est\u00e1n metiendo la mano a la elecci\u00f3n del [&hellip;]","og_url":"https:\/\/pagina10.com\/web\/magistrado-del-cne-denuncia-intervencion-del-gobierno-y-del-registrador-en-eleccion-del-presidente-de-la-entidad\/","og_site_name":"P\u00e1gina10","article_publisher":"https:\/\/www.facebook.com\/pag10com","article_published_time":"2021-04-03T19:18:01+00:00","og_image":[{"width":960,"height":450,"url":"https:\/\/pagina10.com\/web\/wp-content\/uploads\/2021\/04\/WSIZ33CSEBD6HJOE3GDKVJZ3JM.jpg","type":"image\/jpeg"}],"author":"P\u00e1gina 10","twitter_card":"summary_large_image","twitter_creator":"@Pag10com","twitter_site":"@Pag10com","twitter_misc":{"Escrito por":"P\u00e1gina 10","Tiempo de lectura":"2 minutos"},"schema":{"@context":"https:\/\/schema.org","@graph":[{"@type":"Article","@id":"https:\/\/pagina10.com\/web\/magistrado-del-cne-denuncia-intervencion-del-gobierno-y-del-registrador-en-eleccion-del-presidente-de-la-entidad\/#article","isPartOf":{"@id":"https:\/\/pagina10.com\/web\/magistrado-del-cne-denuncia-intervencion-del-gobierno-y-del-registrador-en-eleccion-del-presidente-de-la-entidad\/"},"author":{"name":"P\u00e1gina 10","@id":"https:\/\/pagina10.com\/web\/#\/schema\/person\/2efc4a090d25b667d3bc796798a3a81b"},"headline":"Magistrado del CNE denuncia intervenci\u00f3n del gobierno y del registrador en elecci\u00f3n del presidente de la entidad.","datePublished":"2021-04-03T19:18:01+00:00","mainEntityOfPage":{"@id":"https:\/\/pagina10.com\/web\/magistrado-del-cne-denuncia-intervencion-del-gobierno-y-del-registrador-en-eleccion-del-presidente-de-la-entidad\/"},"wordCount":424,"commentCount":0,"publisher":{"@id":"https:\/\/pagina10.com\/web\/#organization"},"image":{"@id":"https:\/\/pagina10.com\/web\/magistrado-del-cne-denuncia-intervencion-del-gobierno-y-del-registrador-en-eleccion-del-presidente-de-la-entidad\/#primaryimage"},"thumbnailUrl":"https:\/\/pagina10.com\/web\/wp-content\/uploads\/2021\/04\/WSIZ33CSEBD6HJOE3GDKVJZ3JM.jpg","articleSection":["Nacional"],"inLanguage":"es","potentialAction":[{"@type":"CommentAction","name":"Comment","target":["https:\/\/pagina10.com\/web\/magistrado-del-cne-denuncia-intervencion-del-gobierno-y-del-registrador-en-eleccion-del-presidente-de-la-entidad\/#respond"]}]},{"@type":"WebPage","@id":"https:\/\/pagina10.com\/web\/magistrado-del-cne-denuncia-intervencion-del-gobierno-y-del-registrador-en-eleccion-del-presidente-de-la-entidad\/","url":"https:\/\/pagina10.com\/web\/magistrado-del-cne-denuncia-intervencion-del-gobierno-y-del-registrador-en-eleccion-del-presidente-de-la-entidad\/","name":"Magistrado del CNE denuncia intervenci\u00f3n del gobierno y del registrador en elecci\u00f3n del presidente de la entidad. | P\u00e1gina10","isPartOf":{"@id":"https:\/\/pagina10.com\/web\/#website"},"primaryImageOfPage":{"@id":"https:\/\/pagina10.com\/web\/magistrado-del-cne-denuncia-intervencion-del-gobierno-y-del-registrador-en-eleccion-del-presidente-de-la-entidad\/#primaryimage"},"image":{"@id":"https:\/\/pagina10.com\/web\/magistrado-del-cne-denuncia-intervencion-del-gobierno-y-del-registrador-en-eleccion-del-presidente-de-la-entidad\/#primaryimage"},"thumbnailUrl":"https:\/\/pagina10.com\/web\/wp-content\/uploads\/2021\/04\/WSIZ33CSEBD6HJOE3GDKVJZ3JM.jpg","datePublished":"2021-04-03T19:18:01+00:00","breadcrumb":{"@id":"https:\/\/pagina10.com\/web\/magistrado-del-cne-denuncia-intervencion-del-gobierno-y-del-registrador-en-eleccion-del-presidente-de-la-entidad\/#breadcrumb"},"inLanguage":"es","potentialAction":[{"@type":"ReadAction","target":["https:\/\/pagina10.com\/web\/magistrado-del-cne-denuncia-intervencion-del-gobierno-y-del-registrador-en-eleccion-del-presidente-de-la-entidad\/"]}]},{"@type":"ImageObject","inLanguage":"es","@id":"https:\/\/pagina10.com\/web\/magistrado-del-cne-denuncia-intervencion-del-gobierno-y-del-registrador-en-eleccion-del-presidente-de-la-entidad\/#primaryimage","url":"https:\/\/pagina10.com\/web\/wp-content\/uploads\/2021\/04\/WSIZ33CSEBD6HJOE3GDKVJZ3JM.jpg","contentUrl":"https:\/\/pagina10.com\/web\/wp-content\/uploads\/2021\/04\/WSIZ33CSEBD6HJOE3GDKVJZ3JM.jpg","width":960,"height":450},{"@type":"BreadcrumbList","@id":"https:\/\/pagina10.com\/web\/magistrado-del-cne-denuncia-intervencion-del-gobierno-y-del-registrador-en-eleccion-del-presidente-de-la-entidad\/#breadcrumb","itemListElement":[{"@type":"ListItem","position":1,"name":"Portada","item":"https:\/\/pagina10.com\/web\/"},{"@type":"ListItem","position":2,"name":"Magistrado del CNE denuncia intervenci\u00f3n del gobierno y del registrador en elecci\u00f3n del presidente de la entidad."}]},{"@type":"WebSite","@id":"https:\/\/pagina10.com\/web\/#website","url":"https:\/\/pagina10.com\/web\/","name":"P\u00e1gina10","description":"Peri\u00f3dico Regional","publisher":{"@id":"https:\/\/pagina10.com\/web\/#organization"},"alternateName":"P\u00e1gina10 Peri\u00f3dico Regional","potentialAction":[{"@type":"SearchAction","target":{"@type":"EntryPoint","urlTemplate":"https:\/\/pagina10.com\/web\/?s={search_term_string}"},"query-input":{"@type":"PropertyValueSpecification","valueRequired":true,"valueName":"search_term_string"}}],"inLanguage":"es"},{"@type":"Organization","@id":"https:\/\/pagina10.com\/web\/#organization","name":"P\u00e1gina10","alternateName":"P\u00e1gina10 Peri\u00f3dico Regional","url":"https:\/\/pagina10.com\/web\/","logo":{"@type":"ImageObject","inLanguage":"es","@id":"https:\/\/pagina10.com\/web\/#\/schema\/logo\/image\/","url":"https:\/\/pagina10.com\/web\/wp-content\/uploads\/2024\/01\/40-pagina-10-periodico-regional-pasto.jpg","contentUrl":"https:\/\/pagina10.com\/web\/wp-content\/uploads\/2024\/01\/40-pagina-10-periodico-regional-pasto.jpg","width":1280,"height":720,"caption":"P\u00e1gina10"},"image":{"@id":"https:\/\/pagina10.com\/web\/#\/schema\/logo\/image\/"},"sameAs":["https:\/\/www.facebook.com\/pag10com","https:\/\/x.com\/Pag10com","https:\/\/www.instagram.com\/pagina10col\/","https:\/\/youtube.com\/channel\/pag10","https:\/\/www.tiktok.com\/@p10col"]},{"@type":"Person","@id":"https:\/\/pagina10.com\/web\/#\/schema\/person\/2efc4a090d25b667d3bc796798a3a81b","name":"P\u00e1gina 10","description":"P\u00e1gina 10 es un peri\u00f3dico regional que nace en Colombia, en el departamento de Nari\u00f1o, con un enfoque global, fundamentado en cuatro pilares esenciales: la libertad, el pluralismo, la inclusi\u00f3n y la independencia. P\u00e1gina 10 hace referencia a Nari\u00f1o como el d\u00e9cimo departamento creado en Colombia, despu\u00e9s de un proceso pol\u00edtico liderado por actores y actrices regionales con el fin de obtener la independencia y autonom\u00eda de nuestros territorios. Con la creaci\u00f3n de P\u00e1gina 10 se pretende abrir un escenario para el dialogo, la reflexi\u00f3n y el debate que se extienda a otras geograf\u00edas de Am\u00e9rica Latina y del planeta, en una apuesta por transformar colectivamente los desaf\u00edos de un mundo contempor\u00e1neo, m\u00e1s all\u00e1 de las fronteras impuestas.","url":"https:\/\/pagina10.com\/web\/author\/pdiezadmin\/"}]}},"_links":{"self":[{"href":"https:\/\/pagina10.com\/web\/wp-json\/wp\/v2\/posts\/51529","targetHints":{"allow":["GET"]}}],"collection":[{"href":"https:\/\/pagina10.com\/web\/wp-json\/wp\/v2\/posts"}],"about":[{"href":"https:\/\/pagina10.com\/web\/wp-json\/wp\/v2\/types\/post"}],"author":[{"embeddable":true,"href":"https:\/\/pagina10.com\/web\/wp-json\/wp\/v2\/users\/1"}],"replies":[{"embeddable":true,"href":"https:\/\/pagina10.com\/web\/wp-json\/wp\/v2\/comments?post=51529"}],"version-history":[{"count":1,"href":"https:\/\/pagina10.com\/web\/wp-json\/wp\/v2\/posts\/51529\/revisions"}],"predecessor-version":[{"id":51531,"href":"https:\/\/pagina10.com\/web\/wp-json\/wp\/v2\/posts\/51529\/revisions\/51531"}],"wp:featuredmedia":[{"embeddable":true,"href":"https:\/\/pagina10.com\/web\/wp-json\/wp\/v2\/media\/51530"}],"wp:attachment":[{"href":"https:\/\/pagina10.com\/web\/wp-json\/wp\/v2\/media?parent=51529"}],"wp:term":[{"taxonomy":"category","embeddable":true,"href":"https:\/\/pagina10.com\/web\/wp-json\/wp\/v2\/categories?post=51529"},{"taxonomy":"post_tag","embeddable":true,"href":"https:\/\/pagina10.com\/web\/wp-json\/wp\/v2\/tags?post=51529"}],"curies":[{"name":"wp","href":"https:\/\/api.w.org\/{rel}","templated":true}]}}