{"id":51552,"date":"2021-04-04T10:37:00","date_gmt":"2021-04-04T15:37:00","guid":{"rendered":"https:\/\/pagina10.com\/web\/?p=51552"},"modified":"2021-04-04T10:37:00","modified_gmt":"2021-04-04T15:37:00","slug":"andres-arturo-perez-fue-imputado-por-agredir-y-causar-la-muerte-de-varios-perros-entre-2016-y-2018-en-pasto","status":"publish","type":"post","link":"https:\/\/pagina10.com\/web\/andres-arturo-perez-fue-imputado-por-agredir-y-causar-la-muerte-de-varios-perros-entre-2016-y-2018-en-pasto\/","title":{"rendered":"Andr\u00e9s Arturo P\u00e9rez fue imputado por agredir y causar la muerte de varios perros entre 2016 y 2018 en Pasto."},"content":{"rendered":"<p style=\"text-align: justify;\">La Fiscal\u00eda General de la Naci\u00f3n inform\u00f3 hoy de la imputaci\u00f3n impuesta a Andr\u00e9s Arturo P\u00e9rez Salas responsable de agredir y causar la muerte de varios perros entre 2016 y 2018 en Pasto, Nari\u00f1o. De acuerdo con las investigaciones adelantadas por una fiscal del Grupo Especial para la Lucha Contra el Maltrato Animal (Gelma), Andr\u00e9s P\u00e9rez albergaba en su vivienda una cantidad de caninos que recog\u00eda de la calle en el Barrio El Bosque.<\/p>\n<p style=\"text-align: justify;\">De acuerdo a la informaci\u00f3n proporcionada por los vecinos este hombre al parecer agred\u00eda a los animales cuando los sacaba a pasear y que en las noches escuchaban fuertes llantos debido al maltrato que los somet\u00eda.<\/p>\n<p style=\"text-align: justify;\">Las autoridades adelantaron diligencias de allanamiento y registro en las que encontraron a 7 perritas en malas condiciones de salud, bajo peso en heridas en su cuerpo, por eso fueron puesta a disposici\u00f3n de Centro de Bienestar Animal de la Alcald\u00eda de Pasto para su atenci\u00f3n integral y recuperaci\u00f3n.<\/p>\n<p style=\"text-align: justify;\">Al procesado le fue impuesta medida de aseguramiento no privativa de la libertad consistente en observar buena conducta.<\/p>\n","protected":false},"excerpt":{"rendered":"<p>La Fiscal\u00eda General de la Naci\u00f3n inform\u00f3 hoy de la imputaci\u00f3n impuesta a Andr\u00e9s Arturo P\u00e9rez Salas responsable de agredir y causar la muerte de varios perros entre 2016 y 2018 en Pasto, Nari\u00f1o. De acuerdo con las investigaciones adelantadas por una fiscal del Grupo Especial para la Lucha Contra el Maltrato Animal (Gelma), Andr\u00e9s [&hellip;]<\/p>\n","protected":false},"author":1,"featured_media":51553,"comment_status":"open","ping_status":"open","sticky":false,"template":"","format":"standard","meta":{"footnotes":""},"categories":[53],"tags":[],"class_list":["post-51552","post","type-post","status-publish","format-standard","has-post-thumbnail","hentry","category-regiones"],"yoast_head":"<!-- This site is optimized with the Yoast SEO plugin v27.1.1 - https:\/\/yoast.com\/product\/yoast-seo-wordpress\/ -->\n<title>Andr\u00e9s Arturo P\u00e9rez fue imputado por agredir y causar la muerte de varios perros entre 2016 y 2018 en Pasto. | P\u00e1gina10<\/title>\n<meta name=\"robots\" content=\"index, follow, max-snippet:-1, max-image-preview:large, max-video-preview:-1\" \/>\n<link rel=\"canonical\" href=\"https:\/\/pagina10.com\/web\/andres-arturo-perez-fue-imputado-por-agredir-y-causar-la-muerte-de-varios-perros-entre-2016-y-2018-en-pasto\/\" \/>\n<meta property=\"og:locale\" content=\"es_ES\" \/>\n<meta property=\"og:type\" content=\"article\" \/>\n<meta property=\"og:title\" content=\"Andr\u00e9s Arturo P\u00e9rez fue imputado por agredir y causar la muerte de varios perros entre 2016 y 2018 en Pasto. | P\u00e1gina10\" \/>\n<meta property=\"og:description\" content=\"La Fiscal\u00eda General de la Naci\u00f3n inform\u00f3 hoy de la imputaci\u00f3n impuesta a Andr\u00e9s Arturo P\u00e9rez Salas responsable de agredir y causar la muerte de varios perros entre 2016 y 2018 en Pasto, Nari\u00f1o. De acuerdo con las investigaciones adelantadas por una fiscal del Grupo Especial para la Lucha Contra el Maltrato Animal (Gelma), Andr\u00e9s [&hellip;]\" \/>\n<meta property=\"og:url\" content=\"https:\/\/pagina10.com\/web\/andres-arturo-perez-fue-imputado-por-agredir-y-causar-la-muerte-de-varios-perros-entre-2016-y-2018-en-pasto\/\" \/>\n<meta property=\"og:site_name\" content=\"P\u00e1gina10\" \/>\n<meta property=\"article:publisher\" content=\"https:\/\/www.facebook.com\/pag10com\" \/>\n<meta property=\"article:published_time\" content=\"2021-04-04T15:37:00+00:00\" \/>\n<meta property=\"og:image\" content=\"https:\/\/pagina10.com\/web\/wp-content\/uploads\/2021\/04\/maltrato.jpg\" \/>\n\t<meta property=\"og:image:width\" content=\"980\" \/>\n\t<meta property=\"og:image:height\" content=\"653\" \/>\n\t<meta property=\"og:image:type\" content=\"image\/jpeg\" \/>\n<meta name=\"author\" content=\"P\u00e1gina 10\" \/>\n<meta name=\"twitter:card\" content=\"summary_large_image\" \/>\n<meta name=\"twitter:creator\" content=\"@Pag10com\" \/>\n<meta name=\"twitter:site\" content=\"@Pag10com\" \/>\n<meta name=\"twitter:label1\" content=\"Escrito por\" \/>\n\t<meta name=\"twitter:data1\" content=\"P\u00e1gina 10\" \/>\n\t<meta name=\"twitter:label2\" content=\"Tiempo de lectura\" \/>\n\t<meta name=\"twitter:data2\" content=\"1 minuto\" \/>\n<script type=\"application\/ld+json\" class=\"yoast-schema-graph\">{\"@context\":\"https:\/\/schema.org\",\"@graph\":[{\"@type\":\"Article\",\"@id\":\"https:\/\/pagina10.com\/web\/andres-arturo-perez-fue-imputado-por-agredir-y-causar-la-muerte-de-varios-perros-entre-2016-y-2018-en-pasto\/#article\",\"isPartOf\":{\"@id\":\"https:\/\/pagina10.com\/web\/andres-arturo-perez-fue-imputado-por-agredir-y-causar-la-muerte-de-varios-perros-entre-2016-y-2018-en-pasto\/\"},\"author\":{\"name\":\"P\u00e1gina 10\",\"@id\":\"https:\/\/pagina10.com\/web\/#\/schema\/person\/2efc4a090d25b667d3bc796798a3a81b\"},\"headline\":\"Andr\u00e9s Arturo P\u00e9rez fue imputado por agredir y causar la muerte de varios perros entre 2016 y 2018 en Pasto.\",\"datePublished\":\"2021-04-04T15:37:00+00:00\",\"mainEntityOfPage\":{\"@id\":\"https:\/\/pagina10.com\/web\/andres-arturo-perez-fue-imputado-por-agredir-y-causar-la-muerte-de-varios-perros-entre-2016-y-2018-en-pasto\/\"},\"wordCount\":210,\"commentCount\":0,\"publisher\":{\"@id\":\"https:\/\/pagina10.com\/web\/#organization\"},\"image\":{\"@id\":\"https:\/\/pagina10.com\/web\/andres-arturo-perez-fue-imputado-por-agredir-y-causar-la-muerte-de-varios-perros-entre-2016-y-2018-en-pasto\/#primaryimage\"},\"thumbnailUrl\":\"https:\/\/pagina10.com\/web\/wp-content\/uploads\/2021\/04\/maltrato.jpg\",\"articleSection\":[\"Regiones\"],\"inLanguage\":\"es\",\"potentialAction\":[{\"@type\":\"CommentAction\",\"name\":\"Comment\",\"target\":[\"https:\/\/pagina10.com\/web\/andres-arturo-perez-fue-imputado-por-agredir-y-causar-la-muerte-de-varios-perros-entre-2016-y-2018-en-pasto\/#respond\"]}]},{\"@type\":\"WebPage\",\"@id\":\"https:\/\/pagina10.com\/web\/andres-arturo-perez-fue-imputado-por-agredir-y-causar-la-muerte-de-varios-perros-entre-2016-y-2018-en-pasto\/\",\"url\":\"https:\/\/pagina10.com\/web\/andres-arturo-perez-fue-imputado-por-agredir-y-causar-la-muerte-de-varios-perros-entre-2016-y-2018-en-pasto\/\",\"name\":\"Andr\u00e9s Arturo P\u00e9rez fue imputado por agredir y causar la muerte de varios perros entre 2016 y 2018 en Pasto. | P\u00e1gina10\",\"isPartOf\":{\"@id\":\"https:\/\/pagina10.com\/web\/#website\"},\"primaryImageOfPage\":{\"@id\":\"https:\/\/pagina10.com\/web\/andres-arturo-perez-fue-imputado-por-agredir-y-causar-la-muerte-de-varios-perros-entre-2016-y-2018-en-pasto\/#primaryimage\"},\"image\":{\"@id\":\"https:\/\/pagina10.com\/web\/andres-arturo-perez-fue-imputado-por-agredir-y-causar-la-muerte-de-varios-perros-entre-2016-y-2018-en-pasto\/#primaryimage\"},\"thumbnailUrl\":\"https:\/\/pagina10.com\/web\/wp-content\/uploads\/2021\/04\/maltrato.jpg\",\"datePublished\":\"2021-04-04T15:37:00+00:00\",\"breadcrumb\":{\"@id\":\"https:\/\/pagina10.com\/web\/andres-arturo-perez-fue-imputado-por-agredir-y-causar-la-muerte-de-varios-perros-entre-2016-y-2018-en-pasto\/#breadcrumb\"},\"inLanguage\":\"es\",\"potentialAction\":[{\"@type\":\"ReadAction\",\"target\":[\"https:\/\/pagina10.com\/web\/andres-arturo-perez-fue-imputado-por-agredir-y-causar-la-muerte-de-varios-perros-entre-2016-y-2018-en-pasto\/\"]}]},{\"@type\":\"ImageObject\",\"inLanguage\":\"es\",\"@id\":\"https:\/\/pagina10.com\/web\/andres-arturo-perez-fue-imputado-por-agredir-y-causar-la-muerte-de-varios-perros-entre-2016-y-2018-en-pasto\/#primaryimage\",\"url\":\"https:\/\/pagina10.com\/web\/wp-content\/uploads\/2021\/04\/maltrato.jpg\",\"contentUrl\":\"https:\/\/pagina10.com\/web\/wp-content\/uploads\/2021\/04\/maltrato.jpg\",\"width\":980,\"height\":653},{\"@type\":\"BreadcrumbList\",\"@id\":\"https:\/\/pagina10.com\/web\/andres-arturo-perez-fue-imputado-por-agredir-y-causar-la-muerte-de-varios-perros-entre-2016-y-2018-en-pasto\/#breadcrumb\",\"itemListElement\":[{\"@type\":\"ListItem\",\"position\":1,\"name\":\"Portada\",\"item\":\"https:\/\/pagina10.com\/web\/\"},{\"@type\":\"ListItem\",\"position\":2,\"name\":\"Andr\u00e9s Arturo P\u00e9rez fue imputado por agredir y causar la muerte de varios perros entre 2016 y 2018 en Pasto.\"}]},{\"@type\":\"WebSite\",\"@id\":\"https:\/\/pagina10.com\/web\/#website\",\"url\":\"https:\/\/pagina10.com\/web\/\",\"name\":\"P\u00e1gina10\",\"description\":\"Peri\u00f3dico Regional\",\"publisher\":{\"@id\":\"https:\/\/pagina10.com\/web\/#organization\"},\"alternateName\":\"P\u00e1gina10 Peri\u00f3dico Regional\",\"potentialAction\":[{\"@type\":\"SearchAction\",\"target\":{\"@type\":\"EntryPoint\",\"urlTemplate\":\"https:\/\/pagina10.com\/web\/?s={search_term_string}\"},\"query-input\":{\"@type\":\"PropertyValueSpecification\",\"valueRequired\":true,\"valueName\":\"search_term_string\"}}],\"inLanguage\":\"es\"},{\"@type\":\"Organization\",\"@id\":\"https:\/\/pagina10.com\/web\/#organization\",\"name\":\"P\u00e1gina10\",\"alternateName\":\"P\u00e1gina10 Peri\u00f3dico Regional\",\"url\":\"https:\/\/pagina10.com\/web\/\",\"logo\":{\"@type\":\"ImageObject\",\"inLanguage\":\"es\",\"@id\":\"https:\/\/pagina10.com\/web\/#\/schema\/logo\/image\/\",\"url\":\"https:\/\/pagina10.com\/web\/wp-content\/uploads\/2024\/01\/40-pagina-10-periodico-regional-pasto.jpg\",\"contentUrl\":\"https:\/\/pagina10.com\/web\/wp-content\/uploads\/2024\/01\/40-pagina-10-periodico-regional-pasto.jpg\",\"width\":1280,\"height\":720,\"caption\":\"P\u00e1gina10\"},\"image\":{\"@id\":\"https:\/\/pagina10.com\/web\/#\/schema\/logo\/image\/\"},\"sameAs\":[\"https:\/\/www.facebook.com\/pag10com\",\"https:\/\/x.com\/Pag10com\",\"https:\/\/www.instagram.com\/pagina10col\/\",\"https:\/\/youtube.com\/channel\/pag10\",\"https:\/\/www.tiktok.com\/@p10col\"]},{\"@type\":\"Person\",\"@id\":\"https:\/\/pagina10.com\/web\/#\/schema\/person\/2efc4a090d25b667d3bc796798a3a81b\",\"name\":\"P\u00e1gina 10\",\"description\":\"P\u00e1gina 10 es un peri\u00f3dico regional que nace en Colombia, en el departamento de Nari\u00f1o, con un enfoque global, fundamentado en cuatro pilares esenciales: la libertad, el pluralismo, la inclusi\u00f3n y la independencia. P\u00e1gina 10 hace referencia a Nari\u00f1o como el d\u00e9cimo departamento creado en Colombia, despu\u00e9s de un proceso pol\u00edtico liderado por actores y actrices regionales con el fin de obtener la independencia y autonom\u00eda de nuestros territorios. Con la creaci\u00f3n de P\u00e1gina 10 se pretende abrir un escenario para el dialogo, la reflexi\u00f3n y el debate que se extienda a otras geograf\u00edas de Am\u00e9rica Latina y del planeta, en una apuesta por transformar colectivamente los desaf\u00edos de un mundo contempor\u00e1neo, m\u00e1s all\u00e1 de las fronteras impuestas.\",\"url\":\"https:\/\/pagina10.com\/web\/author\/pdiezadmin\/\"}]}<\/script>\n<!-- \/ Yoast SEO plugin. -->","yoast_head_json":{"title":"Andr\u00e9s Arturo P\u00e9rez fue imputado por agredir y causar la muerte de varios perros entre 2016 y 2018 en Pasto. | P\u00e1gina10","robots":{"index":"index","follow":"follow","max-snippet":"max-snippet:-1","max-image-preview":"max-image-preview:large","max-video-preview":"max-video-preview:-1"},"canonical":"https:\/\/pagina10.com\/web\/andres-arturo-perez-fue-imputado-por-agredir-y-causar-la-muerte-de-varios-perros-entre-2016-y-2018-en-pasto\/","og_locale":"es_ES","og_type":"article","og_title":"Andr\u00e9s Arturo P\u00e9rez fue imputado por agredir y causar la muerte de varios perros entre 2016 y 2018 en Pasto. | P\u00e1gina10","og_description":"La Fiscal\u00eda General de la Naci\u00f3n inform\u00f3 hoy de la imputaci\u00f3n impuesta a Andr\u00e9s Arturo P\u00e9rez Salas responsable de agredir y causar la muerte de varios perros entre 2016 y 2018 en Pasto, Nari\u00f1o. De acuerdo con las investigaciones adelantadas por una fiscal del Grupo Especial para la Lucha Contra el Maltrato Animal (Gelma), Andr\u00e9s [&hellip;]","og_url":"https:\/\/pagina10.com\/web\/andres-arturo-perez-fue-imputado-por-agredir-y-causar-la-muerte-de-varios-perros-entre-2016-y-2018-en-pasto\/","og_site_name":"P\u00e1gina10","article_publisher":"https:\/\/www.facebook.com\/pag10com","article_published_time":"2021-04-04T15:37:00+00:00","og_image":[{"width":980,"height":653,"url":"https:\/\/pagina10.com\/web\/wp-content\/uploads\/2021\/04\/maltrato.jpg","type":"image\/jpeg"}],"author":"P\u00e1gina 10","twitter_card":"summary_large_image","twitter_creator":"@Pag10com","twitter_site":"@Pag10com","twitter_misc":{"Escrito por":"P\u00e1gina 10","Tiempo de lectura":"1 minuto"},"schema":{"@context":"https:\/\/schema.org","@graph":[{"@type":"Article","@id":"https:\/\/pagina10.com\/web\/andres-arturo-perez-fue-imputado-por-agredir-y-causar-la-muerte-de-varios-perros-entre-2016-y-2018-en-pasto\/#article","isPartOf":{"@id":"https:\/\/pagina10.com\/web\/andres-arturo-perez-fue-imputado-por-agredir-y-causar-la-muerte-de-varios-perros-entre-2016-y-2018-en-pasto\/"},"author":{"name":"P\u00e1gina 10","@id":"https:\/\/pagina10.com\/web\/#\/schema\/person\/2efc4a090d25b667d3bc796798a3a81b"},"headline":"Andr\u00e9s Arturo P\u00e9rez fue imputado por agredir y causar la muerte de varios perros entre 2016 y 2018 en Pasto.","datePublished":"2021-04-04T15:37:00+00:00","mainEntityOfPage":{"@id":"https:\/\/pagina10.com\/web\/andres-arturo-perez-fue-imputado-por-agredir-y-causar-la-muerte-de-varios-perros-entre-2016-y-2018-en-pasto\/"},"wordCount":210,"commentCount":0,"publisher":{"@id":"https:\/\/pagina10.com\/web\/#organization"},"image":{"@id":"https:\/\/pagina10.com\/web\/andres-arturo-perez-fue-imputado-por-agredir-y-causar-la-muerte-de-varios-perros-entre-2016-y-2018-en-pasto\/#primaryimage"},"thumbnailUrl":"https:\/\/pagina10.com\/web\/wp-content\/uploads\/2021\/04\/maltrato.jpg","articleSection":["Regiones"],"inLanguage":"es","potentialAction":[{"@type":"CommentAction","name":"Comment","target":["https:\/\/pagina10.com\/web\/andres-arturo-perez-fue-imputado-por-agredir-y-causar-la-muerte-de-varios-perros-entre-2016-y-2018-en-pasto\/#respond"]}]},{"@type":"WebPage","@id":"https:\/\/pagina10.com\/web\/andres-arturo-perez-fue-imputado-por-agredir-y-causar-la-muerte-de-varios-perros-entre-2016-y-2018-en-pasto\/","url":"https:\/\/pagina10.com\/web\/andres-arturo-perez-fue-imputado-por-agredir-y-causar-la-muerte-de-varios-perros-entre-2016-y-2018-en-pasto\/","name":"Andr\u00e9s Arturo P\u00e9rez fue imputado por agredir y causar la muerte de varios perros entre 2016 y 2018 en Pasto. | P\u00e1gina10","isPartOf":{"@id":"https:\/\/pagina10.com\/web\/#website"},"primaryImageOfPage":{"@id":"https:\/\/pagina10.com\/web\/andres-arturo-perez-fue-imputado-por-agredir-y-causar-la-muerte-de-varios-perros-entre-2016-y-2018-en-pasto\/#primaryimage"},"image":{"@id":"https:\/\/pagina10.com\/web\/andres-arturo-perez-fue-imputado-por-agredir-y-causar-la-muerte-de-varios-perros-entre-2016-y-2018-en-pasto\/#primaryimage"},"thumbnailUrl":"https:\/\/pagina10.com\/web\/wp-content\/uploads\/2021\/04\/maltrato.jpg","datePublished":"2021-04-04T15:37:00+00:00","breadcrumb":{"@id":"https:\/\/pagina10.com\/web\/andres-arturo-perez-fue-imputado-por-agredir-y-causar-la-muerte-de-varios-perros-entre-2016-y-2018-en-pasto\/#breadcrumb"},"inLanguage":"es","potentialAction":[{"@type":"ReadAction","target":["https:\/\/pagina10.com\/web\/andres-arturo-perez-fue-imputado-por-agredir-y-causar-la-muerte-de-varios-perros-entre-2016-y-2018-en-pasto\/"]}]},{"@type":"ImageObject","inLanguage":"es","@id":"https:\/\/pagina10.com\/web\/andres-arturo-perez-fue-imputado-por-agredir-y-causar-la-muerte-de-varios-perros-entre-2016-y-2018-en-pasto\/#primaryimage","url":"https:\/\/pagina10.com\/web\/wp-content\/uploads\/2021\/04\/maltrato.jpg","contentUrl":"https:\/\/pagina10.com\/web\/wp-content\/uploads\/2021\/04\/maltrato.jpg","width":980,"height":653},{"@type":"BreadcrumbList","@id":"https:\/\/pagina10.com\/web\/andres-arturo-perez-fue-imputado-por-agredir-y-causar-la-muerte-de-varios-perros-entre-2016-y-2018-en-pasto\/#breadcrumb","itemListElement":[{"@type":"ListItem","position":1,"name":"Portada","item":"https:\/\/pagina10.com\/web\/"},{"@type":"ListItem","position":2,"name":"Andr\u00e9s Arturo P\u00e9rez fue imputado por agredir y causar la muerte de varios perros entre 2016 y 2018 en Pasto."}]},{"@type":"WebSite","@id":"https:\/\/pagina10.com\/web\/#website","url":"https:\/\/pagina10.com\/web\/","name":"P\u00e1gina10","description":"Peri\u00f3dico Regional","publisher":{"@id":"https:\/\/pagina10.com\/web\/#organization"},"alternateName":"P\u00e1gina10 Peri\u00f3dico Regional","potentialAction":[{"@type":"SearchAction","target":{"@type":"EntryPoint","urlTemplate":"https:\/\/pagina10.com\/web\/?s={search_term_string}"},"query-input":{"@type":"PropertyValueSpecification","valueRequired":true,"valueName":"search_term_string"}}],"inLanguage":"es"},{"@type":"Organization","@id":"https:\/\/pagina10.com\/web\/#organization","name":"P\u00e1gina10","alternateName":"P\u00e1gina10 Peri\u00f3dico Regional","url":"https:\/\/pagina10.com\/web\/","logo":{"@type":"ImageObject","inLanguage":"es","@id":"https:\/\/pagina10.com\/web\/#\/schema\/logo\/image\/","url":"https:\/\/pagina10.com\/web\/wp-content\/uploads\/2024\/01\/40-pagina-10-periodico-regional-pasto.jpg","contentUrl":"https:\/\/pagina10.com\/web\/wp-content\/uploads\/2024\/01\/40-pagina-10-periodico-regional-pasto.jpg","width":1280,"height":720,"caption":"P\u00e1gina10"},"image":{"@id":"https:\/\/pagina10.com\/web\/#\/schema\/logo\/image\/"},"sameAs":["https:\/\/www.facebook.com\/pag10com","https:\/\/x.com\/Pag10com","https:\/\/www.instagram.com\/pagina10col\/","https:\/\/youtube.com\/channel\/pag10","https:\/\/www.tiktok.com\/@p10col"]},{"@type":"Person","@id":"https:\/\/pagina10.com\/web\/#\/schema\/person\/2efc4a090d25b667d3bc796798a3a81b","name":"P\u00e1gina 10","description":"P\u00e1gina 10 es un peri\u00f3dico regional que nace en Colombia, en el departamento de Nari\u00f1o, con un enfoque global, fundamentado en cuatro pilares esenciales: la libertad, el pluralismo, la inclusi\u00f3n y la independencia. P\u00e1gina 10 hace referencia a Nari\u00f1o como el d\u00e9cimo departamento creado en Colombia, despu\u00e9s de un proceso pol\u00edtico liderado por actores y actrices regionales con el fin de obtener la independencia y autonom\u00eda de nuestros territorios. Con la creaci\u00f3n de P\u00e1gina 10 se pretende abrir un escenario para el dialogo, la reflexi\u00f3n y el debate que se extienda a otras geograf\u00edas de Am\u00e9rica Latina y del planeta, en una apuesta por transformar colectivamente los desaf\u00edos de un mundo contempor\u00e1neo, m\u00e1s all\u00e1 de las fronteras impuestas.","url":"https:\/\/pagina10.com\/web\/author\/pdiezadmin\/"}]}},"_links":{"self":[{"href":"https:\/\/pagina10.com\/web\/wp-json\/wp\/v2\/posts\/51552","targetHints":{"allow":["GET"]}}],"collection":[{"href":"https:\/\/pagina10.com\/web\/wp-json\/wp\/v2\/posts"}],"about":[{"href":"https:\/\/pagina10.com\/web\/wp-json\/wp\/v2\/types\/post"}],"author":[{"embeddable":true,"href":"https:\/\/pagina10.com\/web\/wp-json\/wp\/v2\/users\/1"}],"replies":[{"embeddable":true,"href":"https:\/\/pagina10.com\/web\/wp-json\/wp\/v2\/comments?post=51552"}],"version-history":[{"count":1,"href":"https:\/\/pagina10.com\/web\/wp-json\/wp\/v2\/posts\/51552\/revisions"}],"predecessor-version":[{"id":51554,"href":"https:\/\/pagina10.com\/web\/wp-json\/wp\/v2\/posts\/51552\/revisions\/51554"}],"wp:featuredmedia":[{"embeddable":true,"href":"https:\/\/pagina10.com\/web\/wp-json\/wp\/v2\/media\/51553"}],"wp:attachment":[{"href":"https:\/\/pagina10.com\/web\/wp-json\/wp\/v2\/media?parent=51552"}],"wp:term":[{"taxonomy":"category","embeddable":true,"href":"https:\/\/pagina10.com\/web\/wp-json\/wp\/v2\/categories?post=51552"},{"taxonomy":"post_tag","embeddable":true,"href":"https:\/\/pagina10.com\/web\/wp-json\/wp\/v2\/tags?post=51552"}],"curies":[{"name":"wp","href":"https:\/\/api.w.org\/{rel}","templated":true}]}}