{"id":51567,"date":"2021-04-05T13:23:32","date_gmt":"2021-04-05T18:23:32","guid":{"rendered":"https:\/\/pagina10.com\/web\/?p=51567"},"modified":"2021-04-05T13:23:32","modified_gmt":"2021-04-05T18:23:32","slug":"en-guachucal-y-el-penol-inicio-entrega-de-ayuda-humanitaria-a-familias-afectadas-por-las-lluvias","status":"publish","type":"post","link":"https:\/\/pagina10.com\/web\/en-guachucal-y-el-penol-inicio-entrega-de-ayuda-humanitaria-a-familias-afectadas-por-las-lluvias\/","title":{"rendered":"En Guachucal y El Pe\u00f1ol inici\u00f3 entrega de ayuda humanitaria a familias afectadas por las lluvias."},"content":{"rendered":"<div class=\"gs\">\n<div class=\"\">\n<div id=\":mw\" class=\"ii gt\">\n<div id=\":mx\" class=\"a3s aiL \">\n<div class=\"gmail_quote\">\n<div dir=\"ltr\" style=\"text-align: justify;\">705 familias del Municipio de Guachucal afectadas por las lluvias, recibieron ayuda humanitaria consistente en kits de alimentos y kit de aseo entregados por la Direcci\u00f3n Administrativa de Gesti\u00f3n del Riesgo de Desastres de Nari\u00f1o -DAGRD.<\/p>\n<div>\nEl Gobernador de Nari\u00f1o, Jhon Rojas Cabrera, indic\u00f3 que desde el Gobierno Departamental se gestion\u00f3 ante la Unidad Nacional de Gesti\u00f3n del Riesgo, ayudas para los damnificados por las lluvias en todo el Departamento. Adem\u00e1s, que la declaratoria de Calamidad P\u00fablica por Lluvias decretada el pasado 18 de marzo, permitir\u00e1 avanzar en las obras de recuperaci\u00f3n especialmente de las v\u00edas.<\/p>\n<p>Las primeras familias que recibieron los kits de aseo y alimentaci\u00f3n residen en las veredas Com\u00fan de Juntas, Guancha, Indan, Siberia, El Carmen, San Ram\u00f3n, Colimba, El Molino y Quetambu, del Municipio de Guachucal, afectadas en d\u00edas pasados por inundaciones. De igual forma en el Municipio de El Pe\u00f1ol se cumpli\u00f3 con la entrega de ayuda humanitaria para 129 familias.<\/p>\n<div>\n&#8220;Hoy nuestros campesinos viven una situaci\u00f3n dif\u00edcil y nuestro deber es apoyarlos, vamos a llegar a todos los municipios con ayuda humanitaria. Hemos coordinado el trabajo con los municipios y tambi\u00e9n con el Gobierno Nacional para este fin; de igual forma, estamos trabajando en la rehabilitaci\u00f3n de las v\u00edas que han sido afectadas en est\u00e1 temporada de lluvias&#8221; indic\u00f3 el Gobernador de Nari\u00f1o, Jhon Rojas.<\/div>\n<div><\/div>\n<div>\n<div>Por su parte, el Director de la DAGRD en Nari\u00f1o, Jader Gaviria, inform\u00f3 que las ayudas llegar\u00e1n paulatinamente a m\u00e1s de 45 municipios de Nari\u00f1o, que presentaron sus censos de damnificados. Adem\u00e1s, se trabaja para la reconstrucci\u00f3n de viviendas afectadas ya que se est\u00e1 aportando materiales de construcci\u00f3n para tal fin.<\/div>\n<div>\nLa DAGRD llegar\u00e1 en los pr\u00f3ximos d\u00edas con ayudas humanitarias a los afectados por las lluvias en los municipios de La Cruz y Arboleda.<\/div>\n<\/div>\n<\/div>\n<\/div>\n<\/div>\n<\/div>\n<\/div>\n<\/div>\n<\/div>\n","protected":false},"excerpt":{"rendered":"<p>705 familias del Municipio de Guachucal afectadas por las lluvias, recibieron ayuda humanitaria consistente en kits de alimentos y kit de aseo entregados por la Direcci\u00f3n Administrativa de Gesti\u00f3n del Riesgo de Desastres de Nari\u00f1o -DAGRD. El Gobernador de Nari\u00f1o, Jhon Rojas Cabrera, indic\u00f3 que desde el Gobierno Departamental se gestion\u00f3 ante la Unidad Nacional [&hellip;]<\/p>\n","protected":false},"author":1,"featured_media":51568,"comment_status":"open","ping_status":"open","sticky":false,"template":"","format":"standard","meta":{"footnotes":""},"categories":[53],"tags":[],"class_list":["post-51567","post","type-post","status-publish","format-standard","has-post-thumbnail","hentry","category-regiones"],"yoast_head":"<!-- This site is optimized with the Yoast SEO plugin v27.1.1 - https:\/\/yoast.com\/product\/yoast-seo-wordpress\/ -->\n<title>En Guachucal y El Pe\u00f1ol inici\u00f3 entrega de ayuda humanitaria a familias afectadas por las lluvias. | P\u00e1gina10<\/title>\n<meta name=\"robots\" content=\"index, follow, max-snippet:-1, max-image-preview:large, max-video-preview:-1\" \/>\n<link rel=\"canonical\" href=\"https:\/\/pagina10.com\/web\/en-guachucal-y-el-penol-inicio-entrega-de-ayuda-humanitaria-a-familias-afectadas-por-las-lluvias\/\" \/>\n<meta property=\"og:locale\" content=\"es_ES\" \/>\n<meta property=\"og:type\" content=\"article\" \/>\n<meta property=\"og:title\" content=\"En Guachucal y El Pe\u00f1ol inici\u00f3 entrega de ayuda humanitaria a familias afectadas por las lluvias. | P\u00e1gina10\" \/>\n<meta property=\"og:description\" content=\"705 familias del Municipio de Guachucal afectadas por las lluvias, recibieron ayuda humanitaria consistente en kits de alimentos y kit de aseo entregados por la Direcci\u00f3n Administrativa de Gesti\u00f3n del Riesgo de Desastres de Nari\u00f1o -DAGRD. El Gobernador de Nari\u00f1o, Jhon Rojas Cabrera, indic\u00f3 que desde el Gobierno Departamental se gestion\u00f3 ante la Unidad Nacional [&hellip;]\" \/>\n<meta property=\"og:url\" content=\"https:\/\/pagina10.com\/web\/en-guachucal-y-el-penol-inicio-entrega-de-ayuda-humanitaria-a-familias-afectadas-por-las-lluvias\/\" \/>\n<meta property=\"og:site_name\" content=\"P\u00e1gina10\" \/>\n<meta property=\"article:publisher\" content=\"https:\/\/www.facebook.com\/pag10com\" \/>\n<meta property=\"article:published_time\" content=\"2021-04-05T18:23:32+00:00\" \/>\n<meta property=\"og:image\" content=\"https:\/\/pagina10.com\/web\/wp-content\/uploads\/2021\/04\/Captura-de-pantalla-154.png\" \/>\n\t<meta property=\"og:image:width\" content=\"718\" \/>\n\t<meta property=\"og:image:height\" content=\"389\" \/>\n\t<meta property=\"og:image:type\" content=\"image\/png\" \/>\n<meta name=\"author\" content=\"P\u00e1gina 10\" \/>\n<meta name=\"twitter:card\" content=\"summary_large_image\" \/>\n<meta name=\"twitter:creator\" content=\"@Pag10com\" \/>\n<meta name=\"twitter:site\" content=\"@Pag10com\" \/>\n<meta name=\"twitter:label1\" content=\"Escrito por\" \/>\n\t<meta name=\"twitter:data1\" content=\"P\u00e1gina 10\" \/>\n\t<meta name=\"twitter:label2\" content=\"Tiempo de lectura\" \/>\n\t<meta name=\"twitter:data2\" content=\"2 minutos\" \/>\n<script type=\"application\/ld+json\" class=\"yoast-schema-graph\">{\"@context\":\"https:\/\/schema.org\",\"@graph\":[{\"@type\":\"Article\",\"@id\":\"https:\/\/pagina10.com\/web\/en-guachucal-y-el-penol-inicio-entrega-de-ayuda-humanitaria-a-familias-afectadas-por-las-lluvias\/#article\",\"isPartOf\":{\"@id\":\"https:\/\/pagina10.com\/web\/en-guachucal-y-el-penol-inicio-entrega-de-ayuda-humanitaria-a-familias-afectadas-por-las-lluvias\/\"},\"author\":{\"name\":\"P\u00e1gina 10\",\"@id\":\"https:\/\/pagina10.com\/web\/#\/schema\/person\/2efc4a090d25b667d3bc796798a3a81b\"},\"headline\":\"En Guachucal y El Pe\u00f1ol inici\u00f3 entrega de ayuda humanitaria a familias afectadas por las lluvias.\",\"datePublished\":\"2021-04-05T18:23:32+00:00\",\"mainEntityOfPage\":{\"@id\":\"https:\/\/pagina10.com\/web\/en-guachucal-y-el-penol-inicio-entrega-de-ayuda-humanitaria-a-familias-afectadas-por-las-lluvias\/\"},\"wordCount\":338,\"commentCount\":0,\"publisher\":{\"@id\":\"https:\/\/pagina10.com\/web\/#organization\"},\"image\":{\"@id\":\"https:\/\/pagina10.com\/web\/en-guachucal-y-el-penol-inicio-entrega-de-ayuda-humanitaria-a-familias-afectadas-por-las-lluvias\/#primaryimage\"},\"thumbnailUrl\":\"https:\/\/pagina10.com\/web\/wp-content\/uploads\/2021\/04\/Captura-de-pantalla-154.png\",\"articleSection\":[\"Regiones\"],\"inLanguage\":\"es\",\"potentialAction\":[{\"@type\":\"CommentAction\",\"name\":\"Comment\",\"target\":[\"https:\/\/pagina10.com\/web\/en-guachucal-y-el-penol-inicio-entrega-de-ayuda-humanitaria-a-familias-afectadas-por-las-lluvias\/#respond\"]}]},{\"@type\":\"WebPage\",\"@id\":\"https:\/\/pagina10.com\/web\/en-guachucal-y-el-penol-inicio-entrega-de-ayuda-humanitaria-a-familias-afectadas-por-las-lluvias\/\",\"url\":\"https:\/\/pagina10.com\/web\/en-guachucal-y-el-penol-inicio-entrega-de-ayuda-humanitaria-a-familias-afectadas-por-las-lluvias\/\",\"name\":\"En Guachucal y El Pe\u00f1ol inici\u00f3 entrega de ayuda humanitaria a familias afectadas por las lluvias. | P\u00e1gina10\",\"isPartOf\":{\"@id\":\"https:\/\/pagina10.com\/web\/#website\"},\"primaryImageOfPage\":{\"@id\":\"https:\/\/pagina10.com\/web\/en-guachucal-y-el-penol-inicio-entrega-de-ayuda-humanitaria-a-familias-afectadas-por-las-lluvias\/#primaryimage\"},\"image\":{\"@id\":\"https:\/\/pagina10.com\/web\/en-guachucal-y-el-penol-inicio-entrega-de-ayuda-humanitaria-a-familias-afectadas-por-las-lluvias\/#primaryimage\"},\"thumbnailUrl\":\"https:\/\/pagina10.com\/web\/wp-content\/uploads\/2021\/04\/Captura-de-pantalla-154.png\",\"datePublished\":\"2021-04-05T18:23:32+00:00\",\"breadcrumb\":{\"@id\":\"https:\/\/pagina10.com\/web\/en-guachucal-y-el-penol-inicio-entrega-de-ayuda-humanitaria-a-familias-afectadas-por-las-lluvias\/#breadcrumb\"},\"inLanguage\":\"es\",\"potentialAction\":[{\"@type\":\"ReadAction\",\"target\":[\"https:\/\/pagina10.com\/web\/en-guachucal-y-el-penol-inicio-entrega-de-ayuda-humanitaria-a-familias-afectadas-por-las-lluvias\/\"]}]},{\"@type\":\"ImageObject\",\"inLanguage\":\"es\",\"@id\":\"https:\/\/pagina10.com\/web\/en-guachucal-y-el-penol-inicio-entrega-de-ayuda-humanitaria-a-familias-afectadas-por-las-lluvias\/#primaryimage\",\"url\":\"https:\/\/pagina10.com\/web\/wp-content\/uploads\/2021\/04\/Captura-de-pantalla-154.png\",\"contentUrl\":\"https:\/\/pagina10.com\/web\/wp-content\/uploads\/2021\/04\/Captura-de-pantalla-154.png\",\"width\":718,\"height\":389},{\"@type\":\"BreadcrumbList\",\"@id\":\"https:\/\/pagina10.com\/web\/en-guachucal-y-el-penol-inicio-entrega-de-ayuda-humanitaria-a-familias-afectadas-por-las-lluvias\/#breadcrumb\",\"itemListElement\":[{\"@type\":\"ListItem\",\"position\":1,\"name\":\"Portada\",\"item\":\"https:\/\/pagina10.com\/web\/\"},{\"@type\":\"ListItem\",\"position\":2,\"name\":\"En Guachucal y El Pe\u00f1ol inici\u00f3 entrega de ayuda humanitaria a familias afectadas por las lluvias.\"}]},{\"@type\":\"WebSite\",\"@id\":\"https:\/\/pagina10.com\/web\/#website\",\"url\":\"https:\/\/pagina10.com\/web\/\",\"name\":\"P\u00e1gina10\",\"description\":\"Peri\u00f3dico Regional\",\"publisher\":{\"@id\":\"https:\/\/pagina10.com\/web\/#organization\"},\"alternateName\":\"P\u00e1gina10 Peri\u00f3dico Regional\",\"potentialAction\":[{\"@type\":\"SearchAction\",\"target\":{\"@type\":\"EntryPoint\",\"urlTemplate\":\"https:\/\/pagina10.com\/web\/?s={search_term_string}\"},\"query-input\":{\"@type\":\"PropertyValueSpecification\",\"valueRequired\":true,\"valueName\":\"search_term_string\"}}],\"inLanguage\":\"es\"},{\"@type\":\"Organization\",\"@id\":\"https:\/\/pagina10.com\/web\/#organization\",\"name\":\"P\u00e1gina10\",\"alternateName\":\"P\u00e1gina10 Peri\u00f3dico Regional\",\"url\":\"https:\/\/pagina10.com\/web\/\",\"logo\":{\"@type\":\"ImageObject\",\"inLanguage\":\"es\",\"@id\":\"https:\/\/pagina10.com\/web\/#\/schema\/logo\/image\/\",\"url\":\"https:\/\/pagina10.com\/web\/wp-content\/uploads\/2024\/01\/40-pagina-10-periodico-regional-pasto.jpg\",\"contentUrl\":\"https:\/\/pagina10.com\/web\/wp-content\/uploads\/2024\/01\/40-pagina-10-periodico-regional-pasto.jpg\",\"width\":1280,\"height\":720,\"caption\":\"P\u00e1gina10\"},\"image\":{\"@id\":\"https:\/\/pagina10.com\/web\/#\/schema\/logo\/image\/\"},\"sameAs\":[\"https:\/\/www.facebook.com\/pag10com\",\"https:\/\/x.com\/Pag10com\",\"https:\/\/www.instagram.com\/pagina10col\/\",\"https:\/\/youtube.com\/channel\/pag10\",\"https:\/\/www.tiktok.com\/@p10col\"]},{\"@type\":\"Person\",\"@id\":\"https:\/\/pagina10.com\/web\/#\/schema\/person\/2efc4a090d25b667d3bc796798a3a81b\",\"name\":\"P\u00e1gina 10\",\"description\":\"P\u00e1gina 10 es un peri\u00f3dico regional que nace en Colombia, en el departamento de Nari\u00f1o, con un enfoque global, fundamentado en cuatro pilares esenciales: la libertad, el pluralismo, la inclusi\u00f3n y la independencia. P\u00e1gina 10 hace referencia a Nari\u00f1o como el d\u00e9cimo departamento creado en Colombia, despu\u00e9s de un proceso pol\u00edtico liderado por actores y actrices regionales con el fin de obtener la independencia y autonom\u00eda de nuestros territorios. Con la creaci\u00f3n de P\u00e1gina 10 se pretende abrir un escenario para el dialogo, la reflexi\u00f3n y el debate que se extienda a otras geograf\u00edas de Am\u00e9rica Latina y del planeta, en una apuesta por transformar colectivamente los desaf\u00edos de un mundo contempor\u00e1neo, m\u00e1s all\u00e1 de las fronteras impuestas.\",\"url\":\"https:\/\/pagina10.com\/web\/author\/pdiezadmin\/\"}]}<\/script>\n<!-- \/ Yoast SEO plugin. -->","yoast_head_json":{"title":"En Guachucal y El Pe\u00f1ol inici\u00f3 entrega de ayuda humanitaria a familias afectadas por las lluvias. | P\u00e1gina10","robots":{"index":"index","follow":"follow","max-snippet":"max-snippet:-1","max-image-preview":"max-image-preview:large","max-video-preview":"max-video-preview:-1"},"canonical":"https:\/\/pagina10.com\/web\/en-guachucal-y-el-penol-inicio-entrega-de-ayuda-humanitaria-a-familias-afectadas-por-las-lluvias\/","og_locale":"es_ES","og_type":"article","og_title":"En Guachucal y El Pe\u00f1ol inici\u00f3 entrega de ayuda humanitaria a familias afectadas por las lluvias. | P\u00e1gina10","og_description":"705 familias del Municipio de Guachucal afectadas por las lluvias, recibieron ayuda humanitaria consistente en kits de alimentos y kit de aseo entregados por la Direcci\u00f3n Administrativa de Gesti\u00f3n del Riesgo de Desastres de Nari\u00f1o -DAGRD. El Gobernador de Nari\u00f1o, Jhon Rojas Cabrera, indic\u00f3 que desde el Gobierno Departamental se gestion\u00f3 ante la Unidad Nacional [&hellip;]","og_url":"https:\/\/pagina10.com\/web\/en-guachucal-y-el-penol-inicio-entrega-de-ayuda-humanitaria-a-familias-afectadas-por-las-lluvias\/","og_site_name":"P\u00e1gina10","article_publisher":"https:\/\/www.facebook.com\/pag10com","article_published_time":"2021-04-05T18:23:32+00:00","og_image":[{"width":718,"height":389,"url":"https:\/\/pagina10.com\/web\/wp-content\/uploads\/2021\/04\/Captura-de-pantalla-154.png","type":"image\/png"}],"author":"P\u00e1gina 10","twitter_card":"summary_large_image","twitter_creator":"@Pag10com","twitter_site":"@Pag10com","twitter_misc":{"Escrito por":"P\u00e1gina 10","Tiempo de lectura":"2 minutos"},"schema":{"@context":"https:\/\/schema.org","@graph":[{"@type":"Article","@id":"https:\/\/pagina10.com\/web\/en-guachucal-y-el-penol-inicio-entrega-de-ayuda-humanitaria-a-familias-afectadas-por-las-lluvias\/#article","isPartOf":{"@id":"https:\/\/pagina10.com\/web\/en-guachucal-y-el-penol-inicio-entrega-de-ayuda-humanitaria-a-familias-afectadas-por-las-lluvias\/"},"author":{"name":"P\u00e1gina 10","@id":"https:\/\/pagina10.com\/web\/#\/schema\/person\/2efc4a090d25b667d3bc796798a3a81b"},"headline":"En Guachucal y El Pe\u00f1ol inici\u00f3 entrega de ayuda humanitaria a familias afectadas por las lluvias.","datePublished":"2021-04-05T18:23:32+00:00","mainEntityOfPage":{"@id":"https:\/\/pagina10.com\/web\/en-guachucal-y-el-penol-inicio-entrega-de-ayuda-humanitaria-a-familias-afectadas-por-las-lluvias\/"},"wordCount":338,"commentCount":0,"publisher":{"@id":"https:\/\/pagina10.com\/web\/#organization"},"image":{"@id":"https:\/\/pagina10.com\/web\/en-guachucal-y-el-penol-inicio-entrega-de-ayuda-humanitaria-a-familias-afectadas-por-las-lluvias\/#primaryimage"},"thumbnailUrl":"https:\/\/pagina10.com\/web\/wp-content\/uploads\/2021\/04\/Captura-de-pantalla-154.png","articleSection":["Regiones"],"inLanguage":"es","potentialAction":[{"@type":"CommentAction","name":"Comment","target":["https:\/\/pagina10.com\/web\/en-guachucal-y-el-penol-inicio-entrega-de-ayuda-humanitaria-a-familias-afectadas-por-las-lluvias\/#respond"]}]},{"@type":"WebPage","@id":"https:\/\/pagina10.com\/web\/en-guachucal-y-el-penol-inicio-entrega-de-ayuda-humanitaria-a-familias-afectadas-por-las-lluvias\/","url":"https:\/\/pagina10.com\/web\/en-guachucal-y-el-penol-inicio-entrega-de-ayuda-humanitaria-a-familias-afectadas-por-las-lluvias\/","name":"En Guachucal y El Pe\u00f1ol inici\u00f3 entrega de ayuda humanitaria a familias afectadas por las lluvias. | P\u00e1gina10","isPartOf":{"@id":"https:\/\/pagina10.com\/web\/#website"},"primaryImageOfPage":{"@id":"https:\/\/pagina10.com\/web\/en-guachucal-y-el-penol-inicio-entrega-de-ayuda-humanitaria-a-familias-afectadas-por-las-lluvias\/#primaryimage"},"image":{"@id":"https:\/\/pagina10.com\/web\/en-guachucal-y-el-penol-inicio-entrega-de-ayuda-humanitaria-a-familias-afectadas-por-las-lluvias\/#primaryimage"},"thumbnailUrl":"https:\/\/pagina10.com\/web\/wp-content\/uploads\/2021\/04\/Captura-de-pantalla-154.png","datePublished":"2021-04-05T18:23:32+00:00","breadcrumb":{"@id":"https:\/\/pagina10.com\/web\/en-guachucal-y-el-penol-inicio-entrega-de-ayuda-humanitaria-a-familias-afectadas-por-las-lluvias\/#breadcrumb"},"inLanguage":"es","potentialAction":[{"@type":"ReadAction","target":["https:\/\/pagina10.com\/web\/en-guachucal-y-el-penol-inicio-entrega-de-ayuda-humanitaria-a-familias-afectadas-por-las-lluvias\/"]}]},{"@type":"ImageObject","inLanguage":"es","@id":"https:\/\/pagina10.com\/web\/en-guachucal-y-el-penol-inicio-entrega-de-ayuda-humanitaria-a-familias-afectadas-por-las-lluvias\/#primaryimage","url":"https:\/\/pagina10.com\/web\/wp-content\/uploads\/2021\/04\/Captura-de-pantalla-154.png","contentUrl":"https:\/\/pagina10.com\/web\/wp-content\/uploads\/2021\/04\/Captura-de-pantalla-154.png","width":718,"height":389},{"@type":"BreadcrumbList","@id":"https:\/\/pagina10.com\/web\/en-guachucal-y-el-penol-inicio-entrega-de-ayuda-humanitaria-a-familias-afectadas-por-las-lluvias\/#breadcrumb","itemListElement":[{"@type":"ListItem","position":1,"name":"Portada","item":"https:\/\/pagina10.com\/web\/"},{"@type":"ListItem","position":2,"name":"En Guachucal y El Pe\u00f1ol inici\u00f3 entrega de ayuda humanitaria a familias afectadas por las lluvias."}]},{"@type":"WebSite","@id":"https:\/\/pagina10.com\/web\/#website","url":"https:\/\/pagina10.com\/web\/","name":"P\u00e1gina10","description":"Peri\u00f3dico Regional","publisher":{"@id":"https:\/\/pagina10.com\/web\/#organization"},"alternateName":"P\u00e1gina10 Peri\u00f3dico Regional","potentialAction":[{"@type":"SearchAction","target":{"@type":"EntryPoint","urlTemplate":"https:\/\/pagina10.com\/web\/?s={search_term_string}"},"query-input":{"@type":"PropertyValueSpecification","valueRequired":true,"valueName":"search_term_string"}}],"inLanguage":"es"},{"@type":"Organization","@id":"https:\/\/pagina10.com\/web\/#organization","name":"P\u00e1gina10","alternateName":"P\u00e1gina10 Peri\u00f3dico Regional","url":"https:\/\/pagina10.com\/web\/","logo":{"@type":"ImageObject","inLanguage":"es","@id":"https:\/\/pagina10.com\/web\/#\/schema\/logo\/image\/","url":"https:\/\/pagina10.com\/web\/wp-content\/uploads\/2024\/01\/40-pagina-10-periodico-regional-pasto.jpg","contentUrl":"https:\/\/pagina10.com\/web\/wp-content\/uploads\/2024\/01\/40-pagina-10-periodico-regional-pasto.jpg","width":1280,"height":720,"caption":"P\u00e1gina10"},"image":{"@id":"https:\/\/pagina10.com\/web\/#\/schema\/logo\/image\/"},"sameAs":["https:\/\/www.facebook.com\/pag10com","https:\/\/x.com\/Pag10com","https:\/\/www.instagram.com\/pagina10col\/","https:\/\/youtube.com\/channel\/pag10","https:\/\/www.tiktok.com\/@p10col"]},{"@type":"Person","@id":"https:\/\/pagina10.com\/web\/#\/schema\/person\/2efc4a090d25b667d3bc796798a3a81b","name":"P\u00e1gina 10","description":"P\u00e1gina 10 es un peri\u00f3dico regional que nace en Colombia, en el departamento de Nari\u00f1o, con un enfoque global, fundamentado en cuatro pilares esenciales: la libertad, el pluralismo, la inclusi\u00f3n y la independencia. P\u00e1gina 10 hace referencia a Nari\u00f1o como el d\u00e9cimo departamento creado en Colombia, despu\u00e9s de un proceso pol\u00edtico liderado por actores y actrices regionales con el fin de obtener la independencia y autonom\u00eda de nuestros territorios. Con la creaci\u00f3n de P\u00e1gina 10 se pretende abrir un escenario para el dialogo, la reflexi\u00f3n y el debate que se extienda a otras geograf\u00edas de Am\u00e9rica Latina y del planeta, en una apuesta por transformar colectivamente los desaf\u00edos de un mundo contempor\u00e1neo, m\u00e1s all\u00e1 de las fronteras impuestas.","url":"https:\/\/pagina10.com\/web\/author\/pdiezadmin\/"}]}},"_links":{"self":[{"href":"https:\/\/pagina10.com\/web\/wp-json\/wp\/v2\/posts\/51567","targetHints":{"allow":["GET"]}}],"collection":[{"href":"https:\/\/pagina10.com\/web\/wp-json\/wp\/v2\/posts"}],"about":[{"href":"https:\/\/pagina10.com\/web\/wp-json\/wp\/v2\/types\/post"}],"author":[{"embeddable":true,"href":"https:\/\/pagina10.com\/web\/wp-json\/wp\/v2\/users\/1"}],"replies":[{"embeddable":true,"href":"https:\/\/pagina10.com\/web\/wp-json\/wp\/v2\/comments?post=51567"}],"version-history":[{"count":1,"href":"https:\/\/pagina10.com\/web\/wp-json\/wp\/v2\/posts\/51567\/revisions"}],"predecessor-version":[{"id":51569,"href":"https:\/\/pagina10.com\/web\/wp-json\/wp\/v2\/posts\/51567\/revisions\/51569"}],"wp:featuredmedia":[{"embeddable":true,"href":"https:\/\/pagina10.com\/web\/wp-json\/wp\/v2\/media\/51568"}],"wp:attachment":[{"href":"https:\/\/pagina10.com\/web\/wp-json\/wp\/v2\/media?parent=51567"}],"wp:term":[{"taxonomy":"category","embeddable":true,"href":"https:\/\/pagina10.com\/web\/wp-json\/wp\/v2\/categories?post=51567"},{"taxonomy":"post_tag","embeddable":true,"href":"https:\/\/pagina10.com\/web\/wp-json\/wp\/v2\/tags?post=51567"}],"curies":[{"name":"wp","href":"https:\/\/api.w.org\/{rel}","templated":true}]}}