{"id":51571,"date":"2021-04-05T13:39:26","date_gmt":"2021-04-05T18:39:26","guid":{"rendered":"https:\/\/pagina10.com\/web\/?p=51571"},"modified":"2021-04-05T13:39:26","modified_gmt":"2021-04-05T18:39:26","slug":"procuraduria-confirmo-destitucion-e-inhabilidad-por-10-anos-a-docente-del-colegio-ciudad-de-pasto","status":"publish","type":"post","link":"https:\/\/pagina10.com\/web\/procuraduria-confirmo-destitucion-e-inhabilidad-por-10-anos-a-docente-del-colegio-ciudad-de-pasto\/","title":{"rendered":"Procuradur\u00eda confirm\u00f3 destituci\u00f3n e inhabilidad por 10 a\u00f1os a docente del Colegio Ciudad de Pasto."},"content":{"rendered":"<p style=\"text-align: justify;\">La Procuradur\u00eda General de la Naci\u00f3n, el pasado 26 de marzo confirm\u00f3 la destituci\u00f3n e inhabilidad general por 10 a\u00f1os para ejercer cargos p\u00fablicos a un docente de la Instituci\u00f3n Educativa Colegio Ciudad de Pasto, por realizar actos sexuales en una menor de 14 a\u00f1os.<\/p>\n<p style=\"text-align: justify;\">El ente de control comprob\u00f3 que el investigado abus\u00f3 de su condici\u00f3n de superioridad acad\u00e9mica e incurri\u00f3 en conductas irregulares, al someter a una estudiante a situaciones reprochables e inapropiadas, y realizar tocamientos en las piernas, cintura y nalgas, e insinuaciones verbales y gestuales de tipo er\u00f3tico.<\/p>\n<p style=\"text-align: justify;\">Con este comportamiento el profesor trasgredi\u00f3 los principios que rigen la funci\u00f3n p\u00fablica, entre ellos, los relacionados con la protecci\u00f3n especial de los derechos de los ni\u00f1os, ni\u00f1as y adolescentes.<\/p>\n<p style=\"text-align: justify;\">En el fallo de segunda instancia, el Ministerio P\u00fablico se\u00f1al\u00f3 que el docente deb\u00eda actuar con respeto y decoro en el ejercicio pedag\u00f3gico, utilizando el cargo exclusivamente para cumplir labores formativas y de orientaci\u00f3n estudiantil, sin transgredir la intimidad, libertad y otros derechos de la menor de edad.<\/p>\n","protected":false},"excerpt":{"rendered":"<p>La Procuradur\u00eda General de la Naci\u00f3n, el pasado 26 de marzo confirm\u00f3 la destituci\u00f3n e inhabilidad general por 10 a\u00f1os para ejercer cargos p\u00fablicos a un docente de la Instituci\u00f3n Educativa Colegio Ciudad de Pasto, por realizar actos sexuales en una menor de 14 a\u00f1os. El ente de control comprob\u00f3 que el investigado abus\u00f3 de [&hellip;]<\/p>\n","protected":false},"author":1,"featured_media":51572,"comment_status":"open","ping_status":"open","sticky":false,"template":"","format":"standard","meta":{"footnotes":""},"categories":[53],"tags":[],"class_list":["post-51571","post","type-post","status-publish","format-standard","has-post-thumbnail","hentry","category-regiones"],"yoast_head":"<!-- This site is optimized with the Yoast SEO plugin v27.1.1 - https:\/\/yoast.com\/product\/yoast-seo-wordpress\/ -->\n<title>Procuradur\u00eda confirm\u00f3 destituci\u00f3n e inhabilidad por 10 a\u00f1os a docente del Colegio Ciudad de Pasto. | P\u00e1gina10<\/title>\n<meta name=\"robots\" content=\"index, follow, max-snippet:-1, max-image-preview:large, max-video-preview:-1\" \/>\n<link rel=\"canonical\" href=\"https:\/\/pagina10.com\/web\/procuraduria-confirmo-destitucion-e-inhabilidad-por-10-anos-a-docente-del-colegio-ciudad-de-pasto\/\" \/>\n<meta property=\"og:locale\" content=\"es_ES\" \/>\n<meta property=\"og:type\" content=\"article\" \/>\n<meta property=\"og:title\" content=\"Procuradur\u00eda confirm\u00f3 destituci\u00f3n e inhabilidad por 10 a\u00f1os a docente del Colegio Ciudad de Pasto. | P\u00e1gina10\" \/>\n<meta property=\"og:description\" content=\"La Procuradur\u00eda General de la Naci\u00f3n, el pasado 26 de marzo confirm\u00f3 la destituci\u00f3n e inhabilidad general por 10 a\u00f1os para ejercer cargos p\u00fablicos a un docente de la Instituci\u00f3n Educativa Colegio Ciudad de Pasto, por realizar actos sexuales en una menor de 14 a\u00f1os. El ente de control comprob\u00f3 que el investigado abus\u00f3 de [&hellip;]\" \/>\n<meta property=\"og:url\" content=\"https:\/\/pagina10.com\/web\/procuraduria-confirmo-destitucion-e-inhabilidad-por-10-anos-a-docente-del-colegio-ciudad-de-pasto\/\" \/>\n<meta property=\"og:site_name\" content=\"P\u00e1gina10\" \/>\n<meta property=\"article:publisher\" content=\"https:\/\/www.facebook.com\/pag10com\" \/>\n<meta property=\"article:published_time\" content=\"2021-04-05T18:39:26+00:00\" \/>\n<meta property=\"og:image\" content=\"https:\/\/pagina10.com\/web\/wp-content\/uploads\/2021\/04\/Captura-de-pantalla-156.png\" \/>\n\t<meta property=\"og:image:width\" content=\"795\" \/>\n\t<meta property=\"og:image:height\" content=\"450\" \/>\n\t<meta property=\"og:image:type\" content=\"image\/png\" \/>\n<meta name=\"author\" content=\"P\u00e1gina 10\" \/>\n<meta name=\"twitter:card\" content=\"summary_large_image\" \/>\n<meta name=\"twitter:creator\" content=\"@Pag10com\" \/>\n<meta name=\"twitter:site\" content=\"@Pag10com\" \/>\n<meta name=\"twitter:label1\" content=\"Escrito por\" \/>\n\t<meta name=\"twitter:data1\" content=\"P\u00e1gina 10\" \/>\n\t<meta name=\"twitter:label2\" content=\"Tiempo de lectura\" \/>\n\t<meta name=\"twitter:data2\" content=\"1 minuto\" \/>\n<script type=\"application\/ld+json\" class=\"yoast-schema-graph\">{\"@context\":\"https:\/\/schema.org\",\"@graph\":[{\"@type\":\"Article\",\"@id\":\"https:\/\/pagina10.com\/web\/procuraduria-confirmo-destitucion-e-inhabilidad-por-10-anos-a-docente-del-colegio-ciudad-de-pasto\/#article\",\"isPartOf\":{\"@id\":\"https:\/\/pagina10.com\/web\/procuraduria-confirmo-destitucion-e-inhabilidad-por-10-anos-a-docente-del-colegio-ciudad-de-pasto\/\"},\"author\":{\"name\":\"P\u00e1gina 10\",\"@id\":\"https:\/\/pagina10.com\/web\/#\/schema\/person\/2efc4a090d25b667d3bc796798a3a81b\"},\"headline\":\"Procuradur\u00eda confirm\u00f3 destituci\u00f3n e inhabilidad por 10 a\u00f1os a docente del Colegio Ciudad de Pasto.\",\"datePublished\":\"2021-04-05T18:39:26+00:00\",\"mainEntityOfPage\":{\"@id\":\"https:\/\/pagina10.com\/web\/procuraduria-confirmo-destitucion-e-inhabilidad-por-10-anos-a-docente-del-colegio-ciudad-de-pasto\/\"},\"wordCount\":204,\"commentCount\":0,\"publisher\":{\"@id\":\"https:\/\/pagina10.com\/web\/#organization\"},\"image\":{\"@id\":\"https:\/\/pagina10.com\/web\/procuraduria-confirmo-destitucion-e-inhabilidad-por-10-anos-a-docente-del-colegio-ciudad-de-pasto\/#primaryimage\"},\"thumbnailUrl\":\"https:\/\/pagina10.com\/web\/wp-content\/uploads\/2021\/04\/Captura-de-pantalla-156.png\",\"articleSection\":[\"Regiones\"],\"inLanguage\":\"es\",\"potentialAction\":[{\"@type\":\"CommentAction\",\"name\":\"Comment\",\"target\":[\"https:\/\/pagina10.com\/web\/procuraduria-confirmo-destitucion-e-inhabilidad-por-10-anos-a-docente-del-colegio-ciudad-de-pasto\/#respond\"]}]},{\"@type\":\"WebPage\",\"@id\":\"https:\/\/pagina10.com\/web\/procuraduria-confirmo-destitucion-e-inhabilidad-por-10-anos-a-docente-del-colegio-ciudad-de-pasto\/\",\"url\":\"https:\/\/pagina10.com\/web\/procuraduria-confirmo-destitucion-e-inhabilidad-por-10-anos-a-docente-del-colegio-ciudad-de-pasto\/\",\"name\":\"Procuradur\u00eda confirm\u00f3 destituci\u00f3n e inhabilidad por 10 a\u00f1os a docente del Colegio Ciudad de Pasto. | P\u00e1gina10\",\"isPartOf\":{\"@id\":\"https:\/\/pagina10.com\/web\/#website\"},\"primaryImageOfPage\":{\"@id\":\"https:\/\/pagina10.com\/web\/procuraduria-confirmo-destitucion-e-inhabilidad-por-10-anos-a-docente-del-colegio-ciudad-de-pasto\/#primaryimage\"},\"image\":{\"@id\":\"https:\/\/pagina10.com\/web\/procuraduria-confirmo-destitucion-e-inhabilidad-por-10-anos-a-docente-del-colegio-ciudad-de-pasto\/#primaryimage\"},\"thumbnailUrl\":\"https:\/\/pagina10.com\/web\/wp-content\/uploads\/2021\/04\/Captura-de-pantalla-156.png\",\"datePublished\":\"2021-04-05T18:39:26+00:00\",\"breadcrumb\":{\"@id\":\"https:\/\/pagina10.com\/web\/procuraduria-confirmo-destitucion-e-inhabilidad-por-10-anos-a-docente-del-colegio-ciudad-de-pasto\/#breadcrumb\"},\"inLanguage\":\"es\",\"potentialAction\":[{\"@type\":\"ReadAction\",\"target\":[\"https:\/\/pagina10.com\/web\/procuraduria-confirmo-destitucion-e-inhabilidad-por-10-anos-a-docente-del-colegio-ciudad-de-pasto\/\"]}]},{\"@type\":\"ImageObject\",\"inLanguage\":\"es\",\"@id\":\"https:\/\/pagina10.com\/web\/procuraduria-confirmo-destitucion-e-inhabilidad-por-10-anos-a-docente-del-colegio-ciudad-de-pasto\/#primaryimage\",\"url\":\"https:\/\/pagina10.com\/web\/wp-content\/uploads\/2021\/04\/Captura-de-pantalla-156.png\",\"contentUrl\":\"https:\/\/pagina10.com\/web\/wp-content\/uploads\/2021\/04\/Captura-de-pantalla-156.png\",\"width\":795,\"height\":450},{\"@type\":\"BreadcrumbList\",\"@id\":\"https:\/\/pagina10.com\/web\/procuraduria-confirmo-destitucion-e-inhabilidad-por-10-anos-a-docente-del-colegio-ciudad-de-pasto\/#breadcrumb\",\"itemListElement\":[{\"@type\":\"ListItem\",\"position\":1,\"name\":\"Portada\",\"item\":\"https:\/\/pagina10.com\/web\/\"},{\"@type\":\"ListItem\",\"position\":2,\"name\":\"Procuradur\u00eda confirm\u00f3 destituci\u00f3n e inhabilidad por 10 a\u00f1os a docente del Colegio Ciudad de Pasto.\"}]},{\"@type\":\"WebSite\",\"@id\":\"https:\/\/pagina10.com\/web\/#website\",\"url\":\"https:\/\/pagina10.com\/web\/\",\"name\":\"P\u00e1gina10\",\"description\":\"Peri\u00f3dico Regional\",\"publisher\":{\"@id\":\"https:\/\/pagina10.com\/web\/#organization\"},\"alternateName\":\"P\u00e1gina10 Peri\u00f3dico Regional\",\"potentialAction\":[{\"@type\":\"SearchAction\",\"target\":{\"@type\":\"EntryPoint\",\"urlTemplate\":\"https:\/\/pagina10.com\/web\/?s={search_term_string}\"},\"query-input\":{\"@type\":\"PropertyValueSpecification\",\"valueRequired\":true,\"valueName\":\"search_term_string\"}}],\"inLanguage\":\"es\"},{\"@type\":\"Organization\",\"@id\":\"https:\/\/pagina10.com\/web\/#organization\",\"name\":\"P\u00e1gina10\",\"alternateName\":\"P\u00e1gina10 Peri\u00f3dico Regional\",\"url\":\"https:\/\/pagina10.com\/web\/\",\"logo\":{\"@type\":\"ImageObject\",\"inLanguage\":\"es\",\"@id\":\"https:\/\/pagina10.com\/web\/#\/schema\/logo\/image\/\",\"url\":\"https:\/\/pagina10.com\/web\/wp-content\/uploads\/2024\/01\/40-pagina-10-periodico-regional-pasto.jpg\",\"contentUrl\":\"https:\/\/pagina10.com\/web\/wp-content\/uploads\/2024\/01\/40-pagina-10-periodico-regional-pasto.jpg\",\"width\":1280,\"height\":720,\"caption\":\"P\u00e1gina10\"},\"image\":{\"@id\":\"https:\/\/pagina10.com\/web\/#\/schema\/logo\/image\/\"},\"sameAs\":[\"https:\/\/www.facebook.com\/pag10com\",\"https:\/\/x.com\/Pag10com\",\"https:\/\/www.instagram.com\/pagina10col\/\",\"https:\/\/youtube.com\/channel\/pag10\",\"https:\/\/www.tiktok.com\/@p10col\"]},{\"@type\":\"Person\",\"@id\":\"https:\/\/pagina10.com\/web\/#\/schema\/person\/2efc4a090d25b667d3bc796798a3a81b\",\"name\":\"P\u00e1gina 10\",\"description\":\"P\u00e1gina 10 es un peri\u00f3dico regional que nace en Colombia, en el departamento de Nari\u00f1o, con un enfoque global, fundamentado en cuatro pilares esenciales: la libertad, el pluralismo, la inclusi\u00f3n y la independencia. P\u00e1gina 10 hace referencia a Nari\u00f1o como el d\u00e9cimo departamento creado en Colombia, despu\u00e9s de un proceso pol\u00edtico liderado por actores y actrices regionales con el fin de obtener la independencia y autonom\u00eda de nuestros territorios. Con la creaci\u00f3n de P\u00e1gina 10 se pretende abrir un escenario para el dialogo, la reflexi\u00f3n y el debate que se extienda a otras geograf\u00edas de Am\u00e9rica Latina y del planeta, en una apuesta por transformar colectivamente los desaf\u00edos de un mundo contempor\u00e1neo, m\u00e1s all\u00e1 de las fronteras impuestas.\",\"url\":\"https:\/\/pagina10.com\/web\/author\/pdiezadmin\/\"}]}<\/script>\n<!-- \/ Yoast SEO plugin. -->","yoast_head_json":{"title":"Procuradur\u00eda confirm\u00f3 destituci\u00f3n e inhabilidad por 10 a\u00f1os a docente del Colegio Ciudad de Pasto. | P\u00e1gina10","robots":{"index":"index","follow":"follow","max-snippet":"max-snippet:-1","max-image-preview":"max-image-preview:large","max-video-preview":"max-video-preview:-1"},"canonical":"https:\/\/pagina10.com\/web\/procuraduria-confirmo-destitucion-e-inhabilidad-por-10-anos-a-docente-del-colegio-ciudad-de-pasto\/","og_locale":"es_ES","og_type":"article","og_title":"Procuradur\u00eda confirm\u00f3 destituci\u00f3n e inhabilidad por 10 a\u00f1os a docente del Colegio Ciudad de Pasto. | P\u00e1gina10","og_description":"La Procuradur\u00eda General de la Naci\u00f3n, el pasado 26 de marzo confirm\u00f3 la destituci\u00f3n e inhabilidad general por 10 a\u00f1os para ejercer cargos p\u00fablicos a un docente de la Instituci\u00f3n Educativa Colegio Ciudad de Pasto, por realizar actos sexuales en una menor de 14 a\u00f1os. El ente de control comprob\u00f3 que el investigado abus\u00f3 de [&hellip;]","og_url":"https:\/\/pagina10.com\/web\/procuraduria-confirmo-destitucion-e-inhabilidad-por-10-anos-a-docente-del-colegio-ciudad-de-pasto\/","og_site_name":"P\u00e1gina10","article_publisher":"https:\/\/www.facebook.com\/pag10com","article_published_time":"2021-04-05T18:39:26+00:00","og_image":[{"width":795,"height":450,"url":"https:\/\/pagina10.com\/web\/wp-content\/uploads\/2021\/04\/Captura-de-pantalla-156.png","type":"image\/png"}],"author":"P\u00e1gina 10","twitter_card":"summary_large_image","twitter_creator":"@Pag10com","twitter_site":"@Pag10com","twitter_misc":{"Escrito por":"P\u00e1gina 10","Tiempo de lectura":"1 minuto"},"schema":{"@context":"https:\/\/schema.org","@graph":[{"@type":"Article","@id":"https:\/\/pagina10.com\/web\/procuraduria-confirmo-destitucion-e-inhabilidad-por-10-anos-a-docente-del-colegio-ciudad-de-pasto\/#article","isPartOf":{"@id":"https:\/\/pagina10.com\/web\/procuraduria-confirmo-destitucion-e-inhabilidad-por-10-anos-a-docente-del-colegio-ciudad-de-pasto\/"},"author":{"name":"P\u00e1gina 10","@id":"https:\/\/pagina10.com\/web\/#\/schema\/person\/2efc4a090d25b667d3bc796798a3a81b"},"headline":"Procuradur\u00eda confirm\u00f3 destituci\u00f3n e inhabilidad por 10 a\u00f1os a docente del Colegio Ciudad de Pasto.","datePublished":"2021-04-05T18:39:26+00:00","mainEntityOfPage":{"@id":"https:\/\/pagina10.com\/web\/procuraduria-confirmo-destitucion-e-inhabilidad-por-10-anos-a-docente-del-colegio-ciudad-de-pasto\/"},"wordCount":204,"commentCount":0,"publisher":{"@id":"https:\/\/pagina10.com\/web\/#organization"},"image":{"@id":"https:\/\/pagina10.com\/web\/procuraduria-confirmo-destitucion-e-inhabilidad-por-10-anos-a-docente-del-colegio-ciudad-de-pasto\/#primaryimage"},"thumbnailUrl":"https:\/\/pagina10.com\/web\/wp-content\/uploads\/2021\/04\/Captura-de-pantalla-156.png","articleSection":["Regiones"],"inLanguage":"es","potentialAction":[{"@type":"CommentAction","name":"Comment","target":["https:\/\/pagina10.com\/web\/procuraduria-confirmo-destitucion-e-inhabilidad-por-10-anos-a-docente-del-colegio-ciudad-de-pasto\/#respond"]}]},{"@type":"WebPage","@id":"https:\/\/pagina10.com\/web\/procuraduria-confirmo-destitucion-e-inhabilidad-por-10-anos-a-docente-del-colegio-ciudad-de-pasto\/","url":"https:\/\/pagina10.com\/web\/procuraduria-confirmo-destitucion-e-inhabilidad-por-10-anos-a-docente-del-colegio-ciudad-de-pasto\/","name":"Procuradur\u00eda confirm\u00f3 destituci\u00f3n e inhabilidad por 10 a\u00f1os a docente del Colegio Ciudad de Pasto. | P\u00e1gina10","isPartOf":{"@id":"https:\/\/pagina10.com\/web\/#website"},"primaryImageOfPage":{"@id":"https:\/\/pagina10.com\/web\/procuraduria-confirmo-destitucion-e-inhabilidad-por-10-anos-a-docente-del-colegio-ciudad-de-pasto\/#primaryimage"},"image":{"@id":"https:\/\/pagina10.com\/web\/procuraduria-confirmo-destitucion-e-inhabilidad-por-10-anos-a-docente-del-colegio-ciudad-de-pasto\/#primaryimage"},"thumbnailUrl":"https:\/\/pagina10.com\/web\/wp-content\/uploads\/2021\/04\/Captura-de-pantalla-156.png","datePublished":"2021-04-05T18:39:26+00:00","breadcrumb":{"@id":"https:\/\/pagina10.com\/web\/procuraduria-confirmo-destitucion-e-inhabilidad-por-10-anos-a-docente-del-colegio-ciudad-de-pasto\/#breadcrumb"},"inLanguage":"es","potentialAction":[{"@type":"ReadAction","target":["https:\/\/pagina10.com\/web\/procuraduria-confirmo-destitucion-e-inhabilidad-por-10-anos-a-docente-del-colegio-ciudad-de-pasto\/"]}]},{"@type":"ImageObject","inLanguage":"es","@id":"https:\/\/pagina10.com\/web\/procuraduria-confirmo-destitucion-e-inhabilidad-por-10-anos-a-docente-del-colegio-ciudad-de-pasto\/#primaryimage","url":"https:\/\/pagina10.com\/web\/wp-content\/uploads\/2021\/04\/Captura-de-pantalla-156.png","contentUrl":"https:\/\/pagina10.com\/web\/wp-content\/uploads\/2021\/04\/Captura-de-pantalla-156.png","width":795,"height":450},{"@type":"BreadcrumbList","@id":"https:\/\/pagina10.com\/web\/procuraduria-confirmo-destitucion-e-inhabilidad-por-10-anos-a-docente-del-colegio-ciudad-de-pasto\/#breadcrumb","itemListElement":[{"@type":"ListItem","position":1,"name":"Portada","item":"https:\/\/pagina10.com\/web\/"},{"@type":"ListItem","position":2,"name":"Procuradur\u00eda confirm\u00f3 destituci\u00f3n e inhabilidad por 10 a\u00f1os a docente del Colegio Ciudad de Pasto."}]},{"@type":"WebSite","@id":"https:\/\/pagina10.com\/web\/#website","url":"https:\/\/pagina10.com\/web\/","name":"P\u00e1gina10","description":"Peri\u00f3dico Regional","publisher":{"@id":"https:\/\/pagina10.com\/web\/#organization"},"alternateName":"P\u00e1gina10 Peri\u00f3dico Regional","potentialAction":[{"@type":"SearchAction","target":{"@type":"EntryPoint","urlTemplate":"https:\/\/pagina10.com\/web\/?s={search_term_string}"},"query-input":{"@type":"PropertyValueSpecification","valueRequired":true,"valueName":"search_term_string"}}],"inLanguage":"es"},{"@type":"Organization","@id":"https:\/\/pagina10.com\/web\/#organization","name":"P\u00e1gina10","alternateName":"P\u00e1gina10 Peri\u00f3dico Regional","url":"https:\/\/pagina10.com\/web\/","logo":{"@type":"ImageObject","inLanguage":"es","@id":"https:\/\/pagina10.com\/web\/#\/schema\/logo\/image\/","url":"https:\/\/pagina10.com\/web\/wp-content\/uploads\/2024\/01\/40-pagina-10-periodico-regional-pasto.jpg","contentUrl":"https:\/\/pagina10.com\/web\/wp-content\/uploads\/2024\/01\/40-pagina-10-periodico-regional-pasto.jpg","width":1280,"height":720,"caption":"P\u00e1gina10"},"image":{"@id":"https:\/\/pagina10.com\/web\/#\/schema\/logo\/image\/"},"sameAs":["https:\/\/www.facebook.com\/pag10com","https:\/\/x.com\/Pag10com","https:\/\/www.instagram.com\/pagina10col\/","https:\/\/youtube.com\/channel\/pag10","https:\/\/www.tiktok.com\/@p10col"]},{"@type":"Person","@id":"https:\/\/pagina10.com\/web\/#\/schema\/person\/2efc4a090d25b667d3bc796798a3a81b","name":"P\u00e1gina 10","description":"P\u00e1gina 10 es un peri\u00f3dico regional que nace en Colombia, en el departamento de Nari\u00f1o, con un enfoque global, fundamentado en cuatro pilares esenciales: la libertad, el pluralismo, la inclusi\u00f3n y la independencia. P\u00e1gina 10 hace referencia a Nari\u00f1o como el d\u00e9cimo departamento creado en Colombia, despu\u00e9s de un proceso pol\u00edtico liderado por actores y actrices regionales con el fin de obtener la independencia y autonom\u00eda de nuestros territorios. Con la creaci\u00f3n de P\u00e1gina 10 se pretende abrir un escenario para el dialogo, la reflexi\u00f3n y el debate que se extienda a otras geograf\u00edas de Am\u00e9rica Latina y del planeta, en una apuesta por transformar colectivamente los desaf\u00edos de un mundo contempor\u00e1neo, m\u00e1s all\u00e1 de las fronteras impuestas.","url":"https:\/\/pagina10.com\/web\/author\/pdiezadmin\/"}]}},"_links":{"self":[{"href":"https:\/\/pagina10.com\/web\/wp-json\/wp\/v2\/posts\/51571","targetHints":{"allow":["GET"]}}],"collection":[{"href":"https:\/\/pagina10.com\/web\/wp-json\/wp\/v2\/posts"}],"about":[{"href":"https:\/\/pagina10.com\/web\/wp-json\/wp\/v2\/types\/post"}],"author":[{"embeddable":true,"href":"https:\/\/pagina10.com\/web\/wp-json\/wp\/v2\/users\/1"}],"replies":[{"embeddable":true,"href":"https:\/\/pagina10.com\/web\/wp-json\/wp\/v2\/comments?post=51571"}],"version-history":[{"count":1,"href":"https:\/\/pagina10.com\/web\/wp-json\/wp\/v2\/posts\/51571\/revisions"}],"predecessor-version":[{"id":51573,"href":"https:\/\/pagina10.com\/web\/wp-json\/wp\/v2\/posts\/51571\/revisions\/51573"}],"wp:featuredmedia":[{"embeddable":true,"href":"https:\/\/pagina10.com\/web\/wp-json\/wp\/v2\/media\/51572"}],"wp:attachment":[{"href":"https:\/\/pagina10.com\/web\/wp-json\/wp\/v2\/media?parent=51571"}],"wp:term":[{"taxonomy":"category","embeddable":true,"href":"https:\/\/pagina10.com\/web\/wp-json\/wp\/v2\/categories?post=51571"},{"taxonomy":"post_tag","embeddable":true,"href":"https:\/\/pagina10.com\/web\/wp-json\/wp\/v2\/tags?post=51571"}],"curies":[{"name":"wp","href":"https:\/\/api.w.org\/{rel}","templated":true}]}}