{"id":51581,"date":"2021-04-06T09:31:37","date_gmt":"2021-04-06T14:31:37","guid":{"rendered":"https:\/\/pagina10.com\/web\/?p=51581"},"modified":"2021-04-06T09:31:37","modified_gmt":"2021-04-06T14:31:37","slug":"capturado-alias-zorro-presunto-cabecilla-de-la-red-sicarial-de-la-estructura-disidente-oliver-sinisterra","status":"publish","type":"post","link":"https:\/\/pagina10.com\/web\/capturado-alias-zorro-presunto-cabecilla-de-la-red-sicarial-de-la-estructura-disidente-oliver-sinisterra\/","title":{"rendered":"Capturado alias \u201cZorro\u201d presunto cabecilla de la red sicarial de la estructura disidente Oliver Sinisterra."},"content":{"rendered":"<p style=\"text-align: justify;\">La Fiscal\u00eda General de la Naci\u00f3n inform\u00f3 hoy la operaci\u00f3n realizada a la estructura disidente \u201cOliver Sinisterra\u201d y a su componente armado responsable de asesinatos e intimidaciones a la poblaci\u00f3n en Tumaco. Gracias al trabajo articulado de la Fiscal\u00eda, la Sijin de la Polic\u00eda Nacional y Unidades del Ej\u00e9rcito Nacional en la vereda Caunapi del corregimiento de Llorente en Tumaco, se logr\u00f3 la judicializaci\u00f3n de Fernando Castro Casta\u00f1o, alias Zorro, presunto cabecilla de la red de sicarios de este grupo armado residual, quien estar\u00eda involucrado en ocho homicidios ocurridos durante el \u00faltimo a\u00f1o.<\/p>\n<p style=\"text-align: justify;\">Los elementos de prueba evidenciaron que alias Zorro, al parecer, ser\u00eda el responsable de varios cr\u00edmenes en Tumaco, entre estos el de un patrullero, un menor de edad que se opuso a ser reclutado y tres integrantes de una familia que supuestamente, no atend\u00edan las advertencias del grupo criminal durante el aislamiento preventivo.<\/p>\n<p style=\"text-align: justify;\">Por estos hechos la Fiscal\u00eda imput\u00f3 a alias Zorro los delitos de: concierto para delinquir, homicidio agravado, y fabricaci\u00f3n, tr\u00e1fico y\/o porte de armas de fuego. El procesado no acept\u00f3 los cargos y deber\u00e1 cumplir medida de aseguramiento en centro carcelario.<\/p>\n","protected":false},"excerpt":{"rendered":"<p>La Fiscal\u00eda General de la Naci\u00f3n inform\u00f3 hoy la operaci\u00f3n realizada a la estructura disidente \u201cOliver Sinisterra\u201d y a su componente armado responsable de asesinatos e intimidaciones a la poblaci\u00f3n en Tumaco. Gracias al trabajo articulado de la Fiscal\u00eda, la Sijin de la Polic\u00eda Nacional y Unidades del Ej\u00e9rcito Nacional en la vereda Caunapi del [&hellip;]<\/p>\n","protected":false},"author":1,"featured_media":51582,"comment_status":"open","ping_status":"open","sticky":false,"template":"","format":"standard","meta":{"footnotes":""},"categories":[61],"tags":[],"class_list":["post-51581","post","type-post","status-publish","format-standard","has-post-thumbnail","hentry","category-judicial"],"yoast_head":"<!-- This site is optimized with the Yoast SEO plugin v27.1.1 - https:\/\/yoast.com\/product\/yoast-seo-wordpress\/ -->\n<title>Capturado alias \u201cZorro\u201d presunto cabecilla de la red sicarial de la estructura disidente Oliver Sinisterra. | P\u00e1gina10<\/title>\n<meta name=\"robots\" content=\"index, follow, max-snippet:-1, max-image-preview:large, max-video-preview:-1\" \/>\n<link rel=\"canonical\" href=\"https:\/\/pagina10.com\/web\/capturado-alias-zorro-presunto-cabecilla-de-la-red-sicarial-de-la-estructura-disidente-oliver-sinisterra\/\" \/>\n<meta property=\"og:locale\" content=\"es_ES\" \/>\n<meta property=\"og:type\" content=\"article\" \/>\n<meta property=\"og:title\" content=\"Capturado alias \u201cZorro\u201d presunto cabecilla de la red sicarial de la estructura disidente Oliver Sinisterra. | P\u00e1gina10\" \/>\n<meta property=\"og:description\" content=\"La Fiscal\u00eda General de la Naci\u00f3n inform\u00f3 hoy la operaci\u00f3n realizada a la estructura disidente \u201cOliver Sinisterra\u201d y a su componente armado responsable de asesinatos e intimidaciones a la poblaci\u00f3n en Tumaco. Gracias al trabajo articulado de la Fiscal\u00eda, la Sijin de la Polic\u00eda Nacional y Unidades del Ej\u00e9rcito Nacional en la vereda Caunapi del [&hellip;]\" \/>\n<meta property=\"og:url\" content=\"https:\/\/pagina10.com\/web\/capturado-alias-zorro-presunto-cabecilla-de-la-red-sicarial-de-la-estructura-disidente-oliver-sinisterra\/\" \/>\n<meta property=\"og:site_name\" content=\"P\u00e1gina10\" \/>\n<meta property=\"article:publisher\" content=\"https:\/\/www.facebook.com\/pag10com\" \/>\n<meta property=\"article:published_time\" content=\"2021-04-06T14:31:37+00:00\" \/>\n<meta property=\"og:image\" content=\"https:\/\/pagina10.com\/web\/wp-content\/uploads\/2021\/04\/WhatsApp-Image-2021-04-06-at-9.29.43-AM-2.jpeg\" \/>\n\t<meta property=\"og:image:width\" content=\"720\" \/>\n\t<meta property=\"og:image:height\" content=\"417\" \/>\n\t<meta property=\"og:image:type\" content=\"image\/jpeg\" \/>\n<meta name=\"author\" content=\"P\u00e1gina 10\" \/>\n<meta name=\"twitter:card\" content=\"summary_large_image\" \/>\n<meta name=\"twitter:creator\" content=\"@Pag10com\" \/>\n<meta name=\"twitter:site\" content=\"@Pag10com\" \/>\n<meta name=\"twitter:label1\" content=\"Escrito por\" \/>\n\t<meta name=\"twitter:data1\" content=\"P\u00e1gina 10\" \/>\n\t<meta name=\"twitter:label2\" content=\"Tiempo de lectura\" \/>\n\t<meta name=\"twitter:data2\" content=\"1 minuto\" \/>\n<script type=\"application\/ld+json\" class=\"yoast-schema-graph\">{\"@context\":\"https:\/\/schema.org\",\"@graph\":[{\"@type\":\"Article\",\"@id\":\"https:\/\/pagina10.com\/web\/capturado-alias-zorro-presunto-cabecilla-de-la-red-sicarial-de-la-estructura-disidente-oliver-sinisterra\/#article\",\"isPartOf\":{\"@id\":\"https:\/\/pagina10.com\/web\/capturado-alias-zorro-presunto-cabecilla-de-la-red-sicarial-de-la-estructura-disidente-oliver-sinisterra\/\"},\"author\":{\"name\":\"P\u00e1gina 10\",\"@id\":\"https:\/\/pagina10.com\/web\/#\/schema\/person\/2efc4a090d25b667d3bc796798a3a81b\"},\"headline\":\"Capturado alias \u201cZorro\u201d presunto cabecilla de la red sicarial de la estructura disidente Oliver Sinisterra.\",\"datePublished\":\"2021-04-06T14:31:37+00:00\",\"mainEntityOfPage\":{\"@id\":\"https:\/\/pagina10.com\/web\/capturado-alias-zorro-presunto-cabecilla-de-la-red-sicarial-de-la-estructura-disidente-oliver-sinisterra\/\"},\"wordCount\":220,\"commentCount\":0,\"publisher\":{\"@id\":\"https:\/\/pagina10.com\/web\/#organization\"},\"image\":{\"@id\":\"https:\/\/pagina10.com\/web\/capturado-alias-zorro-presunto-cabecilla-de-la-red-sicarial-de-la-estructura-disidente-oliver-sinisterra\/#primaryimage\"},\"thumbnailUrl\":\"https:\/\/pagina10.com\/web\/wp-content\/uploads\/2021\/04\/WhatsApp-Image-2021-04-06-at-9.29.43-AM-2.jpeg\",\"articleSection\":[\"Judicial\"],\"inLanguage\":\"es\",\"potentialAction\":[{\"@type\":\"CommentAction\",\"name\":\"Comment\",\"target\":[\"https:\/\/pagina10.com\/web\/capturado-alias-zorro-presunto-cabecilla-de-la-red-sicarial-de-la-estructura-disidente-oliver-sinisterra\/#respond\"]}]},{\"@type\":\"WebPage\",\"@id\":\"https:\/\/pagina10.com\/web\/capturado-alias-zorro-presunto-cabecilla-de-la-red-sicarial-de-la-estructura-disidente-oliver-sinisterra\/\",\"url\":\"https:\/\/pagina10.com\/web\/capturado-alias-zorro-presunto-cabecilla-de-la-red-sicarial-de-la-estructura-disidente-oliver-sinisterra\/\",\"name\":\"Capturado alias \u201cZorro\u201d presunto cabecilla de la red sicarial de la estructura disidente Oliver Sinisterra. | P\u00e1gina10\",\"isPartOf\":{\"@id\":\"https:\/\/pagina10.com\/web\/#website\"},\"primaryImageOfPage\":{\"@id\":\"https:\/\/pagina10.com\/web\/capturado-alias-zorro-presunto-cabecilla-de-la-red-sicarial-de-la-estructura-disidente-oliver-sinisterra\/#primaryimage\"},\"image\":{\"@id\":\"https:\/\/pagina10.com\/web\/capturado-alias-zorro-presunto-cabecilla-de-la-red-sicarial-de-la-estructura-disidente-oliver-sinisterra\/#primaryimage\"},\"thumbnailUrl\":\"https:\/\/pagina10.com\/web\/wp-content\/uploads\/2021\/04\/WhatsApp-Image-2021-04-06-at-9.29.43-AM-2.jpeg\",\"datePublished\":\"2021-04-06T14:31:37+00:00\",\"breadcrumb\":{\"@id\":\"https:\/\/pagina10.com\/web\/capturado-alias-zorro-presunto-cabecilla-de-la-red-sicarial-de-la-estructura-disidente-oliver-sinisterra\/#breadcrumb\"},\"inLanguage\":\"es\",\"potentialAction\":[{\"@type\":\"ReadAction\",\"target\":[\"https:\/\/pagina10.com\/web\/capturado-alias-zorro-presunto-cabecilla-de-la-red-sicarial-de-la-estructura-disidente-oliver-sinisterra\/\"]}]},{\"@type\":\"ImageObject\",\"inLanguage\":\"es\",\"@id\":\"https:\/\/pagina10.com\/web\/capturado-alias-zorro-presunto-cabecilla-de-la-red-sicarial-de-la-estructura-disidente-oliver-sinisterra\/#primaryimage\",\"url\":\"https:\/\/pagina10.com\/web\/wp-content\/uploads\/2021\/04\/WhatsApp-Image-2021-04-06-at-9.29.43-AM-2.jpeg\",\"contentUrl\":\"https:\/\/pagina10.com\/web\/wp-content\/uploads\/2021\/04\/WhatsApp-Image-2021-04-06-at-9.29.43-AM-2.jpeg\",\"width\":720,\"height\":417},{\"@type\":\"BreadcrumbList\",\"@id\":\"https:\/\/pagina10.com\/web\/capturado-alias-zorro-presunto-cabecilla-de-la-red-sicarial-de-la-estructura-disidente-oliver-sinisterra\/#breadcrumb\",\"itemListElement\":[{\"@type\":\"ListItem\",\"position\":1,\"name\":\"Portada\",\"item\":\"https:\/\/pagina10.com\/web\/\"},{\"@type\":\"ListItem\",\"position\":2,\"name\":\"Capturado alias \u201cZorro\u201d presunto cabecilla de la red sicarial de la estructura disidente Oliver Sinisterra.\"}]},{\"@type\":\"WebSite\",\"@id\":\"https:\/\/pagina10.com\/web\/#website\",\"url\":\"https:\/\/pagina10.com\/web\/\",\"name\":\"P\u00e1gina10\",\"description\":\"Peri\u00f3dico Regional\",\"publisher\":{\"@id\":\"https:\/\/pagina10.com\/web\/#organization\"},\"alternateName\":\"P\u00e1gina10 Peri\u00f3dico Regional\",\"potentialAction\":[{\"@type\":\"SearchAction\",\"target\":{\"@type\":\"EntryPoint\",\"urlTemplate\":\"https:\/\/pagina10.com\/web\/?s={search_term_string}\"},\"query-input\":{\"@type\":\"PropertyValueSpecification\",\"valueRequired\":true,\"valueName\":\"search_term_string\"}}],\"inLanguage\":\"es\"},{\"@type\":\"Organization\",\"@id\":\"https:\/\/pagina10.com\/web\/#organization\",\"name\":\"P\u00e1gina10\",\"alternateName\":\"P\u00e1gina10 Peri\u00f3dico Regional\",\"url\":\"https:\/\/pagina10.com\/web\/\",\"logo\":{\"@type\":\"ImageObject\",\"inLanguage\":\"es\",\"@id\":\"https:\/\/pagina10.com\/web\/#\/schema\/logo\/image\/\",\"url\":\"https:\/\/pagina10.com\/web\/wp-content\/uploads\/2024\/01\/40-pagina-10-periodico-regional-pasto.jpg\",\"contentUrl\":\"https:\/\/pagina10.com\/web\/wp-content\/uploads\/2024\/01\/40-pagina-10-periodico-regional-pasto.jpg\",\"width\":1280,\"height\":720,\"caption\":\"P\u00e1gina10\"},\"image\":{\"@id\":\"https:\/\/pagina10.com\/web\/#\/schema\/logo\/image\/\"},\"sameAs\":[\"https:\/\/www.facebook.com\/pag10com\",\"https:\/\/x.com\/Pag10com\",\"https:\/\/www.instagram.com\/pagina10col\/\",\"https:\/\/youtube.com\/channel\/pag10\",\"https:\/\/www.tiktok.com\/@p10col\"]},{\"@type\":\"Person\",\"@id\":\"https:\/\/pagina10.com\/web\/#\/schema\/person\/2efc4a090d25b667d3bc796798a3a81b\",\"name\":\"P\u00e1gina 10\",\"description\":\"P\u00e1gina 10 es un peri\u00f3dico regional que nace en Colombia, en el departamento de Nari\u00f1o, con un enfoque global, fundamentado en cuatro pilares esenciales: la libertad, el pluralismo, la inclusi\u00f3n y la independencia. P\u00e1gina 10 hace referencia a Nari\u00f1o como el d\u00e9cimo departamento creado en Colombia, despu\u00e9s de un proceso pol\u00edtico liderado por actores y actrices regionales con el fin de obtener la independencia y autonom\u00eda de nuestros territorios. Con la creaci\u00f3n de P\u00e1gina 10 se pretende abrir un escenario para el dialogo, la reflexi\u00f3n y el debate que se extienda a otras geograf\u00edas de Am\u00e9rica Latina y del planeta, en una apuesta por transformar colectivamente los desaf\u00edos de un mundo contempor\u00e1neo, m\u00e1s all\u00e1 de las fronteras impuestas.\",\"url\":\"https:\/\/pagina10.com\/web\/author\/pdiezadmin\/\"}]}<\/script>\n<!-- \/ Yoast SEO plugin. -->","yoast_head_json":{"title":"Capturado alias \u201cZorro\u201d presunto cabecilla de la red sicarial de la estructura disidente Oliver Sinisterra. | P\u00e1gina10","robots":{"index":"index","follow":"follow","max-snippet":"max-snippet:-1","max-image-preview":"max-image-preview:large","max-video-preview":"max-video-preview:-1"},"canonical":"https:\/\/pagina10.com\/web\/capturado-alias-zorro-presunto-cabecilla-de-la-red-sicarial-de-la-estructura-disidente-oliver-sinisterra\/","og_locale":"es_ES","og_type":"article","og_title":"Capturado alias \u201cZorro\u201d presunto cabecilla de la red sicarial de la estructura disidente Oliver Sinisterra. | P\u00e1gina10","og_description":"La Fiscal\u00eda General de la Naci\u00f3n inform\u00f3 hoy la operaci\u00f3n realizada a la estructura disidente \u201cOliver Sinisterra\u201d y a su componente armado responsable de asesinatos e intimidaciones a la poblaci\u00f3n en Tumaco. Gracias al trabajo articulado de la Fiscal\u00eda, la Sijin de la Polic\u00eda Nacional y Unidades del Ej\u00e9rcito Nacional en la vereda Caunapi del [&hellip;]","og_url":"https:\/\/pagina10.com\/web\/capturado-alias-zorro-presunto-cabecilla-de-la-red-sicarial-de-la-estructura-disidente-oliver-sinisterra\/","og_site_name":"P\u00e1gina10","article_publisher":"https:\/\/www.facebook.com\/pag10com","article_published_time":"2021-04-06T14:31:37+00:00","og_image":[{"width":720,"height":417,"url":"https:\/\/pagina10.com\/web\/wp-content\/uploads\/2021\/04\/WhatsApp-Image-2021-04-06-at-9.29.43-AM-2.jpeg","type":"image\/jpeg"}],"author":"P\u00e1gina 10","twitter_card":"summary_large_image","twitter_creator":"@Pag10com","twitter_site":"@Pag10com","twitter_misc":{"Escrito por":"P\u00e1gina 10","Tiempo de lectura":"1 minuto"},"schema":{"@context":"https:\/\/schema.org","@graph":[{"@type":"Article","@id":"https:\/\/pagina10.com\/web\/capturado-alias-zorro-presunto-cabecilla-de-la-red-sicarial-de-la-estructura-disidente-oliver-sinisterra\/#article","isPartOf":{"@id":"https:\/\/pagina10.com\/web\/capturado-alias-zorro-presunto-cabecilla-de-la-red-sicarial-de-la-estructura-disidente-oliver-sinisterra\/"},"author":{"name":"P\u00e1gina 10","@id":"https:\/\/pagina10.com\/web\/#\/schema\/person\/2efc4a090d25b667d3bc796798a3a81b"},"headline":"Capturado alias \u201cZorro\u201d presunto cabecilla de la red sicarial de la estructura disidente Oliver Sinisterra.","datePublished":"2021-04-06T14:31:37+00:00","mainEntityOfPage":{"@id":"https:\/\/pagina10.com\/web\/capturado-alias-zorro-presunto-cabecilla-de-la-red-sicarial-de-la-estructura-disidente-oliver-sinisterra\/"},"wordCount":220,"commentCount":0,"publisher":{"@id":"https:\/\/pagina10.com\/web\/#organization"},"image":{"@id":"https:\/\/pagina10.com\/web\/capturado-alias-zorro-presunto-cabecilla-de-la-red-sicarial-de-la-estructura-disidente-oliver-sinisterra\/#primaryimage"},"thumbnailUrl":"https:\/\/pagina10.com\/web\/wp-content\/uploads\/2021\/04\/WhatsApp-Image-2021-04-06-at-9.29.43-AM-2.jpeg","articleSection":["Judicial"],"inLanguage":"es","potentialAction":[{"@type":"CommentAction","name":"Comment","target":["https:\/\/pagina10.com\/web\/capturado-alias-zorro-presunto-cabecilla-de-la-red-sicarial-de-la-estructura-disidente-oliver-sinisterra\/#respond"]}]},{"@type":"WebPage","@id":"https:\/\/pagina10.com\/web\/capturado-alias-zorro-presunto-cabecilla-de-la-red-sicarial-de-la-estructura-disidente-oliver-sinisterra\/","url":"https:\/\/pagina10.com\/web\/capturado-alias-zorro-presunto-cabecilla-de-la-red-sicarial-de-la-estructura-disidente-oliver-sinisterra\/","name":"Capturado alias \u201cZorro\u201d presunto cabecilla de la red sicarial de la estructura disidente Oliver Sinisterra. | P\u00e1gina10","isPartOf":{"@id":"https:\/\/pagina10.com\/web\/#website"},"primaryImageOfPage":{"@id":"https:\/\/pagina10.com\/web\/capturado-alias-zorro-presunto-cabecilla-de-la-red-sicarial-de-la-estructura-disidente-oliver-sinisterra\/#primaryimage"},"image":{"@id":"https:\/\/pagina10.com\/web\/capturado-alias-zorro-presunto-cabecilla-de-la-red-sicarial-de-la-estructura-disidente-oliver-sinisterra\/#primaryimage"},"thumbnailUrl":"https:\/\/pagina10.com\/web\/wp-content\/uploads\/2021\/04\/WhatsApp-Image-2021-04-06-at-9.29.43-AM-2.jpeg","datePublished":"2021-04-06T14:31:37+00:00","breadcrumb":{"@id":"https:\/\/pagina10.com\/web\/capturado-alias-zorro-presunto-cabecilla-de-la-red-sicarial-de-la-estructura-disidente-oliver-sinisterra\/#breadcrumb"},"inLanguage":"es","potentialAction":[{"@type":"ReadAction","target":["https:\/\/pagina10.com\/web\/capturado-alias-zorro-presunto-cabecilla-de-la-red-sicarial-de-la-estructura-disidente-oliver-sinisterra\/"]}]},{"@type":"ImageObject","inLanguage":"es","@id":"https:\/\/pagina10.com\/web\/capturado-alias-zorro-presunto-cabecilla-de-la-red-sicarial-de-la-estructura-disidente-oliver-sinisterra\/#primaryimage","url":"https:\/\/pagina10.com\/web\/wp-content\/uploads\/2021\/04\/WhatsApp-Image-2021-04-06-at-9.29.43-AM-2.jpeg","contentUrl":"https:\/\/pagina10.com\/web\/wp-content\/uploads\/2021\/04\/WhatsApp-Image-2021-04-06-at-9.29.43-AM-2.jpeg","width":720,"height":417},{"@type":"BreadcrumbList","@id":"https:\/\/pagina10.com\/web\/capturado-alias-zorro-presunto-cabecilla-de-la-red-sicarial-de-la-estructura-disidente-oliver-sinisterra\/#breadcrumb","itemListElement":[{"@type":"ListItem","position":1,"name":"Portada","item":"https:\/\/pagina10.com\/web\/"},{"@type":"ListItem","position":2,"name":"Capturado alias \u201cZorro\u201d presunto cabecilla de la red sicarial de la estructura disidente Oliver Sinisterra."}]},{"@type":"WebSite","@id":"https:\/\/pagina10.com\/web\/#website","url":"https:\/\/pagina10.com\/web\/","name":"P\u00e1gina10","description":"Peri\u00f3dico Regional","publisher":{"@id":"https:\/\/pagina10.com\/web\/#organization"},"alternateName":"P\u00e1gina10 Peri\u00f3dico Regional","potentialAction":[{"@type":"SearchAction","target":{"@type":"EntryPoint","urlTemplate":"https:\/\/pagina10.com\/web\/?s={search_term_string}"},"query-input":{"@type":"PropertyValueSpecification","valueRequired":true,"valueName":"search_term_string"}}],"inLanguage":"es"},{"@type":"Organization","@id":"https:\/\/pagina10.com\/web\/#organization","name":"P\u00e1gina10","alternateName":"P\u00e1gina10 Peri\u00f3dico Regional","url":"https:\/\/pagina10.com\/web\/","logo":{"@type":"ImageObject","inLanguage":"es","@id":"https:\/\/pagina10.com\/web\/#\/schema\/logo\/image\/","url":"https:\/\/pagina10.com\/web\/wp-content\/uploads\/2024\/01\/40-pagina-10-periodico-regional-pasto.jpg","contentUrl":"https:\/\/pagina10.com\/web\/wp-content\/uploads\/2024\/01\/40-pagina-10-periodico-regional-pasto.jpg","width":1280,"height":720,"caption":"P\u00e1gina10"},"image":{"@id":"https:\/\/pagina10.com\/web\/#\/schema\/logo\/image\/"},"sameAs":["https:\/\/www.facebook.com\/pag10com","https:\/\/x.com\/Pag10com","https:\/\/www.instagram.com\/pagina10col\/","https:\/\/youtube.com\/channel\/pag10","https:\/\/www.tiktok.com\/@p10col"]},{"@type":"Person","@id":"https:\/\/pagina10.com\/web\/#\/schema\/person\/2efc4a090d25b667d3bc796798a3a81b","name":"P\u00e1gina 10","description":"P\u00e1gina 10 es un peri\u00f3dico regional que nace en Colombia, en el departamento de Nari\u00f1o, con un enfoque global, fundamentado en cuatro pilares esenciales: la libertad, el pluralismo, la inclusi\u00f3n y la independencia. P\u00e1gina 10 hace referencia a Nari\u00f1o como el d\u00e9cimo departamento creado en Colombia, despu\u00e9s de un proceso pol\u00edtico liderado por actores y actrices regionales con el fin de obtener la independencia y autonom\u00eda de nuestros territorios. Con la creaci\u00f3n de P\u00e1gina 10 se pretende abrir un escenario para el dialogo, la reflexi\u00f3n y el debate que se extienda a otras geograf\u00edas de Am\u00e9rica Latina y del planeta, en una apuesta por transformar colectivamente los desaf\u00edos de un mundo contempor\u00e1neo, m\u00e1s all\u00e1 de las fronteras impuestas.","url":"https:\/\/pagina10.com\/web\/author\/pdiezadmin\/"}]}},"_links":{"self":[{"href":"https:\/\/pagina10.com\/web\/wp-json\/wp\/v2\/posts\/51581","targetHints":{"allow":["GET"]}}],"collection":[{"href":"https:\/\/pagina10.com\/web\/wp-json\/wp\/v2\/posts"}],"about":[{"href":"https:\/\/pagina10.com\/web\/wp-json\/wp\/v2\/types\/post"}],"author":[{"embeddable":true,"href":"https:\/\/pagina10.com\/web\/wp-json\/wp\/v2\/users\/1"}],"replies":[{"embeddable":true,"href":"https:\/\/pagina10.com\/web\/wp-json\/wp\/v2\/comments?post=51581"}],"version-history":[{"count":1,"href":"https:\/\/pagina10.com\/web\/wp-json\/wp\/v2\/posts\/51581\/revisions"}],"predecessor-version":[{"id":51583,"href":"https:\/\/pagina10.com\/web\/wp-json\/wp\/v2\/posts\/51581\/revisions\/51583"}],"wp:featuredmedia":[{"embeddable":true,"href":"https:\/\/pagina10.com\/web\/wp-json\/wp\/v2\/media\/51582"}],"wp:attachment":[{"href":"https:\/\/pagina10.com\/web\/wp-json\/wp\/v2\/media?parent=51581"}],"wp:term":[{"taxonomy":"category","embeddable":true,"href":"https:\/\/pagina10.com\/web\/wp-json\/wp\/v2\/categories?post=51581"},{"taxonomy":"post_tag","embeddable":true,"href":"https:\/\/pagina10.com\/web\/wp-json\/wp\/v2\/tags?post=51581"}],"curies":[{"name":"wp","href":"https:\/\/api.w.org\/{rel}","templated":true}]}}