{"id":51589,"date":"2021-04-06T18:11:56","date_gmt":"2021-04-06T23:11:56","guid":{"rendered":"https:\/\/pagina10.com\/web\/?p=51589"},"modified":"2021-04-06T18:11:56","modified_gmt":"2021-04-06T23:11:56","slug":"se-lograron-acuerdos-con-comunidades-indigenas-y-se-levanto-bloqueo-en-la-via-pasto-ipiales","status":"publish","type":"post","link":"https:\/\/pagina10.com\/web\/se-lograron-acuerdos-con-comunidades-indigenas-y-se-levanto-bloqueo-en-la-via-pasto-ipiales\/","title":{"rendered":"Se lograron acuerdos con comunidades ind\u00edgenas y se levant\u00f3 bloqueo en la v\u00eda Pasto \u2013 Ipiales."},"content":{"rendered":"<div class=\"et_pb_module et_pb_text et_pb_text_0  et_pb_text_align_left et_pb_bg_layout_light\">\n<div class=\"et_pb_text_inner\">\n<p style=\"text-align: justify;\">Despu\u00e9s de 12 de horas de trabajo en la que se escuch\u00f3 a las comunidades de los Resguardos Ind\u00edgenas de Muallamues, Mayasquer, Gran Cumbal y Aponte, se logr\u00f3 concretar acuerdos que permitieron el desbloqueo de la v\u00eda Panamericana en el tramo Pasto \u2013 Ipiales y la continuidad de los di\u00e1logos en mesa permanente.<\/p>\n<\/div>\n<\/div>\n<div class=\"et_pb_module et_pb_text et_pb_text_1  et_pb_text_align_left et_pb_bg_layout_light\">\n<div class=\"et_pb_text_inner\">\n<p style=\"text-align: justify;\">En la mesa de dialogo, representantes del Ministerio del Interior, Defensor\u00eda del Pueblo y la Gobernaci\u00f3n, escucharon a los l\u00edderes de las comunidades quienes expusieron sus desacuerdos frente a las decisiones tomadas por la administraci\u00f3n de la EPS referentes a la elecci\u00f3n del Gerente y Junta Directiva sin tener en cuenta los mandatos, usos y costumbres de las comunidades.<\/p>\n<p style=\"text-align: justify;\">Despu\u00e9s de un di\u00e1logo abierto y participativo se logr\u00f3 llegar a un consenso en beneficio de las comunidades del sur del Departamento. Entre lo acordado est\u00e1:<\/p>\n<p style=\"text-align: justify;\">\u2022 El Ministerio del Interior llevar\u00e1 a cabo todos los procesos legales para el reconocimiento del nuevo gerente y junta directiva de la EPS Mallamas, de acuerdo al mandato, usos y costumbres de las comunidades ind\u00edgenas. La Defensor\u00eda del Pueblo y La Gobernaci\u00f3n de Nari\u00f1o ser\u00e1n garantes de este proceso para que se cumplan lo pactado.<\/p>\n<p style=\"text-align: justify;\">\u2022 Se contin\u00faa en asamblea permanentemente, mientras se llevan a cabo los procesos legales acordados entre las partes.<\/p>\n<p style=\"text-align: justify;\">\u2022 Se levanta el bloqueo de la v\u00eda panamericana Pasto \u2013 Ipiales y se normaliza el flujo vehicular.<\/p>\n<p style=\"text-align: justify;\">\u201cEl desbloqueo de la v\u00eda nacional es un acuerdo fundamental que nos permite seguir construyendo territorios de paz a trav\u00e9s del dialogo y la concertaci\u00f3n. Hoy demostramos desde Ipiales que seguimos trabajando en favor de todo nuestro departamento\u201d, concluy\u00f3 el Secretario de Gobierno, Francisco Cer\u00f3n.<\/p>\n<p style=\"text-align: justify;\">Por su parte, el Taita Jaime de Jes\u00fas Carlosama, Gobernador del Resguardo Ind\u00edgena de Muellamues expres\u00f3 que: \u201cAgradecer al Ministerio del Interior, a la Delegaci\u00f3n de la Gobernaci\u00f3n de Nari\u00f1o y la Defensor\u00eda del Pueblo; nuestras autoridades, la guardia ind\u00edgena y la comunidad por el respaldo en este proceso. Despu\u00e9s de una extensa minga de pensamiento, con el prop\u00f3sito de salir adelante hemos logrado unos acuerdos significativos en procura y beneficio por salud de nuestros pueblos ind\u00edgenas y no ind\u00edgenas. Dentro de los acuerdos, por el momento hasta tanto se lleven a efecto, no habr\u00e1 bloqueos en la v\u00eda panamericana Pasto \u2013 Ipiales\u201d.<\/p>\n<p style=\"text-align: justify;\">As\u00ed mismo, el Taita Adri\u00e1n Chasoy, Gobernador del Resguardo Ind\u00edgena de Aponte, manifiesto que: \u201cEstos acuerdos van a marcar la vida de nuestros pueblos. Gracias a Dios se lleg\u00f3 a un acuerdo definitivo y puntual que es la certificaci\u00f3n de nuestra junta directiva, que era la meta que nos propusimos y que gracias a Dios se ha logrado\u201d.<\/p>\n<p style=\"text-align: justify;\">Antecedentes:<\/p>\n<p style=\"text-align: justify;\">\u2022 En d\u00edas pasados, las comunidades ind\u00edgenas de los resguardos del sur del Departamento anunciaron una movilizaci\u00f3n masiva y bloqueo de las principales v\u00edas de Nari\u00f1o, solicitando al Gobierno Nacional y las entidades competentes se garantice una participaci\u00f3n efectiva dentro de la junta directiva de la EPS Mallamas.<\/p>\n<p style=\"text-align: justify;\">\u2022 La EPS Mallamas es la empresa prestadora de servicios de salud para comunidades ind\u00edgenas que cuenta con m\u00e1s de 295.000 afiliados en 61 municipios y 11 departamentos del pa\u00eds.<\/p>\n<\/div>\n<\/div>\n","protected":false},"excerpt":{"rendered":"<p>Despu\u00e9s de 12 de horas de trabajo en la que se escuch\u00f3 a las comunidades de los Resguardos Ind\u00edgenas de Muallamues, Mayasquer, Gran Cumbal y Aponte, se logr\u00f3 concretar acuerdos que permitieron el desbloqueo de la v\u00eda Panamericana en el tramo Pasto \u2013 Ipiales y la continuidad de los di\u00e1logos en mesa permanente. En la [&hellip;]<\/p>\n","protected":false},"author":1,"featured_media":51590,"comment_status":"open","ping_status":"open","sticky":false,"template":"","format":"standard","meta":{"footnotes":""},"categories":[53],"tags":[],"class_list":["post-51589","post","type-post","status-publish","format-standard","has-post-thumbnail","hentry","category-regiones"],"yoast_head":"<!-- This site is optimized with the Yoast SEO plugin v27.1.1 - https:\/\/yoast.com\/product\/yoast-seo-wordpress\/ -->\n<title>Se lograron acuerdos con comunidades ind\u00edgenas y se levant\u00f3 bloqueo en la v\u00eda Pasto \u2013 Ipiales. | P\u00e1gina10<\/title>\n<meta name=\"robots\" content=\"index, follow, max-snippet:-1, max-image-preview:large, max-video-preview:-1\" \/>\n<link rel=\"canonical\" href=\"https:\/\/pagina10.com\/web\/se-lograron-acuerdos-con-comunidades-indigenas-y-se-levanto-bloqueo-en-la-via-pasto-ipiales\/\" \/>\n<meta property=\"og:locale\" content=\"es_ES\" \/>\n<meta property=\"og:type\" content=\"article\" \/>\n<meta property=\"og:title\" content=\"Se lograron acuerdos con comunidades ind\u00edgenas y se levant\u00f3 bloqueo en la v\u00eda Pasto \u2013 Ipiales. | P\u00e1gina10\" \/>\n<meta property=\"og:description\" content=\"Despu\u00e9s de 12 de horas de trabajo en la que se escuch\u00f3 a las comunidades de los Resguardos Ind\u00edgenas de Muallamues, Mayasquer, Gran Cumbal y Aponte, se logr\u00f3 concretar acuerdos que permitieron el desbloqueo de la v\u00eda Panamericana en el tramo Pasto \u2013 Ipiales y la continuidad de los di\u00e1logos en mesa permanente. En la [&hellip;]\" \/>\n<meta property=\"og:url\" content=\"https:\/\/pagina10.com\/web\/se-lograron-acuerdos-con-comunidades-indigenas-y-se-levanto-bloqueo-en-la-via-pasto-ipiales\/\" \/>\n<meta property=\"og:site_name\" content=\"P\u00e1gina10\" \/>\n<meta property=\"article:publisher\" content=\"https:\/\/www.facebook.com\/pag10com\" \/>\n<meta property=\"article:published_time\" content=\"2021-04-06T23:11:56+00:00\" \/>\n<meta property=\"og:image\" content=\"https:\/\/pagina10.com\/web\/wp-content\/uploads\/2021\/04\/Captura-de-pantalla-158.png\" \/>\n\t<meta property=\"og:image:width\" content=\"781\" \/>\n\t<meta property=\"og:image:height\" content=\"390\" \/>\n\t<meta property=\"og:image:type\" content=\"image\/png\" \/>\n<meta name=\"author\" content=\"P\u00e1gina 10\" \/>\n<meta name=\"twitter:card\" content=\"summary_large_image\" \/>\n<meta name=\"twitter:creator\" content=\"@Pag10com\" \/>\n<meta name=\"twitter:site\" content=\"@Pag10com\" \/>\n<meta name=\"twitter:label1\" content=\"Escrito por\" \/>\n\t<meta name=\"twitter:data1\" content=\"P\u00e1gina 10\" \/>\n\t<meta name=\"twitter:label2\" content=\"Tiempo de lectura\" \/>\n\t<meta name=\"twitter:data2\" content=\"3 minutos\" \/>\n<script type=\"application\/ld+json\" class=\"yoast-schema-graph\">{\"@context\":\"https:\/\/schema.org\",\"@graph\":[{\"@type\":\"Article\",\"@id\":\"https:\/\/pagina10.com\/web\/se-lograron-acuerdos-con-comunidades-indigenas-y-se-levanto-bloqueo-en-la-via-pasto-ipiales\/#article\",\"isPartOf\":{\"@id\":\"https:\/\/pagina10.com\/web\/se-lograron-acuerdos-con-comunidades-indigenas-y-se-levanto-bloqueo-en-la-via-pasto-ipiales\/\"},\"author\":{\"name\":\"P\u00e1gina 10\",\"@id\":\"https:\/\/pagina10.com\/web\/#\/schema\/person\/2efc4a090d25b667d3bc796798a3a81b\"},\"headline\":\"Se lograron acuerdos con comunidades ind\u00edgenas y se levant\u00f3 bloqueo en la v\u00eda Pasto \u2013 Ipiales.\",\"datePublished\":\"2021-04-06T23:11:56+00:00\",\"mainEntityOfPage\":{\"@id\":\"https:\/\/pagina10.com\/web\/se-lograron-acuerdos-con-comunidades-indigenas-y-se-levanto-bloqueo-en-la-via-pasto-ipiales\/\"},\"wordCount\":566,\"commentCount\":0,\"publisher\":{\"@id\":\"https:\/\/pagina10.com\/web\/#organization\"},\"image\":{\"@id\":\"https:\/\/pagina10.com\/web\/se-lograron-acuerdos-con-comunidades-indigenas-y-se-levanto-bloqueo-en-la-via-pasto-ipiales\/#primaryimage\"},\"thumbnailUrl\":\"https:\/\/pagina10.com\/web\/wp-content\/uploads\/2021\/04\/Captura-de-pantalla-158.png\",\"articleSection\":[\"Regiones\"],\"inLanguage\":\"es\",\"potentialAction\":[{\"@type\":\"CommentAction\",\"name\":\"Comment\",\"target\":[\"https:\/\/pagina10.com\/web\/se-lograron-acuerdos-con-comunidades-indigenas-y-se-levanto-bloqueo-en-la-via-pasto-ipiales\/#respond\"]}]},{\"@type\":\"WebPage\",\"@id\":\"https:\/\/pagina10.com\/web\/se-lograron-acuerdos-con-comunidades-indigenas-y-se-levanto-bloqueo-en-la-via-pasto-ipiales\/\",\"url\":\"https:\/\/pagina10.com\/web\/se-lograron-acuerdos-con-comunidades-indigenas-y-se-levanto-bloqueo-en-la-via-pasto-ipiales\/\",\"name\":\"Se lograron acuerdos con comunidades ind\u00edgenas y se levant\u00f3 bloqueo en la v\u00eda Pasto \u2013 Ipiales. | P\u00e1gina10\",\"isPartOf\":{\"@id\":\"https:\/\/pagina10.com\/web\/#website\"},\"primaryImageOfPage\":{\"@id\":\"https:\/\/pagina10.com\/web\/se-lograron-acuerdos-con-comunidades-indigenas-y-se-levanto-bloqueo-en-la-via-pasto-ipiales\/#primaryimage\"},\"image\":{\"@id\":\"https:\/\/pagina10.com\/web\/se-lograron-acuerdos-con-comunidades-indigenas-y-se-levanto-bloqueo-en-la-via-pasto-ipiales\/#primaryimage\"},\"thumbnailUrl\":\"https:\/\/pagina10.com\/web\/wp-content\/uploads\/2021\/04\/Captura-de-pantalla-158.png\",\"datePublished\":\"2021-04-06T23:11:56+00:00\",\"breadcrumb\":{\"@id\":\"https:\/\/pagina10.com\/web\/se-lograron-acuerdos-con-comunidades-indigenas-y-se-levanto-bloqueo-en-la-via-pasto-ipiales\/#breadcrumb\"},\"inLanguage\":\"es\",\"potentialAction\":[{\"@type\":\"ReadAction\",\"target\":[\"https:\/\/pagina10.com\/web\/se-lograron-acuerdos-con-comunidades-indigenas-y-se-levanto-bloqueo-en-la-via-pasto-ipiales\/\"]}]},{\"@type\":\"ImageObject\",\"inLanguage\":\"es\",\"@id\":\"https:\/\/pagina10.com\/web\/se-lograron-acuerdos-con-comunidades-indigenas-y-se-levanto-bloqueo-en-la-via-pasto-ipiales\/#primaryimage\",\"url\":\"https:\/\/pagina10.com\/web\/wp-content\/uploads\/2021\/04\/Captura-de-pantalla-158.png\",\"contentUrl\":\"https:\/\/pagina10.com\/web\/wp-content\/uploads\/2021\/04\/Captura-de-pantalla-158.png\",\"width\":781,\"height\":390},{\"@type\":\"BreadcrumbList\",\"@id\":\"https:\/\/pagina10.com\/web\/se-lograron-acuerdos-con-comunidades-indigenas-y-se-levanto-bloqueo-en-la-via-pasto-ipiales\/#breadcrumb\",\"itemListElement\":[{\"@type\":\"ListItem\",\"position\":1,\"name\":\"Portada\",\"item\":\"https:\/\/pagina10.com\/web\/\"},{\"@type\":\"ListItem\",\"position\":2,\"name\":\"Se lograron acuerdos con comunidades ind\u00edgenas y se levant\u00f3 bloqueo en la v\u00eda Pasto \u2013 Ipiales.\"}]},{\"@type\":\"WebSite\",\"@id\":\"https:\/\/pagina10.com\/web\/#website\",\"url\":\"https:\/\/pagina10.com\/web\/\",\"name\":\"P\u00e1gina10\",\"description\":\"Peri\u00f3dico Regional\",\"publisher\":{\"@id\":\"https:\/\/pagina10.com\/web\/#organization\"},\"alternateName\":\"P\u00e1gina10 Peri\u00f3dico Regional\",\"potentialAction\":[{\"@type\":\"SearchAction\",\"target\":{\"@type\":\"EntryPoint\",\"urlTemplate\":\"https:\/\/pagina10.com\/web\/?s={search_term_string}\"},\"query-input\":{\"@type\":\"PropertyValueSpecification\",\"valueRequired\":true,\"valueName\":\"search_term_string\"}}],\"inLanguage\":\"es\"},{\"@type\":\"Organization\",\"@id\":\"https:\/\/pagina10.com\/web\/#organization\",\"name\":\"P\u00e1gina10\",\"alternateName\":\"P\u00e1gina10 Peri\u00f3dico Regional\",\"url\":\"https:\/\/pagina10.com\/web\/\",\"logo\":{\"@type\":\"ImageObject\",\"inLanguage\":\"es\",\"@id\":\"https:\/\/pagina10.com\/web\/#\/schema\/logo\/image\/\",\"url\":\"https:\/\/pagina10.com\/web\/wp-content\/uploads\/2024\/01\/40-pagina-10-periodico-regional-pasto.jpg\",\"contentUrl\":\"https:\/\/pagina10.com\/web\/wp-content\/uploads\/2024\/01\/40-pagina-10-periodico-regional-pasto.jpg\",\"width\":1280,\"height\":720,\"caption\":\"P\u00e1gina10\"},\"image\":{\"@id\":\"https:\/\/pagina10.com\/web\/#\/schema\/logo\/image\/\"},\"sameAs\":[\"https:\/\/www.facebook.com\/pag10com\",\"https:\/\/x.com\/Pag10com\",\"https:\/\/www.instagram.com\/pagina10col\/\",\"https:\/\/youtube.com\/channel\/pag10\",\"https:\/\/www.tiktok.com\/@p10col\"]},{\"@type\":\"Person\",\"@id\":\"https:\/\/pagina10.com\/web\/#\/schema\/person\/2efc4a090d25b667d3bc796798a3a81b\",\"name\":\"P\u00e1gina 10\",\"description\":\"P\u00e1gina 10 es un peri\u00f3dico regional que nace en Colombia, en el departamento de Nari\u00f1o, con un enfoque global, fundamentado en cuatro pilares esenciales: la libertad, el pluralismo, la inclusi\u00f3n y la independencia. P\u00e1gina 10 hace referencia a Nari\u00f1o como el d\u00e9cimo departamento creado en Colombia, despu\u00e9s de un proceso pol\u00edtico liderado por actores y actrices regionales con el fin de obtener la independencia y autonom\u00eda de nuestros territorios. Con la creaci\u00f3n de P\u00e1gina 10 se pretende abrir un escenario para el dialogo, la reflexi\u00f3n y el debate que se extienda a otras geograf\u00edas de Am\u00e9rica Latina y del planeta, en una apuesta por transformar colectivamente los desaf\u00edos de un mundo contempor\u00e1neo, m\u00e1s all\u00e1 de las fronteras impuestas.\",\"url\":\"https:\/\/pagina10.com\/web\/author\/pdiezadmin\/\"}]}<\/script>\n<!-- \/ Yoast SEO plugin. -->","yoast_head_json":{"title":"Se lograron acuerdos con comunidades ind\u00edgenas y se levant\u00f3 bloqueo en la v\u00eda Pasto \u2013 Ipiales. | P\u00e1gina10","robots":{"index":"index","follow":"follow","max-snippet":"max-snippet:-1","max-image-preview":"max-image-preview:large","max-video-preview":"max-video-preview:-1"},"canonical":"https:\/\/pagina10.com\/web\/se-lograron-acuerdos-con-comunidades-indigenas-y-se-levanto-bloqueo-en-la-via-pasto-ipiales\/","og_locale":"es_ES","og_type":"article","og_title":"Se lograron acuerdos con comunidades ind\u00edgenas y se levant\u00f3 bloqueo en la v\u00eda Pasto \u2013 Ipiales. | P\u00e1gina10","og_description":"Despu\u00e9s de 12 de horas de trabajo en la que se escuch\u00f3 a las comunidades de los Resguardos Ind\u00edgenas de Muallamues, Mayasquer, Gran Cumbal y Aponte, se logr\u00f3 concretar acuerdos que permitieron el desbloqueo de la v\u00eda Panamericana en el tramo Pasto \u2013 Ipiales y la continuidad de los di\u00e1logos en mesa permanente. En la [&hellip;]","og_url":"https:\/\/pagina10.com\/web\/se-lograron-acuerdos-con-comunidades-indigenas-y-se-levanto-bloqueo-en-la-via-pasto-ipiales\/","og_site_name":"P\u00e1gina10","article_publisher":"https:\/\/www.facebook.com\/pag10com","article_published_time":"2021-04-06T23:11:56+00:00","og_image":[{"width":781,"height":390,"url":"https:\/\/pagina10.com\/web\/wp-content\/uploads\/2021\/04\/Captura-de-pantalla-158.png","type":"image\/png"}],"author":"P\u00e1gina 10","twitter_card":"summary_large_image","twitter_creator":"@Pag10com","twitter_site":"@Pag10com","twitter_misc":{"Escrito por":"P\u00e1gina 10","Tiempo de lectura":"3 minutos"},"schema":{"@context":"https:\/\/schema.org","@graph":[{"@type":"Article","@id":"https:\/\/pagina10.com\/web\/se-lograron-acuerdos-con-comunidades-indigenas-y-se-levanto-bloqueo-en-la-via-pasto-ipiales\/#article","isPartOf":{"@id":"https:\/\/pagina10.com\/web\/se-lograron-acuerdos-con-comunidades-indigenas-y-se-levanto-bloqueo-en-la-via-pasto-ipiales\/"},"author":{"name":"P\u00e1gina 10","@id":"https:\/\/pagina10.com\/web\/#\/schema\/person\/2efc4a090d25b667d3bc796798a3a81b"},"headline":"Se lograron acuerdos con comunidades ind\u00edgenas y se levant\u00f3 bloqueo en la v\u00eda Pasto \u2013 Ipiales.","datePublished":"2021-04-06T23:11:56+00:00","mainEntityOfPage":{"@id":"https:\/\/pagina10.com\/web\/se-lograron-acuerdos-con-comunidades-indigenas-y-se-levanto-bloqueo-en-la-via-pasto-ipiales\/"},"wordCount":566,"commentCount":0,"publisher":{"@id":"https:\/\/pagina10.com\/web\/#organization"},"image":{"@id":"https:\/\/pagina10.com\/web\/se-lograron-acuerdos-con-comunidades-indigenas-y-se-levanto-bloqueo-en-la-via-pasto-ipiales\/#primaryimage"},"thumbnailUrl":"https:\/\/pagina10.com\/web\/wp-content\/uploads\/2021\/04\/Captura-de-pantalla-158.png","articleSection":["Regiones"],"inLanguage":"es","potentialAction":[{"@type":"CommentAction","name":"Comment","target":["https:\/\/pagina10.com\/web\/se-lograron-acuerdos-con-comunidades-indigenas-y-se-levanto-bloqueo-en-la-via-pasto-ipiales\/#respond"]}]},{"@type":"WebPage","@id":"https:\/\/pagina10.com\/web\/se-lograron-acuerdos-con-comunidades-indigenas-y-se-levanto-bloqueo-en-la-via-pasto-ipiales\/","url":"https:\/\/pagina10.com\/web\/se-lograron-acuerdos-con-comunidades-indigenas-y-se-levanto-bloqueo-en-la-via-pasto-ipiales\/","name":"Se lograron acuerdos con comunidades ind\u00edgenas y se levant\u00f3 bloqueo en la v\u00eda Pasto \u2013 Ipiales. | P\u00e1gina10","isPartOf":{"@id":"https:\/\/pagina10.com\/web\/#website"},"primaryImageOfPage":{"@id":"https:\/\/pagina10.com\/web\/se-lograron-acuerdos-con-comunidades-indigenas-y-se-levanto-bloqueo-en-la-via-pasto-ipiales\/#primaryimage"},"image":{"@id":"https:\/\/pagina10.com\/web\/se-lograron-acuerdos-con-comunidades-indigenas-y-se-levanto-bloqueo-en-la-via-pasto-ipiales\/#primaryimage"},"thumbnailUrl":"https:\/\/pagina10.com\/web\/wp-content\/uploads\/2021\/04\/Captura-de-pantalla-158.png","datePublished":"2021-04-06T23:11:56+00:00","breadcrumb":{"@id":"https:\/\/pagina10.com\/web\/se-lograron-acuerdos-con-comunidades-indigenas-y-se-levanto-bloqueo-en-la-via-pasto-ipiales\/#breadcrumb"},"inLanguage":"es","potentialAction":[{"@type":"ReadAction","target":["https:\/\/pagina10.com\/web\/se-lograron-acuerdos-con-comunidades-indigenas-y-se-levanto-bloqueo-en-la-via-pasto-ipiales\/"]}]},{"@type":"ImageObject","inLanguage":"es","@id":"https:\/\/pagina10.com\/web\/se-lograron-acuerdos-con-comunidades-indigenas-y-se-levanto-bloqueo-en-la-via-pasto-ipiales\/#primaryimage","url":"https:\/\/pagina10.com\/web\/wp-content\/uploads\/2021\/04\/Captura-de-pantalla-158.png","contentUrl":"https:\/\/pagina10.com\/web\/wp-content\/uploads\/2021\/04\/Captura-de-pantalla-158.png","width":781,"height":390},{"@type":"BreadcrumbList","@id":"https:\/\/pagina10.com\/web\/se-lograron-acuerdos-con-comunidades-indigenas-y-se-levanto-bloqueo-en-la-via-pasto-ipiales\/#breadcrumb","itemListElement":[{"@type":"ListItem","position":1,"name":"Portada","item":"https:\/\/pagina10.com\/web\/"},{"@type":"ListItem","position":2,"name":"Se lograron acuerdos con comunidades ind\u00edgenas y se levant\u00f3 bloqueo en la v\u00eda Pasto \u2013 Ipiales."}]},{"@type":"WebSite","@id":"https:\/\/pagina10.com\/web\/#website","url":"https:\/\/pagina10.com\/web\/","name":"P\u00e1gina10","description":"Peri\u00f3dico Regional","publisher":{"@id":"https:\/\/pagina10.com\/web\/#organization"},"alternateName":"P\u00e1gina10 Peri\u00f3dico Regional","potentialAction":[{"@type":"SearchAction","target":{"@type":"EntryPoint","urlTemplate":"https:\/\/pagina10.com\/web\/?s={search_term_string}"},"query-input":{"@type":"PropertyValueSpecification","valueRequired":true,"valueName":"search_term_string"}}],"inLanguage":"es"},{"@type":"Organization","@id":"https:\/\/pagina10.com\/web\/#organization","name":"P\u00e1gina10","alternateName":"P\u00e1gina10 Peri\u00f3dico Regional","url":"https:\/\/pagina10.com\/web\/","logo":{"@type":"ImageObject","inLanguage":"es","@id":"https:\/\/pagina10.com\/web\/#\/schema\/logo\/image\/","url":"https:\/\/pagina10.com\/web\/wp-content\/uploads\/2024\/01\/40-pagina-10-periodico-regional-pasto.jpg","contentUrl":"https:\/\/pagina10.com\/web\/wp-content\/uploads\/2024\/01\/40-pagina-10-periodico-regional-pasto.jpg","width":1280,"height":720,"caption":"P\u00e1gina10"},"image":{"@id":"https:\/\/pagina10.com\/web\/#\/schema\/logo\/image\/"},"sameAs":["https:\/\/www.facebook.com\/pag10com","https:\/\/x.com\/Pag10com","https:\/\/www.instagram.com\/pagina10col\/","https:\/\/youtube.com\/channel\/pag10","https:\/\/www.tiktok.com\/@p10col"]},{"@type":"Person","@id":"https:\/\/pagina10.com\/web\/#\/schema\/person\/2efc4a090d25b667d3bc796798a3a81b","name":"P\u00e1gina 10","description":"P\u00e1gina 10 es un peri\u00f3dico regional que nace en Colombia, en el departamento de Nari\u00f1o, con un enfoque global, fundamentado en cuatro pilares esenciales: la libertad, el pluralismo, la inclusi\u00f3n y la independencia. P\u00e1gina 10 hace referencia a Nari\u00f1o como el d\u00e9cimo departamento creado en Colombia, despu\u00e9s de un proceso pol\u00edtico liderado por actores y actrices regionales con el fin de obtener la independencia y autonom\u00eda de nuestros territorios. Con la creaci\u00f3n de P\u00e1gina 10 se pretende abrir un escenario para el dialogo, la reflexi\u00f3n y el debate que se extienda a otras geograf\u00edas de Am\u00e9rica Latina y del planeta, en una apuesta por transformar colectivamente los desaf\u00edos de un mundo contempor\u00e1neo, m\u00e1s all\u00e1 de las fronteras impuestas.","url":"https:\/\/pagina10.com\/web\/author\/pdiezadmin\/"}]}},"_links":{"self":[{"href":"https:\/\/pagina10.com\/web\/wp-json\/wp\/v2\/posts\/51589","targetHints":{"allow":["GET"]}}],"collection":[{"href":"https:\/\/pagina10.com\/web\/wp-json\/wp\/v2\/posts"}],"about":[{"href":"https:\/\/pagina10.com\/web\/wp-json\/wp\/v2\/types\/post"}],"author":[{"embeddable":true,"href":"https:\/\/pagina10.com\/web\/wp-json\/wp\/v2\/users\/1"}],"replies":[{"embeddable":true,"href":"https:\/\/pagina10.com\/web\/wp-json\/wp\/v2\/comments?post=51589"}],"version-history":[{"count":1,"href":"https:\/\/pagina10.com\/web\/wp-json\/wp\/v2\/posts\/51589\/revisions"}],"predecessor-version":[{"id":51591,"href":"https:\/\/pagina10.com\/web\/wp-json\/wp\/v2\/posts\/51589\/revisions\/51591"}],"wp:featuredmedia":[{"embeddable":true,"href":"https:\/\/pagina10.com\/web\/wp-json\/wp\/v2\/media\/51590"}],"wp:attachment":[{"href":"https:\/\/pagina10.com\/web\/wp-json\/wp\/v2\/media?parent=51589"}],"wp:term":[{"taxonomy":"category","embeddable":true,"href":"https:\/\/pagina10.com\/web\/wp-json\/wp\/v2\/categories?post=51589"},{"taxonomy":"post_tag","embeddable":true,"href":"https:\/\/pagina10.com\/web\/wp-json\/wp\/v2\/tags?post=51589"}],"curies":[{"name":"wp","href":"https:\/\/api.w.org\/{rel}","templated":true}]}}