{"id":51598,"date":"2021-04-06T19:06:28","date_gmt":"2021-04-07T00:06:28","guid":{"rendered":"https:\/\/pagina10.com\/web\/?p=51598"},"modified":"2021-04-07T10:46:39","modified_gmt":"2021-04-07T15:46:39","slug":"el-senador-narinense-aulo-polo-no-hizo-nada-por-el-departamento-cristian-munoz","status":"publish","type":"post","link":"https:\/\/pagina10.com\/web\/el-senador-narinense-aulo-polo-no-hizo-nada-por-el-departamento-cristian-munoz\/","title":{"rendered":"&#8220;El senador nari\u00f1ense, Aulo Polo,  no hizo nada por el departamento&#8221; Cristian Mu\u00f1oz."},"content":{"rendered":"<p style=\"text-align: justify;\">El dirigente del Partido Alianza Verde y miembro del movimiento nueva ciudadan\u00eda del exgobernador Romero, Cristian Mu\u00f1oz, se expres\u00f3 por medio de CNC Noticias Pasto, \u00a0en donde manifest\u00f3 en t\u00e9rminos generales el proceso de reestructuraci\u00f3n que adelanta el Partido Alianza Verde con miras a las elecciones del congreso en el mes de marzo de 2022 y el an\u00e1lisis que \u00e9l hace frente a la labor legislativa desempe\u00f1ada por el Senador del Partido Verde, Aulo Polo.<\/p>\n<p style=\"text-align: justify;\">El dirigente nari\u00f1ense, en este proceso de reestructuraci\u00f3n del Partido Verde, expres\u00f3 que se debe hacer autocr\u00edtica, por lo cual se\u00f1al\u00f3 que el senador Aulo Polo, \u201clastimosamente no hizo nada por el departamento\u201d. Afirm\u00f3 que en lo que va corrido de su periodo legislativo \u201cel senador Aulo Polo no ha representado ni a la Alianza verde ni a los nari\u00f1enses\u201d.\u00a0 \u201cEso se lo cobraran en las urnas, lo bueno de las urnas es que te cobran a ti que no hagas el trabajo\u201d manifest\u00f3 finalmente.<\/p>\n<p><img fetchpriority=\"high\" decoding=\"async\" class=\"aligncenter wp-image-51600\" src=\"https:\/\/pagina10.com\/web\/wp-content\/uploads\/2021\/04\/WhatsApp-Image-2021-04-06-at-7.02.49-PM.jpeg\" alt=\"\" width=\"276\" height=\"368\" srcset=\"https:\/\/pagina10.com\/web\/wp-content\/uploads\/2021\/04\/WhatsApp-Image-2021-04-06-at-7.02.49-PM.jpeg 540w, https:\/\/pagina10.com\/web\/wp-content\/uploads\/2021\/04\/WhatsApp-Image-2021-04-06-at-7.02.49-PM-225x300.jpeg 225w\" sizes=\"(max-width: 276px) 100vw, 276px\" \/>Finalmente, el apoyo brindado por \u00a0Ricardo y Camilo Romero al senador Aulo Polo para su llegada al congreso se ve reflejado en la conformaci\u00f3n de la Unidad T\u00e9cnica Legislativa, en donde aparecen integrantes de la familia Romero.<\/p>\n<p><img decoding=\"async\" class=\"aligncenter wp-image-51615\" src=\"https:\/\/pagina10.com\/web\/wp-content\/uploads\/2021\/04\/WhatsApp-Image-2021-04-06-at-9.15.50-PM.jpeg\" alt=\"\" width=\"764\" height=\"254\" srcset=\"https:\/\/pagina10.com\/web\/wp-content\/uploads\/2021\/04\/WhatsApp-Image-2021-04-06-at-9.15.50-PM.jpeg 1024w, https:\/\/pagina10.com\/web\/wp-content\/uploads\/2021\/04\/WhatsApp-Image-2021-04-06-at-9.15.50-PM-300x100.jpeg 300w, https:\/\/pagina10.com\/web\/wp-content\/uploads\/2021\/04\/WhatsApp-Image-2021-04-06-at-9.15.50-PM-768x256.jpeg 768w\" sizes=\"(max-width: 764px) 100vw, 764px\" \/><\/p>\n","protected":false},"excerpt":{"rendered":"<p>El dirigente del Partido Alianza Verde y miembro del movimiento nueva ciudadan\u00eda del exgobernador Romero, Cristian Mu\u00f1oz, se expres\u00f3 por medio de CNC Noticias Pasto, \u00a0en donde manifest\u00f3 en t\u00e9rminos generales el proceso de reestructuraci\u00f3n que adelanta el Partido Alianza Verde con miras a las elecciones del congreso en el mes de marzo de 2022 [&hellip;]<\/p>\n","protected":false},"author":1,"featured_media":51599,"comment_status":"open","ping_status":"open","sticky":false,"template":"","format":"standard","meta":{"footnotes":""},"categories":[53],"tags":[],"class_list":["post-51598","post","type-post","status-publish","format-standard","has-post-thumbnail","hentry","category-regiones"],"yoast_head":"<!-- This site is optimized with the Yoast SEO plugin v27.1.1 - https:\/\/yoast.com\/product\/yoast-seo-wordpress\/ -->\n<title>&quot;El senador nari\u00f1ense, Aulo Polo, no hizo nada por el departamento&quot; Cristian Mu\u00f1oz. | P\u00e1gina10<\/title>\n<meta name=\"robots\" content=\"index, follow, max-snippet:-1, max-image-preview:large, max-video-preview:-1\" \/>\n<link rel=\"canonical\" href=\"https:\/\/pagina10.com\/web\/el-senador-narinense-aulo-polo-no-hizo-nada-por-el-departamento-cristian-munoz\/\" \/>\n<meta property=\"og:locale\" content=\"es_ES\" \/>\n<meta property=\"og:type\" content=\"article\" \/>\n<meta property=\"og:title\" content=\"&quot;El senador nari\u00f1ense, Aulo Polo, no hizo nada por el departamento&quot; Cristian Mu\u00f1oz. | P\u00e1gina10\" \/>\n<meta property=\"og:description\" content=\"El dirigente del Partido Alianza Verde y miembro del movimiento nueva ciudadan\u00eda del exgobernador Romero, Cristian Mu\u00f1oz, se expres\u00f3 por medio de CNC Noticias Pasto, en donde manifest\u00f3 en t\u00e9rminos generales el proceso de reestructuraci\u00f3n que adelanta el Partido Alianza Verde con miras a las elecciones del congreso en el mes de marzo de 2022 [&hellip;]\" \/>\n<meta property=\"og:url\" content=\"https:\/\/pagina10.com\/web\/el-senador-narinense-aulo-polo-no-hizo-nada-por-el-departamento-cristian-munoz\/\" \/>\n<meta property=\"og:site_name\" content=\"P\u00e1gina10\" \/>\n<meta property=\"article:publisher\" content=\"https:\/\/www.facebook.com\/pag10com\" \/>\n<meta property=\"article:published_time\" content=\"2021-04-07T00:06:28+00:00\" \/>\n<meta property=\"article:modified_time\" content=\"2021-04-07T15:46:39+00:00\" \/>\n<meta property=\"og:image\" content=\"https:\/\/pagina10.com\/web\/wp-content\/uploads\/2021\/04\/WhatsApp-Image-2021-04-06-at-1.19.36-PM.jpeg\" \/>\n\t<meta property=\"og:image:width\" content=\"960\" \/>\n\t<meta property=\"og:image:height\" content=\"540\" \/>\n\t<meta property=\"og:image:type\" content=\"image\/jpeg\" \/>\n<meta name=\"author\" content=\"P\u00e1gina 10\" \/>\n<meta name=\"twitter:card\" content=\"summary_large_image\" \/>\n<meta name=\"twitter:creator\" content=\"@Pag10com\" \/>\n<meta name=\"twitter:site\" content=\"@Pag10com\" \/>\n<meta name=\"twitter:label1\" content=\"Escrito por\" \/>\n\t<meta name=\"twitter:data1\" content=\"P\u00e1gina 10\" \/>\n\t<meta name=\"twitter:label2\" content=\"Tiempo de lectura\" \/>\n\t<meta name=\"twitter:data2\" content=\"1 minuto\" \/>\n<script type=\"application\/ld+json\" class=\"yoast-schema-graph\">{\"@context\":\"https:\/\/schema.org\",\"@graph\":[{\"@type\":\"Article\",\"@id\":\"https:\/\/pagina10.com\/web\/el-senador-narinense-aulo-polo-no-hizo-nada-por-el-departamento-cristian-munoz\/#article\",\"isPartOf\":{\"@id\":\"https:\/\/pagina10.com\/web\/el-senador-narinense-aulo-polo-no-hizo-nada-por-el-departamento-cristian-munoz\/\"},\"author\":{\"name\":\"P\u00e1gina 10\",\"@id\":\"https:\/\/pagina10.com\/web\/#\/schema\/person\/2efc4a090d25b667d3bc796798a3a81b\"},\"headline\":\"&#8220;El senador nari\u00f1ense, Aulo Polo, no hizo nada por el departamento&#8221; Cristian Mu\u00f1oz.\",\"datePublished\":\"2021-04-07T00:06:28+00:00\",\"dateModified\":\"2021-04-07T15:46:39+00:00\",\"mainEntityOfPage\":{\"@id\":\"https:\/\/pagina10.com\/web\/el-senador-narinense-aulo-polo-no-hizo-nada-por-el-departamento-cristian-munoz\/\"},\"wordCount\":224,\"commentCount\":0,\"publisher\":{\"@id\":\"https:\/\/pagina10.com\/web\/#organization\"},\"image\":{\"@id\":\"https:\/\/pagina10.com\/web\/el-senador-narinense-aulo-polo-no-hizo-nada-por-el-departamento-cristian-munoz\/#primaryimage\"},\"thumbnailUrl\":\"https:\/\/pagina10.com\/web\/wp-content\/uploads\/2021\/04\/WhatsApp-Image-2021-04-06-at-1.19.36-PM.jpeg\",\"articleSection\":[\"Regiones\"],\"inLanguage\":\"es\",\"potentialAction\":[{\"@type\":\"CommentAction\",\"name\":\"Comment\",\"target\":[\"https:\/\/pagina10.com\/web\/el-senador-narinense-aulo-polo-no-hizo-nada-por-el-departamento-cristian-munoz\/#respond\"]}]},{\"@type\":\"WebPage\",\"@id\":\"https:\/\/pagina10.com\/web\/el-senador-narinense-aulo-polo-no-hizo-nada-por-el-departamento-cristian-munoz\/\",\"url\":\"https:\/\/pagina10.com\/web\/el-senador-narinense-aulo-polo-no-hizo-nada-por-el-departamento-cristian-munoz\/\",\"name\":\"\\\"El senador nari\u00f1ense, Aulo Polo, no hizo nada por el departamento\\\" Cristian Mu\u00f1oz. | P\u00e1gina10\",\"isPartOf\":{\"@id\":\"https:\/\/pagina10.com\/web\/#website\"},\"primaryImageOfPage\":{\"@id\":\"https:\/\/pagina10.com\/web\/el-senador-narinense-aulo-polo-no-hizo-nada-por-el-departamento-cristian-munoz\/#primaryimage\"},\"image\":{\"@id\":\"https:\/\/pagina10.com\/web\/el-senador-narinense-aulo-polo-no-hizo-nada-por-el-departamento-cristian-munoz\/#primaryimage\"},\"thumbnailUrl\":\"https:\/\/pagina10.com\/web\/wp-content\/uploads\/2021\/04\/WhatsApp-Image-2021-04-06-at-1.19.36-PM.jpeg\",\"datePublished\":\"2021-04-07T00:06:28+00:00\",\"dateModified\":\"2021-04-07T15:46:39+00:00\",\"breadcrumb\":{\"@id\":\"https:\/\/pagina10.com\/web\/el-senador-narinense-aulo-polo-no-hizo-nada-por-el-departamento-cristian-munoz\/#breadcrumb\"},\"inLanguage\":\"es\",\"potentialAction\":[{\"@type\":\"ReadAction\",\"target\":[\"https:\/\/pagina10.com\/web\/el-senador-narinense-aulo-polo-no-hizo-nada-por-el-departamento-cristian-munoz\/\"]}]},{\"@type\":\"ImageObject\",\"inLanguage\":\"es\",\"@id\":\"https:\/\/pagina10.com\/web\/el-senador-narinense-aulo-polo-no-hizo-nada-por-el-departamento-cristian-munoz\/#primaryimage\",\"url\":\"https:\/\/pagina10.com\/web\/wp-content\/uploads\/2021\/04\/WhatsApp-Image-2021-04-06-at-1.19.36-PM.jpeg\",\"contentUrl\":\"https:\/\/pagina10.com\/web\/wp-content\/uploads\/2021\/04\/WhatsApp-Image-2021-04-06-at-1.19.36-PM.jpeg\",\"width\":960,\"height\":540,\"caption\":\"El senador Aulo Polo con Ricardo y Camilo Romero, quienes lo apoyaron para llegar al congreso.\"},{\"@type\":\"BreadcrumbList\",\"@id\":\"https:\/\/pagina10.com\/web\/el-senador-narinense-aulo-polo-no-hizo-nada-por-el-departamento-cristian-munoz\/#breadcrumb\",\"itemListElement\":[{\"@type\":\"ListItem\",\"position\":1,\"name\":\"Portada\",\"item\":\"https:\/\/pagina10.com\/web\/\"},{\"@type\":\"ListItem\",\"position\":2,\"name\":\"&#8220;El senador nari\u00f1ense, Aulo Polo, no hizo nada por el departamento&#8221; Cristian Mu\u00f1oz.\"}]},{\"@type\":\"WebSite\",\"@id\":\"https:\/\/pagina10.com\/web\/#website\",\"url\":\"https:\/\/pagina10.com\/web\/\",\"name\":\"P\u00e1gina10\",\"description\":\"Peri\u00f3dico Regional\",\"publisher\":{\"@id\":\"https:\/\/pagina10.com\/web\/#organization\"},\"alternateName\":\"P\u00e1gina10 Peri\u00f3dico Regional\",\"potentialAction\":[{\"@type\":\"SearchAction\",\"target\":{\"@type\":\"EntryPoint\",\"urlTemplate\":\"https:\/\/pagina10.com\/web\/?s={search_term_string}\"},\"query-input\":{\"@type\":\"PropertyValueSpecification\",\"valueRequired\":true,\"valueName\":\"search_term_string\"}}],\"inLanguage\":\"es\"},{\"@type\":\"Organization\",\"@id\":\"https:\/\/pagina10.com\/web\/#organization\",\"name\":\"P\u00e1gina10\",\"alternateName\":\"P\u00e1gina10 Peri\u00f3dico Regional\",\"url\":\"https:\/\/pagina10.com\/web\/\",\"logo\":{\"@type\":\"ImageObject\",\"inLanguage\":\"es\",\"@id\":\"https:\/\/pagina10.com\/web\/#\/schema\/logo\/image\/\",\"url\":\"https:\/\/pagina10.com\/web\/wp-content\/uploads\/2024\/01\/40-pagina-10-periodico-regional-pasto.jpg\",\"contentUrl\":\"https:\/\/pagina10.com\/web\/wp-content\/uploads\/2024\/01\/40-pagina-10-periodico-regional-pasto.jpg\",\"width\":1280,\"height\":720,\"caption\":\"P\u00e1gina10\"},\"image\":{\"@id\":\"https:\/\/pagina10.com\/web\/#\/schema\/logo\/image\/\"},\"sameAs\":[\"https:\/\/www.facebook.com\/pag10com\",\"https:\/\/x.com\/Pag10com\",\"https:\/\/www.instagram.com\/pagina10col\/\",\"https:\/\/youtube.com\/channel\/pag10\",\"https:\/\/www.tiktok.com\/@p10col\"]},{\"@type\":\"Person\",\"@id\":\"https:\/\/pagina10.com\/web\/#\/schema\/person\/2efc4a090d25b667d3bc796798a3a81b\",\"name\":\"P\u00e1gina 10\",\"description\":\"P\u00e1gina 10 es un peri\u00f3dico regional que nace en Colombia, en el departamento de Nari\u00f1o, con un enfoque global, fundamentado en cuatro pilares esenciales: la libertad, el pluralismo, la inclusi\u00f3n y la independencia. P\u00e1gina 10 hace referencia a Nari\u00f1o como el d\u00e9cimo departamento creado en Colombia, despu\u00e9s de un proceso pol\u00edtico liderado por actores y actrices regionales con el fin de obtener la independencia y autonom\u00eda de nuestros territorios. Con la creaci\u00f3n de P\u00e1gina 10 se pretende abrir un escenario para el dialogo, la reflexi\u00f3n y el debate que se extienda a otras geograf\u00edas de Am\u00e9rica Latina y del planeta, en una apuesta por transformar colectivamente los desaf\u00edos de un mundo contempor\u00e1neo, m\u00e1s all\u00e1 de las fronteras impuestas.\",\"url\":\"https:\/\/pagina10.com\/web\/author\/pdiezadmin\/\"}]}<\/script>\n<!-- \/ Yoast SEO plugin. -->","yoast_head_json":{"title":"\"El senador nari\u00f1ense, Aulo Polo, no hizo nada por el departamento\" Cristian Mu\u00f1oz. | P\u00e1gina10","robots":{"index":"index","follow":"follow","max-snippet":"max-snippet:-1","max-image-preview":"max-image-preview:large","max-video-preview":"max-video-preview:-1"},"canonical":"https:\/\/pagina10.com\/web\/el-senador-narinense-aulo-polo-no-hizo-nada-por-el-departamento-cristian-munoz\/","og_locale":"es_ES","og_type":"article","og_title":"\"El senador nari\u00f1ense, Aulo Polo, no hizo nada por el departamento\" Cristian Mu\u00f1oz. | P\u00e1gina10","og_description":"El dirigente del Partido Alianza Verde y miembro del movimiento nueva ciudadan\u00eda del exgobernador Romero, Cristian Mu\u00f1oz, se expres\u00f3 por medio de CNC Noticias Pasto, en donde manifest\u00f3 en t\u00e9rminos generales el proceso de reestructuraci\u00f3n que adelanta el Partido Alianza Verde con miras a las elecciones del congreso en el mes de marzo de 2022 [&hellip;]","og_url":"https:\/\/pagina10.com\/web\/el-senador-narinense-aulo-polo-no-hizo-nada-por-el-departamento-cristian-munoz\/","og_site_name":"P\u00e1gina10","article_publisher":"https:\/\/www.facebook.com\/pag10com","article_published_time":"2021-04-07T00:06:28+00:00","article_modified_time":"2021-04-07T15:46:39+00:00","og_image":[{"width":960,"height":540,"url":"https:\/\/pagina10.com\/web\/wp-content\/uploads\/2021\/04\/WhatsApp-Image-2021-04-06-at-1.19.36-PM.jpeg","type":"image\/jpeg"}],"author":"P\u00e1gina 10","twitter_card":"summary_large_image","twitter_creator":"@Pag10com","twitter_site":"@Pag10com","twitter_misc":{"Escrito por":"P\u00e1gina 10","Tiempo de lectura":"1 minuto"},"schema":{"@context":"https:\/\/schema.org","@graph":[{"@type":"Article","@id":"https:\/\/pagina10.com\/web\/el-senador-narinense-aulo-polo-no-hizo-nada-por-el-departamento-cristian-munoz\/#article","isPartOf":{"@id":"https:\/\/pagina10.com\/web\/el-senador-narinense-aulo-polo-no-hizo-nada-por-el-departamento-cristian-munoz\/"},"author":{"name":"P\u00e1gina 10","@id":"https:\/\/pagina10.com\/web\/#\/schema\/person\/2efc4a090d25b667d3bc796798a3a81b"},"headline":"&#8220;El senador nari\u00f1ense, Aulo Polo, no hizo nada por el departamento&#8221; Cristian Mu\u00f1oz.","datePublished":"2021-04-07T00:06:28+00:00","dateModified":"2021-04-07T15:46:39+00:00","mainEntityOfPage":{"@id":"https:\/\/pagina10.com\/web\/el-senador-narinense-aulo-polo-no-hizo-nada-por-el-departamento-cristian-munoz\/"},"wordCount":224,"commentCount":0,"publisher":{"@id":"https:\/\/pagina10.com\/web\/#organization"},"image":{"@id":"https:\/\/pagina10.com\/web\/el-senador-narinense-aulo-polo-no-hizo-nada-por-el-departamento-cristian-munoz\/#primaryimage"},"thumbnailUrl":"https:\/\/pagina10.com\/web\/wp-content\/uploads\/2021\/04\/WhatsApp-Image-2021-04-06-at-1.19.36-PM.jpeg","articleSection":["Regiones"],"inLanguage":"es","potentialAction":[{"@type":"CommentAction","name":"Comment","target":["https:\/\/pagina10.com\/web\/el-senador-narinense-aulo-polo-no-hizo-nada-por-el-departamento-cristian-munoz\/#respond"]}]},{"@type":"WebPage","@id":"https:\/\/pagina10.com\/web\/el-senador-narinense-aulo-polo-no-hizo-nada-por-el-departamento-cristian-munoz\/","url":"https:\/\/pagina10.com\/web\/el-senador-narinense-aulo-polo-no-hizo-nada-por-el-departamento-cristian-munoz\/","name":"\"El senador nari\u00f1ense, Aulo Polo, no hizo nada por el departamento\" Cristian Mu\u00f1oz. | P\u00e1gina10","isPartOf":{"@id":"https:\/\/pagina10.com\/web\/#website"},"primaryImageOfPage":{"@id":"https:\/\/pagina10.com\/web\/el-senador-narinense-aulo-polo-no-hizo-nada-por-el-departamento-cristian-munoz\/#primaryimage"},"image":{"@id":"https:\/\/pagina10.com\/web\/el-senador-narinense-aulo-polo-no-hizo-nada-por-el-departamento-cristian-munoz\/#primaryimage"},"thumbnailUrl":"https:\/\/pagina10.com\/web\/wp-content\/uploads\/2021\/04\/WhatsApp-Image-2021-04-06-at-1.19.36-PM.jpeg","datePublished":"2021-04-07T00:06:28+00:00","dateModified":"2021-04-07T15:46:39+00:00","breadcrumb":{"@id":"https:\/\/pagina10.com\/web\/el-senador-narinense-aulo-polo-no-hizo-nada-por-el-departamento-cristian-munoz\/#breadcrumb"},"inLanguage":"es","potentialAction":[{"@type":"ReadAction","target":["https:\/\/pagina10.com\/web\/el-senador-narinense-aulo-polo-no-hizo-nada-por-el-departamento-cristian-munoz\/"]}]},{"@type":"ImageObject","inLanguage":"es","@id":"https:\/\/pagina10.com\/web\/el-senador-narinense-aulo-polo-no-hizo-nada-por-el-departamento-cristian-munoz\/#primaryimage","url":"https:\/\/pagina10.com\/web\/wp-content\/uploads\/2021\/04\/WhatsApp-Image-2021-04-06-at-1.19.36-PM.jpeg","contentUrl":"https:\/\/pagina10.com\/web\/wp-content\/uploads\/2021\/04\/WhatsApp-Image-2021-04-06-at-1.19.36-PM.jpeg","width":960,"height":540,"caption":"El senador Aulo Polo con Ricardo y Camilo Romero, quienes lo apoyaron para llegar al congreso."},{"@type":"BreadcrumbList","@id":"https:\/\/pagina10.com\/web\/el-senador-narinense-aulo-polo-no-hizo-nada-por-el-departamento-cristian-munoz\/#breadcrumb","itemListElement":[{"@type":"ListItem","position":1,"name":"Portada","item":"https:\/\/pagina10.com\/web\/"},{"@type":"ListItem","position":2,"name":"&#8220;El senador nari\u00f1ense, Aulo Polo, no hizo nada por el departamento&#8221; Cristian Mu\u00f1oz."}]},{"@type":"WebSite","@id":"https:\/\/pagina10.com\/web\/#website","url":"https:\/\/pagina10.com\/web\/","name":"P\u00e1gina10","description":"Peri\u00f3dico Regional","publisher":{"@id":"https:\/\/pagina10.com\/web\/#organization"},"alternateName":"P\u00e1gina10 Peri\u00f3dico Regional","potentialAction":[{"@type":"SearchAction","target":{"@type":"EntryPoint","urlTemplate":"https:\/\/pagina10.com\/web\/?s={search_term_string}"},"query-input":{"@type":"PropertyValueSpecification","valueRequired":true,"valueName":"search_term_string"}}],"inLanguage":"es"},{"@type":"Organization","@id":"https:\/\/pagina10.com\/web\/#organization","name":"P\u00e1gina10","alternateName":"P\u00e1gina10 Peri\u00f3dico Regional","url":"https:\/\/pagina10.com\/web\/","logo":{"@type":"ImageObject","inLanguage":"es","@id":"https:\/\/pagina10.com\/web\/#\/schema\/logo\/image\/","url":"https:\/\/pagina10.com\/web\/wp-content\/uploads\/2024\/01\/40-pagina-10-periodico-regional-pasto.jpg","contentUrl":"https:\/\/pagina10.com\/web\/wp-content\/uploads\/2024\/01\/40-pagina-10-periodico-regional-pasto.jpg","width":1280,"height":720,"caption":"P\u00e1gina10"},"image":{"@id":"https:\/\/pagina10.com\/web\/#\/schema\/logo\/image\/"},"sameAs":["https:\/\/www.facebook.com\/pag10com","https:\/\/x.com\/Pag10com","https:\/\/www.instagram.com\/pagina10col\/","https:\/\/youtube.com\/channel\/pag10","https:\/\/www.tiktok.com\/@p10col"]},{"@type":"Person","@id":"https:\/\/pagina10.com\/web\/#\/schema\/person\/2efc4a090d25b667d3bc796798a3a81b","name":"P\u00e1gina 10","description":"P\u00e1gina 10 es un peri\u00f3dico regional que nace en Colombia, en el departamento de Nari\u00f1o, con un enfoque global, fundamentado en cuatro pilares esenciales: la libertad, el pluralismo, la inclusi\u00f3n y la independencia. P\u00e1gina 10 hace referencia a Nari\u00f1o como el d\u00e9cimo departamento creado en Colombia, despu\u00e9s de un proceso pol\u00edtico liderado por actores y actrices regionales con el fin de obtener la independencia y autonom\u00eda de nuestros territorios. Con la creaci\u00f3n de P\u00e1gina 10 se pretende abrir un escenario para el dialogo, la reflexi\u00f3n y el debate que se extienda a otras geograf\u00edas de Am\u00e9rica Latina y del planeta, en una apuesta por transformar colectivamente los desaf\u00edos de un mundo contempor\u00e1neo, m\u00e1s all\u00e1 de las fronteras impuestas.","url":"https:\/\/pagina10.com\/web\/author\/pdiezadmin\/"}]}},"_links":{"self":[{"href":"https:\/\/pagina10.com\/web\/wp-json\/wp\/v2\/posts\/51598","targetHints":{"allow":["GET"]}}],"collection":[{"href":"https:\/\/pagina10.com\/web\/wp-json\/wp\/v2\/posts"}],"about":[{"href":"https:\/\/pagina10.com\/web\/wp-json\/wp\/v2\/types\/post"}],"author":[{"embeddable":true,"href":"https:\/\/pagina10.com\/web\/wp-json\/wp\/v2\/users\/1"}],"replies":[{"embeddable":true,"href":"https:\/\/pagina10.com\/web\/wp-json\/wp\/v2\/comments?post=51598"}],"version-history":[{"count":6,"href":"https:\/\/pagina10.com\/web\/wp-json\/wp\/v2\/posts\/51598\/revisions"}],"predecessor-version":[{"id":51618,"href":"https:\/\/pagina10.com\/web\/wp-json\/wp\/v2\/posts\/51598\/revisions\/51618"}],"wp:featuredmedia":[{"embeddable":true,"href":"https:\/\/pagina10.com\/web\/wp-json\/wp\/v2\/media\/51599"}],"wp:attachment":[{"href":"https:\/\/pagina10.com\/web\/wp-json\/wp\/v2\/media?parent=51598"}],"wp:term":[{"taxonomy":"category","embeddable":true,"href":"https:\/\/pagina10.com\/web\/wp-json\/wp\/v2\/categories?post=51598"},{"taxonomy":"post_tag","embeddable":true,"href":"https:\/\/pagina10.com\/web\/wp-json\/wp\/v2\/tags?post=51598"}],"curies":[{"name":"wp","href":"https:\/\/api.w.org\/{rel}","templated":true}]}}