{"id":51604,"date":"2021-04-07T09:33:36","date_gmt":"2021-04-07T14:33:36","guid":{"rendered":"https:\/\/pagina10.com\/web\/?p=51604"},"modified":"2021-04-07T10:22:16","modified_gmt":"2021-04-07T15:22:16","slug":"el-sociologo-y-lider-social-juan-pablo-munoz-en-el-personaje-10","status":"publish","type":"post","link":"https:\/\/pagina10.com\/web\/el-sociologo-y-lider-social-juan-pablo-munoz-en-el-personaje-10\/","title":{"rendered":"El Soci\u00f3logo y L\u00edder social, Juan Pablo Mu\u00f1oz, es El Personaje 10."},"content":{"rendered":"<p style=\"text-align: justify;\">Juan Pablo Mu\u00f1oz Mart\u00ednez, es oriundo de Las Mesas, Nari\u00f1o, es activista ambiental, defensor de derechos humanos y miembro de la Mesa Municipal de V\u00edctimas de El Tabl\u00f3n de G\u00f3mez. Se gradu\u00f3 como estudiante distinguido y grado de honor del\u00a0 programa de Sociolog\u00eda\u00a0 de la Universidad de Nari\u00f1o y actualmente, es estudiante becado de la maestr\u00eda en Intervenci\u00f3n Social.<\/p>\n<p style=\"text-align: justify;\">Desde el a\u00f1o 2013 viene desarrollando un proceso de empoderamiento comunitario centrado en la protecci\u00f3n ambiental del \u00e1rea circundante del complejo volc\u00e1nico Do\u00f1a Juana \u2013 Cascabel. Para Juan Pablo, una de las principales premisas del trabajo ambiental est\u00e1 orientada a entender que \u201cel ambientalismo sin lucha social es simple jardiner\u00eda\u201d, es por ello que \u00e9l junto con un grupo de amigos al que han denominado \u2018Guardianes del Para\u00edso\u2019 han emprendido una lucha en el que las comunidades sean el centro de la preservaci\u00f3n. Los guardianes de este para\u00edso natural que hoy necesita ser conservado, tiene por bandera la educaci\u00f3n ambiental de las futuras generaciones y la concientizaci\u00f3n en torno a temas como el cambio clim\u00e1tico, la protecci\u00f3n ambiental y la defensa de los ecosistemas.<\/p>\n<p style=\"text-align: justify;\">Para Juan Pablo, la defensa y protecci\u00f3n del medio ambiente es un proceso de empoderamiento que expresa el sentido de pertenencia y de amor por la tierra. \u201cAl sentirnos hijos de este territorio es menester nuestro desarrollar acciones que nos permitan preservar la enorme riqueza natural que tenemos y que hoy se ve amenazada por la ganader\u00eda extensiva, la falta de una frontera agr\u00edcola y el abandono estatal\u201d expresa este defensor de la madre tierra que aunque reconoce que falta mucho por hacer, tiene claro que ha \u201celegido el camino correcto\u201d y que est\u00e1 convencido que \u201ccon el tiempo el tema ambiental dejar\u00e1 de estar en el discurso para ser una dimensi\u00f3n del desarrollo comunitario palpable y tangible\u201d.<\/p>\n<p style=\"text-align: justify;\">Su corregimiento ha padecido la crudeza del conflicto y hoy le apuesta a ser un territorio de paz y un ejemplo de reconciliaci\u00f3n en Nari\u00f1o, es por esto que siguiendo el camino de la paz y la reconciliaci\u00f3n, en el a\u00f1o 2019 fue elegido como miembro de la Mesa Municipal de V\u00edctimas de El Tabl\u00f3n de G\u00f3mez. A partir de ese momento asumi\u00f3 un compromiso de defensa y representaci\u00f3n de las v\u00edctimas del conflicto armado. Desde su rol, su lucha est\u00e1 encaminada a combatir la revictimizaci\u00f3n por parte del Estado, desarrollando un proceso de acompa\u00f1amiento a las v\u00edctimas del municipio que buscan el respeto de sus derechos.<\/p>\n<p style=\"text-align: justify;\">Para este joven Soci\u00f3logo, el trabajo comunitario, es uno de los trabajos m\u00e1s gratificantes y a la vez m\u00e1s desilusionantes, puesto que en la medida en que se entiende que es urgente la construcci\u00f3n de espacios de acompa\u00f1amiento comunitario, tambi\u00e9n existen desilusiones en las entidades del Estado que est\u00e1n en disonancia con las necesidades de las comunidades.<\/p>\n","protected":false},"excerpt":{"rendered":"<p>Juan Pablo Mu\u00f1oz Mart\u00ednez, es oriundo de Las Mesas, Nari\u00f1o, es activista ambiental, defensor de derechos humanos y miembro de la Mesa Municipal de V\u00edctimas de El Tabl\u00f3n de G\u00f3mez. Se gradu\u00f3 como estudiante distinguido y grado de honor del\u00a0 programa de Sociolog\u00eda\u00a0 de la Universidad de Nari\u00f1o y actualmente, es estudiante becado de la [&hellip;]<\/p>\n","protected":false},"author":1,"featured_media":51608,"comment_status":"open","ping_status":"open","sticky":false,"template":"","format":"standard","meta":{"footnotes":""},"categories":[53,1528],"tags":[],"class_list":["post-51604","post","type-post","status-publish","format-standard","has-post-thumbnail","hentry","category-regiones","category-titulares"],"yoast_head":"<!-- This site is optimized with the Yoast SEO plugin v27.1.1 - https:\/\/yoast.com\/product\/yoast-seo-wordpress\/ -->\n<title>El Soci\u00f3logo y L\u00edder social, Juan Pablo Mu\u00f1oz, es El Personaje 10. | P\u00e1gina10<\/title>\n<meta name=\"robots\" content=\"index, follow, max-snippet:-1, max-image-preview:large, max-video-preview:-1\" \/>\n<link rel=\"canonical\" href=\"https:\/\/pagina10.com\/web\/el-sociologo-y-lider-social-juan-pablo-munoz-en-el-personaje-10\/\" \/>\n<meta property=\"og:locale\" content=\"es_ES\" \/>\n<meta property=\"og:type\" content=\"article\" \/>\n<meta property=\"og:title\" content=\"El Soci\u00f3logo y L\u00edder social, Juan Pablo Mu\u00f1oz, es El Personaje 10. | P\u00e1gina10\" \/>\n<meta property=\"og:description\" content=\"Juan Pablo Mu\u00f1oz Mart\u00ednez, es oriundo de Las Mesas, Nari\u00f1o, es activista ambiental, defensor de derechos humanos y miembro de la Mesa Municipal de V\u00edctimas de El Tabl\u00f3n de G\u00f3mez. Se gradu\u00f3 como estudiante distinguido y grado de honor del programa de Sociolog\u00eda de la Universidad de Nari\u00f1o y actualmente, es estudiante becado de la [&hellip;]\" \/>\n<meta property=\"og:url\" content=\"https:\/\/pagina10.com\/web\/el-sociologo-y-lider-social-juan-pablo-munoz-en-el-personaje-10\/\" \/>\n<meta property=\"og:site_name\" content=\"P\u00e1gina10\" \/>\n<meta property=\"article:publisher\" content=\"https:\/\/www.facebook.com\/pag10com\" \/>\n<meta property=\"article:published_time\" content=\"2021-04-07T14:33:36+00:00\" \/>\n<meta property=\"article:modified_time\" content=\"2021-04-07T15:22:16+00:00\" \/>\n<meta property=\"og:image\" content=\"https:\/\/pagina10.com\/web\/wp-content\/uploads\/2021\/04\/WhatsApp-Image-2021-04-06-at-7.00.11-PM-3.jpeg\" \/>\n\t<meta property=\"og:image:width\" content=\"958\" \/>\n\t<meta property=\"og:image:height\" content=\"827\" \/>\n\t<meta property=\"og:image:type\" content=\"image\/jpeg\" \/>\n<meta name=\"author\" content=\"P\u00e1gina 10\" \/>\n<meta name=\"twitter:card\" content=\"summary_large_image\" \/>\n<meta name=\"twitter:creator\" content=\"@Pag10com\" \/>\n<meta name=\"twitter:site\" content=\"@Pag10com\" \/>\n<meta name=\"twitter:label1\" content=\"Escrito por\" \/>\n\t<meta name=\"twitter:data1\" content=\"P\u00e1gina 10\" \/>\n\t<meta name=\"twitter:label2\" content=\"Tiempo de lectura\" \/>\n\t<meta name=\"twitter:data2\" content=\"3 minutos\" \/>\n<script type=\"application\/ld+json\" class=\"yoast-schema-graph\">{\"@context\":\"https:\/\/schema.org\",\"@graph\":[{\"@type\":\"Article\",\"@id\":\"https:\/\/pagina10.com\/web\/el-sociologo-y-lider-social-juan-pablo-munoz-en-el-personaje-10\/#article\",\"isPartOf\":{\"@id\":\"https:\/\/pagina10.com\/web\/el-sociologo-y-lider-social-juan-pablo-munoz-en-el-personaje-10\/\"},\"author\":{\"name\":\"P\u00e1gina 10\",\"@id\":\"https:\/\/pagina10.com\/web\/#\/schema\/person\/2efc4a090d25b667d3bc796798a3a81b\"},\"headline\":\"El Soci\u00f3logo y L\u00edder social, Juan Pablo Mu\u00f1oz, es El Personaje 10.\",\"datePublished\":\"2021-04-07T14:33:36+00:00\",\"dateModified\":\"2021-04-07T15:22:16+00:00\",\"mainEntityOfPage\":{\"@id\":\"https:\/\/pagina10.com\/web\/el-sociologo-y-lider-social-juan-pablo-munoz-en-el-personaje-10\/\"},\"wordCount\":521,\"commentCount\":0,\"publisher\":{\"@id\":\"https:\/\/pagina10.com\/web\/#organization\"},\"image\":{\"@id\":\"https:\/\/pagina10.com\/web\/el-sociologo-y-lider-social-juan-pablo-munoz-en-el-personaje-10\/#primaryimage\"},\"thumbnailUrl\":\"https:\/\/pagina10.com\/web\/wp-content\/uploads\/2021\/04\/WhatsApp-Image-2021-04-06-at-7.00.11-PM-3.jpeg\",\"articleSection\":[\"Regiones\",\"Titulares\"],\"inLanguage\":\"es\",\"potentialAction\":[{\"@type\":\"CommentAction\",\"name\":\"Comment\",\"target\":[\"https:\/\/pagina10.com\/web\/el-sociologo-y-lider-social-juan-pablo-munoz-en-el-personaje-10\/#respond\"]}]},{\"@type\":\"WebPage\",\"@id\":\"https:\/\/pagina10.com\/web\/el-sociologo-y-lider-social-juan-pablo-munoz-en-el-personaje-10\/\",\"url\":\"https:\/\/pagina10.com\/web\/el-sociologo-y-lider-social-juan-pablo-munoz-en-el-personaje-10\/\",\"name\":\"El Soci\u00f3logo y L\u00edder social, Juan Pablo Mu\u00f1oz, es El Personaje 10. | P\u00e1gina10\",\"isPartOf\":{\"@id\":\"https:\/\/pagina10.com\/web\/#website\"},\"primaryImageOfPage\":{\"@id\":\"https:\/\/pagina10.com\/web\/el-sociologo-y-lider-social-juan-pablo-munoz-en-el-personaje-10\/#primaryimage\"},\"image\":{\"@id\":\"https:\/\/pagina10.com\/web\/el-sociologo-y-lider-social-juan-pablo-munoz-en-el-personaje-10\/#primaryimage\"},\"thumbnailUrl\":\"https:\/\/pagina10.com\/web\/wp-content\/uploads\/2021\/04\/WhatsApp-Image-2021-04-06-at-7.00.11-PM-3.jpeg\",\"datePublished\":\"2021-04-07T14:33:36+00:00\",\"dateModified\":\"2021-04-07T15:22:16+00:00\",\"breadcrumb\":{\"@id\":\"https:\/\/pagina10.com\/web\/el-sociologo-y-lider-social-juan-pablo-munoz-en-el-personaje-10\/#breadcrumb\"},\"inLanguage\":\"es\",\"potentialAction\":[{\"@type\":\"ReadAction\",\"target\":[\"https:\/\/pagina10.com\/web\/el-sociologo-y-lider-social-juan-pablo-munoz-en-el-personaje-10\/\"]}]},{\"@type\":\"ImageObject\",\"inLanguage\":\"es\",\"@id\":\"https:\/\/pagina10.com\/web\/el-sociologo-y-lider-social-juan-pablo-munoz-en-el-personaje-10\/#primaryimage\",\"url\":\"https:\/\/pagina10.com\/web\/wp-content\/uploads\/2021\/04\/WhatsApp-Image-2021-04-06-at-7.00.11-PM-3.jpeg\",\"contentUrl\":\"https:\/\/pagina10.com\/web\/wp-content\/uploads\/2021\/04\/WhatsApp-Image-2021-04-06-at-7.00.11-PM-3.jpeg\",\"width\":958,\"height\":827},{\"@type\":\"BreadcrumbList\",\"@id\":\"https:\/\/pagina10.com\/web\/el-sociologo-y-lider-social-juan-pablo-munoz-en-el-personaje-10\/#breadcrumb\",\"itemListElement\":[{\"@type\":\"ListItem\",\"position\":1,\"name\":\"Portada\",\"item\":\"https:\/\/pagina10.com\/web\/\"},{\"@type\":\"ListItem\",\"position\":2,\"name\":\"El Soci\u00f3logo y L\u00edder social, Juan Pablo Mu\u00f1oz, es El Personaje 10.\"}]},{\"@type\":\"WebSite\",\"@id\":\"https:\/\/pagina10.com\/web\/#website\",\"url\":\"https:\/\/pagina10.com\/web\/\",\"name\":\"P\u00e1gina10\",\"description\":\"Peri\u00f3dico Regional\",\"publisher\":{\"@id\":\"https:\/\/pagina10.com\/web\/#organization\"},\"alternateName\":\"P\u00e1gina10 Peri\u00f3dico Regional\",\"potentialAction\":[{\"@type\":\"SearchAction\",\"target\":{\"@type\":\"EntryPoint\",\"urlTemplate\":\"https:\/\/pagina10.com\/web\/?s={search_term_string}\"},\"query-input\":{\"@type\":\"PropertyValueSpecification\",\"valueRequired\":true,\"valueName\":\"search_term_string\"}}],\"inLanguage\":\"es\"},{\"@type\":\"Organization\",\"@id\":\"https:\/\/pagina10.com\/web\/#organization\",\"name\":\"P\u00e1gina10\",\"alternateName\":\"P\u00e1gina10 Peri\u00f3dico Regional\",\"url\":\"https:\/\/pagina10.com\/web\/\",\"logo\":{\"@type\":\"ImageObject\",\"inLanguage\":\"es\",\"@id\":\"https:\/\/pagina10.com\/web\/#\/schema\/logo\/image\/\",\"url\":\"https:\/\/pagina10.com\/web\/wp-content\/uploads\/2024\/01\/40-pagina-10-periodico-regional-pasto.jpg\",\"contentUrl\":\"https:\/\/pagina10.com\/web\/wp-content\/uploads\/2024\/01\/40-pagina-10-periodico-regional-pasto.jpg\",\"width\":1280,\"height\":720,\"caption\":\"P\u00e1gina10\"},\"image\":{\"@id\":\"https:\/\/pagina10.com\/web\/#\/schema\/logo\/image\/\"},\"sameAs\":[\"https:\/\/www.facebook.com\/pag10com\",\"https:\/\/x.com\/Pag10com\",\"https:\/\/www.instagram.com\/pagina10col\/\",\"https:\/\/youtube.com\/channel\/pag10\",\"https:\/\/www.tiktok.com\/@p10col\"]},{\"@type\":\"Person\",\"@id\":\"https:\/\/pagina10.com\/web\/#\/schema\/person\/2efc4a090d25b667d3bc796798a3a81b\",\"name\":\"P\u00e1gina 10\",\"description\":\"P\u00e1gina 10 es un peri\u00f3dico regional que nace en Colombia, en el departamento de Nari\u00f1o, con un enfoque global, fundamentado en cuatro pilares esenciales: la libertad, el pluralismo, la inclusi\u00f3n y la independencia. P\u00e1gina 10 hace referencia a Nari\u00f1o como el d\u00e9cimo departamento creado en Colombia, despu\u00e9s de un proceso pol\u00edtico liderado por actores y actrices regionales con el fin de obtener la independencia y autonom\u00eda de nuestros territorios. Con la creaci\u00f3n de P\u00e1gina 10 se pretende abrir un escenario para el dialogo, la reflexi\u00f3n y el debate que se extienda a otras geograf\u00edas de Am\u00e9rica Latina y del planeta, en una apuesta por transformar colectivamente los desaf\u00edos de un mundo contempor\u00e1neo, m\u00e1s all\u00e1 de las fronteras impuestas.\",\"url\":\"https:\/\/pagina10.com\/web\/author\/pdiezadmin\/\"}]}<\/script>\n<!-- \/ Yoast SEO plugin. -->","yoast_head_json":{"title":"El Soci\u00f3logo y L\u00edder social, Juan Pablo Mu\u00f1oz, es El Personaje 10. | P\u00e1gina10","robots":{"index":"index","follow":"follow","max-snippet":"max-snippet:-1","max-image-preview":"max-image-preview:large","max-video-preview":"max-video-preview:-1"},"canonical":"https:\/\/pagina10.com\/web\/el-sociologo-y-lider-social-juan-pablo-munoz-en-el-personaje-10\/","og_locale":"es_ES","og_type":"article","og_title":"El Soci\u00f3logo y L\u00edder social, Juan Pablo Mu\u00f1oz, es El Personaje 10. | P\u00e1gina10","og_description":"Juan Pablo Mu\u00f1oz Mart\u00ednez, es oriundo de Las Mesas, Nari\u00f1o, es activista ambiental, defensor de derechos humanos y miembro de la Mesa Municipal de V\u00edctimas de El Tabl\u00f3n de G\u00f3mez. Se gradu\u00f3 como estudiante distinguido y grado de honor del programa de Sociolog\u00eda de la Universidad de Nari\u00f1o y actualmente, es estudiante becado de la [&hellip;]","og_url":"https:\/\/pagina10.com\/web\/el-sociologo-y-lider-social-juan-pablo-munoz-en-el-personaje-10\/","og_site_name":"P\u00e1gina10","article_publisher":"https:\/\/www.facebook.com\/pag10com","article_published_time":"2021-04-07T14:33:36+00:00","article_modified_time":"2021-04-07T15:22:16+00:00","og_image":[{"width":958,"height":827,"url":"https:\/\/pagina10.com\/web\/wp-content\/uploads\/2021\/04\/WhatsApp-Image-2021-04-06-at-7.00.11-PM-3.jpeg","type":"image\/jpeg"}],"author":"P\u00e1gina 10","twitter_card":"summary_large_image","twitter_creator":"@Pag10com","twitter_site":"@Pag10com","twitter_misc":{"Escrito por":"P\u00e1gina 10","Tiempo de lectura":"3 minutos"},"schema":{"@context":"https:\/\/schema.org","@graph":[{"@type":"Article","@id":"https:\/\/pagina10.com\/web\/el-sociologo-y-lider-social-juan-pablo-munoz-en-el-personaje-10\/#article","isPartOf":{"@id":"https:\/\/pagina10.com\/web\/el-sociologo-y-lider-social-juan-pablo-munoz-en-el-personaje-10\/"},"author":{"name":"P\u00e1gina 10","@id":"https:\/\/pagina10.com\/web\/#\/schema\/person\/2efc4a090d25b667d3bc796798a3a81b"},"headline":"El Soci\u00f3logo y L\u00edder social, Juan Pablo Mu\u00f1oz, es El Personaje 10.","datePublished":"2021-04-07T14:33:36+00:00","dateModified":"2021-04-07T15:22:16+00:00","mainEntityOfPage":{"@id":"https:\/\/pagina10.com\/web\/el-sociologo-y-lider-social-juan-pablo-munoz-en-el-personaje-10\/"},"wordCount":521,"commentCount":0,"publisher":{"@id":"https:\/\/pagina10.com\/web\/#organization"},"image":{"@id":"https:\/\/pagina10.com\/web\/el-sociologo-y-lider-social-juan-pablo-munoz-en-el-personaje-10\/#primaryimage"},"thumbnailUrl":"https:\/\/pagina10.com\/web\/wp-content\/uploads\/2021\/04\/WhatsApp-Image-2021-04-06-at-7.00.11-PM-3.jpeg","articleSection":["Regiones","Titulares"],"inLanguage":"es","potentialAction":[{"@type":"CommentAction","name":"Comment","target":["https:\/\/pagina10.com\/web\/el-sociologo-y-lider-social-juan-pablo-munoz-en-el-personaje-10\/#respond"]}]},{"@type":"WebPage","@id":"https:\/\/pagina10.com\/web\/el-sociologo-y-lider-social-juan-pablo-munoz-en-el-personaje-10\/","url":"https:\/\/pagina10.com\/web\/el-sociologo-y-lider-social-juan-pablo-munoz-en-el-personaje-10\/","name":"El Soci\u00f3logo y L\u00edder social, Juan Pablo Mu\u00f1oz, es El Personaje 10. | P\u00e1gina10","isPartOf":{"@id":"https:\/\/pagina10.com\/web\/#website"},"primaryImageOfPage":{"@id":"https:\/\/pagina10.com\/web\/el-sociologo-y-lider-social-juan-pablo-munoz-en-el-personaje-10\/#primaryimage"},"image":{"@id":"https:\/\/pagina10.com\/web\/el-sociologo-y-lider-social-juan-pablo-munoz-en-el-personaje-10\/#primaryimage"},"thumbnailUrl":"https:\/\/pagina10.com\/web\/wp-content\/uploads\/2021\/04\/WhatsApp-Image-2021-04-06-at-7.00.11-PM-3.jpeg","datePublished":"2021-04-07T14:33:36+00:00","dateModified":"2021-04-07T15:22:16+00:00","breadcrumb":{"@id":"https:\/\/pagina10.com\/web\/el-sociologo-y-lider-social-juan-pablo-munoz-en-el-personaje-10\/#breadcrumb"},"inLanguage":"es","potentialAction":[{"@type":"ReadAction","target":["https:\/\/pagina10.com\/web\/el-sociologo-y-lider-social-juan-pablo-munoz-en-el-personaje-10\/"]}]},{"@type":"ImageObject","inLanguage":"es","@id":"https:\/\/pagina10.com\/web\/el-sociologo-y-lider-social-juan-pablo-munoz-en-el-personaje-10\/#primaryimage","url":"https:\/\/pagina10.com\/web\/wp-content\/uploads\/2021\/04\/WhatsApp-Image-2021-04-06-at-7.00.11-PM-3.jpeg","contentUrl":"https:\/\/pagina10.com\/web\/wp-content\/uploads\/2021\/04\/WhatsApp-Image-2021-04-06-at-7.00.11-PM-3.jpeg","width":958,"height":827},{"@type":"BreadcrumbList","@id":"https:\/\/pagina10.com\/web\/el-sociologo-y-lider-social-juan-pablo-munoz-en-el-personaje-10\/#breadcrumb","itemListElement":[{"@type":"ListItem","position":1,"name":"Portada","item":"https:\/\/pagina10.com\/web\/"},{"@type":"ListItem","position":2,"name":"El Soci\u00f3logo y L\u00edder social, Juan Pablo Mu\u00f1oz, es El Personaje 10."}]},{"@type":"WebSite","@id":"https:\/\/pagina10.com\/web\/#website","url":"https:\/\/pagina10.com\/web\/","name":"P\u00e1gina10","description":"Peri\u00f3dico Regional","publisher":{"@id":"https:\/\/pagina10.com\/web\/#organization"},"alternateName":"P\u00e1gina10 Peri\u00f3dico Regional","potentialAction":[{"@type":"SearchAction","target":{"@type":"EntryPoint","urlTemplate":"https:\/\/pagina10.com\/web\/?s={search_term_string}"},"query-input":{"@type":"PropertyValueSpecification","valueRequired":true,"valueName":"search_term_string"}}],"inLanguage":"es"},{"@type":"Organization","@id":"https:\/\/pagina10.com\/web\/#organization","name":"P\u00e1gina10","alternateName":"P\u00e1gina10 Peri\u00f3dico Regional","url":"https:\/\/pagina10.com\/web\/","logo":{"@type":"ImageObject","inLanguage":"es","@id":"https:\/\/pagina10.com\/web\/#\/schema\/logo\/image\/","url":"https:\/\/pagina10.com\/web\/wp-content\/uploads\/2024\/01\/40-pagina-10-periodico-regional-pasto.jpg","contentUrl":"https:\/\/pagina10.com\/web\/wp-content\/uploads\/2024\/01\/40-pagina-10-periodico-regional-pasto.jpg","width":1280,"height":720,"caption":"P\u00e1gina10"},"image":{"@id":"https:\/\/pagina10.com\/web\/#\/schema\/logo\/image\/"},"sameAs":["https:\/\/www.facebook.com\/pag10com","https:\/\/x.com\/Pag10com","https:\/\/www.instagram.com\/pagina10col\/","https:\/\/youtube.com\/channel\/pag10","https:\/\/www.tiktok.com\/@p10col"]},{"@type":"Person","@id":"https:\/\/pagina10.com\/web\/#\/schema\/person\/2efc4a090d25b667d3bc796798a3a81b","name":"P\u00e1gina 10","description":"P\u00e1gina 10 es un peri\u00f3dico regional que nace en Colombia, en el departamento de Nari\u00f1o, con un enfoque global, fundamentado en cuatro pilares esenciales: la libertad, el pluralismo, la inclusi\u00f3n y la independencia. P\u00e1gina 10 hace referencia a Nari\u00f1o como el d\u00e9cimo departamento creado en Colombia, despu\u00e9s de un proceso pol\u00edtico liderado por actores y actrices regionales con el fin de obtener la independencia y autonom\u00eda de nuestros territorios. Con la creaci\u00f3n de P\u00e1gina 10 se pretende abrir un escenario para el dialogo, la reflexi\u00f3n y el debate que se extienda a otras geograf\u00edas de Am\u00e9rica Latina y del planeta, en una apuesta por transformar colectivamente los desaf\u00edos de un mundo contempor\u00e1neo, m\u00e1s all\u00e1 de las fronteras impuestas.","url":"https:\/\/pagina10.com\/web\/author\/pdiezadmin\/"}]}},"_links":{"self":[{"href":"https:\/\/pagina10.com\/web\/wp-json\/wp\/v2\/posts\/51604","targetHints":{"allow":["GET"]}}],"collection":[{"href":"https:\/\/pagina10.com\/web\/wp-json\/wp\/v2\/posts"}],"about":[{"href":"https:\/\/pagina10.com\/web\/wp-json\/wp\/v2\/types\/post"}],"author":[{"embeddable":true,"href":"https:\/\/pagina10.com\/web\/wp-json\/wp\/v2\/users\/1"}],"replies":[{"embeddable":true,"href":"https:\/\/pagina10.com\/web\/wp-json\/wp\/v2\/comments?post=51604"}],"version-history":[{"count":2,"href":"https:\/\/pagina10.com\/web\/wp-json\/wp\/v2\/posts\/51604\/revisions"}],"predecessor-version":[{"id":51612,"href":"https:\/\/pagina10.com\/web\/wp-json\/wp\/v2\/posts\/51604\/revisions\/51612"}],"wp:featuredmedia":[{"embeddable":true,"href":"https:\/\/pagina10.com\/web\/wp-json\/wp\/v2\/media\/51608"}],"wp:attachment":[{"href":"https:\/\/pagina10.com\/web\/wp-json\/wp\/v2\/media?parent=51604"}],"wp:term":[{"taxonomy":"category","embeddable":true,"href":"https:\/\/pagina10.com\/web\/wp-json\/wp\/v2\/categories?post=51604"},{"taxonomy":"post_tag","embeddable":true,"href":"https:\/\/pagina10.com\/web\/wp-json\/wp\/v2\/tags?post=51604"}],"curies":[{"name":"wp","href":"https:\/\/api.w.org\/{rel}","templated":true}]}}