{"id":51609,"date":"2021-04-07T09:41:19","date_gmt":"2021-04-07T14:41:19","guid":{"rendered":"https:\/\/pagina10.com\/web\/?p=51609"},"modified":"2021-04-07T09:41:19","modified_gmt":"2021-04-07T14:41:19","slug":"gobernacion-y-camara-de-comercio-firman-convenio-para-fortalecimiento-economico-y-competitivo-en-narino","status":"publish","type":"post","link":"https:\/\/pagina10.com\/web\/gobernacion-y-camara-de-comercio-firman-convenio-para-fortalecimiento-economico-y-competitivo-en-narino\/","title":{"rendered":"Gobernaci\u00f3n y C\u00e1mara de Comercio firman convenio para fortalecimiento econ\u00f3mico y competitivo en Nari\u00f1o."},"content":{"rendered":"<div class=\"gs\">\n<div class=\"\">\n<div id=\":nw\" class=\"ii gt\">\n<div id=\":nv\" class=\"a3s aiL \">\n<div dir=\"ltr\">\n<div class=\"gmail_quote\">\n<div dir=\"ltr\">La Gobernaci\u00f3n de Nari\u00f1o suscribi\u00f3 un convenio de cooperaci\u00f3n interinstitucional con la C\u00e1mara de Comercio de Pasto, con el que se busca junto a la Comisi\u00f3n Regional de Competitividad e Innovaci\u00f3n, el comit\u00e9 Intergremial de Nari\u00f1o y la academia, entre otros actores, aunar esfuerzos de cooperaci\u00f3n administrativa, operativa, t\u00e9cnica y acad\u00e9mica, enfocados en el fortalecimiento del desarrollo empresarial y productivo del departamento, la proyecci\u00f3n internacional del territorio y la reactivaci\u00f3n econ\u00f3mica de los sectores productivos de Nari\u00f1o.<\/p>\n<div>\nEl Gobernador de Nari\u00f1o, Jhon Rojas, manifest\u00f3 que: \u201cTras las dificultades que deja la pandemia en la regi\u00f3n, s\u00f3lo el trabajo conjunto, la b\u00fasqueda de alternativas, la gesti\u00f3n interinstitucional y el apoyo gremial permitir\u00e1 que la regi\u00f3n pueda reactivarse y lograr objetivos comunes como el mejoramiento de la econom\u00eda en la regi\u00f3n\u201d. Adem\u00e1s, destac\u00f3 que el trabajo desde el Gobierno Departamental, en la gesti\u00f3n de proyectos como los contemplados en la \u2018Agenda 21\u2019, son esenciales en el desarrollo de capacidades competitivas para el Departamento.<\/p>\n<div style=\"text-align: justify;\">\nPara el Presidente Ejecutivo de la C\u00e1mara de Comercio de Pasto, Damir Bravo, la articulaci\u00f3n entre la Gobernaci\u00f3n de Nari\u00f1o y la entidad gremial, permitir\u00e1 fortalecer los proyectos de competitividad e internacionalizaci\u00f3n para el Departamento. &#8220;Si algo nos ense\u00f1\u00f3 la pandemia, es que juntos somos m\u00e1s fuertes y que para lograr el desarrollo regional, debemos trabajar articuladamente&#8221;, puntualiz\u00f3.<\/div>\n<div style=\"text-align: justify;\">\nPor su parte, la Coordinadora de la Secretar\u00eda T\u00e9cnica de la Comisi\u00f3n Regional de Competitividad e Innovaci\u00f3n del departamento de Nari\u00f1o, Ginna Montenegro, manifest\u00f3 que el convenio facilita la coordinaci\u00f3n entre la empresa privada, el estado, la academia y los sectores productivos en torno a 10 proyectos encaminados a la reactivaci\u00f3n econ\u00f3mica en la regi\u00f3n.<\/div>\n<div style=\"text-align: justify;\">\nDesde el Comit\u00e9 Intergremial, Eugenia Zarama manifest\u00f3 que la gesti\u00f3n de proyectos de impacto regional es de vital importancia en el proceso de reactivaci\u00f3n econ\u00f3mica y ofrece ventajas competitivas para productores, empresarios y comerciantes. La l\u00edder gremial destac\u00f3 el inter\u00e9s de trabajo mancomunado propuesto por la Gobernaci\u00f3n de Nari\u00f1o y la generaci\u00f3n de espacios que permitan escuchar las necesidades y propuestas de todos los sectores.<\/div>\n<\/div>\n<\/div>\n<\/div>\n<\/div>\n<\/div>\n<\/div>\n<\/div>\n<\/div>\n","protected":false},"excerpt":{"rendered":"<p>La Gobernaci\u00f3n de Nari\u00f1o suscribi\u00f3 un convenio de cooperaci\u00f3n interinstitucional con la C\u00e1mara de Comercio de Pasto, con el que se busca junto a la Comisi\u00f3n Regional de Competitividad e Innovaci\u00f3n, el comit\u00e9 Intergremial de Nari\u00f1o y la academia, entre otros actores, aunar esfuerzos de cooperaci\u00f3n administrativa, operativa, t\u00e9cnica y acad\u00e9mica, enfocados en el fortalecimiento [&hellip;]<\/p>\n","protected":false},"author":1,"featured_media":51610,"comment_status":"open","ping_status":"open","sticky":false,"template":"","format":"standard","meta":{"footnotes":""},"categories":[53],"tags":[],"class_list":["post-51609","post","type-post","status-publish","format-standard","has-post-thumbnail","hentry","category-regiones"],"yoast_head":"<!-- This site is optimized with the Yoast SEO plugin v27.1.1 - https:\/\/yoast.com\/product\/yoast-seo-wordpress\/ -->\n<title>Gobernaci\u00f3n y C\u00e1mara de Comercio firman convenio para fortalecimiento econ\u00f3mico y competitivo en Nari\u00f1o. | P\u00e1gina10<\/title>\n<meta name=\"robots\" content=\"index, follow, max-snippet:-1, max-image-preview:large, max-video-preview:-1\" \/>\n<link rel=\"canonical\" href=\"https:\/\/pagina10.com\/web\/gobernacion-y-camara-de-comercio-firman-convenio-para-fortalecimiento-economico-y-competitivo-en-narino\/\" \/>\n<meta property=\"og:locale\" content=\"es_ES\" \/>\n<meta property=\"og:type\" content=\"article\" \/>\n<meta property=\"og:title\" content=\"Gobernaci\u00f3n y C\u00e1mara de Comercio firman convenio para fortalecimiento econ\u00f3mico y competitivo en Nari\u00f1o. | P\u00e1gina10\" \/>\n<meta property=\"og:description\" content=\"La Gobernaci\u00f3n de Nari\u00f1o suscribi\u00f3 un convenio de cooperaci\u00f3n interinstitucional con la C\u00e1mara de Comercio de Pasto, con el que se busca junto a la Comisi\u00f3n Regional de Competitividad e Innovaci\u00f3n, el comit\u00e9 Intergremial de Nari\u00f1o y la academia, entre otros actores, aunar esfuerzos de cooperaci\u00f3n administrativa, operativa, t\u00e9cnica y acad\u00e9mica, enfocados en el fortalecimiento [&hellip;]\" \/>\n<meta property=\"og:url\" content=\"https:\/\/pagina10.com\/web\/gobernacion-y-camara-de-comercio-firman-convenio-para-fortalecimiento-economico-y-competitivo-en-narino\/\" \/>\n<meta property=\"og:site_name\" content=\"P\u00e1gina10\" \/>\n<meta property=\"article:publisher\" content=\"https:\/\/www.facebook.com\/pag10com\" \/>\n<meta property=\"article:published_time\" content=\"2021-04-07T14:41:19+00:00\" \/>\n<meta property=\"og:image\" content=\"https:\/\/pagina10.com\/web\/wp-content\/uploads\/2021\/04\/Captura-de-pantalla-160.png\" \/>\n\t<meta property=\"og:image:width\" content=\"586\" \/>\n\t<meta property=\"og:image:height\" content=\"393\" \/>\n\t<meta property=\"og:image:type\" content=\"image\/png\" \/>\n<meta name=\"author\" content=\"P\u00e1gina 10\" \/>\n<meta name=\"twitter:card\" content=\"summary_large_image\" \/>\n<meta name=\"twitter:creator\" content=\"@Pag10com\" \/>\n<meta name=\"twitter:site\" content=\"@Pag10com\" \/>\n<meta name=\"twitter:label1\" content=\"Escrito por\" \/>\n\t<meta name=\"twitter:data1\" content=\"P\u00e1gina 10\" \/>\n\t<meta name=\"twitter:label2\" content=\"Tiempo de lectura\" \/>\n\t<meta name=\"twitter:data2\" content=\"2 minutos\" \/>\n<script type=\"application\/ld+json\" class=\"yoast-schema-graph\">{\"@context\":\"https:\/\/schema.org\",\"@graph\":[{\"@type\":\"Article\",\"@id\":\"https:\/\/pagina10.com\/web\/gobernacion-y-camara-de-comercio-firman-convenio-para-fortalecimiento-economico-y-competitivo-en-narino\/#article\",\"isPartOf\":{\"@id\":\"https:\/\/pagina10.com\/web\/gobernacion-y-camara-de-comercio-firman-convenio-para-fortalecimiento-economico-y-competitivo-en-narino\/\"},\"author\":{\"name\":\"P\u00e1gina 10\",\"@id\":\"https:\/\/pagina10.com\/web\/#\/schema\/person\/2efc4a090d25b667d3bc796798a3a81b\"},\"headline\":\"Gobernaci\u00f3n y C\u00e1mara de Comercio firman convenio para fortalecimiento econ\u00f3mico y competitivo en Nari\u00f1o.\",\"datePublished\":\"2021-04-07T14:41:19+00:00\",\"mainEntityOfPage\":{\"@id\":\"https:\/\/pagina10.com\/web\/gobernacion-y-camara-de-comercio-firman-convenio-para-fortalecimiento-economico-y-competitivo-en-narino\/\"},\"wordCount\":402,\"commentCount\":0,\"publisher\":{\"@id\":\"https:\/\/pagina10.com\/web\/#organization\"},\"image\":{\"@id\":\"https:\/\/pagina10.com\/web\/gobernacion-y-camara-de-comercio-firman-convenio-para-fortalecimiento-economico-y-competitivo-en-narino\/#primaryimage\"},\"thumbnailUrl\":\"https:\/\/pagina10.com\/web\/wp-content\/uploads\/2021\/04\/Captura-de-pantalla-160.png\",\"articleSection\":[\"Regiones\"],\"inLanguage\":\"es\",\"potentialAction\":[{\"@type\":\"CommentAction\",\"name\":\"Comment\",\"target\":[\"https:\/\/pagina10.com\/web\/gobernacion-y-camara-de-comercio-firman-convenio-para-fortalecimiento-economico-y-competitivo-en-narino\/#respond\"]}]},{\"@type\":\"WebPage\",\"@id\":\"https:\/\/pagina10.com\/web\/gobernacion-y-camara-de-comercio-firman-convenio-para-fortalecimiento-economico-y-competitivo-en-narino\/\",\"url\":\"https:\/\/pagina10.com\/web\/gobernacion-y-camara-de-comercio-firman-convenio-para-fortalecimiento-economico-y-competitivo-en-narino\/\",\"name\":\"Gobernaci\u00f3n y C\u00e1mara de Comercio firman convenio para fortalecimiento econ\u00f3mico y competitivo en Nari\u00f1o. | P\u00e1gina10\",\"isPartOf\":{\"@id\":\"https:\/\/pagina10.com\/web\/#website\"},\"primaryImageOfPage\":{\"@id\":\"https:\/\/pagina10.com\/web\/gobernacion-y-camara-de-comercio-firman-convenio-para-fortalecimiento-economico-y-competitivo-en-narino\/#primaryimage\"},\"image\":{\"@id\":\"https:\/\/pagina10.com\/web\/gobernacion-y-camara-de-comercio-firman-convenio-para-fortalecimiento-economico-y-competitivo-en-narino\/#primaryimage\"},\"thumbnailUrl\":\"https:\/\/pagina10.com\/web\/wp-content\/uploads\/2021\/04\/Captura-de-pantalla-160.png\",\"datePublished\":\"2021-04-07T14:41:19+00:00\",\"breadcrumb\":{\"@id\":\"https:\/\/pagina10.com\/web\/gobernacion-y-camara-de-comercio-firman-convenio-para-fortalecimiento-economico-y-competitivo-en-narino\/#breadcrumb\"},\"inLanguage\":\"es\",\"potentialAction\":[{\"@type\":\"ReadAction\",\"target\":[\"https:\/\/pagina10.com\/web\/gobernacion-y-camara-de-comercio-firman-convenio-para-fortalecimiento-economico-y-competitivo-en-narino\/\"]}]},{\"@type\":\"ImageObject\",\"inLanguage\":\"es\",\"@id\":\"https:\/\/pagina10.com\/web\/gobernacion-y-camara-de-comercio-firman-convenio-para-fortalecimiento-economico-y-competitivo-en-narino\/#primaryimage\",\"url\":\"https:\/\/pagina10.com\/web\/wp-content\/uploads\/2021\/04\/Captura-de-pantalla-160.png\",\"contentUrl\":\"https:\/\/pagina10.com\/web\/wp-content\/uploads\/2021\/04\/Captura-de-pantalla-160.png\",\"width\":586,\"height\":393},{\"@type\":\"BreadcrumbList\",\"@id\":\"https:\/\/pagina10.com\/web\/gobernacion-y-camara-de-comercio-firman-convenio-para-fortalecimiento-economico-y-competitivo-en-narino\/#breadcrumb\",\"itemListElement\":[{\"@type\":\"ListItem\",\"position\":1,\"name\":\"Portada\",\"item\":\"https:\/\/pagina10.com\/web\/\"},{\"@type\":\"ListItem\",\"position\":2,\"name\":\"Gobernaci\u00f3n y C\u00e1mara de Comercio firman convenio para fortalecimiento econ\u00f3mico y competitivo en Nari\u00f1o.\"}]},{\"@type\":\"WebSite\",\"@id\":\"https:\/\/pagina10.com\/web\/#website\",\"url\":\"https:\/\/pagina10.com\/web\/\",\"name\":\"P\u00e1gina10\",\"description\":\"Peri\u00f3dico Regional\",\"publisher\":{\"@id\":\"https:\/\/pagina10.com\/web\/#organization\"},\"alternateName\":\"P\u00e1gina10 Peri\u00f3dico Regional\",\"potentialAction\":[{\"@type\":\"SearchAction\",\"target\":{\"@type\":\"EntryPoint\",\"urlTemplate\":\"https:\/\/pagina10.com\/web\/?s={search_term_string}\"},\"query-input\":{\"@type\":\"PropertyValueSpecification\",\"valueRequired\":true,\"valueName\":\"search_term_string\"}}],\"inLanguage\":\"es\"},{\"@type\":\"Organization\",\"@id\":\"https:\/\/pagina10.com\/web\/#organization\",\"name\":\"P\u00e1gina10\",\"alternateName\":\"P\u00e1gina10 Peri\u00f3dico Regional\",\"url\":\"https:\/\/pagina10.com\/web\/\",\"logo\":{\"@type\":\"ImageObject\",\"inLanguage\":\"es\",\"@id\":\"https:\/\/pagina10.com\/web\/#\/schema\/logo\/image\/\",\"url\":\"https:\/\/pagina10.com\/web\/wp-content\/uploads\/2024\/01\/40-pagina-10-periodico-regional-pasto.jpg\",\"contentUrl\":\"https:\/\/pagina10.com\/web\/wp-content\/uploads\/2024\/01\/40-pagina-10-periodico-regional-pasto.jpg\",\"width\":1280,\"height\":720,\"caption\":\"P\u00e1gina10\"},\"image\":{\"@id\":\"https:\/\/pagina10.com\/web\/#\/schema\/logo\/image\/\"},\"sameAs\":[\"https:\/\/www.facebook.com\/pag10com\",\"https:\/\/x.com\/Pag10com\",\"https:\/\/www.instagram.com\/pagina10col\/\",\"https:\/\/youtube.com\/channel\/pag10\",\"https:\/\/www.tiktok.com\/@p10col\"]},{\"@type\":\"Person\",\"@id\":\"https:\/\/pagina10.com\/web\/#\/schema\/person\/2efc4a090d25b667d3bc796798a3a81b\",\"name\":\"P\u00e1gina 10\",\"description\":\"P\u00e1gina 10 es un peri\u00f3dico regional que nace en Colombia, en el departamento de Nari\u00f1o, con un enfoque global, fundamentado en cuatro pilares esenciales: la libertad, el pluralismo, la inclusi\u00f3n y la independencia. P\u00e1gina 10 hace referencia a Nari\u00f1o como el d\u00e9cimo departamento creado en Colombia, despu\u00e9s de un proceso pol\u00edtico liderado por actores y actrices regionales con el fin de obtener la independencia y autonom\u00eda de nuestros territorios. Con la creaci\u00f3n de P\u00e1gina 10 se pretende abrir un escenario para el dialogo, la reflexi\u00f3n y el debate que se extienda a otras geograf\u00edas de Am\u00e9rica Latina y del planeta, en una apuesta por transformar colectivamente los desaf\u00edos de un mundo contempor\u00e1neo, m\u00e1s all\u00e1 de las fronteras impuestas.\",\"url\":\"https:\/\/pagina10.com\/web\/author\/pdiezadmin\/\"}]}<\/script>\n<!-- \/ Yoast SEO plugin. -->","yoast_head_json":{"title":"Gobernaci\u00f3n y C\u00e1mara de Comercio firman convenio para fortalecimiento econ\u00f3mico y competitivo en Nari\u00f1o. | P\u00e1gina10","robots":{"index":"index","follow":"follow","max-snippet":"max-snippet:-1","max-image-preview":"max-image-preview:large","max-video-preview":"max-video-preview:-1"},"canonical":"https:\/\/pagina10.com\/web\/gobernacion-y-camara-de-comercio-firman-convenio-para-fortalecimiento-economico-y-competitivo-en-narino\/","og_locale":"es_ES","og_type":"article","og_title":"Gobernaci\u00f3n y C\u00e1mara de Comercio firman convenio para fortalecimiento econ\u00f3mico y competitivo en Nari\u00f1o. | P\u00e1gina10","og_description":"La Gobernaci\u00f3n de Nari\u00f1o suscribi\u00f3 un convenio de cooperaci\u00f3n interinstitucional con la C\u00e1mara de Comercio de Pasto, con el que se busca junto a la Comisi\u00f3n Regional de Competitividad e Innovaci\u00f3n, el comit\u00e9 Intergremial de Nari\u00f1o y la academia, entre otros actores, aunar esfuerzos de cooperaci\u00f3n administrativa, operativa, t\u00e9cnica y acad\u00e9mica, enfocados en el fortalecimiento [&hellip;]","og_url":"https:\/\/pagina10.com\/web\/gobernacion-y-camara-de-comercio-firman-convenio-para-fortalecimiento-economico-y-competitivo-en-narino\/","og_site_name":"P\u00e1gina10","article_publisher":"https:\/\/www.facebook.com\/pag10com","article_published_time":"2021-04-07T14:41:19+00:00","og_image":[{"width":586,"height":393,"url":"https:\/\/pagina10.com\/web\/wp-content\/uploads\/2021\/04\/Captura-de-pantalla-160.png","type":"image\/png"}],"author":"P\u00e1gina 10","twitter_card":"summary_large_image","twitter_creator":"@Pag10com","twitter_site":"@Pag10com","twitter_misc":{"Escrito por":"P\u00e1gina 10","Tiempo de lectura":"2 minutos"},"schema":{"@context":"https:\/\/schema.org","@graph":[{"@type":"Article","@id":"https:\/\/pagina10.com\/web\/gobernacion-y-camara-de-comercio-firman-convenio-para-fortalecimiento-economico-y-competitivo-en-narino\/#article","isPartOf":{"@id":"https:\/\/pagina10.com\/web\/gobernacion-y-camara-de-comercio-firman-convenio-para-fortalecimiento-economico-y-competitivo-en-narino\/"},"author":{"name":"P\u00e1gina 10","@id":"https:\/\/pagina10.com\/web\/#\/schema\/person\/2efc4a090d25b667d3bc796798a3a81b"},"headline":"Gobernaci\u00f3n y C\u00e1mara de Comercio firman convenio para fortalecimiento econ\u00f3mico y competitivo en Nari\u00f1o.","datePublished":"2021-04-07T14:41:19+00:00","mainEntityOfPage":{"@id":"https:\/\/pagina10.com\/web\/gobernacion-y-camara-de-comercio-firman-convenio-para-fortalecimiento-economico-y-competitivo-en-narino\/"},"wordCount":402,"commentCount":0,"publisher":{"@id":"https:\/\/pagina10.com\/web\/#organization"},"image":{"@id":"https:\/\/pagina10.com\/web\/gobernacion-y-camara-de-comercio-firman-convenio-para-fortalecimiento-economico-y-competitivo-en-narino\/#primaryimage"},"thumbnailUrl":"https:\/\/pagina10.com\/web\/wp-content\/uploads\/2021\/04\/Captura-de-pantalla-160.png","articleSection":["Regiones"],"inLanguage":"es","potentialAction":[{"@type":"CommentAction","name":"Comment","target":["https:\/\/pagina10.com\/web\/gobernacion-y-camara-de-comercio-firman-convenio-para-fortalecimiento-economico-y-competitivo-en-narino\/#respond"]}]},{"@type":"WebPage","@id":"https:\/\/pagina10.com\/web\/gobernacion-y-camara-de-comercio-firman-convenio-para-fortalecimiento-economico-y-competitivo-en-narino\/","url":"https:\/\/pagina10.com\/web\/gobernacion-y-camara-de-comercio-firman-convenio-para-fortalecimiento-economico-y-competitivo-en-narino\/","name":"Gobernaci\u00f3n y C\u00e1mara de Comercio firman convenio para fortalecimiento econ\u00f3mico y competitivo en Nari\u00f1o. | P\u00e1gina10","isPartOf":{"@id":"https:\/\/pagina10.com\/web\/#website"},"primaryImageOfPage":{"@id":"https:\/\/pagina10.com\/web\/gobernacion-y-camara-de-comercio-firman-convenio-para-fortalecimiento-economico-y-competitivo-en-narino\/#primaryimage"},"image":{"@id":"https:\/\/pagina10.com\/web\/gobernacion-y-camara-de-comercio-firman-convenio-para-fortalecimiento-economico-y-competitivo-en-narino\/#primaryimage"},"thumbnailUrl":"https:\/\/pagina10.com\/web\/wp-content\/uploads\/2021\/04\/Captura-de-pantalla-160.png","datePublished":"2021-04-07T14:41:19+00:00","breadcrumb":{"@id":"https:\/\/pagina10.com\/web\/gobernacion-y-camara-de-comercio-firman-convenio-para-fortalecimiento-economico-y-competitivo-en-narino\/#breadcrumb"},"inLanguage":"es","potentialAction":[{"@type":"ReadAction","target":["https:\/\/pagina10.com\/web\/gobernacion-y-camara-de-comercio-firman-convenio-para-fortalecimiento-economico-y-competitivo-en-narino\/"]}]},{"@type":"ImageObject","inLanguage":"es","@id":"https:\/\/pagina10.com\/web\/gobernacion-y-camara-de-comercio-firman-convenio-para-fortalecimiento-economico-y-competitivo-en-narino\/#primaryimage","url":"https:\/\/pagina10.com\/web\/wp-content\/uploads\/2021\/04\/Captura-de-pantalla-160.png","contentUrl":"https:\/\/pagina10.com\/web\/wp-content\/uploads\/2021\/04\/Captura-de-pantalla-160.png","width":586,"height":393},{"@type":"BreadcrumbList","@id":"https:\/\/pagina10.com\/web\/gobernacion-y-camara-de-comercio-firman-convenio-para-fortalecimiento-economico-y-competitivo-en-narino\/#breadcrumb","itemListElement":[{"@type":"ListItem","position":1,"name":"Portada","item":"https:\/\/pagina10.com\/web\/"},{"@type":"ListItem","position":2,"name":"Gobernaci\u00f3n y C\u00e1mara de Comercio firman convenio para fortalecimiento econ\u00f3mico y competitivo en Nari\u00f1o."}]},{"@type":"WebSite","@id":"https:\/\/pagina10.com\/web\/#website","url":"https:\/\/pagina10.com\/web\/","name":"P\u00e1gina10","description":"Peri\u00f3dico Regional","publisher":{"@id":"https:\/\/pagina10.com\/web\/#organization"},"alternateName":"P\u00e1gina10 Peri\u00f3dico Regional","potentialAction":[{"@type":"SearchAction","target":{"@type":"EntryPoint","urlTemplate":"https:\/\/pagina10.com\/web\/?s={search_term_string}"},"query-input":{"@type":"PropertyValueSpecification","valueRequired":true,"valueName":"search_term_string"}}],"inLanguage":"es"},{"@type":"Organization","@id":"https:\/\/pagina10.com\/web\/#organization","name":"P\u00e1gina10","alternateName":"P\u00e1gina10 Peri\u00f3dico Regional","url":"https:\/\/pagina10.com\/web\/","logo":{"@type":"ImageObject","inLanguage":"es","@id":"https:\/\/pagina10.com\/web\/#\/schema\/logo\/image\/","url":"https:\/\/pagina10.com\/web\/wp-content\/uploads\/2024\/01\/40-pagina-10-periodico-regional-pasto.jpg","contentUrl":"https:\/\/pagina10.com\/web\/wp-content\/uploads\/2024\/01\/40-pagina-10-periodico-regional-pasto.jpg","width":1280,"height":720,"caption":"P\u00e1gina10"},"image":{"@id":"https:\/\/pagina10.com\/web\/#\/schema\/logo\/image\/"},"sameAs":["https:\/\/www.facebook.com\/pag10com","https:\/\/x.com\/Pag10com","https:\/\/www.instagram.com\/pagina10col\/","https:\/\/youtube.com\/channel\/pag10","https:\/\/www.tiktok.com\/@p10col"]},{"@type":"Person","@id":"https:\/\/pagina10.com\/web\/#\/schema\/person\/2efc4a090d25b667d3bc796798a3a81b","name":"P\u00e1gina 10","description":"P\u00e1gina 10 es un peri\u00f3dico regional que nace en Colombia, en el departamento de Nari\u00f1o, con un enfoque global, fundamentado en cuatro pilares esenciales: la libertad, el pluralismo, la inclusi\u00f3n y la independencia. P\u00e1gina 10 hace referencia a Nari\u00f1o como el d\u00e9cimo departamento creado en Colombia, despu\u00e9s de un proceso pol\u00edtico liderado por actores y actrices regionales con el fin de obtener la independencia y autonom\u00eda de nuestros territorios. Con la creaci\u00f3n de P\u00e1gina 10 se pretende abrir un escenario para el dialogo, la reflexi\u00f3n y el debate que se extienda a otras geograf\u00edas de Am\u00e9rica Latina y del planeta, en una apuesta por transformar colectivamente los desaf\u00edos de un mundo contempor\u00e1neo, m\u00e1s all\u00e1 de las fronteras impuestas.","url":"https:\/\/pagina10.com\/web\/author\/pdiezadmin\/"}]}},"_links":{"self":[{"href":"https:\/\/pagina10.com\/web\/wp-json\/wp\/v2\/posts\/51609","targetHints":{"allow":["GET"]}}],"collection":[{"href":"https:\/\/pagina10.com\/web\/wp-json\/wp\/v2\/posts"}],"about":[{"href":"https:\/\/pagina10.com\/web\/wp-json\/wp\/v2\/types\/post"}],"author":[{"embeddable":true,"href":"https:\/\/pagina10.com\/web\/wp-json\/wp\/v2\/users\/1"}],"replies":[{"embeddable":true,"href":"https:\/\/pagina10.com\/web\/wp-json\/wp\/v2\/comments?post=51609"}],"version-history":[{"count":1,"href":"https:\/\/pagina10.com\/web\/wp-json\/wp\/v2\/posts\/51609\/revisions"}],"predecessor-version":[{"id":51611,"href":"https:\/\/pagina10.com\/web\/wp-json\/wp\/v2\/posts\/51609\/revisions\/51611"}],"wp:featuredmedia":[{"embeddable":true,"href":"https:\/\/pagina10.com\/web\/wp-json\/wp\/v2\/media\/51610"}],"wp:attachment":[{"href":"https:\/\/pagina10.com\/web\/wp-json\/wp\/v2\/media?parent=51609"}],"wp:term":[{"taxonomy":"category","embeddable":true,"href":"https:\/\/pagina10.com\/web\/wp-json\/wp\/v2\/categories?post=51609"},{"taxonomy":"post_tag","embeddable":true,"href":"https:\/\/pagina10.com\/web\/wp-json\/wp\/v2\/tags?post=51609"}],"curies":[{"name":"wp","href":"https:\/\/api.w.org\/{rel}","templated":true}]}}