{"id":51621,"date":"2021-04-07T12:18:30","date_gmt":"2021-04-07T17:18:30","guid":{"rendered":"https:\/\/pagina10.com\/web\/?p=51621"},"modified":"2021-04-07T12:18:30","modified_gmt":"2021-04-07T17:18:30","slug":"s-o-s-por-el-pacifico-narinense","status":"publish","type":"post","link":"https:\/\/pagina10.com\/web\/s-o-s-por-el-pacifico-narinense\/","title":{"rendered":"S.O.S por el Pac\u00edfico Nari\u00f1ense."},"content":{"rendered":"<p style=\"text-align: justify;\">La intensa crisis humanitaria y ambiental que hist\u00f3ricamente ha vivido el Pacifico Nari\u00f1ense, se vive de manera paralela con los innumerables hechos de violencia que han afectado este territorio. Son estas las razones por las que el departamento, declara una \u00a0\u00a0\u00a0\u00a0\u00a0\u00a0\u00a0 vez m\u00e1s el S. O.S buscando afrontar las dificultades del orden social, pol\u00edtico y econ\u00f3mico en que se encuentra sumido. Las comunidades que habitan el Pacifico nari\u00f1ense alertan sobre el recrudecimiento del conflicto social armado generado por la disputa territorial de los actores ilegales que hacen presencia en las en subregiones de Sanquianga, Pacifico sur y Telembi.<\/p>\n<p style=\"text-align: justify;\">De acuerdo a los datos suministrados en el Comunicado a la opini\u00f3n publica No. 001, en el 2020 en Nari\u00f1o se produjeron 9 masacres con un total de 44 personas asesinadas en los municipios de Tumaco, Samaniego, Leiva, Buesaco, Barbacoas, El Charco y Mosquera. As\u00ed mismo, se reporta el asesinato de 39 l\u00edderes y lideresas sociales y defensores de Derechos Humanos. Siendo Tumaco, Barbacoas y Ricaurte los municipios m\u00e1s afectados.<\/p>\n<p style=\"text-align: justify;\">En el documento se evidencia que en lo que va corrido de este a\u00f1o, se han presentado 4 masacres en Policarpa, Roberto Payan, Sotomayor y Tumaco, cobrando la vida de 17 personas, entre ellos 6 l\u00edderes sociales y una persona en proceso de reincorporaci\u00f3n. En el municipio de Olaya Herrera, se han registrado un total de 380 familias desplazadas, que suman alrededor de 1050 personas; para el caso de la Tola, 461 familias que agrupan a 1267 personas. En cuanto al municipio de El Charco la disputa territorial ha generado el desplazamiento masivo forzado de 410 personas aproximadamente, entre ellas 1100 ni\u00f1os y ni\u00f1as.<\/p>\n<p style=\"text-align: justify;\">#SOSPacifico es una iniciativa que nace con la intenci\u00f3n de hacer incidencia, para que desde las diferentes entidades se tomen acciones efectivas y se sumen compromisos de acuerdo a sus deberes misionales, que conduzcan a la soluci\u00f3n de esta problem\u00e1tica social, econ\u00f3mica, pol\u00edtica, cultural y ambiental del Pacifico suroccidental en el Departamento de Nari\u00f1o. Este grupo est\u00e1 conformado por personas de sectores sociales, culturales, pol\u00edticos y ambientales de Nari\u00f1o, Colombia e incluso del exterior. Diversidad que permiti\u00f3 hacer un an\u00e1lisis sobre la situaci\u00f3n que se presenta en los territorios en donde la crisis humanitaria se ha exacerbado, elaborando propuestas y asumiendo compromisos que le den vida y continuidad a un proceso que buscar\u00e1 contribuir a la consolidaci\u00f3n de la Paz en el departamento.<\/p>\n<p style=\"text-align: justify;\">Los integrantes de la iniciativa se\u00f1alan que los convoca un objetivo com\u00fan: aportar acciones concretas que den respuesta a las inmensas necesidades que se tienen en nuestro departamento, en especial la soluci\u00f3n pac\u00edfica y negociada del conflicto social armado, como acto de resistencia al militarismo y a la represi\u00f3n violenta propuestos por el actual gobierno. Este proceso contar\u00e1 con un componente de organizaci\u00f3n pol\u00edtica, que permitir\u00e1 hilvanar una propuesta con la capacidad necesaria para hacerse escuchar en el \u00e1mbito nacional.<\/p>\n","protected":false},"excerpt":{"rendered":"<p>La intensa crisis humanitaria y ambiental que hist\u00f3ricamente ha vivido el Pacifico Nari\u00f1ense, se vive de manera paralela con los innumerables hechos de violencia que han afectado este territorio. Son estas las razones por las que el departamento, declara una \u00a0\u00a0\u00a0\u00a0\u00a0\u00a0\u00a0 vez m\u00e1s el S. O.S buscando afrontar las dificultades del orden social, pol\u00edtico y [&hellip;]<\/p>\n","protected":false},"author":1,"featured_media":51623,"comment_status":"open","ping_status":"open","sticky":false,"template":"","format":"standard","meta":{"footnotes":""},"categories":[53],"tags":[],"class_list":["post-51621","post","type-post","status-publish","format-standard","has-post-thumbnail","hentry","category-regiones"],"yoast_head":"<!-- This site is optimized with the Yoast SEO plugin v27.1.1 - https:\/\/yoast.com\/product\/yoast-seo-wordpress\/ -->\n<title>S.O.S por el Pac\u00edfico Nari\u00f1ense. | P\u00e1gina10<\/title>\n<meta name=\"robots\" content=\"index, follow, max-snippet:-1, max-image-preview:large, max-video-preview:-1\" \/>\n<link rel=\"canonical\" href=\"https:\/\/pagina10.com\/web\/s-o-s-por-el-pacifico-narinense\/\" \/>\n<meta property=\"og:locale\" content=\"es_ES\" \/>\n<meta property=\"og:type\" content=\"article\" \/>\n<meta property=\"og:title\" content=\"S.O.S por el Pac\u00edfico Nari\u00f1ense. | P\u00e1gina10\" \/>\n<meta property=\"og:description\" content=\"La intensa crisis humanitaria y ambiental que hist\u00f3ricamente ha vivido el Pacifico Nari\u00f1ense, se vive de manera paralela con los innumerables hechos de violencia que han afectado este territorio. Son estas las razones por las que el departamento, declara una vez m\u00e1s el S. O.S buscando afrontar las dificultades del orden social, pol\u00edtico y [&hellip;]\" \/>\n<meta property=\"og:url\" content=\"https:\/\/pagina10.com\/web\/s-o-s-por-el-pacifico-narinense\/\" \/>\n<meta property=\"og:site_name\" content=\"P\u00e1gina10\" \/>\n<meta property=\"article:publisher\" content=\"https:\/\/www.facebook.com\/pag10com\" \/>\n<meta property=\"article:published_time\" content=\"2021-04-07T17:18:30+00:00\" \/>\n<meta property=\"og:image\" content=\"https:\/\/pagina10.com\/web\/wp-content\/uploads\/2021\/04\/persite-violencia-tumaco-1.jpg\" \/>\n\t<meta property=\"og:image:width\" content=\"620\" \/>\n\t<meta property=\"og:image:height\" content=\"400\" \/>\n\t<meta property=\"og:image:type\" content=\"image\/jpeg\" \/>\n<meta name=\"author\" content=\"P\u00e1gina 10\" \/>\n<meta name=\"twitter:card\" content=\"summary_large_image\" \/>\n<meta name=\"twitter:creator\" content=\"@Pag10com\" \/>\n<meta name=\"twitter:site\" content=\"@Pag10com\" \/>\n<meta name=\"twitter:label1\" content=\"Escrito por\" \/>\n\t<meta name=\"twitter:data1\" content=\"P\u00e1gina 10\" \/>\n\t<meta name=\"twitter:label2\" content=\"Tiempo de lectura\" \/>\n\t<meta name=\"twitter:data2\" content=\"2 minutos\" \/>\n<script type=\"application\/ld+json\" class=\"yoast-schema-graph\">{\"@context\":\"https:\/\/schema.org\",\"@graph\":[{\"@type\":\"Article\",\"@id\":\"https:\/\/pagina10.com\/web\/s-o-s-por-el-pacifico-narinense\/#article\",\"isPartOf\":{\"@id\":\"https:\/\/pagina10.com\/web\/s-o-s-por-el-pacifico-narinense\/\"},\"author\":{\"name\":\"P\u00e1gina 10\",\"@id\":\"https:\/\/pagina10.com\/web\/#\/schema\/person\/2efc4a090d25b667d3bc796798a3a81b\"},\"headline\":\"S.O.S por el Pac\u00edfico Nari\u00f1ense.\",\"datePublished\":\"2021-04-07T17:18:30+00:00\",\"mainEntityOfPage\":{\"@id\":\"https:\/\/pagina10.com\/web\/s-o-s-por-el-pacifico-narinense\/\"},\"wordCount\":503,\"commentCount\":0,\"publisher\":{\"@id\":\"https:\/\/pagina10.com\/web\/#organization\"},\"image\":{\"@id\":\"https:\/\/pagina10.com\/web\/s-o-s-por-el-pacifico-narinense\/#primaryimage\"},\"thumbnailUrl\":\"https:\/\/pagina10.com\/web\/wp-content\/uploads\/2021\/04\/persite-violencia-tumaco-1.jpg\",\"articleSection\":[\"Regiones\"],\"inLanguage\":\"es\",\"potentialAction\":[{\"@type\":\"CommentAction\",\"name\":\"Comment\",\"target\":[\"https:\/\/pagina10.com\/web\/s-o-s-por-el-pacifico-narinense\/#respond\"]}]},{\"@type\":\"WebPage\",\"@id\":\"https:\/\/pagina10.com\/web\/s-o-s-por-el-pacifico-narinense\/\",\"url\":\"https:\/\/pagina10.com\/web\/s-o-s-por-el-pacifico-narinense\/\",\"name\":\"S.O.S por el Pac\u00edfico Nari\u00f1ense. | P\u00e1gina10\",\"isPartOf\":{\"@id\":\"https:\/\/pagina10.com\/web\/#website\"},\"primaryImageOfPage\":{\"@id\":\"https:\/\/pagina10.com\/web\/s-o-s-por-el-pacifico-narinense\/#primaryimage\"},\"image\":{\"@id\":\"https:\/\/pagina10.com\/web\/s-o-s-por-el-pacifico-narinense\/#primaryimage\"},\"thumbnailUrl\":\"https:\/\/pagina10.com\/web\/wp-content\/uploads\/2021\/04\/persite-violencia-tumaco-1.jpg\",\"datePublished\":\"2021-04-07T17:18:30+00:00\",\"breadcrumb\":{\"@id\":\"https:\/\/pagina10.com\/web\/s-o-s-por-el-pacifico-narinense\/#breadcrumb\"},\"inLanguage\":\"es\",\"potentialAction\":[{\"@type\":\"ReadAction\",\"target\":[\"https:\/\/pagina10.com\/web\/s-o-s-por-el-pacifico-narinense\/\"]}]},{\"@type\":\"ImageObject\",\"inLanguage\":\"es\",\"@id\":\"https:\/\/pagina10.com\/web\/s-o-s-por-el-pacifico-narinense\/#primaryimage\",\"url\":\"https:\/\/pagina10.com\/web\/wp-content\/uploads\/2021\/04\/persite-violencia-tumaco-1.jpg\",\"contentUrl\":\"https:\/\/pagina10.com\/web\/wp-content\/uploads\/2021\/04\/persite-violencia-tumaco-1.jpg\",\"width\":620,\"height\":400},{\"@type\":\"BreadcrumbList\",\"@id\":\"https:\/\/pagina10.com\/web\/s-o-s-por-el-pacifico-narinense\/#breadcrumb\",\"itemListElement\":[{\"@type\":\"ListItem\",\"position\":1,\"name\":\"Portada\",\"item\":\"https:\/\/pagina10.com\/web\/\"},{\"@type\":\"ListItem\",\"position\":2,\"name\":\"S.O.S por el Pac\u00edfico Nari\u00f1ense.\"}]},{\"@type\":\"WebSite\",\"@id\":\"https:\/\/pagina10.com\/web\/#website\",\"url\":\"https:\/\/pagina10.com\/web\/\",\"name\":\"P\u00e1gina10\",\"description\":\"Peri\u00f3dico Regional\",\"publisher\":{\"@id\":\"https:\/\/pagina10.com\/web\/#organization\"},\"alternateName\":\"P\u00e1gina10 Peri\u00f3dico Regional\",\"potentialAction\":[{\"@type\":\"SearchAction\",\"target\":{\"@type\":\"EntryPoint\",\"urlTemplate\":\"https:\/\/pagina10.com\/web\/?s={search_term_string}\"},\"query-input\":{\"@type\":\"PropertyValueSpecification\",\"valueRequired\":true,\"valueName\":\"search_term_string\"}}],\"inLanguage\":\"es\"},{\"@type\":\"Organization\",\"@id\":\"https:\/\/pagina10.com\/web\/#organization\",\"name\":\"P\u00e1gina10\",\"alternateName\":\"P\u00e1gina10 Peri\u00f3dico Regional\",\"url\":\"https:\/\/pagina10.com\/web\/\",\"logo\":{\"@type\":\"ImageObject\",\"inLanguage\":\"es\",\"@id\":\"https:\/\/pagina10.com\/web\/#\/schema\/logo\/image\/\",\"url\":\"https:\/\/pagina10.com\/web\/wp-content\/uploads\/2024\/01\/40-pagina-10-periodico-regional-pasto.jpg\",\"contentUrl\":\"https:\/\/pagina10.com\/web\/wp-content\/uploads\/2024\/01\/40-pagina-10-periodico-regional-pasto.jpg\",\"width\":1280,\"height\":720,\"caption\":\"P\u00e1gina10\"},\"image\":{\"@id\":\"https:\/\/pagina10.com\/web\/#\/schema\/logo\/image\/\"},\"sameAs\":[\"https:\/\/www.facebook.com\/pag10com\",\"https:\/\/x.com\/Pag10com\",\"https:\/\/www.instagram.com\/pagina10col\/\",\"https:\/\/youtube.com\/channel\/pag10\",\"https:\/\/www.tiktok.com\/@p10col\"]},{\"@type\":\"Person\",\"@id\":\"https:\/\/pagina10.com\/web\/#\/schema\/person\/2efc4a090d25b667d3bc796798a3a81b\",\"name\":\"P\u00e1gina 10\",\"description\":\"P\u00e1gina 10 es un peri\u00f3dico regional que nace en Colombia, en el departamento de Nari\u00f1o, con un enfoque global, fundamentado en cuatro pilares esenciales: la libertad, el pluralismo, la inclusi\u00f3n y la independencia. P\u00e1gina 10 hace referencia a Nari\u00f1o como el d\u00e9cimo departamento creado en Colombia, despu\u00e9s de un proceso pol\u00edtico liderado por actores y actrices regionales con el fin de obtener la independencia y autonom\u00eda de nuestros territorios. Con la creaci\u00f3n de P\u00e1gina 10 se pretende abrir un escenario para el dialogo, la reflexi\u00f3n y el debate que se extienda a otras geograf\u00edas de Am\u00e9rica Latina y del planeta, en una apuesta por transformar colectivamente los desaf\u00edos de un mundo contempor\u00e1neo, m\u00e1s all\u00e1 de las fronteras impuestas.\",\"url\":\"https:\/\/pagina10.com\/web\/author\/pdiezadmin\/\"}]}<\/script>\n<!-- \/ Yoast SEO plugin. -->","yoast_head_json":{"title":"S.O.S por el Pac\u00edfico Nari\u00f1ense. | P\u00e1gina10","robots":{"index":"index","follow":"follow","max-snippet":"max-snippet:-1","max-image-preview":"max-image-preview:large","max-video-preview":"max-video-preview:-1"},"canonical":"https:\/\/pagina10.com\/web\/s-o-s-por-el-pacifico-narinense\/","og_locale":"es_ES","og_type":"article","og_title":"S.O.S por el Pac\u00edfico Nari\u00f1ense. | P\u00e1gina10","og_description":"La intensa crisis humanitaria y ambiental que hist\u00f3ricamente ha vivido el Pacifico Nari\u00f1ense, se vive de manera paralela con los innumerables hechos de violencia que han afectado este territorio. Son estas las razones por las que el departamento, declara una vez m\u00e1s el S. O.S buscando afrontar las dificultades del orden social, pol\u00edtico y [&hellip;]","og_url":"https:\/\/pagina10.com\/web\/s-o-s-por-el-pacifico-narinense\/","og_site_name":"P\u00e1gina10","article_publisher":"https:\/\/www.facebook.com\/pag10com","article_published_time":"2021-04-07T17:18:30+00:00","og_image":[{"width":620,"height":400,"url":"https:\/\/pagina10.com\/web\/wp-content\/uploads\/2021\/04\/persite-violencia-tumaco-1.jpg","type":"image\/jpeg"}],"author":"P\u00e1gina 10","twitter_card":"summary_large_image","twitter_creator":"@Pag10com","twitter_site":"@Pag10com","twitter_misc":{"Escrito por":"P\u00e1gina 10","Tiempo de lectura":"2 minutos"},"schema":{"@context":"https:\/\/schema.org","@graph":[{"@type":"Article","@id":"https:\/\/pagina10.com\/web\/s-o-s-por-el-pacifico-narinense\/#article","isPartOf":{"@id":"https:\/\/pagina10.com\/web\/s-o-s-por-el-pacifico-narinense\/"},"author":{"name":"P\u00e1gina 10","@id":"https:\/\/pagina10.com\/web\/#\/schema\/person\/2efc4a090d25b667d3bc796798a3a81b"},"headline":"S.O.S por el Pac\u00edfico Nari\u00f1ense.","datePublished":"2021-04-07T17:18:30+00:00","mainEntityOfPage":{"@id":"https:\/\/pagina10.com\/web\/s-o-s-por-el-pacifico-narinense\/"},"wordCount":503,"commentCount":0,"publisher":{"@id":"https:\/\/pagina10.com\/web\/#organization"},"image":{"@id":"https:\/\/pagina10.com\/web\/s-o-s-por-el-pacifico-narinense\/#primaryimage"},"thumbnailUrl":"https:\/\/pagina10.com\/web\/wp-content\/uploads\/2021\/04\/persite-violencia-tumaco-1.jpg","articleSection":["Regiones"],"inLanguage":"es","potentialAction":[{"@type":"CommentAction","name":"Comment","target":["https:\/\/pagina10.com\/web\/s-o-s-por-el-pacifico-narinense\/#respond"]}]},{"@type":"WebPage","@id":"https:\/\/pagina10.com\/web\/s-o-s-por-el-pacifico-narinense\/","url":"https:\/\/pagina10.com\/web\/s-o-s-por-el-pacifico-narinense\/","name":"S.O.S por el Pac\u00edfico Nari\u00f1ense. | P\u00e1gina10","isPartOf":{"@id":"https:\/\/pagina10.com\/web\/#website"},"primaryImageOfPage":{"@id":"https:\/\/pagina10.com\/web\/s-o-s-por-el-pacifico-narinense\/#primaryimage"},"image":{"@id":"https:\/\/pagina10.com\/web\/s-o-s-por-el-pacifico-narinense\/#primaryimage"},"thumbnailUrl":"https:\/\/pagina10.com\/web\/wp-content\/uploads\/2021\/04\/persite-violencia-tumaco-1.jpg","datePublished":"2021-04-07T17:18:30+00:00","breadcrumb":{"@id":"https:\/\/pagina10.com\/web\/s-o-s-por-el-pacifico-narinense\/#breadcrumb"},"inLanguage":"es","potentialAction":[{"@type":"ReadAction","target":["https:\/\/pagina10.com\/web\/s-o-s-por-el-pacifico-narinense\/"]}]},{"@type":"ImageObject","inLanguage":"es","@id":"https:\/\/pagina10.com\/web\/s-o-s-por-el-pacifico-narinense\/#primaryimage","url":"https:\/\/pagina10.com\/web\/wp-content\/uploads\/2021\/04\/persite-violencia-tumaco-1.jpg","contentUrl":"https:\/\/pagina10.com\/web\/wp-content\/uploads\/2021\/04\/persite-violencia-tumaco-1.jpg","width":620,"height":400},{"@type":"BreadcrumbList","@id":"https:\/\/pagina10.com\/web\/s-o-s-por-el-pacifico-narinense\/#breadcrumb","itemListElement":[{"@type":"ListItem","position":1,"name":"Portada","item":"https:\/\/pagina10.com\/web\/"},{"@type":"ListItem","position":2,"name":"S.O.S por el Pac\u00edfico Nari\u00f1ense."}]},{"@type":"WebSite","@id":"https:\/\/pagina10.com\/web\/#website","url":"https:\/\/pagina10.com\/web\/","name":"P\u00e1gina10","description":"Peri\u00f3dico Regional","publisher":{"@id":"https:\/\/pagina10.com\/web\/#organization"},"alternateName":"P\u00e1gina10 Peri\u00f3dico Regional","potentialAction":[{"@type":"SearchAction","target":{"@type":"EntryPoint","urlTemplate":"https:\/\/pagina10.com\/web\/?s={search_term_string}"},"query-input":{"@type":"PropertyValueSpecification","valueRequired":true,"valueName":"search_term_string"}}],"inLanguage":"es"},{"@type":"Organization","@id":"https:\/\/pagina10.com\/web\/#organization","name":"P\u00e1gina10","alternateName":"P\u00e1gina10 Peri\u00f3dico Regional","url":"https:\/\/pagina10.com\/web\/","logo":{"@type":"ImageObject","inLanguage":"es","@id":"https:\/\/pagina10.com\/web\/#\/schema\/logo\/image\/","url":"https:\/\/pagina10.com\/web\/wp-content\/uploads\/2024\/01\/40-pagina-10-periodico-regional-pasto.jpg","contentUrl":"https:\/\/pagina10.com\/web\/wp-content\/uploads\/2024\/01\/40-pagina-10-periodico-regional-pasto.jpg","width":1280,"height":720,"caption":"P\u00e1gina10"},"image":{"@id":"https:\/\/pagina10.com\/web\/#\/schema\/logo\/image\/"},"sameAs":["https:\/\/www.facebook.com\/pag10com","https:\/\/x.com\/Pag10com","https:\/\/www.instagram.com\/pagina10col\/","https:\/\/youtube.com\/channel\/pag10","https:\/\/www.tiktok.com\/@p10col"]},{"@type":"Person","@id":"https:\/\/pagina10.com\/web\/#\/schema\/person\/2efc4a090d25b667d3bc796798a3a81b","name":"P\u00e1gina 10","description":"P\u00e1gina 10 es un peri\u00f3dico regional que nace en Colombia, en el departamento de Nari\u00f1o, con un enfoque global, fundamentado en cuatro pilares esenciales: la libertad, el pluralismo, la inclusi\u00f3n y la independencia. P\u00e1gina 10 hace referencia a Nari\u00f1o como el d\u00e9cimo departamento creado en Colombia, despu\u00e9s de un proceso pol\u00edtico liderado por actores y actrices regionales con el fin de obtener la independencia y autonom\u00eda de nuestros territorios. Con la creaci\u00f3n de P\u00e1gina 10 se pretende abrir un escenario para el dialogo, la reflexi\u00f3n y el debate que se extienda a otras geograf\u00edas de Am\u00e9rica Latina y del planeta, en una apuesta por transformar colectivamente los desaf\u00edos de un mundo contempor\u00e1neo, m\u00e1s all\u00e1 de las fronteras impuestas.","url":"https:\/\/pagina10.com\/web\/author\/pdiezadmin\/"}]}},"_links":{"self":[{"href":"https:\/\/pagina10.com\/web\/wp-json\/wp\/v2\/posts\/51621","targetHints":{"allow":["GET"]}}],"collection":[{"href":"https:\/\/pagina10.com\/web\/wp-json\/wp\/v2\/posts"}],"about":[{"href":"https:\/\/pagina10.com\/web\/wp-json\/wp\/v2\/types\/post"}],"author":[{"embeddable":true,"href":"https:\/\/pagina10.com\/web\/wp-json\/wp\/v2\/users\/1"}],"replies":[{"embeddable":true,"href":"https:\/\/pagina10.com\/web\/wp-json\/wp\/v2\/comments?post=51621"}],"version-history":[{"count":1,"href":"https:\/\/pagina10.com\/web\/wp-json\/wp\/v2\/posts\/51621\/revisions"}],"predecessor-version":[{"id":51624,"href":"https:\/\/pagina10.com\/web\/wp-json\/wp\/v2\/posts\/51621\/revisions\/51624"}],"wp:featuredmedia":[{"embeddable":true,"href":"https:\/\/pagina10.com\/web\/wp-json\/wp\/v2\/media\/51623"}],"wp:attachment":[{"href":"https:\/\/pagina10.com\/web\/wp-json\/wp\/v2\/media?parent=51621"}],"wp:term":[{"taxonomy":"category","embeddable":true,"href":"https:\/\/pagina10.com\/web\/wp-json\/wp\/v2\/categories?post=51621"},{"taxonomy":"post_tag","embeddable":true,"href":"https:\/\/pagina10.com\/web\/wp-json\/wp\/v2\/tags?post=51621"}],"curies":[{"name":"wp","href":"https:\/\/api.w.org\/{rel}","templated":true}]}}