{"id":51628,"date":"2021-04-07T13:53:09","date_gmt":"2021-04-07T18:53:09","guid":{"rendered":"https:\/\/pagina10.com\/web\/?p=51628"},"modified":"2021-04-07T13:53:09","modified_gmt":"2021-04-07T18:53:09","slug":"oficina-de-naciones-unidas-contra-la-droga-y-el-delito-apoyara-sustitucion-voluntaria-de-cultivos-de-uso-ilicito-en-narino-acuerdos-de-raiz","status":"publish","type":"post","link":"https:\/\/pagina10.com\/web\/oficina-de-naciones-unidas-contra-la-droga-y-el-delito-apoyara-sustitucion-voluntaria-de-cultivos-de-uso-ilicito-en-narino-acuerdos-de-raiz\/","title":{"rendered":"Oficina de Naciones Unidas contra la Droga y el Delito apoyar\u00e1 sustituci\u00f3n voluntaria de cultivos de uso il\u00edcito en Nari\u00f1o \u2018Acuerdos de ra\u00edz\u2019."},"content":{"rendered":"<div class=\"gs\">\n<div class=\"\">\n<div id=\":5m\" class=\"ii gt\">\n<div id=\":5n\" class=\"a3s aiL \">\n<div dir=\"ltr\">\n<div class=\"gmail_quote\">\n<div dir=\"ltr\">El Coordinador de Desarrollo Alternativo de la Oficina de Naciones Unidas contra la Droga y el Delito \u2013 UNODC, Guillermo Garc\u00eda Miranda, expres\u00f3 el respaldo de esta agencia internacional de cooperaci\u00f3n hacia la propuesta de Sustituci\u00f3n Voluntaria y concertada de cultivos de uso il\u00edcito, impulsada por la Gobernaci\u00f3n de Nari\u00f1o, denominada \u2018Acuerdos de Ra\u00edz\u2019; adem\u00e1s, resalt\u00f3 la importancia de la propuesta regional y manifest\u00f3 que la organizaci\u00f3n se encuentra en sinton\u00eda con los objetivos de este programa.<\/p>\n<div>\nEn di\u00e1logo con el Gobernador de Nari\u00f1o, Jhon Rojas, el representante de la UNODC, manifest\u00f3: \u201cHay una larga historia de cooperaci\u00f3n entre la Gobernaci\u00f3n de Nari\u00f1o \u00a0y la Oficina de Naciones Unidas contra la Droga y el Delito, en temas de sustituci\u00f3n de cultivos il\u00edcitos, hoy estamos aqu\u00ed para revisar el avance de los convenios que pronto tendremos en la zona de cordillera, \u00a0para apoyar cultivos de panela y caf\u00e9; pero tambi\u00e9n, estamos hablando con el Gobernador para seguir trabajando en los \u2018Acuerdos de Ra\u00edz\u2019, que consideramos que son alternativas muy importantes para generar alternativas de sustituci\u00f3n de los cultivos de uso il\u00edcito en el Departamento, a trav\u00e9s de la b\u00fasqueda de proyectos que les permitan a las familias hacer la sustituci\u00f3n efectiva de los cultivos\u201d.<\/p>\n<div style=\"text-align: justify;\">\nEl representante de la agencia internacional expres\u00f3 que en coordinaci\u00f3n con las Secretar\u00edas de Gobierno y de Agricultura del Departamento, se programar\u00e1n mesas de trabajo con las comunidades para identificar cu\u00e1les son las zonas para trabajar y reiter\u00f3 que despu\u00e9s de esta concertaci\u00f3n, la UNODC apoyar\u00e1 decididamente con recursos, tecnolog\u00eda y personal para que estos proyectos se desarrollen.<\/div>\n<div style=\"text-align: justify;\">\nEl Gobernador de Nari\u00f1o, indic\u00f3 que desde la regi\u00f3n se contin\u00faa en el fortalecimiento de la iniciativa de sustituci\u00f3n concertada y voluntaria que permita sustituir los cultivos de uso il\u00edcito y combatir\u00e1 los problemas sociales que acarrea el narcotr\u00e1fico, en especial la violencia en el territorio.<\/div>\n<div style=\"text-align: justify;\">\n\u201cNo estamos de acuerdo con las fumigaciones con glifosato, por eso, impulsaremos otras alternativas como la sustituci\u00f3n voluntaria como prioridad y por eso iniciamos en este proceso de di\u00e1logo, de mesas de trabajo para presentarle al Gobierno Nacional una propuesta importante que esperamos sea apoyada y acompa\u00f1ada. En esta iniciativa, queremos sustituir la coca, hay voluntad de la comunidad y de los alcaldes, adem\u00e1s de organizaciones como la UNODC\u201d, indic\u00f3 el Gobernador de Nari\u00f1o.<\/div>\n<\/div>\n<\/div>\n<\/div>\n<\/div>\n<\/div>\n<\/div>\n<\/div>\n<\/div>\n","protected":false},"excerpt":{"rendered":"<p>El Coordinador de Desarrollo Alternativo de la Oficina de Naciones Unidas contra la Droga y el Delito \u2013 UNODC, Guillermo Garc\u00eda Miranda, expres\u00f3 el respaldo de esta agencia internacional de cooperaci\u00f3n hacia la propuesta de Sustituci\u00f3n Voluntaria y concertada de cultivos de uso il\u00edcito, impulsada por la Gobernaci\u00f3n de Nari\u00f1o, denominada \u2018Acuerdos de Ra\u00edz\u2019; adem\u00e1s, [&hellip;]<\/p>\n","protected":false},"author":1,"featured_media":51629,"comment_status":"open","ping_status":"open","sticky":false,"template":"","format":"standard","meta":{"footnotes":""},"categories":[53],"tags":[],"class_list":["post-51628","post","type-post","status-publish","format-standard","has-post-thumbnail","hentry","category-regiones"],"yoast_head":"<!-- This site is optimized with the Yoast SEO plugin v27.1.1 - https:\/\/yoast.com\/product\/yoast-seo-wordpress\/ -->\n<title>Oficina de Naciones Unidas contra la Droga y el Delito apoyar\u00e1 sustituci\u00f3n voluntaria de cultivos de uso il\u00edcito en Nari\u00f1o \u2018Acuerdos de ra\u00edz\u2019. | P\u00e1gina10<\/title>\n<meta name=\"robots\" content=\"index, follow, max-snippet:-1, max-image-preview:large, max-video-preview:-1\" \/>\n<link rel=\"canonical\" href=\"https:\/\/pagina10.com\/web\/oficina-de-naciones-unidas-contra-la-droga-y-el-delito-apoyara-sustitucion-voluntaria-de-cultivos-de-uso-ilicito-en-narino-acuerdos-de-raiz\/\" \/>\n<meta property=\"og:locale\" content=\"es_ES\" \/>\n<meta property=\"og:type\" content=\"article\" \/>\n<meta property=\"og:title\" content=\"Oficina de Naciones Unidas contra la Droga y el Delito apoyar\u00e1 sustituci\u00f3n voluntaria de cultivos de uso il\u00edcito en Nari\u00f1o \u2018Acuerdos de ra\u00edz\u2019. | P\u00e1gina10\" \/>\n<meta property=\"og:description\" content=\"El Coordinador de Desarrollo Alternativo de la Oficina de Naciones Unidas contra la Droga y el Delito \u2013 UNODC, Guillermo Garc\u00eda Miranda, expres\u00f3 el respaldo de esta agencia internacional de cooperaci\u00f3n hacia la propuesta de Sustituci\u00f3n Voluntaria y concertada de cultivos de uso il\u00edcito, impulsada por la Gobernaci\u00f3n de Nari\u00f1o, denominada \u2018Acuerdos de Ra\u00edz\u2019; adem\u00e1s, [&hellip;]\" \/>\n<meta property=\"og:url\" content=\"https:\/\/pagina10.com\/web\/oficina-de-naciones-unidas-contra-la-droga-y-el-delito-apoyara-sustitucion-voluntaria-de-cultivos-de-uso-ilicito-en-narino-acuerdos-de-raiz\/\" \/>\n<meta property=\"og:site_name\" content=\"P\u00e1gina10\" \/>\n<meta property=\"article:publisher\" content=\"https:\/\/www.facebook.com\/pag10com\" \/>\n<meta property=\"article:published_time\" content=\"2021-04-07T18:53:09+00:00\" \/>\n<meta property=\"og:image\" content=\"https:\/\/pagina10.com\/web\/wp-content\/uploads\/2021\/04\/Captura-de-pantalla-161.png\" \/>\n\t<meta property=\"og:image:width\" content=\"620\" \/>\n\t<meta property=\"og:image:height\" content=\"380\" \/>\n\t<meta property=\"og:image:type\" content=\"image\/png\" \/>\n<meta name=\"author\" content=\"P\u00e1gina 10\" \/>\n<meta name=\"twitter:card\" content=\"summary_large_image\" \/>\n<meta name=\"twitter:creator\" content=\"@Pag10com\" \/>\n<meta name=\"twitter:site\" content=\"@Pag10com\" \/>\n<meta name=\"twitter:label1\" content=\"Escrito por\" \/>\n\t<meta name=\"twitter:data1\" content=\"P\u00e1gina 10\" \/>\n\t<meta name=\"twitter:label2\" content=\"Tiempo de lectura\" \/>\n\t<meta name=\"twitter:data2\" content=\"2 minutos\" \/>\n<script type=\"application\/ld+json\" class=\"yoast-schema-graph\">{\"@context\":\"https:\/\/schema.org\",\"@graph\":[{\"@type\":\"Article\",\"@id\":\"https:\/\/pagina10.com\/web\/oficina-de-naciones-unidas-contra-la-droga-y-el-delito-apoyara-sustitucion-voluntaria-de-cultivos-de-uso-ilicito-en-narino-acuerdos-de-raiz\/#article\",\"isPartOf\":{\"@id\":\"https:\/\/pagina10.com\/web\/oficina-de-naciones-unidas-contra-la-droga-y-el-delito-apoyara-sustitucion-voluntaria-de-cultivos-de-uso-ilicito-en-narino-acuerdos-de-raiz\/\"},\"author\":{\"name\":\"P\u00e1gina 10\",\"@id\":\"https:\/\/pagina10.com\/web\/#\/schema\/person\/2efc4a090d25b667d3bc796798a3a81b\"},\"headline\":\"Oficina de Naciones Unidas contra la Droga y el Delito apoyar\u00e1 sustituci\u00f3n voluntaria de cultivos de uso il\u00edcito en Nari\u00f1o \u2018Acuerdos de ra\u00edz\u2019.\",\"datePublished\":\"2021-04-07T18:53:09+00:00\",\"mainEntityOfPage\":{\"@id\":\"https:\/\/pagina10.com\/web\/oficina-de-naciones-unidas-contra-la-droga-y-el-delito-apoyara-sustitucion-voluntaria-de-cultivos-de-uso-ilicito-en-narino-acuerdos-de-raiz\/\"},\"wordCount\":449,\"commentCount\":0,\"publisher\":{\"@id\":\"https:\/\/pagina10.com\/web\/#organization\"},\"image\":{\"@id\":\"https:\/\/pagina10.com\/web\/oficina-de-naciones-unidas-contra-la-droga-y-el-delito-apoyara-sustitucion-voluntaria-de-cultivos-de-uso-ilicito-en-narino-acuerdos-de-raiz\/#primaryimage\"},\"thumbnailUrl\":\"https:\/\/pagina10.com\/web\/wp-content\/uploads\/2021\/04\/Captura-de-pantalla-161.png\",\"articleSection\":[\"Regiones\"],\"inLanguage\":\"es\",\"potentialAction\":[{\"@type\":\"CommentAction\",\"name\":\"Comment\",\"target\":[\"https:\/\/pagina10.com\/web\/oficina-de-naciones-unidas-contra-la-droga-y-el-delito-apoyara-sustitucion-voluntaria-de-cultivos-de-uso-ilicito-en-narino-acuerdos-de-raiz\/#respond\"]}]},{\"@type\":\"WebPage\",\"@id\":\"https:\/\/pagina10.com\/web\/oficina-de-naciones-unidas-contra-la-droga-y-el-delito-apoyara-sustitucion-voluntaria-de-cultivos-de-uso-ilicito-en-narino-acuerdos-de-raiz\/\",\"url\":\"https:\/\/pagina10.com\/web\/oficina-de-naciones-unidas-contra-la-droga-y-el-delito-apoyara-sustitucion-voluntaria-de-cultivos-de-uso-ilicito-en-narino-acuerdos-de-raiz\/\",\"name\":\"Oficina de Naciones Unidas contra la Droga y el Delito apoyar\u00e1 sustituci\u00f3n voluntaria de cultivos de uso il\u00edcito en Nari\u00f1o \u2018Acuerdos de ra\u00edz\u2019. | P\u00e1gina10\",\"isPartOf\":{\"@id\":\"https:\/\/pagina10.com\/web\/#website\"},\"primaryImageOfPage\":{\"@id\":\"https:\/\/pagina10.com\/web\/oficina-de-naciones-unidas-contra-la-droga-y-el-delito-apoyara-sustitucion-voluntaria-de-cultivos-de-uso-ilicito-en-narino-acuerdos-de-raiz\/#primaryimage\"},\"image\":{\"@id\":\"https:\/\/pagina10.com\/web\/oficina-de-naciones-unidas-contra-la-droga-y-el-delito-apoyara-sustitucion-voluntaria-de-cultivos-de-uso-ilicito-en-narino-acuerdos-de-raiz\/#primaryimage\"},\"thumbnailUrl\":\"https:\/\/pagina10.com\/web\/wp-content\/uploads\/2021\/04\/Captura-de-pantalla-161.png\",\"datePublished\":\"2021-04-07T18:53:09+00:00\",\"breadcrumb\":{\"@id\":\"https:\/\/pagina10.com\/web\/oficina-de-naciones-unidas-contra-la-droga-y-el-delito-apoyara-sustitucion-voluntaria-de-cultivos-de-uso-ilicito-en-narino-acuerdos-de-raiz\/#breadcrumb\"},\"inLanguage\":\"es\",\"potentialAction\":[{\"@type\":\"ReadAction\",\"target\":[\"https:\/\/pagina10.com\/web\/oficina-de-naciones-unidas-contra-la-droga-y-el-delito-apoyara-sustitucion-voluntaria-de-cultivos-de-uso-ilicito-en-narino-acuerdos-de-raiz\/\"]}]},{\"@type\":\"ImageObject\",\"inLanguage\":\"es\",\"@id\":\"https:\/\/pagina10.com\/web\/oficina-de-naciones-unidas-contra-la-droga-y-el-delito-apoyara-sustitucion-voluntaria-de-cultivos-de-uso-ilicito-en-narino-acuerdos-de-raiz\/#primaryimage\",\"url\":\"https:\/\/pagina10.com\/web\/wp-content\/uploads\/2021\/04\/Captura-de-pantalla-161.png\",\"contentUrl\":\"https:\/\/pagina10.com\/web\/wp-content\/uploads\/2021\/04\/Captura-de-pantalla-161.png\",\"width\":620,\"height\":380},{\"@type\":\"BreadcrumbList\",\"@id\":\"https:\/\/pagina10.com\/web\/oficina-de-naciones-unidas-contra-la-droga-y-el-delito-apoyara-sustitucion-voluntaria-de-cultivos-de-uso-ilicito-en-narino-acuerdos-de-raiz\/#breadcrumb\",\"itemListElement\":[{\"@type\":\"ListItem\",\"position\":1,\"name\":\"Portada\",\"item\":\"https:\/\/pagina10.com\/web\/\"},{\"@type\":\"ListItem\",\"position\":2,\"name\":\"Oficina de Naciones Unidas contra la Droga y el Delito apoyar\u00e1 sustituci\u00f3n voluntaria de cultivos de uso il\u00edcito en Nari\u00f1o \u2018Acuerdos de ra\u00edz\u2019.\"}]},{\"@type\":\"WebSite\",\"@id\":\"https:\/\/pagina10.com\/web\/#website\",\"url\":\"https:\/\/pagina10.com\/web\/\",\"name\":\"P\u00e1gina10\",\"description\":\"Peri\u00f3dico Regional\",\"publisher\":{\"@id\":\"https:\/\/pagina10.com\/web\/#organization\"},\"alternateName\":\"P\u00e1gina10 Peri\u00f3dico Regional\",\"potentialAction\":[{\"@type\":\"SearchAction\",\"target\":{\"@type\":\"EntryPoint\",\"urlTemplate\":\"https:\/\/pagina10.com\/web\/?s={search_term_string}\"},\"query-input\":{\"@type\":\"PropertyValueSpecification\",\"valueRequired\":true,\"valueName\":\"search_term_string\"}}],\"inLanguage\":\"es\"},{\"@type\":\"Organization\",\"@id\":\"https:\/\/pagina10.com\/web\/#organization\",\"name\":\"P\u00e1gina10\",\"alternateName\":\"P\u00e1gina10 Peri\u00f3dico Regional\",\"url\":\"https:\/\/pagina10.com\/web\/\",\"logo\":{\"@type\":\"ImageObject\",\"inLanguage\":\"es\",\"@id\":\"https:\/\/pagina10.com\/web\/#\/schema\/logo\/image\/\",\"url\":\"https:\/\/pagina10.com\/web\/wp-content\/uploads\/2024\/01\/40-pagina-10-periodico-regional-pasto.jpg\",\"contentUrl\":\"https:\/\/pagina10.com\/web\/wp-content\/uploads\/2024\/01\/40-pagina-10-periodico-regional-pasto.jpg\",\"width\":1280,\"height\":720,\"caption\":\"P\u00e1gina10\"},\"image\":{\"@id\":\"https:\/\/pagina10.com\/web\/#\/schema\/logo\/image\/\"},\"sameAs\":[\"https:\/\/www.facebook.com\/pag10com\",\"https:\/\/x.com\/Pag10com\",\"https:\/\/www.instagram.com\/pagina10col\/\",\"https:\/\/youtube.com\/channel\/pag10\",\"https:\/\/www.tiktok.com\/@p10col\"]},{\"@type\":\"Person\",\"@id\":\"https:\/\/pagina10.com\/web\/#\/schema\/person\/2efc4a090d25b667d3bc796798a3a81b\",\"name\":\"P\u00e1gina 10\",\"description\":\"P\u00e1gina 10 es un peri\u00f3dico regional que nace en Colombia, en el departamento de Nari\u00f1o, con un enfoque global, fundamentado en cuatro pilares esenciales: la libertad, el pluralismo, la inclusi\u00f3n y la independencia. P\u00e1gina 10 hace referencia a Nari\u00f1o como el d\u00e9cimo departamento creado en Colombia, despu\u00e9s de un proceso pol\u00edtico liderado por actores y actrices regionales con el fin de obtener la independencia y autonom\u00eda de nuestros territorios. Con la creaci\u00f3n de P\u00e1gina 10 se pretende abrir un escenario para el dialogo, la reflexi\u00f3n y el debate que se extienda a otras geograf\u00edas de Am\u00e9rica Latina y del planeta, en una apuesta por transformar colectivamente los desaf\u00edos de un mundo contempor\u00e1neo, m\u00e1s all\u00e1 de las fronteras impuestas.\",\"url\":\"https:\/\/pagina10.com\/web\/author\/pdiezadmin\/\"}]}<\/script>\n<!-- \/ Yoast SEO plugin. -->","yoast_head_json":{"title":"Oficina de Naciones Unidas contra la Droga y el Delito apoyar\u00e1 sustituci\u00f3n voluntaria de cultivos de uso il\u00edcito en Nari\u00f1o \u2018Acuerdos de ra\u00edz\u2019. | P\u00e1gina10","robots":{"index":"index","follow":"follow","max-snippet":"max-snippet:-1","max-image-preview":"max-image-preview:large","max-video-preview":"max-video-preview:-1"},"canonical":"https:\/\/pagina10.com\/web\/oficina-de-naciones-unidas-contra-la-droga-y-el-delito-apoyara-sustitucion-voluntaria-de-cultivos-de-uso-ilicito-en-narino-acuerdos-de-raiz\/","og_locale":"es_ES","og_type":"article","og_title":"Oficina de Naciones Unidas contra la Droga y el Delito apoyar\u00e1 sustituci\u00f3n voluntaria de cultivos de uso il\u00edcito en Nari\u00f1o \u2018Acuerdos de ra\u00edz\u2019. | P\u00e1gina10","og_description":"El Coordinador de Desarrollo Alternativo de la Oficina de Naciones Unidas contra la Droga y el Delito \u2013 UNODC, Guillermo Garc\u00eda Miranda, expres\u00f3 el respaldo de esta agencia internacional de cooperaci\u00f3n hacia la propuesta de Sustituci\u00f3n Voluntaria y concertada de cultivos de uso il\u00edcito, impulsada por la Gobernaci\u00f3n de Nari\u00f1o, denominada \u2018Acuerdos de Ra\u00edz\u2019; adem\u00e1s, [&hellip;]","og_url":"https:\/\/pagina10.com\/web\/oficina-de-naciones-unidas-contra-la-droga-y-el-delito-apoyara-sustitucion-voluntaria-de-cultivos-de-uso-ilicito-en-narino-acuerdos-de-raiz\/","og_site_name":"P\u00e1gina10","article_publisher":"https:\/\/www.facebook.com\/pag10com","article_published_time":"2021-04-07T18:53:09+00:00","og_image":[{"width":620,"height":380,"url":"https:\/\/pagina10.com\/web\/wp-content\/uploads\/2021\/04\/Captura-de-pantalla-161.png","type":"image\/png"}],"author":"P\u00e1gina 10","twitter_card":"summary_large_image","twitter_creator":"@Pag10com","twitter_site":"@Pag10com","twitter_misc":{"Escrito por":"P\u00e1gina 10","Tiempo de lectura":"2 minutos"},"schema":{"@context":"https:\/\/schema.org","@graph":[{"@type":"Article","@id":"https:\/\/pagina10.com\/web\/oficina-de-naciones-unidas-contra-la-droga-y-el-delito-apoyara-sustitucion-voluntaria-de-cultivos-de-uso-ilicito-en-narino-acuerdos-de-raiz\/#article","isPartOf":{"@id":"https:\/\/pagina10.com\/web\/oficina-de-naciones-unidas-contra-la-droga-y-el-delito-apoyara-sustitucion-voluntaria-de-cultivos-de-uso-ilicito-en-narino-acuerdos-de-raiz\/"},"author":{"name":"P\u00e1gina 10","@id":"https:\/\/pagina10.com\/web\/#\/schema\/person\/2efc4a090d25b667d3bc796798a3a81b"},"headline":"Oficina de Naciones Unidas contra la Droga y el Delito apoyar\u00e1 sustituci\u00f3n voluntaria de cultivos de uso il\u00edcito en Nari\u00f1o \u2018Acuerdos de ra\u00edz\u2019.","datePublished":"2021-04-07T18:53:09+00:00","mainEntityOfPage":{"@id":"https:\/\/pagina10.com\/web\/oficina-de-naciones-unidas-contra-la-droga-y-el-delito-apoyara-sustitucion-voluntaria-de-cultivos-de-uso-ilicito-en-narino-acuerdos-de-raiz\/"},"wordCount":449,"commentCount":0,"publisher":{"@id":"https:\/\/pagina10.com\/web\/#organization"},"image":{"@id":"https:\/\/pagina10.com\/web\/oficina-de-naciones-unidas-contra-la-droga-y-el-delito-apoyara-sustitucion-voluntaria-de-cultivos-de-uso-ilicito-en-narino-acuerdos-de-raiz\/#primaryimage"},"thumbnailUrl":"https:\/\/pagina10.com\/web\/wp-content\/uploads\/2021\/04\/Captura-de-pantalla-161.png","articleSection":["Regiones"],"inLanguage":"es","potentialAction":[{"@type":"CommentAction","name":"Comment","target":["https:\/\/pagina10.com\/web\/oficina-de-naciones-unidas-contra-la-droga-y-el-delito-apoyara-sustitucion-voluntaria-de-cultivos-de-uso-ilicito-en-narino-acuerdos-de-raiz\/#respond"]}]},{"@type":"WebPage","@id":"https:\/\/pagina10.com\/web\/oficina-de-naciones-unidas-contra-la-droga-y-el-delito-apoyara-sustitucion-voluntaria-de-cultivos-de-uso-ilicito-en-narino-acuerdos-de-raiz\/","url":"https:\/\/pagina10.com\/web\/oficina-de-naciones-unidas-contra-la-droga-y-el-delito-apoyara-sustitucion-voluntaria-de-cultivos-de-uso-ilicito-en-narino-acuerdos-de-raiz\/","name":"Oficina de Naciones Unidas contra la Droga y el Delito apoyar\u00e1 sustituci\u00f3n voluntaria de cultivos de uso il\u00edcito en Nari\u00f1o \u2018Acuerdos de ra\u00edz\u2019. | P\u00e1gina10","isPartOf":{"@id":"https:\/\/pagina10.com\/web\/#website"},"primaryImageOfPage":{"@id":"https:\/\/pagina10.com\/web\/oficina-de-naciones-unidas-contra-la-droga-y-el-delito-apoyara-sustitucion-voluntaria-de-cultivos-de-uso-ilicito-en-narino-acuerdos-de-raiz\/#primaryimage"},"image":{"@id":"https:\/\/pagina10.com\/web\/oficina-de-naciones-unidas-contra-la-droga-y-el-delito-apoyara-sustitucion-voluntaria-de-cultivos-de-uso-ilicito-en-narino-acuerdos-de-raiz\/#primaryimage"},"thumbnailUrl":"https:\/\/pagina10.com\/web\/wp-content\/uploads\/2021\/04\/Captura-de-pantalla-161.png","datePublished":"2021-04-07T18:53:09+00:00","breadcrumb":{"@id":"https:\/\/pagina10.com\/web\/oficina-de-naciones-unidas-contra-la-droga-y-el-delito-apoyara-sustitucion-voluntaria-de-cultivos-de-uso-ilicito-en-narino-acuerdos-de-raiz\/#breadcrumb"},"inLanguage":"es","potentialAction":[{"@type":"ReadAction","target":["https:\/\/pagina10.com\/web\/oficina-de-naciones-unidas-contra-la-droga-y-el-delito-apoyara-sustitucion-voluntaria-de-cultivos-de-uso-ilicito-en-narino-acuerdos-de-raiz\/"]}]},{"@type":"ImageObject","inLanguage":"es","@id":"https:\/\/pagina10.com\/web\/oficina-de-naciones-unidas-contra-la-droga-y-el-delito-apoyara-sustitucion-voluntaria-de-cultivos-de-uso-ilicito-en-narino-acuerdos-de-raiz\/#primaryimage","url":"https:\/\/pagina10.com\/web\/wp-content\/uploads\/2021\/04\/Captura-de-pantalla-161.png","contentUrl":"https:\/\/pagina10.com\/web\/wp-content\/uploads\/2021\/04\/Captura-de-pantalla-161.png","width":620,"height":380},{"@type":"BreadcrumbList","@id":"https:\/\/pagina10.com\/web\/oficina-de-naciones-unidas-contra-la-droga-y-el-delito-apoyara-sustitucion-voluntaria-de-cultivos-de-uso-ilicito-en-narino-acuerdos-de-raiz\/#breadcrumb","itemListElement":[{"@type":"ListItem","position":1,"name":"Portada","item":"https:\/\/pagina10.com\/web\/"},{"@type":"ListItem","position":2,"name":"Oficina de Naciones Unidas contra la Droga y el Delito apoyar\u00e1 sustituci\u00f3n voluntaria de cultivos de uso il\u00edcito en Nari\u00f1o \u2018Acuerdos de ra\u00edz\u2019."}]},{"@type":"WebSite","@id":"https:\/\/pagina10.com\/web\/#website","url":"https:\/\/pagina10.com\/web\/","name":"P\u00e1gina10","description":"Peri\u00f3dico Regional","publisher":{"@id":"https:\/\/pagina10.com\/web\/#organization"},"alternateName":"P\u00e1gina10 Peri\u00f3dico Regional","potentialAction":[{"@type":"SearchAction","target":{"@type":"EntryPoint","urlTemplate":"https:\/\/pagina10.com\/web\/?s={search_term_string}"},"query-input":{"@type":"PropertyValueSpecification","valueRequired":true,"valueName":"search_term_string"}}],"inLanguage":"es"},{"@type":"Organization","@id":"https:\/\/pagina10.com\/web\/#organization","name":"P\u00e1gina10","alternateName":"P\u00e1gina10 Peri\u00f3dico Regional","url":"https:\/\/pagina10.com\/web\/","logo":{"@type":"ImageObject","inLanguage":"es","@id":"https:\/\/pagina10.com\/web\/#\/schema\/logo\/image\/","url":"https:\/\/pagina10.com\/web\/wp-content\/uploads\/2024\/01\/40-pagina-10-periodico-regional-pasto.jpg","contentUrl":"https:\/\/pagina10.com\/web\/wp-content\/uploads\/2024\/01\/40-pagina-10-periodico-regional-pasto.jpg","width":1280,"height":720,"caption":"P\u00e1gina10"},"image":{"@id":"https:\/\/pagina10.com\/web\/#\/schema\/logo\/image\/"},"sameAs":["https:\/\/www.facebook.com\/pag10com","https:\/\/x.com\/Pag10com","https:\/\/www.instagram.com\/pagina10col\/","https:\/\/youtube.com\/channel\/pag10","https:\/\/www.tiktok.com\/@p10col"]},{"@type":"Person","@id":"https:\/\/pagina10.com\/web\/#\/schema\/person\/2efc4a090d25b667d3bc796798a3a81b","name":"P\u00e1gina 10","description":"P\u00e1gina 10 es un peri\u00f3dico regional que nace en Colombia, en el departamento de Nari\u00f1o, con un enfoque global, fundamentado en cuatro pilares esenciales: la libertad, el pluralismo, la inclusi\u00f3n y la independencia. P\u00e1gina 10 hace referencia a Nari\u00f1o como el d\u00e9cimo departamento creado en Colombia, despu\u00e9s de un proceso pol\u00edtico liderado por actores y actrices regionales con el fin de obtener la independencia y autonom\u00eda de nuestros territorios. Con la creaci\u00f3n de P\u00e1gina 10 se pretende abrir un escenario para el dialogo, la reflexi\u00f3n y el debate que se extienda a otras geograf\u00edas de Am\u00e9rica Latina y del planeta, en una apuesta por transformar colectivamente los desaf\u00edos de un mundo contempor\u00e1neo, m\u00e1s all\u00e1 de las fronteras impuestas.","url":"https:\/\/pagina10.com\/web\/author\/pdiezadmin\/"}]}},"_links":{"self":[{"href":"https:\/\/pagina10.com\/web\/wp-json\/wp\/v2\/posts\/51628","targetHints":{"allow":["GET"]}}],"collection":[{"href":"https:\/\/pagina10.com\/web\/wp-json\/wp\/v2\/posts"}],"about":[{"href":"https:\/\/pagina10.com\/web\/wp-json\/wp\/v2\/types\/post"}],"author":[{"embeddable":true,"href":"https:\/\/pagina10.com\/web\/wp-json\/wp\/v2\/users\/1"}],"replies":[{"embeddable":true,"href":"https:\/\/pagina10.com\/web\/wp-json\/wp\/v2\/comments?post=51628"}],"version-history":[{"count":1,"href":"https:\/\/pagina10.com\/web\/wp-json\/wp\/v2\/posts\/51628\/revisions"}],"predecessor-version":[{"id":51630,"href":"https:\/\/pagina10.com\/web\/wp-json\/wp\/v2\/posts\/51628\/revisions\/51630"}],"wp:featuredmedia":[{"embeddable":true,"href":"https:\/\/pagina10.com\/web\/wp-json\/wp\/v2\/media\/51629"}],"wp:attachment":[{"href":"https:\/\/pagina10.com\/web\/wp-json\/wp\/v2\/media?parent=51628"}],"wp:term":[{"taxonomy":"category","embeddable":true,"href":"https:\/\/pagina10.com\/web\/wp-json\/wp\/v2\/categories?post=51628"},{"taxonomy":"post_tag","embeddable":true,"href":"https:\/\/pagina10.com\/web\/wp-json\/wp\/v2\/tags?post=51628"}],"curies":[{"name":"wp","href":"https:\/\/api.w.org\/{rel}","templated":true}]}}