{"id":51649,"date":"2021-04-08T17:03:02","date_gmt":"2021-04-08T22:03:02","guid":{"rendered":"https:\/\/pagina10.com\/web\/?p=51649"},"modified":"2021-04-08T17:03:02","modified_gmt":"2021-04-08T22:03:02","slug":"el-pacto-historico-es-con-la-mujer-gustavo-petro","status":"publish","type":"post","link":"https:\/\/pagina10.com\/web\/el-pacto-historico-es-con-la-mujer-gustavo-petro\/","title":{"rendered":"&#8220;El pacto hist\u00f3rico es con la mujer\u201d: Gustavo Petro."},"content":{"rendered":"<p style=\"text-align: justify;\">El l\u00edder y Senador de la Colombia Humana, Gustavo Petro, abri\u00f3 las puertas del denominado Pacto Hist\u00f3rico a la lideresa social y candidata presidencial Francia M\u00e1rquez. Por medio de su cuenta de Twitter manifest\u00f3 que \u201cSi Francia M\u00e1rquez decide ingresar en el Pacto Hist\u00f3rico y all\u00ed poner a decisi\u00f3n de la ciudadan\u00eda su candidatura presidencial, ser\u00e1 bien recibida\u201d. \u201cEl pacto hist\u00f3rico es con las culturas marginadas, conducidas a la nueva esclavitud. El pacto hist\u00f3rico es con la mujer\u201d, trin\u00f3 el senador.<\/p>\n<p style=\"text-align: justify;\">La invitaci\u00f3n del tambi\u00e9n aspirante a la presidencia se dio despu\u00e9s del anuncio de la lideresa social en el que resalt\u00f3 que fortalecer\u00eda su candidatura de manera independiente y que \u201cnunca apoyar\u00eda a Sergio Fajardo, porque conozco las consecuencias del proyecto de muerte que ha sido Hidroituango\u201d.<\/p>\n<p style=\"text-align: justify;\">Ante la invitaci\u00f3n de Gustavo Petro, Francia Marquez respondi\u00f3 por medio de un tuit que \u201cSi la decisi\u00f3n que tomemos es de ir al Pacto Hist\u00f3rico, no ser\u00e1 para ir de decoraci\u00f3n, ser\u00e1 para ganar la candidatura a la presidencia, ser\u00e1 para juntos vencer en democracia al uribismo, pero tambi\u00e9n al racismo y al patriarcado. Ser\u00e1 para que gane la pol\u00edtica de la vida\u201d.<\/p>\n","protected":false},"excerpt":{"rendered":"<p>El l\u00edder y Senador de la Colombia Humana, Gustavo Petro, abri\u00f3 las puertas del denominado Pacto Hist\u00f3rico a la lideresa social y candidata presidencial Francia M\u00e1rquez. Por medio de su cuenta de Twitter manifest\u00f3 que \u201cSi Francia M\u00e1rquez decide ingresar en el Pacto Hist\u00f3rico y all\u00ed poner a decisi\u00f3n de la ciudadan\u00eda su candidatura presidencial, [&hellip;]<\/p>\n","protected":false},"author":1,"featured_media":51650,"comment_status":"open","ping_status":"open","sticky":false,"template":"","format":"standard","meta":{"footnotes":""},"categories":[94],"tags":[],"class_list":["post-51649","post","type-post","status-publish","format-standard","has-post-thumbnail","hentry","category-nacional-global-2"],"yoast_head":"<!-- This site is optimized with the Yoast SEO plugin v27.1.1 - https:\/\/yoast.com\/product\/yoast-seo-wordpress\/ -->\n<title>&quot;El pacto hist\u00f3rico es con la mujer\u201d: Gustavo Petro. | P\u00e1gina10<\/title>\n<meta name=\"robots\" content=\"index, follow, max-snippet:-1, max-image-preview:large, max-video-preview:-1\" \/>\n<link rel=\"canonical\" href=\"https:\/\/pagina10.com\/web\/el-pacto-historico-es-con-la-mujer-gustavo-petro\/\" \/>\n<meta property=\"og:locale\" content=\"es_ES\" \/>\n<meta property=\"og:type\" content=\"article\" \/>\n<meta property=\"og:title\" content=\"&quot;El pacto hist\u00f3rico es con la mujer\u201d: Gustavo Petro. | P\u00e1gina10\" \/>\n<meta property=\"og:description\" content=\"El l\u00edder y Senador de la Colombia Humana, Gustavo Petro, abri\u00f3 las puertas del denominado Pacto Hist\u00f3rico a la lideresa social y candidata presidencial Francia M\u00e1rquez. Por medio de su cuenta de Twitter manifest\u00f3 que \u201cSi Francia M\u00e1rquez decide ingresar en el Pacto Hist\u00f3rico y all\u00ed poner a decisi\u00f3n de la ciudadan\u00eda su candidatura presidencial, [&hellip;]\" \/>\n<meta property=\"og:url\" content=\"https:\/\/pagina10.com\/web\/el-pacto-historico-es-con-la-mujer-gustavo-petro\/\" \/>\n<meta property=\"og:site_name\" content=\"P\u00e1gina10\" \/>\n<meta property=\"article:publisher\" content=\"https:\/\/www.facebook.com\/pag10com\" \/>\n<meta property=\"article:published_time\" content=\"2021-04-08T22:03:02+00:00\" \/>\n<meta property=\"og:image\" content=\"https:\/\/pagina10.com\/web\/wp-content\/uploads\/2021\/04\/Captura-de-pantalla-163.png\" \/>\n\t<meta property=\"og:image:width\" content=\"717\" \/>\n\t<meta property=\"og:image:height\" content=\"296\" \/>\n\t<meta property=\"og:image:type\" content=\"image\/png\" \/>\n<meta name=\"author\" content=\"P\u00e1gina 10\" \/>\n<meta name=\"twitter:card\" content=\"summary_large_image\" \/>\n<meta name=\"twitter:creator\" content=\"@Pag10com\" \/>\n<meta name=\"twitter:site\" content=\"@Pag10com\" \/>\n<meta name=\"twitter:label1\" content=\"Escrito por\" \/>\n\t<meta name=\"twitter:data1\" content=\"P\u00e1gina 10\" \/>\n\t<meta name=\"twitter:label2\" content=\"Tiempo de lectura\" \/>\n\t<meta name=\"twitter:data2\" content=\"1 minuto\" \/>\n<script type=\"application\/ld+json\" class=\"yoast-schema-graph\">{\"@context\":\"https:\/\/schema.org\",\"@graph\":[{\"@type\":\"Article\",\"@id\":\"https:\/\/pagina10.com\/web\/el-pacto-historico-es-con-la-mujer-gustavo-petro\/#article\",\"isPartOf\":{\"@id\":\"https:\/\/pagina10.com\/web\/el-pacto-historico-es-con-la-mujer-gustavo-petro\/\"},\"author\":{\"name\":\"P\u00e1gina 10\",\"@id\":\"https:\/\/pagina10.com\/web\/#\/schema\/person\/2efc4a090d25b667d3bc796798a3a81b\"},\"headline\":\"&#8220;El pacto hist\u00f3rico es con la mujer\u201d: Gustavo Petro.\",\"datePublished\":\"2021-04-08T22:03:02+00:00\",\"mainEntityOfPage\":{\"@id\":\"https:\/\/pagina10.com\/web\/el-pacto-historico-es-con-la-mujer-gustavo-petro\/\"},\"wordCount\":222,\"commentCount\":0,\"publisher\":{\"@id\":\"https:\/\/pagina10.com\/web\/#organization\"},\"image\":{\"@id\":\"https:\/\/pagina10.com\/web\/el-pacto-historico-es-con-la-mujer-gustavo-petro\/#primaryimage\"},\"thumbnailUrl\":\"https:\/\/pagina10.com\/web\/wp-content\/uploads\/2021\/04\/Captura-de-pantalla-163.png\",\"articleSection\":[\"Nacional\"],\"inLanguage\":\"es\",\"potentialAction\":[{\"@type\":\"CommentAction\",\"name\":\"Comment\",\"target\":[\"https:\/\/pagina10.com\/web\/el-pacto-historico-es-con-la-mujer-gustavo-petro\/#respond\"]}]},{\"@type\":\"WebPage\",\"@id\":\"https:\/\/pagina10.com\/web\/el-pacto-historico-es-con-la-mujer-gustavo-petro\/\",\"url\":\"https:\/\/pagina10.com\/web\/el-pacto-historico-es-con-la-mujer-gustavo-petro\/\",\"name\":\"\\\"El pacto hist\u00f3rico es con la mujer\u201d: Gustavo Petro. | P\u00e1gina10\",\"isPartOf\":{\"@id\":\"https:\/\/pagina10.com\/web\/#website\"},\"primaryImageOfPage\":{\"@id\":\"https:\/\/pagina10.com\/web\/el-pacto-historico-es-con-la-mujer-gustavo-petro\/#primaryimage\"},\"image\":{\"@id\":\"https:\/\/pagina10.com\/web\/el-pacto-historico-es-con-la-mujer-gustavo-petro\/#primaryimage\"},\"thumbnailUrl\":\"https:\/\/pagina10.com\/web\/wp-content\/uploads\/2021\/04\/Captura-de-pantalla-163.png\",\"datePublished\":\"2021-04-08T22:03:02+00:00\",\"breadcrumb\":{\"@id\":\"https:\/\/pagina10.com\/web\/el-pacto-historico-es-con-la-mujer-gustavo-petro\/#breadcrumb\"},\"inLanguage\":\"es\",\"potentialAction\":[{\"@type\":\"ReadAction\",\"target\":[\"https:\/\/pagina10.com\/web\/el-pacto-historico-es-con-la-mujer-gustavo-petro\/\"]}]},{\"@type\":\"ImageObject\",\"inLanguage\":\"es\",\"@id\":\"https:\/\/pagina10.com\/web\/el-pacto-historico-es-con-la-mujer-gustavo-petro\/#primaryimage\",\"url\":\"https:\/\/pagina10.com\/web\/wp-content\/uploads\/2021\/04\/Captura-de-pantalla-163.png\",\"contentUrl\":\"https:\/\/pagina10.com\/web\/wp-content\/uploads\/2021\/04\/Captura-de-pantalla-163.png\",\"width\":717,\"height\":296},{\"@type\":\"BreadcrumbList\",\"@id\":\"https:\/\/pagina10.com\/web\/el-pacto-historico-es-con-la-mujer-gustavo-petro\/#breadcrumb\",\"itemListElement\":[{\"@type\":\"ListItem\",\"position\":1,\"name\":\"Portada\",\"item\":\"https:\/\/pagina10.com\/web\/\"},{\"@type\":\"ListItem\",\"position\":2,\"name\":\"&#8220;El pacto hist\u00f3rico es con la mujer\u201d: Gustavo Petro.\"}]},{\"@type\":\"WebSite\",\"@id\":\"https:\/\/pagina10.com\/web\/#website\",\"url\":\"https:\/\/pagina10.com\/web\/\",\"name\":\"P\u00e1gina10\",\"description\":\"Peri\u00f3dico Regional\",\"publisher\":{\"@id\":\"https:\/\/pagina10.com\/web\/#organization\"},\"alternateName\":\"P\u00e1gina10 Peri\u00f3dico Regional\",\"potentialAction\":[{\"@type\":\"SearchAction\",\"target\":{\"@type\":\"EntryPoint\",\"urlTemplate\":\"https:\/\/pagina10.com\/web\/?s={search_term_string}\"},\"query-input\":{\"@type\":\"PropertyValueSpecification\",\"valueRequired\":true,\"valueName\":\"search_term_string\"}}],\"inLanguage\":\"es\"},{\"@type\":\"Organization\",\"@id\":\"https:\/\/pagina10.com\/web\/#organization\",\"name\":\"P\u00e1gina10\",\"alternateName\":\"P\u00e1gina10 Peri\u00f3dico Regional\",\"url\":\"https:\/\/pagina10.com\/web\/\",\"logo\":{\"@type\":\"ImageObject\",\"inLanguage\":\"es\",\"@id\":\"https:\/\/pagina10.com\/web\/#\/schema\/logo\/image\/\",\"url\":\"https:\/\/pagina10.com\/web\/wp-content\/uploads\/2024\/01\/40-pagina-10-periodico-regional-pasto.jpg\",\"contentUrl\":\"https:\/\/pagina10.com\/web\/wp-content\/uploads\/2024\/01\/40-pagina-10-periodico-regional-pasto.jpg\",\"width\":1280,\"height\":720,\"caption\":\"P\u00e1gina10\"},\"image\":{\"@id\":\"https:\/\/pagina10.com\/web\/#\/schema\/logo\/image\/\"},\"sameAs\":[\"https:\/\/www.facebook.com\/pag10com\",\"https:\/\/x.com\/Pag10com\",\"https:\/\/www.instagram.com\/pagina10col\/\",\"https:\/\/youtube.com\/channel\/pag10\",\"https:\/\/www.tiktok.com\/@p10col\"]},{\"@type\":\"Person\",\"@id\":\"https:\/\/pagina10.com\/web\/#\/schema\/person\/2efc4a090d25b667d3bc796798a3a81b\",\"name\":\"P\u00e1gina 10\",\"description\":\"P\u00e1gina 10 es un peri\u00f3dico regional que nace en Colombia, en el departamento de Nari\u00f1o, con un enfoque global, fundamentado en cuatro pilares esenciales: la libertad, el pluralismo, la inclusi\u00f3n y la independencia. P\u00e1gina 10 hace referencia a Nari\u00f1o como el d\u00e9cimo departamento creado en Colombia, despu\u00e9s de un proceso pol\u00edtico liderado por actores y actrices regionales con el fin de obtener la independencia y autonom\u00eda de nuestros territorios. Con la creaci\u00f3n de P\u00e1gina 10 se pretende abrir un escenario para el dialogo, la reflexi\u00f3n y el debate que se extienda a otras geograf\u00edas de Am\u00e9rica Latina y del planeta, en una apuesta por transformar colectivamente los desaf\u00edos de un mundo contempor\u00e1neo, m\u00e1s all\u00e1 de las fronteras impuestas.\",\"url\":\"https:\/\/pagina10.com\/web\/author\/pdiezadmin\/\"}]}<\/script>\n<!-- \/ Yoast SEO plugin. -->","yoast_head_json":{"title":"\"El pacto hist\u00f3rico es con la mujer\u201d: Gustavo Petro. | P\u00e1gina10","robots":{"index":"index","follow":"follow","max-snippet":"max-snippet:-1","max-image-preview":"max-image-preview:large","max-video-preview":"max-video-preview:-1"},"canonical":"https:\/\/pagina10.com\/web\/el-pacto-historico-es-con-la-mujer-gustavo-petro\/","og_locale":"es_ES","og_type":"article","og_title":"\"El pacto hist\u00f3rico es con la mujer\u201d: Gustavo Petro. | P\u00e1gina10","og_description":"El l\u00edder y Senador de la Colombia Humana, Gustavo Petro, abri\u00f3 las puertas del denominado Pacto Hist\u00f3rico a la lideresa social y candidata presidencial Francia M\u00e1rquez. Por medio de su cuenta de Twitter manifest\u00f3 que \u201cSi Francia M\u00e1rquez decide ingresar en el Pacto Hist\u00f3rico y all\u00ed poner a decisi\u00f3n de la ciudadan\u00eda su candidatura presidencial, [&hellip;]","og_url":"https:\/\/pagina10.com\/web\/el-pacto-historico-es-con-la-mujer-gustavo-petro\/","og_site_name":"P\u00e1gina10","article_publisher":"https:\/\/www.facebook.com\/pag10com","article_published_time":"2021-04-08T22:03:02+00:00","og_image":[{"width":717,"height":296,"url":"https:\/\/pagina10.com\/web\/wp-content\/uploads\/2021\/04\/Captura-de-pantalla-163.png","type":"image\/png"}],"author":"P\u00e1gina 10","twitter_card":"summary_large_image","twitter_creator":"@Pag10com","twitter_site":"@Pag10com","twitter_misc":{"Escrito por":"P\u00e1gina 10","Tiempo de lectura":"1 minuto"},"schema":{"@context":"https:\/\/schema.org","@graph":[{"@type":"Article","@id":"https:\/\/pagina10.com\/web\/el-pacto-historico-es-con-la-mujer-gustavo-petro\/#article","isPartOf":{"@id":"https:\/\/pagina10.com\/web\/el-pacto-historico-es-con-la-mujer-gustavo-petro\/"},"author":{"name":"P\u00e1gina 10","@id":"https:\/\/pagina10.com\/web\/#\/schema\/person\/2efc4a090d25b667d3bc796798a3a81b"},"headline":"&#8220;El pacto hist\u00f3rico es con la mujer\u201d: Gustavo Petro.","datePublished":"2021-04-08T22:03:02+00:00","mainEntityOfPage":{"@id":"https:\/\/pagina10.com\/web\/el-pacto-historico-es-con-la-mujer-gustavo-petro\/"},"wordCount":222,"commentCount":0,"publisher":{"@id":"https:\/\/pagina10.com\/web\/#organization"},"image":{"@id":"https:\/\/pagina10.com\/web\/el-pacto-historico-es-con-la-mujer-gustavo-petro\/#primaryimage"},"thumbnailUrl":"https:\/\/pagina10.com\/web\/wp-content\/uploads\/2021\/04\/Captura-de-pantalla-163.png","articleSection":["Nacional"],"inLanguage":"es","potentialAction":[{"@type":"CommentAction","name":"Comment","target":["https:\/\/pagina10.com\/web\/el-pacto-historico-es-con-la-mujer-gustavo-petro\/#respond"]}]},{"@type":"WebPage","@id":"https:\/\/pagina10.com\/web\/el-pacto-historico-es-con-la-mujer-gustavo-petro\/","url":"https:\/\/pagina10.com\/web\/el-pacto-historico-es-con-la-mujer-gustavo-petro\/","name":"\"El pacto hist\u00f3rico es con la mujer\u201d: Gustavo Petro. | P\u00e1gina10","isPartOf":{"@id":"https:\/\/pagina10.com\/web\/#website"},"primaryImageOfPage":{"@id":"https:\/\/pagina10.com\/web\/el-pacto-historico-es-con-la-mujer-gustavo-petro\/#primaryimage"},"image":{"@id":"https:\/\/pagina10.com\/web\/el-pacto-historico-es-con-la-mujer-gustavo-petro\/#primaryimage"},"thumbnailUrl":"https:\/\/pagina10.com\/web\/wp-content\/uploads\/2021\/04\/Captura-de-pantalla-163.png","datePublished":"2021-04-08T22:03:02+00:00","breadcrumb":{"@id":"https:\/\/pagina10.com\/web\/el-pacto-historico-es-con-la-mujer-gustavo-petro\/#breadcrumb"},"inLanguage":"es","potentialAction":[{"@type":"ReadAction","target":["https:\/\/pagina10.com\/web\/el-pacto-historico-es-con-la-mujer-gustavo-petro\/"]}]},{"@type":"ImageObject","inLanguage":"es","@id":"https:\/\/pagina10.com\/web\/el-pacto-historico-es-con-la-mujer-gustavo-petro\/#primaryimage","url":"https:\/\/pagina10.com\/web\/wp-content\/uploads\/2021\/04\/Captura-de-pantalla-163.png","contentUrl":"https:\/\/pagina10.com\/web\/wp-content\/uploads\/2021\/04\/Captura-de-pantalla-163.png","width":717,"height":296},{"@type":"BreadcrumbList","@id":"https:\/\/pagina10.com\/web\/el-pacto-historico-es-con-la-mujer-gustavo-petro\/#breadcrumb","itemListElement":[{"@type":"ListItem","position":1,"name":"Portada","item":"https:\/\/pagina10.com\/web\/"},{"@type":"ListItem","position":2,"name":"&#8220;El pacto hist\u00f3rico es con la mujer\u201d: Gustavo Petro."}]},{"@type":"WebSite","@id":"https:\/\/pagina10.com\/web\/#website","url":"https:\/\/pagina10.com\/web\/","name":"P\u00e1gina10","description":"Peri\u00f3dico Regional","publisher":{"@id":"https:\/\/pagina10.com\/web\/#organization"},"alternateName":"P\u00e1gina10 Peri\u00f3dico Regional","potentialAction":[{"@type":"SearchAction","target":{"@type":"EntryPoint","urlTemplate":"https:\/\/pagina10.com\/web\/?s={search_term_string}"},"query-input":{"@type":"PropertyValueSpecification","valueRequired":true,"valueName":"search_term_string"}}],"inLanguage":"es"},{"@type":"Organization","@id":"https:\/\/pagina10.com\/web\/#organization","name":"P\u00e1gina10","alternateName":"P\u00e1gina10 Peri\u00f3dico Regional","url":"https:\/\/pagina10.com\/web\/","logo":{"@type":"ImageObject","inLanguage":"es","@id":"https:\/\/pagina10.com\/web\/#\/schema\/logo\/image\/","url":"https:\/\/pagina10.com\/web\/wp-content\/uploads\/2024\/01\/40-pagina-10-periodico-regional-pasto.jpg","contentUrl":"https:\/\/pagina10.com\/web\/wp-content\/uploads\/2024\/01\/40-pagina-10-periodico-regional-pasto.jpg","width":1280,"height":720,"caption":"P\u00e1gina10"},"image":{"@id":"https:\/\/pagina10.com\/web\/#\/schema\/logo\/image\/"},"sameAs":["https:\/\/www.facebook.com\/pag10com","https:\/\/x.com\/Pag10com","https:\/\/www.instagram.com\/pagina10col\/","https:\/\/youtube.com\/channel\/pag10","https:\/\/www.tiktok.com\/@p10col"]},{"@type":"Person","@id":"https:\/\/pagina10.com\/web\/#\/schema\/person\/2efc4a090d25b667d3bc796798a3a81b","name":"P\u00e1gina 10","description":"P\u00e1gina 10 es un peri\u00f3dico regional que nace en Colombia, en el departamento de Nari\u00f1o, con un enfoque global, fundamentado en cuatro pilares esenciales: la libertad, el pluralismo, la inclusi\u00f3n y la independencia. P\u00e1gina 10 hace referencia a Nari\u00f1o como el d\u00e9cimo departamento creado en Colombia, despu\u00e9s de un proceso pol\u00edtico liderado por actores y actrices regionales con el fin de obtener la independencia y autonom\u00eda de nuestros territorios. Con la creaci\u00f3n de P\u00e1gina 10 se pretende abrir un escenario para el dialogo, la reflexi\u00f3n y el debate que se extienda a otras geograf\u00edas de Am\u00e9rica Latina y del planeta, en una apuesta por transformar colectivamente los desaf\u00edos de un mundo contempor\u00e1neo, m\u00e1s all\u00e1 de las fronteras impuestas.","url":"https:\/\/pagina10.com\/web\/author\/pdiezadmin\/"}]}},"_links":{"self":[{"href":"https:\/\/pagina10.com\/web\/wp-json\/wp\/v2\/posts\/51649","targetHints":{"allow":["GET"]}}],"collection":[{"href":"https:\/\/pagina10.com\/web\/wp-json\/wp\/v2\/posts"}],"about":[{"href":"https:\/\/pagina10.com\/web\/wp-json\/wp\/v2\/types\/post"}],"author":[{"embeddable":true,"href":"https:\/\/pagina10.com\/web\/wp-json\/wp\/v2\/users\/1"}],"replies":[{"embeddable":true,"href":"https:\/\/pagina10.com\/web\/wp-json\/wp\/v2\/comments?post=51649"}],"version-history":[{"count":1,"href":"https:\/\/pagina10.com\/web\/wp-json\/wp\/v2\/posts\/51649\/revisions"}],"predecessor-version":[{"id":51651,"href":"https:\/\/pagina10.com\/web\/wp-json\/wp\/v2\/posts\/51649\/revisions\/51651"}],"wp:featuredmedia":[{"embeddable":true,"href":"https:\/\/pagina10.com\/web\/wp-json\/wp\/v2\/media\/51650"}],"wp:attachment":[{"href":"https:\/\/pagina10.com\/web\/wp-json\/wp\/v2\/media?parent=51649"}],"wp:term":[{"taxonomy":"category","embeddable":true,"href":"https:\/\/pagina10.com\/web\/wp-json\/wp\/v2\/categories?post=51649"},{"taxonomy":"post_tag","embeddable":true,"href":"https:\/\/pagina10.com\/web\/wp-json\/wp\/v2\/tags?post=51649"}],"curies":[{"name":"wp","href":"https:\/\/api.w.org\/{rel}","templated":true}]}}