{"id":51653,"date":"2021-04-08T17:30:58","date_gmt":"2021-04-08T22:30:58","guid":{"rendered":"https:\/\/pagina10.com\/web\/?p=51653"},"modified":"2021-04-08T17:30:58","modified_gmt":"2021-04-08T22:30:58","slug":"este-ano-debe-ser-el-ano-en-el-que-la-economia-colombiana-crezca-ivan-duque","status":"publish","type":"post","link":"https:\/\/pagina10.com\/web\/este-ano-debe-ser-el-ano-en-el-que-la-economia-colombiana-crezca-ivan-duque\/","title":{"rendered":"&#8220;Este a\u00f1o debe ser el a\u00f1o en el que la econom\u00eda colombiana crezca&#8221;: Iv\u00e1n Duque."},"content":{"rendered":"<p style=\"text-align: justify;\">Durante el lanzamiento del programa de \u2018ReactivAcci\u00f3n Econ\u00f3mica para Colombia\u2019, el Presidente Iv\u00e1n Duque expres\u00f3 que a ra\u00edz de los efectos de la pandemia del covid-19, todos los pa\u00edses del mundo est\u00e1n haciendo un esfuerzo para estabilizar sus cuentas fiscales y proteger a los m\u00e1s vulnerables. \u201cPor esto, debemos adaptar todo el andamiaje de la pol\u00edtica social y la pol\u00edtica econ\u00f3mica para enfrentar estos retos, porque posponer las soluciones responsables es jugar con el destino de nuestros pa\u00edses\u201d, enfatiz\u00f3 el Mandatario.<\/p>\n<p style=\"text-align: justify;\">Duque agreg\u00f3 que el objetivo es salir adelante con una reactivaci\u00f3n econ\u00f3mica que traiga la Transformaci\u00f3n Social Sostenible, que permita extender los programas de Ingreso Solidario a los m\u00e1s vulnerables, extender la devoluci\u00f3n del IVA, avanzar en la matr\u00edcula cero en la educaci\u00f3n superior para los estratos 1, 2 y 3, resolver la urgente necesidad de los j\u00f3venes de tener oportunidades de empleo, y ayudar a las empresas a mantener el empleo y estimular a la micro y peque\u00f1a empresa, que son las que generan mayor empleo. \u201cY a que tengamos tambi\u00e9n una estabilizaci\u00f3n de nuestras finanzas p\u00fablicas para seguir siendo respetados, admirados, como un pa\u00eds de una econom\u00eda sana y segura. Esos objetivos se los hemos planteado al pa\u00eds\u201d, puntualiz\u00f3 el Presidente.<\/p>\n<p style=\"text-align: justify;\">El Presidente agreg\u00f3 que este a\u00f1o debe ser el a\u00f1o en el que la econom\u00eda colombiana crezca por encima del 5%, pero que crezca con equidad y protegiendo a los m\u00e1s pobres.<\/p>\n<p style=\"text-align: justify;\">Duque puntualiz\u00f3 que el Estado tiene que dar ejemplo en materia de austeridad. \u201cHoy, en el prop\u00f3sito de proteger a los m\u00e1s vulnerables y estabilizar las finanzas de la Naci\u00f3n, quiero ser muy claro: el reto de austeridad implica que en la Transformaci\u00f3n Social Sostenible y Solidaria, que debatiremos constructivamente en el Congreso de la Rep\u00fablica, hay un compromiso nuestro de congelar los gastos en materia de personal y de adquisici\u00f3n de bienes y servicios por un periodo de m\u00e1s de 5 a\u00f1os, ojal\u00e1 10; y ultimaremos esos detalles con el Congreso; como m\u00ednimo ser\u00e1n 5 a\u00f1os donde tendremos ese congelamiento\u201d, asever\u00f3 Duque.<\/p>\n<p style=\"text-align: justify;\">El Presidente agreg\u00f3 que se estar\u00e1n buscando eficiencias y recortes de gastos innecesarios en la administraci\u00f3n o donde se pueda optimizar el funcionamiento del Estado d\u00eda a d\u00eda. \u201cEsos esfuerzos son necesarios en esta coyuntura, son necesarios siempre, en la gesti\u00f3n del Estado, pero hoy m\u00e1s urgentes que nunca\u201d, concluy\u00f3 el Presidente Duque.<\/p>\n<p style=\"text-align: justify;\">Fuente: Presidencia de la Rep\u00fablica.<\/p>\n","protected":false},"excerpt":{"rendered":"<p>Durante el lanzamiento del programa de \u2018ReactivAcci\u00f3n Econ\u00f3mica para Colombia\u2019, el Presidente Iv\u00e1n Duque expres\u00f3 que a ra\u00edz de los efectos de la pandemia del covid-19, todos los pa\u00edses del mundo est\u00e1n haciendo un esfuerzo para estabilizar sus cuentas fiscales y proteger a los m\u00e1s vulnerables. \u201cPor esto, debemos adaptar todo el andamiaje de la [&hellip;]<\/p>\n","protected":false},"author":1,"featured_media":51654,"comment_status":"open","ping_status":"open","sticky":false,"template":"","format":"standard","meta":{"footnotes":""},"categories":[13],"tags":[],"class_list":["post-51653","post","type-post","status-publish","format-standard","has-post-thumbnail","hentry","category-economia"],"yoast_head":"<!-- This site is optimized with the Yoast SEO plugin v27.1.1 - https:\/\/yoast.com\/product\/yoast-seo-wordpress\/ -->\n<title>&quot;Este a\u00f1o debe ser el a\u00f1o en el que la econom\u00eda colombiana crezca&quot;: Iv\u00e1n Duque. | P\u00e1gina10<\/title>\n<meta name=\"robots\" content=\"index, follow, max-snippet:-1, max-image-preview:large, max-video-preview:-1\" \/>\n<link rel=\"canonical\" href=\"https:\/\/pagina10.com\/web\/este-ano-debe-ser-el-ano-en-el-que-la-economia-colombiana-crezca-ivan-duque\/\" \/>\n<meta property=\"og:locale\" content=\"es_ES\" \/>\n<meta property=\"og:type\" content=\"article\" \/>\n<meta property=\"og:title\" content=\"&quot;Este a\u00f1o debe ser el a\u00f1o en el que la econom\u00eda colombiana crezca&quot;: Iv\u00e1n Duque. | P\u00e1gina10\" \/>\n<meta property=\"og:description\" content=\"Durante el lanzamiento del programa de \u2018ReactivAcci\u00f3n Econ\u00f3mica para Colombia\u2019, el Presidente Iv\u00e1n Duque expres\u00f3 que a ra\u00edz de los efectos de la pandemia del covid-19, todos los pa\u00edses del mundo est\u00e1n haciendo un esfuerzo para estabilizar sus cuentas fiscales y proteger a los m\u00e1s vulnerables. \u201cPor esto, debemos adaptar todo el andamiaje de la [&hellip;]\" \/>\n<meta property=\"og:url\" content=\"https:\/\/pagina10.com\/web\/este-ano-debe-ser-el-ano-en-el-que-la-economia-colombiana-crezca-ivan-duque\/\" \/>\n<meta property=\"og:site_name\" content=\"P\u00e1gina10\" \/>\n<meta property=\"article:publisher\" content=\"https:\/\/www.facebook.com\/pag10com\" \/>\n<meta property=\"article:published_time\" content=\"2021-04-08T22:30:58+00:00\" \/>\n<meta property=\"og:image\" content=\"https:\/\/pagina10.com\/web\/wp-content\/uploads\/2021\/04\/Captura-de-pantalla-165.png\" \/>\n\t<meta property=\"og:image:width\" content=\"766\" \/>\n\t<meta property=\"og:image:height\" content=\"443\" \/>\n\t<meta property=\"og:image:type\" content=\"image\/png\" \/>\n<meta name=\"author\" content=\"P\u00e1gina 10\" \/>\n<meta name=\"twitter:card\" content=\"summary_large_image\" \/>\n<meta name=\"twitter:creator\" content=\"@Pag10com\" \/>\n<meta name=\"twitter:site\" content=\"@Pag10com\" \/>\n<meta name=\"twitter:label1\" content=\"Escrito por\" \/>\n\t<meta name=\"twitter:data1\" content=\"P\u00e1gina 10\" \/>\n\t<meta name=\"twitter:label2\" content=\"Tiempo de lectura\" \/>\n\t<meta name=\"twitter:data2\" content=\"2 minutos\" \/>\n<script type=\"application\/ld+json\" class=\"yoast-schema-graph\">{\"@context\":\"https:\/\/schema.org\",\"@graph\":[{\"@type\":\"Article\",\"@id\":\"https:\/\/pagina10.com\/web\/este-ano-debe-ser-el-ano-en-el-que-la-economia-colombiana-crezca-ivan-duque\/#article\",\"isPartOf\":{\"@id\":\"https:\/\/pagina10.com\/web\/este-ano-debe-ser-el-ano-en-el-que-la-economia-colombiana-crezca-ivan-duque\/\"},\"author\":{\"name\":\"P\u00e1gina 10\",\"@id\":\"https:\/\/pagina10.com\/web\/#\/schema\/person\/2efc4a090d25b667d3bc796798a3a81b\"},\"headline\":\"&#8220;Este a\u00f1o debe ser el a\u00f1o en el que la econom\u00eda colombiana crezca&#8221;: Iv\u00e1n Duque.\",\"datePublished\":\"2021-04-08T22:30:58+00:00\",\"mainEntityOfPage\":{\"@id\":\"https:\/\/pagina10.com\/web\/este-ano-debe-ser-el-ano-en-el-que-la-economia-colombiana-crezca-ivan-duque\/\"},\"wordCount\":457,\"commentCount\":0,\"publisher\":{\"@id\":\"https:\/\/pagina10.com\/web\/#organization\"},\"image\":{\"@id\":\"https:\/\/pagina10.com\/web\/este-ano-debe-ser-el-ano-en-el-que-la-economia-colombiana-crezca-ivan-duque\/#primaryimage\"},\"thumbnailUrl\":\"https:\/\/pagina10.com\/web\/wp-content\/uploads\/2021\/04\/Captura-de-pantalla-165.png\",\"articleSection\":[\"Econom\u00eda\"],\"inLanguage\":\"es\",\"potentialAction\":[{\"@type\":\"CommentAction\",\"name\":\"Comment\",\"target\":[\"https:\/\/pagina10.com\/web\/este-ano-debe-ser-el-ano-en-el-que-la-economia-colombiana-crezca-ivan-duque\/#respond\"]}]},{\"@type\":\"WebPage\",\"@id\":\"https:\/\/pagina10.com\/web\/este-ano-debe-ser-el-ano-en-el-que-la-economia-colombiana-crezca-ivan-duque\/\",\"url\":\"https:\/\/pagina10.com\/web\/este-ano-debe-ser-el-ano-en-el-que-la-economia-colombiana-crezca-ivan-duque\/\",\"name\":\"\\\"Este a\u00f1o debe ser el a\u00f1o en el que la econom\u00eda colombiana crezca\\\": Iv\u00e1n Duque. | P\u00e1gina10\",\"isPartOf\":{\"@id\":\"https:\/\/pagina10.com\/web\/#website\"},\"primaryImageOfPage\":{\"@id\":\"https:\/\/pagina10.com\/web\/este-ano-debe-ser-el-ano-en-el-que-la-economia-colombiana-crezca-ivan-duque\/#primaryimage\"},\"image\":{\"@id\":\"https:\/\/pagina10.com\/web\/este-ano-debe-ser-el-ano-en-el-que-la-economia-colombiana-crezca-ivan-duque\/#primaryimage\"},\"thumbnailUrl\":\"https:\/\/pagina10.com\/web\/wp-content\/uploads\/2021\/04\/Captura-de-pantalla-165.png\",\"datePublished\":\"2021-04-08T22:30:58+00:00\",\"breadcrumb\":{\"@id\":\"https:\/\/pagina10.com\/web\/este-ano-debe-ser-el-ano-en-el-que-la-economia-colombiana-crezca-ivan-duque\/#breadcrumb\"},\"inLanguage\":\"es\",\"potentialAction\":[{\"@type\":\"ReadAction\",\"target\":[\"https:\/\/pagina10.com\/web\/este-ano-debe-ser-el-ano-en-el-que-la-economia-colombiana-crezca-ivan-duque\/\"]}]},{\"@type\":\"ImageObject\",\"inLanguage\":\"es\",\"@id\":\"https:\/\/pagina10.com\/web\/este-ano-debe-ser-el-ano-en-el-que-la-economia-colombiana-crezca-ivan-duque\/#primaryimage\",\"url\":\"https:\/\/pagina10.com\/web\/wp-content\/uploads\/2021\/04\/Captura-de-pantalla-165.png\",\"contentUrl\":\"https:\/\/pagina10.com\/web\/wp-content\/uploads\/2021\/04\/Captura-de-pantalla-165.png\",\"width\":766,\"height\":443},{\"@type\":\"BreadcrumbList\",\"@id\":\"https:\/\/pagina10.com\/web\/este-ano-debe-ser-el-ano-en-el-que-la-economia-colombiana-crezca-ivan-duque\/#breadcrumb\",\"itemListElement\":[{\"@type\":\"ListItem\",\"position\":1,\"name\":\"Portada\",\"item\":\"https:\/\/pagina10.com\/web\/\"},{\"@type\":\"ListItem\",\"position\":2,\"name\":\"&#8220;Este a\u00f1o debe ser el a\u00f1o en el que la econom\u00eda colombiana crezca&#8221;: Iv\u00e1n Duque.\"}]},{\"@type\":\"WebSite\",\"@id\":\"https:\/\/pagina10.com\/web\/#website\",\"url\":\"https:\/\/pagina10.com\/web\/\",\"name\":\"P\u00e1gina10\",\"description\":\"Peri\u00f3dico Regional\",\"publisher\":{\"@id\":\"https:\/\/pagina10.com\/web\/#organization\"},\"alternateName\":\"P\u00e1gina10 Peri\u00f3dico Regional\",\"potentialAction\":[{\"@type\":\"SearchAction\",\"target\":{\"@type\":\"EntryPoint\",\"urlTemplate\":\"https:\/\/pagina10.com\/web\/?s={search_term_string}\"},\"query-input\":{\"@type\":\"PropertyValueSpecification\",\"valueRequired\":true,\"valueName\":\"search_term_string\"}}],\"inLanguage\":\"es\"},{\"@type\":\"Organization\",\"@id\":\"https:\/\/pagina10.com\/web\/#organization\",\"name\":\"P\u00e1gina10\",\"alternateName\":\"P\u00e1gina10 Peri\u00f3dico Regional\",\"url\":\"https:\/\/pagina10.com\/web\/\",\"logo\":{\"@type\":\"ImageObject\",\"inLanguage\":\"es\",\"@id\":\"https:\/\/pagina10.com\/web\/#\/schema\/logo\/image\/\",\"url\":\"https:\/\/pagina10.com\/web\/wp-content\/uploads\/2024\/01\/40-pagina-10-periodico-regional-pasto.jpg\",\"contentUrl\":\"https:\/\/pagina10.com\/web\/wp-content\/uploads\/2024\/01\/40-pagina-10-periodico-regional-pasto.jpg\",\"width\":1280,\"height\":720,\"caption\":\"P\u00e1gina10\"},\"image\":{\"@id\":\"https:\/\/pagina10.com\/web\/#\/schema\/logo\/image\/\"},\"sameAs\":[\"https:\/\/www.facebook.com\/pag10com\",\"https:\/\/x.com\/Pag10com\",\"https:\/\/www.instagram.com\/pagina10col\/\",\"https:\/\/youtube.com\/channel\/pag10\",\"https:\/\/www.tiktok.com\/@p10col\"]},{\"@type\":\"Person\",\"@id\":\"https:\/\/pagina10.com\/web\/#\/schema\/person\/2efc4a090d25b667d3bc796798a3a81b\",\"name\":\"P\u00e1gina 10\",\"description\":\"P\u00e1gina 10 es un peri\u00f3dico regional que nace en Colombia, en el departamento de Nari\u00f1o, con un enfoque global, fundamentado en cuatro pilares esenciales: la libertad, el pluralismo, la inclusi\u00f3n y la independencia. P\u00e1gina 10 hace referencia a Nari\u00f1o como el d\u00e9cimo departamento creado en Colombia, despu\u00e9s de un proceso pol\u00edtico liderado por actores y actrices regionales con el fin de obtener la independencia y autonom\u00eda de nuestros territorios. Con la creaci\u00f3n de P\u00e1gina 10 se pretende abrir un escenario para el dialogo, la reflexi\u00f3n y el debate que se extienda a otras geograf\u00edas de Am\u00e9rica Latina y del planeta, en una apuesta por transformar colectivamente los desaf\u00edos de un mundo contempor\u00e1neo, m\u00e1s all\u00e1 de las fronteras impuestas.\",\"url\":\"https:\/\/pagina10.com\/web\/author\/pdiezadmin\/\"}]}<\/script>\n<!-- \/ Yoast SEO plugin. -->","yoast_head_json":{"title":"\"Este a\u00f1o debe ser el a\u00f1o en el que la econom\u00eda colombiana crezca\": Iv\u00e1n Duque. | P\u00e1gina10","robots":{"index":"index","follow":"follow","max-snippet":"max-snippet:-1","max-image-preview":"max-image-preview:large","max-video-preview":"max-video-preview:-1"},"canonical":"https:\/\/pagina10.com\/web\/este-ano-debe-ser-el-ano-en-el-que-la-economia-colombiana-crezca-ivan-duque\/","og_locale":"es_ES","og_type":"article","og_title":"\"Este a\u00f1o debe ser el a\u00f1o en el que la econom\u00eda colombiana crezca\": Iv\u00e1n Duque. | P\u00e1gina10","og_description":"Durante el lanzamiento del programa de \u2018ReactivAcci\u00f3n Econ\u00f3mica para Colombia\u2019, el Presidente Iv\u00e1n Duque expres\u00f3 que a ra\u00edz de los efectos de la pandemia del covid-19, todos los pa\u00edses del mundo est\u00e1n haciendo un esfuerzo para estabilizar sus cuentas fiscales y proteger a los m\u00e1s vulnerables. \u201cPor esto, debemos adaptar todo el andamiaje de la [&hellip;]","og_url":"https:\/\/pagina10.com\/web\/este-ano-debe-ser-el-ano-en-el-que-la-economia-colombiana-crezca-ivan-duque\/","og_site_name":"P\u00e1gina10","article_publisher":"https:\/\/www.facebook.com\/pag10com","article_published_time":"2021-04-08T22:30:58+00:00","og_image":[{"width":766,"height":443,"url":"https:\/\/pagina10.com\/web\/wp-content\/uploads\/2021\/04\/Captura-de-pantalla-165.png","type":"image\/png"}],"author":"P\u00e1gina 10","twitter_card":"summary_large_image","twitter_creator":"@Pag10com","twitter_site":"@Pag10com","twitter_misc":{"Escrito por":"P\u00e1gina 10","Tiempo de lectura":"2 minutos"},"schema":{"@context":"https:\/\/schema.org","@graph":[{"@type":"Article","@id":"https:\/\/pagina10.com\/web\/este-ano-debe-ser-el-ano-en-el-que-la-economia-colombiana-crezca-ivan-duque\/#article","isPartOf":{"@id":"https:\/\/pagina10.com\/web\/este-ano-debe-ser-el-ano-en-el-que-la-economia-colombiana-crezca-ivan-duque\/"},"author":{"name":"P\u00e1gina 10","@id":"https:\/\/pagina10.com\/web\/#\/schema\/person\/2efc4a090d25b667d3bc796798a3a81b"},"headline":"&#8220;Este a\u00f1o debe ser el a\u00f1o en el que la econom\u00eda colombiana crezca&#8221;: Iv\u00e1n Duque.","datePublished":"2021-04-08T22:30:58+00:00","mainEntityOfPage":{"@id":"https:\/\/pagina10.com\/web\/este-ano-debe-ser-el-ano-en-el-que-la-economia-colombiana-crezca-ivan-duque\/"},"wordCount":457,"commentCount":0,"publisher":{"@id":"https:\/\/pagina10.com\/web\/#organization"},"image":{"@id":"https:\/\/pagina10.com\/web\/este-ano-debe-ser-el-ano-en-el-que-la-economia-colombiana-crezca-ivan-duque\/#primaryimage"},"thumbnailUrl":"https:\/\/pagina10.com\/web\/wp-content\/uploads\/2021\/04\/Captura-de-pantalla-165.png","articleSection":["Econom\u00eda"],"inLanguage":"es","potentialAction":[{"@type":"CommentAction","name":"Comment","target":["https:\/\/pagina10.com\/web\/este-ano-debe-ser-el-ano-en-el-que-la-economia-colombiana-crezca-ivan-duque\/#respond"]}]},{"@type":"WebPage","@id":"https:\/\/pagina10.com\/web\/este-ano-debe-ser-el-ano-en-el-que-la-economia-colombiana-crezca-ivan-duque\/","url":"https:\/\/pagina10.com\/web\/este-ano-debe-ser-el-ano-en-el-que-la-economia-colombiana-crezca-ivan-duque\/","name":"\"Este a\u00f1o debe ser el a\u00f1o en el que la econom\u00eda colombiana crezca\": Iv\u00e1n Duque. | P\u00e1gina10","isPartOf":{"@id":"https:\/\/pagina10.com\/web\/#website"},"primaryImageOfPage":{"@id":"https:\/\/pagina10.com\/web\/este-ano-debe-ser-el-ano-en-el-que-la-economia-colombiana-crezca-ivan-duque\/#primaryimage"},"image":{"@id":"https:\/\/pagina10.com\/web\/este-ano-debe-ser-el-ano-en-el-que-la-economia-colombiana-crezca-ivan-duque\/#primaryimage"},"thumbnailUrl":"https:\/\/pagina10.com\/web\/wp-content\/uploads\/2021\/04\/Captura-de-pantalla-165.png","datePublished":"2021-04-08T22:30:58+00:00","breadcrumb":{"@id":"https:\/\/pagina10.com\/web\/este-ano-debe-ser-el-ano-en-el-que-la-economia-colombiana-crezca-ivan-duque\/#breadcrumb"},"inLanguage":"es","potentialAction":[{"@type":"ReadAction","target":["https:\/\/pagina10.com\/web\/este-ano-debe-ser-el-ano-en-el-que-la-economia-colombiana-crezca-ivan-duque\/"]}]},{"@type":"ImageObject","inLanguage":"es","@id":"https:\/\/pagina10.com\/web\/este-ano-debe-ser-el-ano-en-el-que-la-economia-colombiana-crezca-ivan-duque\/#primaryimage","url":"https:\/\/pagina10.com\/web\/wp-content\/uploads\/2021\/04\/Captura-de-pantalla-165.png","contentUrl":"https:\/\/pagina10.com\/web\/wp-content\/uploads\/2021\/04\/Captura-de-pantalla-165.png","width":766,"height":443},{"@type":"BreadcrumbList","@id":"https:\/\/pagina10.com\/web\/este-ano-debe-ser-el-ano-en-el-que-la-economia-colombiana-crezca-ivan-duque\/#breadcrumb","itemListElement":[{"@type":"ListItem","position":1,"name":"Portada","item":"https:\/\/pagina10.com\/web\/"},{"@type":"ListItem","position":2,"name":"&#8220;Este a\u00f1o debe ser el a\u00f1o en el que la econom\u00eda colombiana crezca&#8221;: Iv\u00e1n Duque."}]},{"@type":"WebSite","@id":"https:\/\/pagina10.com\/web\/#website","url":"https:\/\/pagina10.com\/web\/","name":"P\u00e1gina10","description":"Peri\u00f3dico Regional","publisher":{"@id":"https:\/\/pagina10.com\/web\/#organization"},"alternateName":"P\u00e1gina10 Peri\u00f3dico Regional","potentialAction":[{"@type":"SearchAction","target":{"@type":"EntryPoint","urlTemplate":"https:\/\/pagina10.com\/web\/?s={search_term_string}"},"query-input":{"@type":"PropertyValueSpecification","valueRequired":true,"valueName":"search_term_string"}}],"inLanguage":"es"},{"@type":"Organization","@id":"https:\/\/pagina10.com\/web\/#organization","name":"P\u00e1gina10","alternateName":"P\u00e1gina10 Peri\u00f3dico Regional","url":"https:\/\/pagina10.com\/web\/","logo":{"@type":"ImageObject","inLanguage":"es","@id":"https:\/\/pagina10.com\/web\/#\/schema\/logo\/image\/","url":"https:\/\/pagina10.com\/web\/wp-content\/uploads\/2024\/01\/40-pagina-10-periodico-regional-pasto.jpg","contentUrl":"https:\/\/pagina10.com\/web\/wp-content\/uploads\/2024\/01\/40-pagina-10-periodico-regional-pasto.jpg","width":1280,"height":720,"caption":"P\u00e1gina10"},"image":{"@id":"https:\/\/pagina10.com\/web\/#\/schema\/logo\/image\/"},"sameAs":["https:\/\/www.facebook.com\/pag10com","https:\/\/x.com\/Pag10com","https:\/\/www.instagram.com\/pagina10col\/","https:\/\/youtube.com\/channel\/pag10","https:\/\/www.tiktok.com\/@p10col"]},{"@type":"Person","@id":"https:\/\/pagina10.com\/web\/#\/schema\/person\/2efc4a090d25b667d3bc796798a3a81b","name":"P\u00e1gina 10","description":"P\u00e1gina 10 es un peri\u00f3dico regional que nace en Colombia, en el departamento de Nari\u00f1o, con un enfoque global, fundamentado en cuatro pilares esenciales: la libertad, el pluralismo, la inclusi\u00f3n y la independencia. P\u00e1gina 10 hace referencia a Nari\u00f1o como el d\u00e9cimo departamento creado en Colombia, despu\u00e9s de un proceso pol\u00edtico liderado por actores y actrices regionales con el fin de obtener la independencia y autonom\u00eda de nuestros territorios. Con la creaci\u00f3n de P\u00e1gina 10 se pretende abrir un escenario para el dialogo, la reflexi\u00f3n y el debate que se extienda a otras geograf\u00edas de Am\u00e9rica Latina y del planeta, en una apuesta por transformar colectivamente los desaf\u00edos de un mundo contempor\u00e1neo, m\u00e1s all\u00e1 de las fronteras impuestas.","url":"https:\/\/pagina10.com\/web\/author\/pdiezadmin\/"}]}},"_links":{"self":[{"href":"https:\/\/pagina10.com\/web\/wp-json\/wp\/v2\/posts\/51653","targetHints":{"allow":["GET"]}}],"collection":[{"href":"https:\/\/pagina10.com\/web\/wp-json\/wp\/v2\/posts"}],"about":[{"href":"https:\/\/pagina10.com\/web\/wp-json\/wp\/v2\/types\/post"}],"author":[{"embeddable":true,"href":"https:\/\/pagina10.com\/web\/wp-json\/wp\/v2\/users\/1"}],"replies":[{"embeddable":true,"href":"https:\/\/pagina10.com\/web\/wp-json\/wp\/v2\/comments?post=51653"}],"version-history":[{"count":1,"href":"https:\/\/pagina10.com\/web\/wp-json\/wp\/v2\/posts\/51653\/revisions"}],"predecessor-version":[{"id":51655,"href":"https:\/\/pagina10.com\/web\/wp-json\/wp\/v2\/posts\/51653\/revisions\/51655"}],"wp:featuredmedia":[{"embeddable":true,"href":"https:\/\/pagina10.com\/web\/wp-json\/wp\/v2\/media\/51654"}],"wp:attachment":[{"href":"https:\/\/pagina10.com\/web\/wp-json\/wp\/v2\/media?parent=51653"}],"wp:term":[{"taxonomy":"category","embeddable":true,"href":"https:\/\/pagina10.com\/web\/wp-json\/wp\/v2\/categories?post=51653"},{"taxonomy":"post_tag","embeddable":true,"href":"https:\/\/pagina10.com\/web\/wp-json\/wp\/v2\/tags?post=51653"}],"curies":[{"name":"wp","href":"https:\/\/api.w.org\/{rel}","templated":true}]}}