{"id":51656,"date":"2021-04-08T18:36:12","date_gmt":"2021-04-08T23:36:12","guid":{"rendered":"https:\/\/pagina10.com\/web\/?p=51656"},"modified":"2021-04-08T18:36:12","modified_gmt":"2021-04-08T23:36:12","slug":"que-las-ayudas-lleguen-de-manera-inmediata-a-familias-confinadas-en-narino-felipe-munoz","status":"publish","type":"post","link":"https:\/\/pagina10.com\/web\/que-las-ayudas-lleguen-de-manera-inmediata-a-familias-confinadas-en-narino-felipe-munoz\/","title":{"rendered":"&#8220;Que las ayudas lleguen de manera inmediata a familias confinadas en Nari\u00f1o&#8221;: Felipe Mu\u00f1oz."},"content":{"rendered":"<p style=\"text-align: justify;\">El Representante del Partido Conservador, Felipe Andr\u00e9s Mu\u00f1oz, se\u00f1al\u00f3 durante la plenaria de la C\u00e1mara que \u201ces importante que la C\u00e1mara se pronuncie para que las ayudas lleguen de manera inmediata a m\u00e1s de 493 familias que se encuentran confinadas por los enfrentamientos en Nari\u00f1o\u201d.<\/p>\n<p style=\"text-align: justify;\">Por la dif\u00edcil crisis humanitaria que se vive en la Costa Pac\u00edfica Nari\u00f1ense, el departamento, declar\u00f3 hace unos d\u00edas \u00a0una vez m\u00e1s el S. O.S buscando afrontar las dificultades del orden social, pol\u00edtico y econ\u00f3mico en que se encuentra sumido. As\u00ed mismo, los pobladores del Pacifico nari\u00f1ense alertan sobre el recrudecimiento del conflicto social armado generado por la disputa territorial de los actores ilegales.<\/p>\n<p style=\"text-align: justify;\">El representante a la C\u00e1mara del departamento expres\u00f3 igualmente en su cuenta de Twitter que se hace \u201curgente la presencia con ayuda humanitaria y militar en la costa Pac\u00edfica Municipio de El Charco, 3174 personas se encuentran desplazadas, el Narcotr\u00e1fico el protagonista\u201d.<\/p>\n","protected":false},"excerpt":{"rendered":"<p>El Representante del Partido Conservador, Felipe Andr\u00e9s Mu\u00f1oz, se\u00f1al\u00f3 durante la plenaria de la C\u00e1mara que \u201ces importante que la C\u00e1mara se pronuncie para que las ayudas lleguen de manera inmediata a m\u00e1s de 493 familias que se encuentran confinadas por los enfrentamientos en Nari\u00f1o\u201d. Por la dif\u00edcil crisis humanitaria que se vive en la [&hellip;]<\/p>\n","protected":false},"author":1,"featured_media":51657,"comment_status":"open","ping_status":"open","sticky":false,"template":"","format":"standard","meta":{"footnotes":""},"categories":[53],"tags":[],"class_list":["post-51656","post","type-post","status-publish","format-standard","has-post-thumbnail","hentry","category-regiones"],"yoast_head":"<!-- This site is optimized with the Yoast SEO plugin v27.1.1 - https:\/\/yoast.com\/product\/yoast-seo-wordpress\/ -->\n<title>&quot;Que las ayudas lleguen de manera inmediata a familias confinadas en Nari\u00f1o&quot;: Felipe Mu\u00f1oz. | P\u00e1gina10<\/title>\n<meta name=\"robots\" content=\"index, follow, max-snippet:-1, max-image-preview:large, max-video-preview:-1\" \/>\n<link rel=\"canonical\" href=\"https:\/\/pagina10.com\/web\/que-las-ayudas-lleguen-de-manera-inmediata-a-familias-confinadas-en-narino-felipe-munoz\/\" \/>\n<meta property=\"og:locale\" content=\"es_ES\" \/>\n<meta property=\"og:type\" content=\"article\" \/>\n<meta property=\"og:title\" content=\"&quot;Que las ayudas lleguen de manera inmediata a familias confinadas en Nari\u00f1o&quot;: Felipe Mu\u00f1oz. | P\u00e1gina10\" \/>\n<meta property=\"og:description\" content=\"El Representante del Partido Conservador, Felipe Andr\u00e9s Mu\u00f1oz, se\u00f1al\u00f3 durante la plenaria de la C\u00e1mara que \u201ces importante que la C\u00e1mara se pronuncie para que las ayudas lleguen de manera inmediata a m\u00e1s de 493 familias que se encuentran confinadas por los enfrentamientos en Nari\u00f1o\u201d. Por la dif\u00edcil crisis humanitaria que se vive en la [&hellip;]\" \/>\n<meta property=\"og:url\" content=\"https:\/\/pagina10.com\/web\/que-las-ayudas-lleguen-de-manera-inmediata-a-familias-confinadas-en-narino-felipe-munoz\/\" \/>\n<meta property=\"og:site_name\" content=\"P\u00e1gina10\" \/>\n<meta property=\"article:publisher\" content=\"https:\/\/www.facebook.com\/pag10com\" \/>\n<meta property=\"article:published_time\" content=\"2021-04-08T23:36:12+00:00\" \/>\n<meta property=\"og:image\" content=\"https:\/\/pagina10.com\/web\/wp-content\/uploads\/2021\/04\/foto-7-felipe-munoz.jpg\" \/>\n\t<meta property=\"og:image:width\" content=\"824\" \/>\n\t<meta property=\"og:image:height\" content=\"508\" \/>\n\t<meta property=\"og:image:type\" content=\"image\/jpeg\" \/>\n<meta name=\"author\" content=\"P\u00e1gina 10\" \/>\n<meta name=\"twitter:card\" content=\"summary_large_image\" \/>\n<meta name=\"twitter:creator\" content=\"@Pag10com\" \/>\n<meta name=\"twitter:site\" content=\"@Pag10com\" \/>\n<meta name=\"twitter:label1\" content=\"Escrito por\" \/>\n\t<meta name=\"twitter:data1\" content=\"P\u00e1gina 10\" \/>\n\t<meta name=\"twitter:label2\" content=\"Tiempo de lectura\" \/>\n\t<meta name=\"twitter:data2\" content=\"1 minuto\" \/>\n<script type=\"application\/ld+json\" class=\"yoast-schema-graph\">{\"@context\":\"https:\/\/schema.org\",\"@graph\":[{\"@type\":\"Article\",\"@id\":\"https:\/\/pagina10.com\/web\/que-las-ayudas-lleguen-de-manera-inmediata-a-familias-confinadas-en-narino-felipe-munoz\/#article\",\"isPartOf\":{\"@id\":\"https:\/\/pagina10.com\/web\/que-las-ayudas-lleguen-de-manera-inmediata-a-familias-confinadas-en-narino-felipe-munoz\/\"},\"author\":{\"name\":\"P\u00e1gina 10\",\"@id\":\"https:\/\/pagina10.com\/web\/#\/schema\/person\/2efc4a090d25b667d3bc796798a3a81b\"},\"headline\":\"&#8220;Que las ayudas lleguen de manera inmediata a familias confinadas en Nari\u00f1o&#8221;: Felipe Mu\u00f1oz.\",\"datePublished\":\"2021-04-08T23:36:12+00:00\",\"mainEntityOfPage\":{\"@id\":\"https:\/\/pagina10.com\/web\/que-las-ayudas-lleguen-de-manera-inmediata-a-familias-confinadas-en-narino-felipe-munoz\/\"},\"wordCount\":184,\"commentCount\":0,\"publisher\":{\"@id\":\"https:\/\/pagina10.com\/web\/#organization\"},\"image\":{\"@id\":\"https:\/\/pagina10.com\/web\/que-las-ayudas-lleguen-de-manera-inmediata-a-familias-confinadas-en-narino-felipe-munoz\/#primaryimage\"},\"thumbnailUrl\":\"https:\/\/pagina10.com\/web\/wp-content\/uploads\/2021\/04\/foto-7-felipe-munoz.jpg\",\"articleSection\":[\"Regiones\"],\"inLanguage\":\"es\",\"potentialAction\":[{\"@type\":\"CommentAction\",\"name\":\"Comment\",\"target\":[\"https:\/\/pagina10.com\/web\/que-las-ayudas-lleguen-de-manera-inmediata-a-familias-confinadas-en-narino-felipe-munoz\/#respond\"]}]},{\"@type\":\"WebPage\",\"@id\":\"https:\/\/pagina10.com\/web\/que-las-ayudas-lleguen-de-manera-inmediata-a-familias-confinadas-en-narino-felipe-munoz\/\",\"url\":\"https:\/\/pagina10.com\/web\/que-las-ayudas-lleguen-de-manera-inmediata-a-familias-confinadas-en-narino-felipe-munoz\/\",\"name\":\"\\\"Que las ayudas lleguen de manera inmediata a familias confinadas en Nari\u00f1o\\\": Felipe Mu\u00f1oz. | P\u00e1gina10\",\"isPartOf\":{\"@id\":\"https:\/\/pagina10.com\/web\/#website\"},\"primaryImageOfPage\":{\"@id\":\"https:\/\/pagina10.com\/web\/que-las-ayudas-lleguen-de-manera-inmediata-a-familias-confinadas-en-narino-felipe-munoz\/#primaryimage\"},\"image\":{\"@id\":\"https:\/\/pagina10.com\/web\/que-las-ayudas-lleguen-de-manera-inmediata-a-familias-confinadas-en-narino-felipe-munoz\/#primaryimage\"},\"thumbnailUrl\":\"https:\/\/pagina10.com\/web\/wp-content\/uploads\/2021\/04\/foto-7-felipe-munoz.jpg\",\"datePublished\":\"2021-04-08T23:36:12+00:00\",\"breadcrumb\":{\"@id\":\"https:\/\/pagina10.com\/web\/que-las-ayudas-lleguen-de-manera-inmediata-a-familias-confinadas-en-narino-felipe-munoz\/#breadcrumb\"},\"inLanguage\":\"es\",\"potentialAction\":[{\"@type\":\"ReadAction\",\"target\":[\"https:\/\/pagina10.com\/web\/que-las-ayudas-lleguen-de-manera-inmediata-a-familias-confinadas-en-narino-felipe-munoz\/\"]}]},{\"@type\":\"ImageObject\",\"inLanguage\":\"es\",\"@id\":\"https:\/\/pagina10.com\/web\/que-las-ayudas-lleguen-de-manera-inmediata-a-familias-confinadas-en-narino-felipe-munoz\/#primaryimage\",\"url\":\"https:\/\/pagina10.com\/web\/wp-content\/uploads\/2021\/04\/foto-7-felipe-munoz.jpg\",\"contentUrl\":\"https:\/\/pagina10.com\/web\/wp-content\/uploads\/2021\/04\/foto-7-felipe-munoz.jpg\",\"width\":824,\"height\":508},{\"@type\":\"BreadcrumbList\",\"@id\":\"https:\/\/pagina10.com\/web\/que-las-ayudas-lleguen-de-manera-inmediata-a-familias-confinadas-en-narino-felipe-munoz\/#breadcrumb\",\"itemListElement\":[{\"@type\":\"ListItem\",\"position\":1,\"name\":\"Portada\",\"item\":\"https:\/\/pagina10.com\/web\/\"},{\"@type\":\"ListItem\",\"position\":2,\"name\":\"&#8220;Que las ayudas lleguen de manera inmediata a familias confinadas en Nari\u00f1o&#8221;: Felipe Mu\u00f1oz.\"}]},{\"@type\":\"WebSite\",\"@id\":\"https:\/\/pagina10.com\/web\/#website\",\"url\":\"https:\/\/pagina10.com\/web\/\",\"name\":\"P\u00e1gina10\",\"description\":\"Peri\u00f3dico Regional\",\"publisher\":{\"@id\":\"https:\/\/pagina10.com\/web\/#organization\"},\"alternateName\":\"P\u00e1gina10 Peri\u00f3dico Regional\",\"potentialAction\":[{\"@type\":\"SearchAction\",\"target\":{\"@type\":\"EntryPoint\",\"urlTemplate\":\"https:\/\/pagina10.com\/web\/?s={search_term_string}\"},\"query-input\":{\"@type\":\"PropertyValueSpecification\",\"valueRequired\":true,\"valueName\":\"search_term_string\"}}],\"inLanguage\":\"es\"},{\"@type\":\"Organization\",\"@id\":\"https:\/\/pagina10.com\/web\/#organization\",\"name\":\"P\u00e1gina10\",\"alternateName\":\"P\u00e1gina10 Peri\u00f3dico Regional\",\"url\":\"https:\/\/pagina10.com\/web\/\",\"logo\":{\"@type\":\"ImageObject\",\"inLanguage\":\"es\",\"@id\":\"https:\/\/pagina10.com\/web\/#\/schema\/logo\/image\/\",\"url\":\"https:\/\/pagina10.com\/web\/wp-content\/uploads\/2024\/01\/40-pagina-10-periodico-regional-pasto.jpg\",\"contentUrl\":\"https:\/\/pagina10.com\/web\/wp-content\/uploads\/2024\/01\/40-pagina-10-periodico-regional-pasto.jpg\",\"width\":1280,\"height\":720,\"caption\":\"P\u00e1gina10\"},\"image\":{\"@id\":\"https:\/\/pagina10.com\/web\/#\/schema\/logo\/image\/\"},\"sameAs\":[\"https:\/\/www.facebook.com\/pag10com\",\"https:\/\/x.com\/Pag10com\",\"https:\/\/www.instagram.com\/pagina10col\/\",\"https:\/\/youtube.com\/channel\/pag10\",\"https:\/\/www.tiktok.com\/@p10col\"]},{\"@type\":\"Person\",\"@id\":\"https:\/\/pagina10.com\/web\/#\/schema\/person\/2efc4a090d25b667d3bc796798a3a81b\",\"name\":\"P\u00e1gina 10\",\"description\":\"P\u00e1gina 10 es un peri\u00f3dico regional que nace en Colombia, en el departamento de Nari\u00f1o, con un enfoque global, fundamentado en cuatro pilares esenciales: la libertad, el pluralismo, la inclusi\u00f3n y la independencia. P\u00e1gina 10 hace referencia a Nari\u00f1o como el d\u00e9cimo departamento creado en Colombia, despu\u00e9s de un proceso pol\u00edtico liderado por actores y actrices regionales con el fin de obtener la independencia y autonom\u00eda de nuestros territorios. Con la creaci\u00f3n de P\u00e1gina 10 se pretende abrir un escenario para el dialogo, la reflexi\u00f3n y el debate que se extienda a otras geograf\u00edas de Am\u00e9rica Latina y del planeta, en una apuesta por transformar colectivamente los desaf\u00edos de un mundo contempor\u00e1neo, m\u00e1s all\u00e1 de las fronteras impuestas.\",\"url\":\"https:\/\/pagina10.com\/web\/author\/pdiezadmin\/\"}]}<\/script>\n<!-- \/ Yoast SEO plugin. -->","yoast_head_json":{"title":"\"Que las ayudas lleguen de manera inmediata a familias confinadas en Nari\u00f1o\": Felipe Mu\u00f1oz. | P\u00e1gina10","robots":{"index":"index","follow":"follow","max-snippet":"max-snippet:-1","max-image-preview":"max-image-preview:large","max-video-preview":"max-video-preview:-1"},"canonical":"https:\/\/pagina10.com\/web\/que-las-ayudas-lleguen-de-manera-inmediata-a-familias-confinadas-en-narino-felipe-munoz\/","og_locale":"es_ES","og_type":"article","og_title":"\"Que las ayudas lleguen de manera inmediata a familias confinadas en Nari\u00f1o\": Felipe Mu\u00f1oz. | P\u00e1gina10","og_description":"El Representante del Partido Conservador, Felipe Andr\u00e9s Mu\u00f1oz, se\u00f1al\u00f3 durante la plenaria de la C\u00e1mara que \u201ces importante que la C\u00e1mara se pronuncie para que las ayudas lleguen de manera inmediata a m\u00e1s de 493 familias que se encuentran confinadas por los enfrentamientos en Nari\u00f1o\u201d. Por la dif\u00edcil crisis humanitaria que se vive en la [&hellip;]","og_url":"https:\/\/pagina10.com\/web\/que-las-ayudas-lleguen-de-manera-inmediata-a-familias-confinadas-en-narino-felipe-munoz\/","og_site_name":"P\u00e1gina10","article_publisher":"https:\/\/www.facebook.com\/pag10com","article_published_time":"2021-04-08T23:36:12+00:00","og_image":[{"width":824,"height":508,"url":"https:\/\/pagina10.com\/web\/wp-content\/uploads\/2021\/04\/foto-7-felipe-munoz.jpg","type":"image\/jpeg"}],"author":"P\u00e1gina 10","twitter_card":"summary_large_image","twitter_creator":"@Pag10com","twitter_site":"@Pag10com","twitter_misc":{"Escrito por":"P\u00e1gina 10","Tiempo de lectura":"1 minuto"},"schema":{"@context":"https:\/\/schema.org","@graph":[{"@type":"Article","@id":"https:\/\/pagina10.com\/web\/que-las-ayudas-lleguen-de-manera-inmediata-a-familias-confinadas-en-narino-felipe-munoz\/#article","isPartOf":{"@id":"https:\/\/pagina10.com\/web\/que-las-ayudas-lleguen-de-manera-inmediata-a-familias-confinadas-en-narino-felipe-munoz\/"},"author":{"name":"P\u00e1gina 10","@id":"https:\/\/pagina10.com\/web\/#\/schema\/person\/2efc4a090d25b667d3bc796798a3a81b"},"headline":"&#8220;Que las ayudas lleguen de manera inmediata a familias confinadas en Nari\u00f1o&#8221;: Felipe Mu\u00f1oz.","datePublished":"2021-04-08T23:36:12+00:00","mainEntityOfPage":{"@id":"https:\/\/pagina10.com\/web\/que-las-ayudas-lleguen-de-manera-inmediata-a-familias-confinadas-en-narino-felipe-munoz\/"},"wordCount":184,"commentCount":0,"publisher":{"@id":"https:\/\/pagina10.com\/web\/#organization"},"image":{"@id":"https:\/\/pagina10.com\/web\/que-las-ayudas-lleguen-de-manera-inmediata-a-familias-confinadas-en-narino-felipe-munoz\/#primaryimage"},"thumbnailUrl":"https:\/\/pagina10.com\/web\/wp-content\/uploads\/2021\/04\/foto-7-felipe-munoz.jpg","articleSection":["Regiones"],"inLanguage":"es","potentialAction":[{"@type":"CommentAction","name":"Comment","target":["https:\/\/pagina10.com\/web\/que-las-ayudas-lleguen-de-manera-inmediata-a-familias-confinadas-en-narino-felipe-munoz\/#respond"]}]},{"@type":"WebPage","@id":"https:\/\/pagina10.com\/web\/que-las-ayudas-lleguen-de-manera-inmediata-a-familias-confinadas-en-narino-felipe-munoz\/","url":"https:\/\/pagina10.com\/web\/que-las-ayudas-lleguen-de-manera-inmediata-a-familias-confinadas-en-narino-felipe-munoz\/","name":"\"Que las ayudas lleguen de manera inmediata a familias confinadas en Nari\u00f1o\": Felipe Mu\u00f1oz. | P\u00e1gina10","isPartOf":{"@id":"https:\/\/pagina10.com\/web\/#website"},"primaryImageOfPage":{"@id":"https:\/\/pagina10.com\/web\/que-las-ayudas-lleguen-de-manera-inmediata-a-familias-confinadas-en-narino-felipe-munoz\/#primaryimage"},"image":{"@id":"https:\/\/pagina10.com\/web\/que-las-ayudas-lleguen-de-manera-inmediata-a-familias-confinadas-en-narino-felipe-munoz\/#primaryimage"},"thumbnailUrl":"https:\/\/pagina10.com\/web\/wp-content\/uploads\/2021\/04\/foto-7-felipe-munoz.jpg","datePublished":"2021-04-08T23:36:12+00:00","breadcrumb":{"@id":"https:\/\/pagina10.com\/web\/que-las-ayudas-lleguen-de-manera-inmediata-a-familias-confinadas-en-narino-felipe-munoz\/#breadcrumb"},"inLanguage":"es","potentialAction":[{"@type":"ReadAction","target":["https:\/\/pagina10.com\/web\/que-las-ayudas-lleguen-de-manera-inmediata-a-familias-confinadas-en-narino-felipe-munoz\/"]}]},{"@type":"ImageObject","inLanguage":"es","@id":"https:\/\/pagina10.com\/web\/que-las-ayudas-lleguen-de-manera-inmediata-a-familias-confinadas-en-narino-felipe-munoz\/#primaryimage","url":"https:\/\/pagina10.com\/web\/wp-content\/uploads\/2021\/04\/foto-7-felipe-munoz.jpg","contentUrl":"https:\/\/pagina10.com\/web\/wp-content\/uploads\/2021\/04\/foto-7-felipe-munoz.jpg","width":824,"height":508},{"@type":"BreadcrumbList","@id":"https:\/\/pagina10.com\/web\/que-las-ayudas-lleguen-de-manera-inmediata-a-familias-confinadas-en-narino-felipe-munoz\/#breadcrumb","itemListElement":[{"@type":"ListItem","position":1,"name":"Portada","item":"https:\/\/pagina10.com\/web\/"},{"@type":"ListItem","position":2,"name":"&#8220;Que las ayudas lleguen de manera inmediata a familias confinadas en Nari\u00f1o&#8221;: Felipe Mu\u00f1oz."}]},{"@type":"WebSite","@id":"https:\/\/pagina10.com\/web\/#website","url":"https:\/\/pagina10.com\/web\/","name":"P\u00e1gina10","description":"Peri\u00f3dico Regional","publisher":{"@id":"https:\/\/pagina10.com\/web\/#organization"},"alternateName":"P\u00e1gina10 Peri\u00f3dico Regional","potentialAction":[{"@type":"SearchAction","target":{"@type":"EntryPoint","urlTemplate":"https:\/\/pagina10.com\/web\/?s={search_term_string}"},"query-input":{"@type":"PropertyValueSpecification","valueRequired":true,"valueName":"search_term_string"}}],"inLanguage":"es"},{"@type":"Organization","@id":"https:\/\/pagina10.com\/web\/#organization","name":"P\u00e1gina10","alternateName":"P\u00e1gina10 Peri\u00f3dico Regional","url":"https:\/\/pagina10.com\/web\/","logo":{"@type":"ImageObject","inLanguage":"es","@id":"https:\/\/pagina10.com\/web\/#\/schema\/logo\/image\/","url":"https:\/\/pagina10.com\/web\/wp-content\/uploads\/2024\/01\/40-pagina-10-periodico-regional-pasto.jpg","contentUrl":"https:\/\/pagina10.com\/web\/wp-content\/uploads\/2024\/01\/40-pagina-10-periodico-regional-pasto.jpg","width":1280,"height":720,"caption":"P\u00e1gina10"},"image":{"@id":"https:\/\/pagina10.com\/web\/#\/schema\/logo\/image\/"},"sameAs":["https:\/\/www.facebook.com\/pag10com","https:\/\/x.com\/Pag10com","https:\/\/www.instagram.com\/pagina10col\/","https:\/\/youtube.com\/channel\/pag10","https:\/\/www.tiktok.com\/@p10col"]},{"@type":"Person","@id":"https:\/\/pagina10.com\/web\/#\/schema\/person\/2efc4a090d25b667d3bc796798a3a81b","name":"P\u00e1gina 10","description":"P\u00e1gina 10 es un peri\u00f3dico regional que nace en Colombia, en el departamento de Nari\u00f1o, con un enfoque global, fundamentado en cuatro pilares esenciales: la libertad, el pluralismo, la inclusi\u00f3n y la independencia. P\u00e1gina 10 hace referencia a Nari\u00f1o como el d\u00e9cimo departamento creado en Colombia, despu\u00e9s de un proceso pol\u00edtico liderado por actores y actrices regionales con el fin de obtener la independencia y autonom\u00eda de nuestros territorios. Con la creaci\u00f3n de P\u00e1gina 10 se pretende abrir un escenario para el dialogo, la reflexi\u00f3n y el debate que se extienda a otras geograf\u00edas de Am\u00e9rica Latina y del planeta, en una apuesta por transformar colectivamente los desaf\u00edos de un mundo contempor\u00e1neo, m\u00e1s all\u00e1 de las fronteras impuestas.","url":"https:\/\/pagina10.com\/web\/author\/pdiezadmin\/"}]}},"_links":{"self":[{"href":"https:\/\/pagina10.com\/web\/wp-json\/wp\/v2\/posts\/51656","targetHints":{"allow":["GET"]}}],"collection":[{"href":"https:\/\/pagina10.com\/web\/wp-json\/wp\/v2\/posts"}],"about":[{"href":"https:\/\/pagina10.com\/web\/wp-json\/wp\/v2\/types\/post"}],"author":[{"embeddable":true,"href":"https:\/\/pagina10.com\/web\/wp-json\/wp\/v2\/users\/1"}],"replies":[{"embeddable":true,"href":"https:\/\/pagina10.com\/web\/wp-json\/wp\/v2\/comments?post=51656"}],"version-history":[{"count":1,"href":"https:\/\/pagina10.com\/web\/wp-json\/wp\/v2\/posts\/51656\/revisions"}],"predecessor-version":[{"id":51658,"href":"https:\/\/pagina10.com\/web\/wp-json\/wp\/v2\/posts\/51656\/revisions\/51658"}],"wp:featuredmedia":[{"embeddable":true,"href":"https:\/\/pagina10.com\/web\/wp-json\/wp\/v2\/media\/51657"}],"wp:attachment":[{"href":"https:\/\/pagina10.com\/web\/wp-json\/wp\/v2\/media?parent=51656"}],"wp:term":[{"taxonomy":"category","embeddable":true,"href":"https:\/\/pagina10.com\/web\/wp-json\/wp\/v2\/categories?post=51656"},{"taxonomy":"post_tag","embeddable":true,"href":"https:\/\/pagina10.com\/web\/wp-json\/wp\/v2\/tags?post=51656"}],"curies":[{"name":"wp","href":"https:\/\/api.w.org\/{rel}","templated":true}]}}